{"id":44098,"date":"2026-01-14T09:52:00","date_gmt":"2026-01-14T09:52:00","guid":{"rendered":"https:\/\/www.ecb.ee\/?p=44098"},"modified":"2026-01-14T09:52:00","modified_gmt":"2026-01-14T09:52:00","slug":"uusia-suoria-lentoyhteyksia-ja-lisavuoroja-tallinnasta-vuonna-2026","status":"publish","type":"post","link":"https:\/\/www.ecb.ee\/fi\/ajankohtaista\/uusia-suoria-lentoyhteyksia-ja-lisavuoroja-tallinnasta-vuonna-2026\/","title":{"rendered":"Uusia suoria lentoyhteyksi\u00e4 ja lis\u00e4vuoroja Tallinnasta vuonna 2026"},"content":{"rendered":"<p data-start=\"114\" data-end=\"402\">Tallinnan suorien lentoyhteyksien verkosto laajenee merkitt\u00e4v\u00e4sti vuonna 2026. Useille reiteille avataan uusia yhteyksi\u00e4 ja nykyisille lennoille lis\u00e4t\u00e4\u00e4n vuoroja, mik\u00e4 parantaa entisest\u00e4\u00e4n Viron saavutettavuutta kansainv\u00e4listen kokousten, tapahtumien ja vapaa-ajan matkailun n\u00e4k\u00f6kulmasta.<\/p>\n<p data-start=\"404\" data-end=\"658\"><strong data-start=\"404\" data-end=\"445\"><span class=\"hover:entity-accent entity-underline inline cursor-pointer align-baseline\"><span class=\"whitespace-normal\">Wizz Air<\/span><\/span><\/strong> aloitti loppuvuonna 2025 suorat lennot Budapestiin, Krakovaan, Vilnaan ja Venetsiaan. Kev\u00e4\u00e4st\u00e4 2026 alkaen verkostoon lis\u00e4t\u00e4\u00e4n uudet suorat yhteydet Gda\u0144skiin, Varsovaan ja Roomaan, ja lennot Lontooseen jatkuvat.<\/p>\n<p data-start=\"660\" data-end=\"1194\">Kes\u00e4kaudella <strong data-start=\"673\" data-end=\"714\"><span class=\"hover:entity-accent entity-underline inline cursor-pointer align-baseline\"><span class=\"whitespace-normal\">airBaltic<\/span><\/span><\/strong> avaa uudet suorat lennot Tallinnasta Hampuriin, Wieniin ja Ateenaan. Lis\u00e4ksi yhti\u00f6 avaa uudelleen Oslon-reitin kahdella viikoittaisella lennolla sek\u00e4 lis\u00e4\u00e4 lentotiheyksi\u00e4 M\u00fcncheniin ja Riikaan.<br data-start=\"908\" data-end=\"911\" \/>airBaltic vahvistaa my\u00f6s lomamatkatarjontaansa Tallinnasta: Maltan-lennot liikenn\u00f6id\u00e4\u00e4n jatkossa kahdesti viikossa ja Heraklionin-yhteydet kasvavat kolmeen viikoittaiseen lentoon kes\u00e4kuusta 2026 alkaen. Kes\u00e4kaudella airBaltic tarjoaa suorat lennot Tallinnasta yhteens\u00e4 25 kohteeseen.<\/p>\n<p data-start=\"1196\" data-end=\"1322\"><strong data-start=\"1196\" data-end=\"1237\"><span class=\"hover:entity-accent entity-underline inline cursor-pointer align-baseline\"><span class=\"whitespace-normal\">SAS<\/span><\/span><\/strong> lis\u00e4\u00e4 lentotiheytt\u00e4\u00e4n K\u00f6\u00f6penhaminan-reitill\u00e4 kahdesta kolmeen p\u00e4ivitt\u00e4iseen vuoroon.<\/p>\n<p data-start=\"1324\" data-end=\"1460\"><strong data-start=\"1324\" data-end=\"1365\"><span class=\"hover:entity-accent entity-underline inline cursor-pointer align-baseline\"><span class=\"whitespace-normal\">Eurowings<\/span><\/span><\/strong> aloittaa suorat lennot D\u00fcsseldorfista ja yhdist\u00e4\u00e4 Tallinnan j\u00e4lleen Prahaan kes\u00e4kauden ajaksi.<\/p>\n<p data-start=\"1462\" data-end=\"1622\">Tulevana kes\u00e4n\u00e4 <strong data-start=\"1478\" data-end=\"1519\"><span class=\"hover:entity-accent entity-underline inline cursor-pointer align-baseline\"><span class=\"whitespace-normal\">Finnair<\/span><\/span><\/strong> liikenn\u00f6i suoria lentoja Helsinki\u2013Kuressaare-reitill\u00e4, mik\u00e4 parantaa Viron saariston saavutettavuutta.<\/p>\n","protected":false},"excerpt":{"rendered":"<p>Tallinnan suorien lentoyhteyksien verkosto laajenee merkitt\u00e4v\u00e4sti vuonna 2026. Useille reiteille avataan uusia yhteyksi\u00e4 ja nykyisille lennoille lis\u00e4t\u00e4\u00e4n vuoroja, mik\u00e4 parantaa entisest\u00e4\u00e4n Viron saavutettavuutta kansainv\u00e4listen kokousten, tapahtumien ja vapaa-ajan matkailun n\u00e4k\u00f6kulmasta. Wizz Air aloitti loppuvuonna 2025 suorat lennot Budapestiin, Krakovaan, Vilnaan ja Venetsiaan. Kev\u00e4\u00e4st\u00e4 2026 alkaen verkostoon lis\u00e4t\u00e4\u00e4n uudet suorat yhteydet Gda\u0144skiin, Varsovaan ja Roomaan, ja [&hellip;]<\/p>\n","protected":false},"author":4,"featured_media":44100,"comment_status":"closed","ping_status":"closed","sticky":false,"template":"","format":"standard","meta":{"_acf_changed":false,"footnotes":""},"categories":[349],"tags":[],"class_list":["post-44098","post","type-post","status-publish","format-standard","has-post-thumbnail","hentry","category-ajankohtaista"],"acf":[],"yoast_head":"<!-- This site is optimized with the Yoast SEO plugin v27.5 - https:\/\/yoast.com\/product\/yoast-seo-wordpress\/ -->\n<title>Uusia suoria lentoyhteyksi\u00e4 ja lis\u00e4vuoroja Tallinnasta vuonna 2026 - Estonian Convention Bureau<\/title>\n<meta name=\"robots\" content=\"index, follow, max-snippet:-1, max-image-preview:large, max-video-preview:-1\" \/>\n<link rel=\"canonical\" href=\"https:\/\/www.ecb.ee\/fi\/ajankohtaista\/uusia-suoria-lentoyhteyksia-ja-lisavuoroja-tallinnasta-vuonna-2026\/\" \/>\n<meta property=\"og:locale\" content=\"fi_FI\" \/>\n<meta property=\"og:type\" content=\"article\" \/>\n<meta property=\"og:title\" content=\"Uusia suoria lentoyhteyksi\u00e4 ja lis\u00e4vuoroja Tallinnasta vuonna 2026 - Estonian Convention Bureau\" \/>\n<meta property=\"og:description\" content=\"Tallinnan suorien lentoyhteyksien verkosto laajenee merkitt\u00e4v\u00e4sti vuonna 2026. Useille reiteille avataan uusia yhteyksi\u00e4 ja nykyisille lennoille lis\u00e4t\u00e4\u00e4n vuoroja, mik\u00e4 parantaa entisest\u00e4\u00e4n Viron saavutettavuutta kansainv\u00e4listen kokousten, tapahtumien ja vapaa-ajan matkailun n\u00e4k\u00f6kulmasta. Wizz Air aloitti loppuvuonna 2025 suorat lennot Budapestiin, Krakovaan, Vilnaan ja Venetsiaan. Kev\u00e4\u00e4st\u00e4 2026 alkaen verkostoon lis\u00e4t\u00e4\u00e4n uudet suorat yhteydet Gda\u0144skiin, Varsovaan ja Roomaan, ja [&hellip;]\" \/>\n<meta property=\"og:url\" content=\"https:\/\/www.ecb.ee\/fi\/ajankohtaista\/uusia-suoria-lentoyhteyksia-ja-lisavuoroja-tallinnasta-vuonna-2026\/\" \/>\n<meta property=\"og:site_name\" content=\"Estonian Convention Bureau\" \/>\n<meta property=\"article:published_time\" content=\"2026-01-14T09:52:00+00:00\" \/>\n<meta property=\"og:image\" content=\"https:\/\/www.ecb.ee\/wp-content\/uploads\/2021\/04\/Air-Baltic-1024x576.png\" \/>\n\t<meta property=\"og:image:width\" content=\"1024\" \/>\n\t<meta property=\"og:image:height\" content=\"576\" \/>\n\t<meta property=\"og:image:type\" content=\"image\/png\" \/>\n<meta name=\"author\" content=\"Riine Tiigi\" \/>\n<meta name=\"twitter:card\" content=\"summary_large_image\" \/>\n<meta name=\"twitter:label1\" content=\"Kirjoittanut\" \/>\n\t<meta name=\"twitter:data1\" content=\"Riine Tiigi\" \/>\n\t<meta name=\"twitter:label2\" content=\"Arvioitu lukuaika\" \/>\n\t<meta name=\"twitter:data2\" content=\"1 minuutti\" \/>\n<script type=\"application\/ld+json\" class=\"yoast-schema-graph\">{\"@context\":\"https:\\\/\\\/schema.org\",\"@graph\":[{\"@type\":\"Article\",\"@id\":\"https:\\\/\\\/www.ecb.ee\\\/fi\\\/ajankohtaista\\\/uusia-suoria-lentoyhteyksia-ja-lisavuoroja-tallinnasta-vuonna-2026\\\/#article\",\"isPartOf\":{\"@id\":\"https:\\\/\\\/www.ecb.ee\\\/fi\\\/ajankohtaista\\\/uusia-suoria-lentoyhteyksia-ja-lisavuoroja-tallinnasta-vuonna-2026\\\/\"},\"author\":{\"name\":\"Riine Tiigi\",\"@id\":\"https:\\\/\\\/www.ecb.ee\\\/#\\\/schema\\\/person\\\/683a06848cf0a690b2ba233665cb719f\"},\"headline\":\"Uusia suoria lentoyhteyksi\u00e4 ja lis\u00e4vuoroja Tallinnasta vuonna 2026\",\"datePublished\":\"2026-01-14T09:52:00+00:00\",\"mainEntityOfPage\":{\"@id\":\"https:\\\/\\\/www.ecb.ee\\\/fi\\\/ajankohtaista\\\/uusia-suoria-lentoyhteyksia-ja-lisavuoroja-tallinnasta-vuonna-2026\\\/\"},\"wordCount\":176,\"publisher\":{\"@id\":\"https:\\\/\\\/www.ecb.ee\\\/#organization\"},\"image\":{\"@id\":\"https:\\\/\\\/www.ecb.ee\\\/fi\\\/ajankohtaista\\\/uusia-suoria-lentoyhteyksia-ja-lisavuoroja-tallinnasta-vuonna-2026\\\/#primaryimage\"},\"thumbnailUrl\":\"https:\\\/\\\/www.ecb.ee\\\/wp-content\\\/uploads\\\/2021\\\/04\\\/Air-Baltic.png\",\"articleSection\":[\"Ajankohtaista\"],\"inLanguage\":\"fi\"},{\"@type\":\"WebPage\",\"@id\":\"https:\\\/\\\/www.ecb.ee\\\/fi\\\/ajankohtaista\\\/uusia-suoria-lentoyhteyksia-ja-lisavuoroja-tallinnasta-vuonna-2026\\\/\",\"url\":\"https:\\\/\\\/www.ecb.ee\\\/fi\\\/ajankohtaista\\\/uusia-suoria-lentoyhteyksia-ja-lisavuoroja-tallinnasta-vuonna-2026\\\/\",\"name\":\"Uusia suoria lentoyhteyksi\u00e4 ja lis\u00e4vuoroja Tallinnasta vuonna 2026 - Estonian Convention Bureau\",\"isPartOf\":{\"@id\":\"https:\\\/\\\/www.ecb.ee\\\/#website\"},\"primaryImageOfPage\":{\"@id\":\"https:\\\/\\\/www.ecb.ee\\\/fi\\\/ajankohtaista\\\/uusia-suoria-lentoyhteyksia-ja-lisavuoroja-tallinnasta-vuonna-2026\\\/#primaryimage\"},\"image\":{\"@id\":\"https:\\\/\\\/www.ecb.ee\\\/fi\\\/ajankohtaista\\\/uusia-suoria-lentoyhteyksia-ja-lisavuoroja-tallinnasta-vuonna-2026\\\/#primaryimage\"},\"thumbnailUrl\":\"https:\\\/\\\/www.ecb.ee\\\/wp-content\\\/uploads\\\/2021\\\/04\\\/Air-Baltic.png\",\"datePublished\":\"2026-01-14T09:52:00+00:00\",\"breadcrumb\":{\"@id\":\"https:\\\/\\\/www.ecb.ee\\\/fi\\\/ajankohtaista\\\/uusia-suoria-lentoyhteyksia-ja-lisavuoroja-tallinnasta-vuonna-2026\\\/#breadcrumb\"},\"inLanguage\":\"fi\",\"potentialAction\":[{\"@type\":\"ReadAction\",\"target\":[\"https:\\\/\\\/www.ecb.ee\\\/fi\\\/ajankohtaista\\\/uusia-suoria-lentoyhteyksia-ja-lisavuoroja-tallinnasta-vuonna-2026\\\/\"]}]},{\"@type\":\"ImageObject\",\"inLanguage\":\"fi\",\"@id\":\"https:\\\/\\\/www.ecb.ee\\\/fi\\\/ajankohtaista\\\/uusia-suoria-lentoyhteyksia-ja-lisavuoroja-tallinnasta-vuonna-2026\\\/#primaryimage\",\"url\":\"https:\\\/\\\/www.ecb.ee\\\/wp-content\\\/uploads\\\/2021\\\/04\\\/Air-Baltic.png\",\"contentUrl\":\"https:\\\/\\\/www.ecb.ee\\\/wp-content\\\/uploads\\\/2021\\\/04\\\/Air-Baltic.png\",\"width\":1920,\"height\":1080},{\"@type\":\"BreadcrumbList\",\"@id\":\"https:\\\/\\\/www.ecb.ee\\\/fi\\\/ajankohtaista\\\/uusia-suoria-lentoyhteyksia-ja-lisavuoroja-tallinnasta-vuonna-2026\\\/#breadcrumb\",\"itemListElement\":[{\"@type\":\"ListItem\",\"position\":1,\"name\":\"Home\",\"item\":\"https:\\\/\\\/www.ecb.ee\\\/fi\\\/\"},{\"@type\":\"ListItem\",\"position\":2,\"name\":\"Uusia suoria lentoyhteyksi\u00e4 ja lis\u00e4vuoroja Tallinnasta vuonna 2026\"}]},{\"@type\":\"WebSite\",\"@id\":\"https:\\\/\\\/www.ecb.ee\\\/#website\",\"url\":\"https:\\\/\\\/www.ecb.ee\\\/\",\"name\":\"Estonian Convention Bureau\",\"description\":\"\",\"publisher\":{\"@id\":\"https:\\\/\\\/www.ecb.ee\\\/#organization\"},\"potentialAction\":[{\"@type\":\"SearchAction\",\"target\":{\"@type\":\"EntryPoint\",\"urlTemplate\":\"https:\\\/\\\/www.ecb.ee\\\/?s={search_term_string}\"},\"query-input\":{\"@type\":\"PropertyValueSpecification\",\"valueRequired\":true,\"valueName\":\"search_term_string\"}}],\"inLanguage\":\"fi\"},{\"@type\":\"Organization\",\"@id\":\"https:\\\/\\\/www.ecb.ee\\\/#organization\",\"name\":\"Estonian Convention Bureau\",\"url\":\"https:\\\/\\\/www.ecb.ee\\\/\",\"logo\":{\"@type\":\"ImageObject\",\"inLanguage\":\"fi\",\"@id\":\"https:\\\/\\\/www.ecb.ee\\\/#\\\/schema\\\/logo\\\/image\\\/\",\"url\":\"https:\\\/\\\/www.ecb.ee\\\/wp-content\\\/uploads\\\/2020\\\/12\\\/site_logo.svg\",\"contentUrl\":\"https:\\\/\\\/www.ecb.ee\\\/wp-content\\\/uploads\\\/2020\\\/12\\\/site_logo.svg\",\"caption\":\"Estonian Convention Bureau\"},\"image\":{\"@id\":\"https:\\\/\\\/www.ecb.ee\\\/#\\\/schema\\\/logo\\\/image\\\/\"}},{\"@type\":\"Person\",\"@id\":\"https:\\\/\\\/www.ecb.ee\\\/#\\\/schema\\\/person\\\/683a06848cf0a690b2ba233665cb719f\",\"name\":\"Riine Tiigi\",\"image\":{\"@type\":\"ImageObject\",\"inLanguage\":\"fi\",\"@id\":\"https:\\\/\\\/secure.gravatar.com\\\/avatar\\\/d86339875b83b6a9394fce703248189388335d81fba6ca62f59bc61cc7a0ae31?s=96&d=mm&r=g\",\"url\":\"https:\\\/\\\/secure.gravatar.com\\\/avatar\\\/d86339875b83b6a9394fce703248189388335d81fba6ca62f59bc61cc7a0ae31?s=96&d=mm&r=g\",\"contentUrl\":\"https:\\\/\\\/secure.gravatar.com\\\/avatar\\\/d86339875b83b6a9394fce703248189388335d81fba6ca62f59bc61cc7a0ae31?s=96&d=mm&r=g\",\"caption\":\"Riine Tiigi\"},\"url\":\"https:\\\/\\\/www.ecb.ee\\\/fi\\\/author\\\/riine\\\/\"}]}<\/script>\n<!-- \/ Yoast SEO plugin. -->","yoast_head_json":{"title":"Uusia suoria lentoyhteyksi\u00e4 ja lis\u00e4vuoroja Tallinnasta vuonna 2026 - Estonian Convention Bureau","robots":{"index":"index","follow":"follow","max-snippet":"max-snippet:-1","max-image-preview":"max-image-preview:large","max-video-preview":"max-video-preview:-1"},"canonical":"https:\/\/www.ecb.ee\/fi\/ajankohtaista\/uusia-suoria-lentoyhteyksia-ja-lisavuoroja-tallinnasta-vuonna-2026\/","og_locale":"fi_FI","og_type":"article","og_title":"Uusia suoria lentoyhteyksi\u00e4 ja lis\u00e4vuoroja Tallinnasta vuonna 2026 - Estonian Convention Bureau","og_description":"Tallinnan suorien lentoyhteyksien verkosto laajenee merkitt\u00e4v\u00e4sti vuonna 2026. Useille reiteille avataan uusia yhteyksi\u00e4 ja nykyisille lennoille lis\u00e4t\u00e4\u00e4n vuoroja, mik\u00e4 parantaa entisest\u00e4\u00e4n Viron saavutettavuutta kansainv\u00e4listen kokousten, tapahtumien ja vapaa-ajan matkailun n\u00e4k\u00f6kulmasta. Wizz Air aloitti loppuvuonna 2025 suorat lennot Budapestiin, Krakovaan, Vilnaan ja Venetsiaan. Kev\u00e4\u00e4st\u00e4 2026 alkaen verkostoon lis\u00e4t\u00e4\u00e4n uudet suorat yhteydet Gda\u0144skiin, Varsovaan ja Roomaan, ja [&hellip;]","og_url":"https:\/\/www.ecb.ee\/fi\/ajankohtaista\/uusia-suoria-lentoyhteyksia-ja-lisavuoroja-tallinnasta-vuonna-2026\/","og_site_name":"Estonian Convention Bureau","article_published_time":"2026-01-14T09:52:00+00:00","og_image":[{"width":1024,"height":576,"url":"https:\/\/www.ecb.ee\/wp-content\/uploads\/2021\/04\/Air-Baltic-1024x576.png","type":"image\/png"}],"author":"Riine Tiigi","twitter_card":"summary_large_image","twitter_misc":{"Kirjoittanut":"Riine Tiigi","Arvioitu lukuaika":"1 minuutti"},"schema":{"@context":"https:\/\/schema.org","@graph":[{"@type":"Article","@id":"https:\/\/www.ecb.ee\/fi\/ajankohtaista\/uusia-suoria-lentoyhteyksia-ja-lisavuoroja-tallinnasta-vuonna-2026\/#article","isPartOf":{"@id":"https:\/\/www.ecb.ee\/fi\/ajankohtaista\/uusia-suoria-lentoyhteyksia-ja-lisavuoroja-tallinnasta-vuonna-2026\/"},"author":{"name":"Riine Tiigi","@id":"https:\/\/www.ecb.ee\/#\/schema\/person\/683a06848cf0a690b2ba233665cb719f"},"headline":"Uusia suoria lentoyhteyksi\u00e4 ja lis\u00e4vuoroja Tallinnasta vuonna 2026","datePublished":"2026-01-14T09:52:00+00:00","mainEntityOfPage":{"@id":"https:\/\/www.ecb.ee\/fi\/ajankohtaista\/uusia-suoria-lentoyhteyksia-ja-lisavuoroja-tallinnasta-vuonna-2026\/"},"wordCount":176,"publisher":{"@id":"https:\/\/www.ecb.ee\/#organization"},"image":{"@id":"https:\/\/www.ecb.ee\/fi\/ajankohtaista\/uusia-suoria-lentoyhteyksia-ja-lisavuoroja-tallinnasta-vuonna-2026\/#primaryimage"},"thumbnailUrl":"https:\/\/www.ecb.ee\/wp-content\/uploads\/2021\/04\/Air-Baltic.png","articleSection":["Ajankohtaista"],"inLanguage":"fi"},{"@type":"WebPage","@id":"https:\/\/www.ecb.ee\/fi\/ajankohtaista\/uusia-suoria-lentoyhteyksia-ja-lisavuoroja-tallinnasta-vuonna-2026\/","url":"https:\/\/www.ecb.ee\/fi\/ajankohtaista\/uusia-suoria-lentoyhteyksia-ja-lisavuoroja-tallinnasta-vuonna-2026\/","name":"Uusia suoria lentoyhteyksi\u00e4 ja lis\u00e4vuoroja Tallinnasta vuonna 2026 - Estonian Convention Bureau","isPartOf":{"@id":"https:\/\/www.ecb.ee\/#website"},"primaryImageOfPage":{"@id":"https:\/\/www.ecb.ee\/fi\/ajankohtaista\/uusia-suoria-lentoyhteyksia-ja-lisavuoroja-tallinnasta-vuonna-2026\/#primaryimage"},"image":{"@id":"https:\/\/www.ecb.ee\/fi\/ajankohtaista\/uusia-suoria-lentoyhteyksia-ja-lisavuoroja-tallinnasta-vuonna-2026\/#primaryimage"},"thumbnailUrl":"https:\/\/www.ecb.ee\/wp-content\/uploads\/2021\/04\/Air-Baltic.png","datePublished":"2026-01-14T09:52:00+00:00","breadcrumb":{"@id":"https:\/\/www.ecb.ee\/fi\/ajankohtaista\/uusia-suoria-lentoyhteyksia-ja-lisavuoroja-tallinnasta-vuonna-2026\/#breadcrumb"},"inLanguage":"fi","potentialAction":[{"@type":"ReadAction","target":["https:\/\/www.ecb.ee\/fi\/ajankohtaista\/uusia-suoria-lentoyhteyksia-ja-lisavuoroja-tallinnasta-vuonna-2026\/"]}]},{"@type":"ImageObject","inLanguage":"fi","@id":"https:\/\/www.ecb.ee\/fi\/ajankohtaista\/uusia-suoria-lentoyhteyksia-ja-lisavuoroja-tallinnasta-vuonna-2026\/#primaryimage","url":"https:\/\/www.ecb.ee\/wp-content\/uploads\/2021\/04\/Air-Baltic.png","contentUrl":"https:\/\/www.ecb.ee\/wp-content\/uploads\/2021\/04\/Air-Baltic.png","width":1920,"height":1080},{"@type":"BreadcrumbList","@id":"https:\/\/www.ecb.ee\/fi\/ajankohtaista\/uusia-suoria-lentoyhteyksia-ja-lisavuoroja-tallinnasta-vuonna-2026\/#breadcrumb","itemListElement":[{"@type":"ListItem","position":1,"name":"Home","item":"https:\/\/www.ecb.ee\/fi\/"},{"@type":"ListItem","position":2,"name":"Uusia suoria lentoyhteyksi\u00e4 ja lis\u00e4vuoroja Tallinnasta vuonna 2026"}]},{"@type":"WebSite","@id":"https:\/\/www.ecb.ee\/#website","url":"https:\/\/www.ecb.ee\/","name":"Estonian Convention Bureau","description":"","publisher":{"@id":"https:\/\/www.ecb.ee\/#organization"},"potentialAction":[{"@type":"SearchAction","target":{"@type":"EntryPoint","urlTemplate":"https:\/\/www.ecb.ee\/?s={search_term_string}"},"query-input":{"@type":"PropertyValueSpecification","valueRequired":true,"valueName":"search_term_string"}}],"inLanguage":"fi"},{"@type":"Organization","@id":"https:\/\/www.ecb.ee\/#organization","name":"Estonian Convention Bureau","url":"https:\/\/www.ecb.ee\/","logo":{"@type":"ImageObject","inLanguage":"fi","@id":"https:\/\/www.ecb.ee\/#\/schema\/logo\/image\/","url":"https:\/\/www.ecb.ee\/wp-content\/uploads\/2020\/12\/site_logo.svg","contentUrl":"https:\/\/www.ecb.ee\/wp-content\/uploads\/2020\/12\/site_logo.svg","caption":"Estonian Convention Bureau"},"image":{"@id":"https:\/\/www.ecb.ee\/#\/schema\/logo\/image\/"}},{"@type":"Person","@id":"https:\/\/www.ecb.ee\/#\/schema\/person\/683a06848cf0a690b2ba233665cb719f","name":"Riine Tiigi","image":{"@type":"ImageObject","inLanguage":"fi","@id":"https:\/\/secure.gravatar.com\/avatar\/d86339875b83b6a9394fce703248189388335d81fba6ca62f59bc61cc7a0ae31?s=96&d=mm&r=g","url":"https:\/\/secure.gravatar.com\/avatar\/d86339875b83b6a9394fce703248189388335d81fba6ca62f59bc61cc7a0ae31?s=96&d=mm&r=g","contentUrl":"https:\/\/secure.gravatar.com\/avatar\/d86339875b83b6a9394fce703248189388335d81fba6ca62f59bc61cc7a0ae31?s=96&d=mm&r=g","caption":"Riine Tiigi"},"url":"https:\/\/www.ecb.ee\/fi\/author\/riine\/"}]}},"_links":{"self":[{"href":"https:\/\/www.ecb.ee\/fi\/wp-json\/wp\/v2\/posts\/44098","targetHints":{"allow":["GET"]}}],"collection":[{"href":"https:\/\/www.ecb.ee\/fi\/wp-json\/wp\/v2\/posts"}],"about":[{"href":"https:\/\/www.ecb.ee\/fi\/wp-json\/wp\/v2\/types\/post"}],"author":[{"embeddable":true,"href":"https:\/\/www.ecb.ee\/fi\/wp-json\/wp\/v2\/users\/4"}],"replies":[{"embeddable":true,"href":"https:\/\/www.ecb.ee\/fi\/wp-json\/wp\/v2\/comments?post=44098"}],"version-history":[{"count":1,"href":"https:\/\/www.ecb.ee\/fi\/wp-json\/wp\/v2\/posts\/44098\/revisions"}],"predecessor-version":[{"id":44101,"href":"https:\/\/www.ecb.ee\/fi\/wp-json\/wp\/v2\/posts\/44098\/revisions\/44101"}],"wp:featuredmedia":[{"embeddable":true,"href":"https:\/\/www.ecb.ee\/fi\/wp-json\/wp\/v2\/media\/44100"}],"wp:attachment":[{"href":"https:\/\/www.ecb.ee\/fi\/wp-json\/wp\/v2\/media?parent=44098"}],"wp:term":[{"taxonomy":"category","embeddable":true,"href":"https:\/\/www.ecb.ee\/fi\/wp-json\/wp\/v2\/categories?post=44098"},{"taxonomy":"post_tag","embeddable":true,"href":"https:\/\/www.ecb.ee\/fi\/wp-json\/wp\/v2\/tags?post=44098"}],"curies":[{"name":"wp","href":"https:\/\/api.w.org\/{rel}","templated":true}]}}