{"id":42749,"date":"2025-10-07T07:13:29","date_gmt":"2025-10-07T07:13:29","guid":{"rendered":"https:\/\/www.ecb.ee\/?p=42749"},"modified":"2025-10-07T07:13:29","modified_gmt":"2025-10-07T07:13:29","slug":"uusin-jasenemme-novotel-tallinn","status":"publish","type":"post","link":"https:\/\/www.ecb.ee\/fi\/ajankohtaista\/uusin-jasenemme-novotel-tallinn\/","title":{"rendered":"Uusin j\u00e4senemme: Novotel Tallinn"},"content":{"rendered":"<p data-start=\"172\" data-end=\"491\"><strong data-start=\"172\" data-end=\"220\">Novotel Tallinn avaa ovensa joulukuussa 2025<\/strong>, ja siit\u00e4 tulee \u00e4lyk\u00e4s ja nykyaikainen tukikohta liikematkailijoille. Hotelli sijaitsee <strong data-start=\"309\" data-end=\"387\">ihanteellisella paikalla sataman ja historiallisen vanhankaupungin v\u00e4liss\u00e4<\/strong>, tarjoten <strong data-start=\"398\" data-end=\"434\">kaksi konseptia saman katon alla<\/strong> \u2013 t\u00e4ydellisen yhdistelm\u00e4n liikematkailua ja vapaa-aikaa.<\/p>\n<p data-start=\"493\" data-end=\"696\">Vain lyhyen k\u00e4velymatkan p\u00e4\u00e4ss\u00e4 sijaitsee <strong data-start=\"535\" data-end=\"559\">Tallinn Creative Hub<\/strong>, kaupungin t\u00e4rkein kongressi- ja tapahtumakeskus, mik\u00e4 tekee hotellista erinomaisen valinnan kokous- ja kongressivieraiden majoitukseen.<\/p>\n<h3 data-start=\"698\" data-end=\"728\">Hotellin palvelut ja tilat<\/h3>\n<ul data-start=\"729\" data-end=\"1036\">\n<li data-start=\"729\" data-end=\"809\">\n<p data-start=\"731\" data-end=\"809\"><strong data-start=\"731\" data-end=\"757\">92 tyylik\u00e4st\u00e4 huonetta<\/strong>: Standard, Executive, Deluxe ja Suite -kategoriat<\/p>\n<\/li>\n<li data-start=\"810\" data-end=\"935\">\n<p data-start=\"812\" data-end=\"935\"><strong data-start=\"812\" data-end=\"845\">40 Novotel Living -huoneistoa<\/strong> (studio- ja yhden makuuhuoneen vaihtoehdot) \u2013 t\u00e4ydelliset pidempiaikaiseen majoitukseen<\/p>\n<\/li>\n<li data-start=\"936\" data-end=\"1036\">\n<p data-start=\"938\" data-end=\"1036\">Eloisa <strong data-start=\"945\" data-end=\"964\">Greem-ravintola<\/strong>, <strong data-start=\"966\" data-end=\"981\">Club Lounge<\/strong>, <strong data-start=\"983\" data-end=\"1004\">sis\u00e4pihan terassi<\/strong> sek\u00e4 <strong data-start=\"1010\" data-end=\"1036\">nykyaikainen kuntosali<\/strong><\/p>\n<\/li>\n<\/ul>\n<p data-start=\"1038\" data-end=\"1203\">Hotelli on suunniteltu <strong data-start=\"1061\" data-end=\"1105\">mukavuus, joustavuus ja kest\u00e4vyys edell\u00e4<\/strong>, tarjoten t\u00e4ydellisen tasapainon ty\u00f6n ja levon v\u00e4lill\u00e4 nykyajan tietoisen matkailijan tarpeisiin.<\/p>\n<p data-start=\"1205\" data-end=\"1459\"><strong data-start=\"1205\" data-end=\"1335\">Novotel Tallinnin avautuminen vahvistaa entisest\u00e4\u00e4n Tallinnan asemaa houkuttelevana ja modernina kokous- ja tapahtumakohteena.<\/strong> Olemme iloisia voidessamme toivottaa Novotel Tallinnan tervetulleeksi yhteis\u00f6\u00f6mme ja odotamme innolla suurta avajaisp\u00e4iv\u00e4\u00e4.<\/p>\n<h3 data-start=\"1461\" data-end=\"1496\">Ryhm\u00e4varaukset ja tiedustelut<\/h3>\n<p data-start=\"1497\" data-end=\"1556\"><strong data-start=\"1497\" data-end=\"1522\">Ms Kristiina Viirpalu<\/strong><br data-start=\"1522\" data-end=\"1525\" \/><a class=\"decorated-link cursor-pointer\" rel=\"noopener\" data-start=\"1528\" data-end=\"1556\">kristiina.viirpalu@accor.com<\/a><\/p>\n<p data-start=\"1497\" data-end=\"1556\">\n<div id='gallery-1' class='gallery galleryid-42749 gallery-columns-3 gallery-size-full'><figure class='gallery-item'>\n\t\t\t<div class='gallery-icon landscape'>\n\t\t\t\t<a href='https:\/\/www.ecb.ee\/fi\/ruum\/novotel-tallinn\/attachment\/exterior_3-novotel-2\/'><img loading=\"lazy\" decoding=\"async\" width=\"2560\" height=\"1440\" src=\"https:\/\/www.ecb.ee\/wp-content\/uploads\/2025\/10\/Exterior_3-novotel-scaled.jpg\" class=\"attachment-full size-full\" alt=\"Novotel Tallinn\" srcset=\"https:\/\/www.ecb.ee\/wp-content\/uploads\/2025\/10\/Exterior_3-novotel-scaled.jpg 2560w, https:\/\/www.ecb.ee\/wp-content\/uploads\/2025\/10\/Exterior_3-novotel-300x169.jpg 300w, https:\/\/www.ecb.ee\/wp-content\/uploads\/2025\/10\/Exterior_3-novotel-1024x576.jpg 1024w, https:\/\/www.ecb.ee\/wp-content\/uploads\/2025\/10\/Exterior_3-novotel-768x432.jpg 768w, https:\/\/www.ecb.ee\/wp-content\/uploads\/2025\/10\/Exterior_3-novotel-1536x864.jpg 1536w, https:\/\/www.ecb.ee\/wp-content\/uploads\/2025\/10\/Exterior_3-novotel-2048x1152.jpg 2048w, https:\/\/www.ecb.ee\/wp-content\/uploads\/2025\/10\/Exterior_3-novotel-1200x675.jpg 1200w, https:\/\/www.ecb.ee\/wp-content\/uploads\/2025\/10\/Exterior_3-novotel-1980x1114.jpg 1980w\" sizes=\"auto, (max-width: 2560px) 100vw, 2560px\" \/><\/a>\n\t\t\t<\/div><\/figure><figure class='gallery-item'>\n\t\t\t<div class='gallery-icon landscape'>\n\t\t\t\t<a href='https:\/\/www.ecb.ee\/fi\/image-12-3\/'><img loading=\"lazy\" decoding=\"async\" width=\"1680\" height=\"946\" src=\"https:\/\/www.ecb.ee\/wp-content\/uploads\/2025\/10\/image-12.png\" class=\"attachment-full size-full\" alt=\"\" srcset=\"https:\/\/www.ecb.ee\/wp-content\/uploads\/2025\/10\/image-12.png 1680w, https:\/\/www.ecb.ee\/wp-content\/uploads\/2025\/10\/image-12-300x169.png 300w, https:\/\/www.ecb.ee\/wp-content\/uploads\/2025\/10\/image-12-1024x577.png 1024w, https:\/\/www.ecb.ee\/wp-content\/uploads\/2025\/10\/image-12-768x432.png 768w, https:\/\/www.ecb.ee\/wp-content\/uploads\/2025\/10\/image-12-1536x865.png 1536w, https:\/\/www.ecb.ee\/wp-content\/uploads\/2025\/10\/image-12-1200x676.png 1200w\" sizes=\"auto, (max-width: 1680px) 100vw, 1680px\" \/><\/a>\n\t\t\t<\/div><\/figure><figure class='gallery-item'>\n\t\t\t<div class='gallery-icon landscape'>\n\t\t\t\t<a href='https:\/\/www.ecb.ee\/fi\/ruum\/novotel-tallinn\/attachment\/image-11-3\/'><img loading=\"lazy\" decoding=\"async\" width=\"1680\" height=\"946\" src=\"https:\/\/www.ecb.ee\/wp-content\/uploads\/2025\/10\/image-11.png\" class=\"attachment-full size-full\" alt=\"\" srcset=\"https:\/\/www.ecb.ee\/wp-content\/uploads\/2025\/10\/image-11.png 1680w, https:\/\/www.ecb.ee\/wp-content\/uploads\/2025\/10\/image-11-300x169.png 300w, https:\/\/www.ecb.ee\/wp-content\/uploads\/2025\/10\/image-11-1024x577.png 1024w, https:\/\/www.ecb.ee\/wp-content\/uploads\/2025\/10\/image-11-768x432.png 768w, https:\/\/www.ecb.ee\/wp-content\/uploads\/2025\/10\/image-11-1536x865.png 1536w, https:\/\/www.ecb.ee\/wp-content\/uploads\/2025\/10\/image-11-1200x676.png 1200w\" sizes=\"auto, (max-width: 1680px) 100vw, 1680px\" \/><\/a>\n\t\t\t<\/div><\/figure>\n\t\t<\/div>\n\n","protected":false},"excerpt":{"rendered":"<p>Novotel Tallinn avaa ovensa joulukuussa 2025, ja siit\u00e4 tulee \u00e4lyk\u00e4s ja nykyaikainen tukikohta liikematkailijoille. Hotelli sijaitsee ihanteellisella paikalla sataman ja historiallisen vanhankaupungin v\u00e4liss\u00e4, tarjoten kaksi konseptia saman katon alla \u2013 t\u00e4ydellisen yhdistelm\u00e4n liikematkailua ja vapaa-aikaa. Vain lyhyen k\u00e4velymatkan p\u00e4\u00e4ss\u00e4 sijaitsee Tallinn Creative Hub, kaupungin t\u00e4rkein kongressi- ja tapahtumakeskus, mik\u00e4 tekee hotellista erinomaisen valinnan kokous- ja [&hellip;]<\/p>\n","protected":false},"author":4,"featured_media":42737,"comment_status":"closed","ping_status":"closed","sticky":false,"template":"","format":"standard","meta":{"_acf_changed":false,"footnotes":""},"categories":[349],"tags":[],"class_list":["post-42749","post","type-post","status-publish","format-standard","has-post-thumbnail","hentry","category-ajankohtaista"],"acf":[],"yoast_head":"<!-- This site is optimized with the Yoast SEO plugin v27.5 - https:\/\/yoast.com\/product\/yoast-seo-wordpress\/ -->\n<title>Uusin j\u00e4senemme: Novotel Tallinn - Estonian Convention Bureau<\/title>\n<meta name=\"robots\" content=\"index, follow, max-snippet:-1, max-image-preview:large, max-video-preview:-1\" \/>\n<link rel=\"canonical\" href=\"https:\/\/www.ecb.ee\/fi\/ajankohtaista\/uusin-jasenemme-novotel-tallinn\/\" \/>\n<meta property=\"og:locale\" content=\"fi_FI\" \/>\n<meta property=\"og:type\" content=\"article\" \/>\n<meta property=\"og:title\" content=\"Uusin j\u00e4senemme: Novotel Tallinn - Estonian Convention Bureau\" \/>\n<meta property=\"og:description\" content=\"Novotel Tallinn avaa ovensa joulukuussa 2025, ja siit\u00e4 tulee \u00e4lyk\u00e4s ja nykyaikainen tukikohta liikematkailijoille. Hotelli sijaitsee ihanteellisella paikalla sataman ja historiallisen vanhankaupungin v\u00e4liss\u00e4, tarjoten kaksi konseptia saman katon alla \u2013 t\u00e4ydellisen yhdistelm\u00e4n liikematkailua ja vapaa-aikaa. Vain lyhyen k\u00e4velymatkan p\u00e4\u00e4ss\u00e4 sijaitsee Tallinn Creative Hub, kaupungin t\u00e4rkein kongressi- ja tapahtumakeskus, mik\u00e4 tekee hotellista erinomaisen valinnan kokous- ja [&hellip;]\" \/>\n<meta property=\"og:url\" content=\"https:\/\/www.ecb.ee\/fi\/ajankohtaista\/uusin-jasenemme-novotel-tallinn\/\" \/>\n<meta property=\"og:site_name\" content=\"Estonian Convention Bureau\" \/>\n<meta property=\"article:published_time\" content=\"2025-10-07T07:13:29+00:00\" \/>\n<meta property=\"og:image\" content=\"https:\/\/www.ecb.ee\/wp-content\/uploads\/2025\/10\/Exterior_3-novotel-scaled.jpg\" \/>\n\t<meta property=\"og:image:width\" content=\"2560\" \/>\n\t<meta property=\"og:image:height\" content=\"1440\" \/>\n\t<meta property=\"og:image:type\" content=\"image\/jpeg\" \/>\n<meta name=\"author\" content=\"Riine Tiigi\" \/>\n<meta name=\"twitter:card\" content=\"summary_large_image\" \/>\n<meta name=\"twitter:label1\" content=\"Kirjoittanut\" \/>\n\t<meta name=\"twitter:data1\" content=\"Riine Tiigi\" \/>\n\t<meta name=\"twitter:label2\" content=\"Arvioitu lukuaika\" \/>\n\t<meta name=\"twitter:data2\" content=\"1 minuutti\" \/>\n<script type=\"application\/ld+json\" class=\"yoast-schema-graph\">{\"@context\":\"https:\\\/\\\/schema.org\",\"@graph\":[{\"@type\":\"Article\",\"@id\":\"https:\\\/\\\/www.ecb.ee\\\/fi\\\/ajankohtaista\\\/uusin-jasenemme-novotel-tallinn\\\/#article\",\"isPartOf\":{\"@id\":\"https:\\\/\\\/www.ecb.ee\\\/fi\\\/ajankohtaista\\\/uusin-jasenemme-novotel-tallinn\\\/\"},\"author\":{\"name\":\"Riine Tiigi\",\"@id\":\"https:\\\/\\\/www.ecb.ee\\\/#\\\/schema\\\/person\\\/683a06848cf0a690b2ba233665cb719f\"},\"headline\":\"Uusin j\u00e4senemme: Novotel Tallinn\",\"datePublished\":\"2025-10-07T07:13:29+00:00\",\"mainEntityOfPage\":{\"@id\":\"https:\\\/\\\/www.ecb.ee\\\/fi\\\/ajankohtaista\\\/uusin-jasenemme-novotel-tallinn\\\/\"},\"wordCount\":169,\"publisher\":{\"@id\":\"https:\\\/\\\/www.ecb.ee\\\/#organization\"},\"image\":{\"@id\":\"https:\\\/\\\/www.ecb.ee\\\/fi\\\/ajankohtaista\\\/uusin-jasenemme-novotel-tallinn\\\/#primaryimage\"},\"thumbnailUrl\":\"https:\\\/\\\/www.ecb.ee\\\/wp-content\\\/uploads\\\/2025\\\/10\\\/Exterior_3-novotel-scaled.jpg\",\"articleSection\":[\"Ajankohtaista\"],\"inLanguage\":\"fi\"},{\"@type\":\"WebPage\",\"@id\":\"https:\\\/\\\/www.ecb.ee\\\/fi\\\/ajankohtaista\\\/uusin-jasenemme-novotel-tallinn\\\/\",\"url\":\"https:\\\/\\\/www.ecb.ee\\\/fi\\\/ajankohtaista\\\/uusin-jasenemme-novotel-tallinn\\\/\",\"name\":\"Uusin j\u00e4senemme: Novotel Tallinn - Estonian Convention Bureau\",\"isPartOf\":{\"@id\":\"https:\\\/\\\/www.ecb.ee\\\/#website\"},\"primaryImageOfPage\":{\"@id\":\"https:\\\/\\\/www.ecb.ee\\\/fi\\\/ajankohtaista\\\/uusin-jasenemme-novotel-tallinn\\\/#primaryimage\"},\"image\":{\"@id\":\"https:\\\/\\\/www.ecb.ee\\\/fi\\\/ajankohtaista\\\/uusin-jasenemme-novotel-tallinn\\\/#primaryimage\"},\"thumbnailUrl\":\"https:\\\/\\\/www.ecb.ee\\\/wp-content\\\/uploads\\\/2025\\\/10\\\/Exterior_3-novotel-scaled.jpg\",\"datePublished\":\"2025-10-07T07:13:29+00:00\",\"breadcrumb\":{\"@id\":\"https:\\\/\\\/www.ecb.ee\\\/fi\\\/ajankohtaista\\\/uusin-jasenemme-novotel-tallinn\\\/#breadcrumb\"},\"inLanguage\":\"fi\",\"potentialAction\":[{\"@type\":\"ReadAction\",\"target\":[\"https:\\\/\\\/www.ecb.ee\\\/fi\\\/ajankohtaista\\\/uusin-jasenemme-novotel-tallinn\\\/\"]}]},{\"@type\":\"ImageObject\",\"inLanguage\":\"fi\",\"@id\":\"https:\\\/\\\/www.ecb.ee\\\/fi\\\/ajankohtaista\\\/uusin-jasenemme-novotel-tallinn\\\/#primaryimage\",\"url\":\"https:\\\/\\\/www.ecb.ee\\\/wp-content\\\/uploads\\\/2025\\\/10\\\/Exterior_3-novotel-scaled.jpg\",\"contentUrl\":\"https:\\\/\\\/www.ecb.ee\\\/wp-content\\\/uploads\\\/2025\\\/10\\\/Exterior_3-novotel-scaled.jpg\",\"width\":2560,\"height\":1440,\"caption\":\"Novotel Tallinn\"},{\"@type\":\"BreadcrumbList\",\"@id\":\"https:\\\/\\\/www.ecb.ee\\\/fi\\\/ajankohtaista\\\/uusin-jasenemme-novotel-tallinn\\\/#breadcrumb\",\"itemListElement\":[{\"@type\":\"ListItem\",\"position\":1,\"name\":\"Home\",\"item\":\"https:\\\/\\\/www.ecb.ee\\\/fi\\\/\"},{\"@type\":\"ListItem\",\"position\":2,\"name\":\"Uusin j\u00e4senemme: Novotel Tallinn\"}]},{\"@type\":\"WebSite\",\"@id\":\"https:\\\/\\\/www.ecb.ee\\\/#website\",\"url\":\"https:\\\/\\\/www.ecb.ee\\\/\",\"name\":\"Estonian Convention Bureau\",\"description\":\"\",\"publisher\":{\"@id\":\"https:\\\/\\\/www.ecb.ee\\\/#organization\"},\"potentialAction\":[{\"@type\":\"SearchAction\",\"target\":{\"@type\":\"EntryPoint\",\"urlTemplate\":\"https:\\\/\\\/www.ecb.ee\\\/?s={search_term_string}\"},\"query-input\":{\"@type\":\"PropertyValueSpecification\",\"valueRequired\":true,\"valueName\":\"search_term_string\"}}],\"inLanguage\":\"fi\"},{\"@type\":\"Organization\",\"@id\":\"https:\\\/\\\/www.ecb.ee\\\/#organization\",\"name\":\"Estonian Convention Bureau\",\"url\":\"https:\\\/\\\/www.ecb.ee\\\/\",\"logo\":{\"@type\":\"ImageObject\",\"inLanguage\":\"fi\",\"@id\":\"https:\\\/\\\/www.ecb.ee\\\/#\\\/schema\\\/logo\\\/image\\\/\",\"url\":\"https:\\\/\\\/www.ecb.ee\\\/wp-content\\\/uploads\\\/2020\\\/12\\\/site_logo.svg\",\"contentUrl\":\"https:\\\/\\\/www.ecb.ee\\\/wp-content\\\/uploads\\\/2020\\\/12\\\/site_logo.svg\",\"caption\":\"Estonian Convention Bureau\"},\"image\":{\"@id\":\"https:\\\/\\\/www.ecb.ee\\\/#\\\/schema\\\/logo\\\/image\\\/\"}},{\"@type\":\"Person\",\"@id\":\"https:\\\/\\\/www.ecb.ee\\\/#\\\/schema\\\/person\\\/683a06848cf0a690b2ba233665cb719f\",\"name\":\"Riine Tiigi\",\"image\":{\"@type\":\"ImageObject\",\"inLanguage\":\"fi\",\"@id\":\"https:\\\/\\\/secure.gravatar.com\\\/avatar\\\/d86339875b83b6a9394fce703248189388335d81fba6ca62f59bc61cc7a0ae31?s=96&d=mm&r=g\",\"url\":\"https:\\\/\\\/secure.gravatar.com\\\/avatar\\\/d86339875b83b6a9394fce703248189388335d81fba6ca62f59bc61cc7a0ae31?s=96&d=mm&r=g\",\"contentUrl\":\"https:\\\/\\\/secure.gravatar.com\\\/avatar\\\/d86339875b83b6a9394fce703248189388335d81fba6ca62f59bc61cc7a0ae31?s=96&d=mm&r=g\",\"caption\":\"Riine Tiigi\"},\"url\":\"https:\\\/\\\/www.ecb.ee\\\/fi\\\/author\\\/riine\\\/\"}]}<\/script>\n<!-- \/ Yoast SEO plugin. -->","yoast_head_json":{"title":"Uusin j\u00e4senemme: Novotel Tallinn - Estonian Convention Bureau","robots":{"index":"index","follow":"follow","max-snippet":"max-snippet:-1","max-image-preview":"max-image-preview:large","max-video-preview":"max-video-preview:-1"},"canonical":"https:\/\/www.ecb.ee\/fi\/ajankohtaista\/uusin-jasenemme-novotel-tallinn\/","og_locale":"fi_FI","og_type":"article","og_title":"Uusin j\u00e4senemme: Novotel Tallinn - Estonian Convention Bureau","og_description":"Novotel Tallinn avaa ovensa joulukuussa 2025, ja siit\u00e4 tulee \u00e4lyk\u00e4s ja nykyaikainen tukikohta liikematkailijoille. Hotelli sijaitsee ihanteellisella paikalla sataman ja historiallisen vanhankaupungin v\u00e4liss\u00e4, tarjoten kaksi konseptia saman katon alla \u2013 t\u00e4ydellisen yhdistelm\u00e4n liikematkailua ja vapaa-aikaa. Vain lyhyen k\u00e4velymatkan p\u00e4\u00e4ss\u00e4 sijaitsee Tallinn Creative Hub, kaupungin t\u00e4rkein kongressi- ja tapahtumakeskus, mik\u00e4 tekee hotellista erinomaisen valinnan kokous- ja [&hellip;]","og_url":"https:\/\/www.ecb.ee\/fi\/ajankohtaista\/uusin-jasenemme-novotel-tallinn\/","og_site_name":"Estonian Convention Bureau","article_published_time":"2025-10-07T07:13:29+00:00","og_image":[{"width":2560,"height":1440,"url":"https:\/\/www.ecb.ee\/wp-content\/uploads\/2025\/10\/Exterior_3-novotel-scaled.jpg","type":"image\/jpeg"}],"author":"Riine Tiigi","twitter_card":"summary_large_image","twitter_misc":{"Kirjoittanut":"Riine Tiigi","Arvioitu lukuaika":"1 minuutti"},"schema":{"@context":"https:\/\/schema.org","@graph":[{"@type":"Article","@id":"https:\/\/www.ecb.ee\/fi\/ajankohtaista\/uusin-jasenemme-novotel-tallinn\/#article","isPartOf":{"@id":"https:\/\/www.ecb.ee\/fi\/ajankohtaista\/uusin-jasenemme-novotel-tallinn\/"},"author":{"name":"Riine Tiigi","@id":"https:\/\/www.ecb.ee\/#\/schema\/person\/683a06848cf0a690b2ba233665cb719f"},"headline":"Uusin j\u00e4senemme: Novotel Tallinn","datePublished":"2025-10-07T07:13:29+00:00","mainEntityOfPage":{"@id":"https:\/\/www.ecb.ee\/fi\/ajankohtaista\/uusin-jasenemme-novotel-tallinn\/"},"wordCount":169,"publisher":{"@id":"https:\/\/www.ecb.ee\/#organization"},"image":{"@id":"https:\/\/www.ecb.ee\/fi\/ajankohtaista\/uusin-jasenemme-novotel-tallinn\/#primaryimage"},"thumbnailUrl":"https:\/\/www.ecb.ee\/wp-content\/uploads\/2025\/10\/Exterior_3-novotel-scaled.jpg","articleSection":["Ajankohtaista"],"inLanguage":"fi"},{"@type":"WebPage","@id":"https:\/\/www.ecb.ee\/fi\/ajankohtaista\/uusin-jasenemme-novotel-tallinn\/","url":"https:\/\/www.ecb.ee\/fi\/ajankohtaista\/uusin-jasenemme-novotel-tallinn\/","name":"Uusin j\u00e4senemme: Novotel Tallinn - Estonian Convention Bureau","isPartOf":{"@id":"https:\/\/www.ecb.ee\/#website"},"primaryImageOfPage":{"@id":"https:\/\/www.ecb.ee\/fi\/ajankohtaista\/uusin-jasenemme-novotel-tallinn\/#primaryimage"},"image":{"@id":"https:\/\/www.ecb.ee\/fi\/ajankohtaista\/uusin-jasenemme-novotel-tallinn\/#primaryimage"},"thumbnailUrl":"https:\/\/www.ecb.ee\/wp-content\/uploads\/2025\/10\/Exterior_3-novotel-scaled.jpg","datePublished":"2025-10-07T07:13:29+00:00","breadcrumb":{"@id":"https:\/\/www.ecb.ee\/fi\/ajankohtaista\/uusin-jasenemme-novotel-tallinn\/#breadcrumb"},"inLanguage":"fi","potentialAction":[{"@type":"ReadAction","target":["https:\/\/www.ecb.ee\/fi\/ajankohtaista\/uusin-jasenemme-novotel-tallinn\/"]}]},{"@type":"ImageObject","inLanguage":"fi","@id":"https:\/\/www.ecb.ee\/fi\/ajankohtaista\/uusin-jasenemme-novotel-tallinn\/#primaryimage","url":"https:\/\/www.ecb.ee\/wp-content\/uploads\/2025\/10\/Exterior_3-novotel-scaled.jpg","contentUrl":"https:\/\/www.ecb.ee\/wp-content\/uploads\/2025\/10\/Exterior_3-novotel-scaled.jpg","width":2560,"height":1440,"caption":"Novotel Tallinn"},{"@type":"BreadcrumbList","@id":"https:\/\/www.ecb.ee\/fi\/ajankohtaista\/uusin-jasenemme-novotel-tallinn\/#breadcrumb","itemListElement":[{"@type":"ListItem","position":1,"name":"Home","item":"https:\/\/www.ecb.ee\/fi\/"},{"@type":"ListItem","position":2,"name":"Uusin j\u00e4senemme: Novotel Tallinn"}]},{"@type":"WebSite","@id":"https:\/\/www.ecb.ee\/#website","url":"https:\/\/www.ecb.ee\/","name":"Estonian Convention Bureau","description":"","publisher":{"@id":"https:\/\/www.ecb.ee\/#organization"},"potentialAction":[{"@type":"SearchAction","target":{"@type":"EntryPoint","urlTemplate":"https:\/\/www.ecb.ee\/?s={search_term_string}"},"query-input":{"@type":"PropertyValueSpecification","valueRequired":true,"valueName":"search_term_string"}}],"inLanguage":"fi"},{"@type":"Organization","@id":"https:\/\/www.ecb.ee\/#organization","name":"Estonian Convention Bureau","url":"https:\/\/www.ecb.ee\/","logo":{"@type":"ImageObject","inLanguage":"fi","@id":"https:\/\/www.ecb.ee\/#\/schema\/logo\/image\/","url":"https:\/\/www.ecb.ee\/wp-content\/uploads\/2020\/12\/site_logo.svg","contentUrl":"https:\/\/www.ecb.ee\/wp-content\/uploads\/2020\/12\/site_logo.svg","caption":"Estonian Convention Bureau"},"image":{"@id":"https:\/\/www.ecb.ee\/#\/schema\/logo\/image\/"}},{"@type":"Person","@id":"https:\/\/www.ecb.ee\/#\/schema\/person\/683a06848cf0a690b2ba233665cb719f","name":"Riine Tiigi","image":{"@type":"ImageObject","inLanguage":"fi","@id":"https:\/\/secure.gravatar.com\/avatar\/d86339875b83b6a9394fce703248189388335d81fba6ca62f59bc61cc7a0ae31?s=96&d=mm&r=g","url":"https:\/\/secure.gravatar.com\/avatar\/d86339875b83b6a9394fce703248189388335d81fba6ca62f59bc61cc7a0ae31?s=96&d=mm&r=g","contentUrl":"https:\/\/secure.gravatar.com\/avatar\/d86339875b83b6a9394fce703248189388335d81fba6ca62f59bc61cc7a0ae31?s=96&d=mm&r=g","caption":"Riine Tiigi"},"url":"https:\/\/www.ecb.ee\/fi\/author\/riine\/"}]}},"_links":{"self":[{"href":"https:\/\/www.ecb.ee\/fi\/wp-json\/wp\/v2\/posts\/42749","targetHints":{"allow":["GET"]}}],"collection":[{"href":"https:\/\/www.ecb.ee\/fi\/wp-json\/wp\/v2\/posts"}],"about":[{"href":"https:\/\/www.ecb.ee\/fi\/wp-json\/wp\/v2\/types\/post"}],"author":[{"embeddable":true,"href":"https:\/\/www.ecb.ee\/fi\/wp-json\/wp\/v2\/users\/4"}],"replies":[{"embeddable":true,"href":"https:\/\/www.ecb.ee\/fi\/wp-json\/wp\/v2\/comments?post=42749"}],"version-history":[{"count":1,"href":"https:\/\/www.ecb.ee\/fi\/wp-json\/wp\/v2\/posts\/42749\/revisions"}],"predecessor-version":[{"id":42750,"href":"https:\/\/www.ecb.ee\/fi\/wp-json\/wp\/v2\/posts\/42749\/revisions\/42750"}],"wp:featuredmedia":[{"embeddable":true,"href":"https:\/\/www.ecb.ee\/fi\/wp-json\/wp\/v2\/media\/42737"}],"wp:attachment":[{"href":"https:\/\/www.ecb.ee\/fi\/wp-json\/wp\/v2\/media?parent=42749"}],"wp:term":[{"taxonomy":"category","embeddable":true,"href":"https:\/\/www.ecb.ee\/fi\/wp-json\/wp\/v2\/categories?post=42749"},{"taxonomy":"post_tag","embeddable":true,"href":"https:\/\/www.ecb.ee\/fi\/wp-json\/wp\/v2\/tags?post=42749"}],"curies":[{"name":"wp","href":"https:\/\/api.w.org\/{rel}","templated":true}]}}