{"id":42260,"date":"2025-09-15T08:03:48","date_gmt":"2025-09-15T08:03:48","guid":{"rendered":"https:\/\/www.ecb.ee\/?p=42260"},"modified":"2025-09-15T08:03:48","modified_gmt":"2025-09-15T08:03:48","slug":"viimsi-artiumiin-paasee-nyt-myos-julkisilla-kulkuvalineilla","status":"publish","type":"post","link":"https:\/\/www.ecb.ee\/fi\/ajankohtaista\/viimsi-artiumiin-paasee-nyt-myos-julkisilla-kulkuvalineilla\/","title":{"rendered":"Viimsi Artiumiin p\u00e4\u00e4see nyt my\u00f6s julkisilla kulkuv\u00e4lineill\u00e4"},"content":{"rendered":"<p>1.syyskuuta alkaen konferenssivieraat ja kulttuurin yst\u00e4v\u00e4t voivat matkustaa <a href=\"https:\/\/www.ecb.ee\/fi\/ruum\/viimsi-artium\/\" target=\"_blank\" rel=\"noopener\">Viimsi Artiumiin<\/a> suoraan Tallinnasta julkisilla kulkuv\u00e4lineill\u00e4.<\/p>\n<p>Bussilinja nro 1 l\u00e4htee Tallinnan keskustasta, Viru-keskuksen pys\u00e4kilt\u00e4 5, ja kulkee s\u00e4\u00e4nn\u00f6llisesti 3\u20135 kertaa tunnissa. Matka l\u00e4himm\u00e4lle Viimsi Artiumin pys\u00e4kille, Karulauguun, kest\u00e4\u00e4 noin 35 minuuttia. Karulaugu-pys\u00e4kki sijaitsee aivan Viimsi Artiumin vieress\u00e4, tarjoten k\u00e4tev\u00e4n p\u00e4\u00e4syn kulttuuri- ja konferenssikeskukseen.<\/p>\n<p>Viimsi Artium on nykyaikainen kulttuuri- ja koulutuskeskus, joka soveltuu erinomaisesti niin konsertteihin, teatteriesityksiin kuin my\u00f6s konferensseihin ja seminaareihin. Keskuksessa on useita erikokoisia saleja ja seminaaritiloja, mukaan lukien erinomaista akustiikkaa tarjoava konserttisali, johon mahtuu 420 istumapaikkaa. Lis\u00e4ksi Artium tarjoaa nykyaikaiset tekniset ratkaisut, vaates\u00e4ilytyksen, kahvilan sek\u00e4 kaiken tarvittavan korkealaatuisten yritystapahtumien ja ammatillisten kokousten j\u00e4rjest\u00e4miseen.<\/p>\n","protected":false},"excerpt":{"rendered":"<p>1.syyskuuta alkaen konferenssivieraat ja kulttuurin yst\u00e4v\u00e4t voivat matkustaa Viimsi Artiumiin suoraan Tallinnasta julkisilla kulkuv\u00e4lineill\u00e4. Bussilinja nro 1 l\u00e4htee Tallinnan keskustasta, Viru-keskuksen pys\u00e4kilt\u00e4 5, ja kulkee s\u00e4\u00e4nn\u00f6llisesti 3\u20135 kertaa tunnissa. Matka l\u00e4himm\u00e4lle Viimsi Artiumin pys\u00e4kille, Karulauguun, kest\u00e4\u00e4 noin 35 minuuttia. Karulaugu-pys\u00e4kki sijaitsee aivan Viimsi Artiumin vieress\u00e4, tarjoten k\u00e4tev\u00e4n p\u00e4\u00e4syn kulttuuri- ja konferenssikeskukseen. Viimsi Artium on nykyaikainen [&hellip;]<\/p>\n","protected":false},"author":4,"featured_media":42255,"comment_status":"closed","ping_status":"closed","sticky":false,"template":"","format":"standard","meta":{"_acf_changed":false,"footnotes":""},"categories":[349],"tags":[],"class_list":["post-42260","post","type-post","status-publish","format-standard","has-post-thumbnail","hentry","category-ajankohtaista"],"acf":[],"yoast_head":"<!-- This site is optimized with the Yoast SEO plugin v27.5 - https:\/\/yoast.com\/product\/yoast-seo-wordpress\/ -->\n<title>Viimsi Artiumiin p\u00e4\u00e4see nyt my\u00f6s julkisilla kulkuv\u00e4lineill\u00e4 - Estonian Convention Bureau<\/title>\n<meta name=\"robots\" content=\"index, follow, max-snippet:-1, max-image-preview:large, max-video-preview:-1\" \/>\n<link rel=\"canonical\" href=\"https:\/\/www.ecb.ee\/fi\/ajankohtaista\/viimsi-artiumiin-paasee-nyt-myos-julkisilla-kulkuvalineilla\/\" \/>\n<meta property=\"og:locale\" content=\"fi_FI\" \/>\n<meta property=\"og:type\" content=\"article\" \/>\n<meta property=\"og:title\" content=\"Viimsi Artiumiin p\u00e4\u00e4see nyt my\u00f6s julkisilla kulkuv\u00e4lineill\u00e4 - Estonian Convention Bureau\" \/>\n<meta property=\"og:description\" content=\"1.syyskuuta alkaen konferenssivieraat ja kulttuurin yst\u00e4v\u00e4t voivat matkustaa Viimsi Artiumiin suoraan Tallinnasta julkisilla kulkuv\u00e4lineill\u00e4. Bussilinja nro 1 l\u00e4htee Tallinnan keskustasta, Viru-keskuksen pys\u00e4kilt\u00e4 5, ja kulkee s\u00e4\u00e4nn\u00f6llisesti 3\u20135 kertaa tunnissa. Matka l\u00e4himm\u00e4lle Viimsi Artiumin pys\u00e4kille, Karulauguun, kest\u00e4\u00e4 noin 35 minuuttia. Karulaugu-pys\u00e4kki sijaitsee aivan Viimsi Artiumin vieress\u00e4, tarjoten k\u00e4tev\u00e4n p\u00e4\u00e4syn kulttuuri- ja konferenssikeskukseen. Viimsi Artium on nykyaikainen [&hellip;]\" \/>\n<meta property=\"og:url\" content=\"https:\/\/www.ecb.ee\/fi\/ajankohtaista\/viimsi-artiumiin-paasee-nyt-myos-julkisilla-kulkuvalineilla\/\" \/>\n<meta property=\"og:site_name\" content=\"Estonian Convention Bureau\" \/>\n<meta property=\"article:published_time\" content=\"2025-09-15T08:03:48+00:00\" \/>\n<meta property=\"og:image\" content=\"https:\/\/www.ecb.ee\/wp-content\/uploads\/2025\/09\/tallinn_transport_bus_photo_r.jurkatam.jpg\" \/>\n\t<meta property=\"og:image:width\" content=\"1200\" \/>\n\t<meta property=\"og:image:height\" content=\"800\" \/>\n\t<meta property=\"og:image:type\" content=\"image\/jpeg\" \/>\n<meta name=\"author\" content=\"Riine Tiigi\" \/>\n<meta name=\"twitter:card\" content=\"summary_large_image\" \/>\n<meta name=\"twitter:label1\" content=\"Kirjoittanut\" \/>\n\t<meta name=\"twitter:data1\" content=\"Riine Tiigi\" \/>\n\t<meta name=\"twitter:label2\" content=\"Arvioitu lukuaika\" \/>\n\t<meta name=\"twitter:data2\" content=\"1 minuutti\" \/>\n<script type=\"application\/ld+json\" class=\"yoast-schema-graph\">{\"@context\":\"https:\\\/\\\/schema.org\",\"@graph\":[{\"@type\":\"Article\",\"@id\":\"https:\\\/\\\/www.ecb.ee\\\/fi\\\/ajankohtaista\\\/viimsi-artiumiin-paasee-nyt-myos-julkisilla-kulkuvalineilla\\\/#article\",\"isPartOf\":{\"@id\":\"https:\\\/\\\/www.ecb.ee\\\/fi\\\/ajankohtaista\\\/viimsi-artiumiin-paasee-nyt-myos-julkisilla-kulkuvalineilla\\\/\"},\"author\":{\"name\":\"Riine Tiigi\",\"@id\":\"https:\\\/\\\/www.ecb.ee\\\/#\\\/schema\\\/person\\\/683a06848cf0a690b2ba233665cb719f\"},\"headline\":\"Viimsi Artiumiin p\u00e4\u00e4see nyt my\u00f6s julkisilla kulkuv\u00e4lineill\u00e4\",\"datePublished\":\"2025-09-15T08:03:48+00:00\",\"mainEntityOfPage\":{\"@id\":\"https:\\\/\\\/www.ecb.ee\\\/fi\\\/ajankohtaista\\\/viimsi-artiumiin-paasee-nyt-myos-julkisilla-kulkuvalineilla\\\/\"},\"wordCount\":127,\"publisher\":{\"@id\":\"https:\\\/\\\/www.ecb.ee\\\/#organization\"},\"image\":{\"@id\":\"https:\\\/\\\/www.ecb.ee\\\/fi\\\/ajankohtaista\\\/viimsi-artiumiin-paasee-nyt-myos-julkisilla-kulkuvalineilla\\\/#primaryimage\"},\"thumbnailUrl\":\"https:\\\/\\\/www.ecb.ee\\\/wp-content\\\/uploads\\\/2025\\\/09\\\/tallinn_transport_bus_photo_r.jurkatam.jpg\",\"articleSection\":[\"Ajankohtaista\"],\"inLanguage\":\"fi\"},{\"@type\":\"WebPage\",\"@id\":\"https:\\\/\\\/www.ecb.ee\\\/fi\\\/ajankohtaista\\\/viimsi-artiumiin-paasee-nyt-myos-julkisilla-kulkuvalineilla\\\/\",\"url\":\"https:\\\/\\\/www.ecb.ee\\\/fi\\\/ajankohtaista\\\/viimsi-artiumiin-paasee-nyt-myos-julkisilla-kulkuvalineilla\\\/\",\"name\":\"Viimsi Artiumiin p\u00e4\u00e4see nyt my\u00f6s julkisilla kulkuv\u00e4lineill\u00e4 - Estonian Convention Bureau\",\"isPartOf\":{\"@id\":\"https:\\\/\\\/www.ecb.ee\\\/#website\"},\"primaryImageOfPage\":{\"@id\":\"https:\\\/\\\/www.ecb.ee\\\/fi\\\/ajankohtaista\\\/viimsi-artiumiin-paasee-nyt-myos-julkisilla-kulkuvalineilla\\\/#primaryimage\"},\"image\":{\"@id\":\"https:\\\/\\\/www.ecb.ee\\\/fi\\\/ajankohtaista\\\/viimsi-artiumiin-paasee-nyt-myos-julkisilla-kulkuvalineilla\\\/#primaryimage\"},\"thumbnailUrl\":\"https:\\\/\\\/www.ecb.ee\\\/wp-content\\\/uploads\\\/2025\\\/09\\\/tallinn_transport_bus_photo_r.jurkatam.jpg\",\"datePublished\":\"2025-09-15T08:03:48+00:00\",\"breadcrumb\":{\"@id\":\"https:\\\/\\\/www.ecb.ee\\\/fi\\\/ajankohtaista\\\/viimsi-artiumiin-paasee-nyt-myos-julkisilla-kulkuvalineilla\\\/#breadcrumb\"},\"inLanguage\":\"fi\",\"potentialAction\":[{\"@type\":\"ReadAction\",\"target\":[\"https:\\\/\\\/www.ecb.ee\\\/fi\\\/ajankohtaista\\\/viimsi-artiumiin-paasee-nyt-myos-julkisilla-kulkuvalineilla\\\/\"]}]},{\"@type\":\"ImageObject\",\"inLanguage\":\"fi\",\"@id\":\"https:\\\/\\\/www.ecb.ee\\\/fi\\\/ajankohtaista\\\/viimsi-artiumiin-paasee-nyt-myos-julkisilla-kulkuvalineilla\\\/#primaryimage\",\"url\":\"https:\\\/\\\/www.ecb.ee\\\/wp-content\\\/uploads\\\/2025\\\/09\\\/tallinn_transport_bus_photo_r.jurkatam.jpg\",\"contentUrl\":\"https:\\\/\\\/www.ecb.ee\\\/wp-content\\\/uploads\\\/2025\\\/09\\\/tallinn_transport_bus_photo_r.jurkatam.jpg\",\"width\":1200,\"height\":800,\"caption\":\"Tallinna Transpordi teenuseid tutvustavate fotode allalaadija v\u00f5ib kasutada fotosid ainult Tallinna \u00fchistranspordi, teiste avalike teenuste ning s\u00e4\u00e4stvate liikumisviiside tutvustamiseks nii veebis kui tr\u00fckis. K\u00f5ik fotopanga fotod on kaitstud Eesti Vabariigi Autori\u00f5iguse seadusega. Fotode kasutamine poliitreklaamis on keelatud. Fotode kasutamine kontekstis, kus need v\u00f5ivad Tallinna Transpordiameti teenuste mainet kahjustada, on keelatud. Fotode edasim\u00fc\u00fcmine v\u00f5i kuritarvitamine on keelatud. Fotode avaldamise eest kannab eranditult vastutust nende kasutaja. Fotode kasutustingimuste rikkumisel on Tallinna Transpordiametil \u00f5igus keelata kasutajal edaspidi fotode kasutamine. Fotode kasutustingimuste mittet\u00e4itmise korral on Tallinna Transpordiametil \u00f5igus kasutada autori\u00f5iguste kaitseks k\u00f5iki tsiviil\u00f5iguslikke \u00f5iguskaitsevahendeid. Palume iga kasutatava foto juures viidata allikana Tallinna Transpordiametile (v\u00f5\u00f5rkeelsetes v\u00e4ljaannetes kasutatakse nime Tallinn Transport Department).\"},{\"@type\":\"BreadcrumbList\",\"@id\":\"https:\\\/\\\/www.ecb.ee\\\/fi\\\/ajankohtaista\\\/viimsi-artiumiin-paasee-nyt-myos-julkisilla-kulkuvalineilla\\\/#breadcrumb\",\"itemListElement\":[{\"@type\":\"ListItem\",\"position\":1,\"name\":\"Home\",\"item\":\"https:\\\/\\\/www.ecb.ee\\\/fi\\\/\"},{\"@type\":\"ListItem\",\"position\":2,\"name\":\"Viimsi Artiumiin p\u00e4\u00e4see nyt my\u00f6s julkisilla kulkuv\u00e4lineill\u00e4\"}]},{\"@type\":\"WebSite\",\"@id\":\"https:\\\/\\\/www.ecb.ee\\\/#website\",\"url\":\"https:\\\/\\\/www.ecb.ee\\\/\",\"name\":\"Estonian Convention Bureau\",\"description\":\"\",\"publisher\":{\"@id\":\"https:\\\/\\\/www.ecb.ee\\\/#organization\"},\"potentialAction\":[{\"@type\":\"SearchAction\",\"target\":{\"@type\":\"EntryPoint\",\"urlTemplate\":\"https:\\\/\\\/www.ecb.ee\\\/?s={search_term_string}\"},\"query-input\":{\"@type\":\"PropertyValueSpecification\",\"valueRequired\":true,\"valueName\":\"search_term_string\"}}],\"inLanguage\":\"fi\"},{\"@type\":\"Organization\",\"@id\":\"https:\\\/\\\/www.ecb.ee\\\/#organization\",\"name\":\"Estonian Convention Bureau\",\"url\":\"https:\\\/\\\/www.ecb.ee\\\/\",\"logo\":{\"@type\":\"ImageObject\",\"inLanguage\":\"fi\",\"@id\":\"https:\\\/\\\/www.ecb.ee\\\/#\\\/schema\\\/logo\\\/image\\\/\",\"url\":\"https:\\\/\\\/www.ecb.ee\\\/wp-content\\\/uploads\\\/2020\\\/12\\\/site_logo.svg\",\"contentUrl\":\"https:\\\/\\\/www.ecb.ee\\\/wp-content\\\/uploads\\\/2020\\\/12\\\/site_logo.svg\",\"caption\":\"Estonian Convention Bureau\"},\"image\":{\"@id\":\"https:\\\/\\\/www.ecb.ee\\\/#\\\/schema\\\/logo\\\/image\\\/\"}},{\"@type\":\"Person\",\"@id\":\"https:\\\/\\\/www.ecb.ee\\\/#\\\/schema\\\/person\\\/683a06848cf0a690b2ba233665cb719f\",\"name\":\"Riine Tiigi\",\"image\":{\"@type\":\"ImageObject\",\"inLanguage\":\"fi\",\"@id\":\"https:\\\/\\\/secure.gravatar.com\\\/avatar\\\/d86339875b83b6a9394fce703248189388335d81fba6ca62f59bc61cc7a0ae31?s=96&d=mm&r=g\",\"url\":\"https:\\\/\\\/secure.gravatar.com\\\/avatar\\\/d86339875b83b6a9394fce703248189388335d81fba6ca62f59bc61cc7a0ae31?s=96&d=mm&r=g\",\"contentUrl\":\"https:\\\/\\\/secure.gravatar.com\\\/avatar\\\/d86339875b83b6a9394fce703248189388335d81fba6ca62f59bc61cc7a0ae31?s=96&d=mm&r=g\",\"caption\":\"Riine Tiigi\"},\"url\":\"https:\\\/\\\/www.ecb.ee\\\/fi\\\/author\\\/riine\\\/\"}]}<\/script>\n<!-- \/ Yoast SEO plugin. -->","yoast_head_json":{"title":"Viimsi Artiumiin p\u00e4\u00e4see nyt my\u00f6s julkisilla kulkuv\u00e4lineill\u00e4 - Estonian Convention Bureau","robots":{"index":"index","follow":"follow","max-snippet":"max-snippet:-1","max-image-preview":"max-image-preview:large","max-video-preview":"max-video-preview:-1"},"canonical":"https:\/\/www.ecb.ee\/fi\/ajankohtaista\/viimsi-artiumiin-paasee-nyt-myos-julkisilla-kulkuvalineilla\/","og_locale":"fi_FI","og_type":"article","og_title":"Viimsi Artiumiin p\u00e4\u00e4see nyt my\u00f6s julkisilla kulkuv\u00e4lineill\u00e4 - Estonian Convention Bureau","og_description":"1.syyskuuta alkaen konferenssivieraat ja kulttuurin yst\u00e4v\u00e4t voivat matkustaa Viimsi Artiumiin suoraan Tallinnasta julkisilla kulkuv\u00e4lineill\u00e4. Bussilinja nro 1 l\u00e4htee Tallinnan keskustasta, Viru-keskuksen pys\u00e4kilt\u00e4 5, ja kulkee s\u00e4\u00e4nn\u00f6llisesti 3\u20135 kertaa tunnissa. Matka l\u00e4himm\u00e4lle Viimsi Artiumin pys\u00e4kille, Karulauguun, kest\u00e4\u00e4 noin 35 minuuttia. Karulaugu-pys\u00e4kki sijaitsee aivan Viimsi Artiumin vieress\u00e4, tarjoten k\u00e4tev\u00e4n p\u00e4\u00e4syn kulttuuri- ja konferenssikeskukseen. Viimsi Artium on nykyaikainen [&hellip;]","og_url":"https:\/\/www.ecb.ee\/fi\/ajankohtaista\/viimsi-artiumiin-paasee-nyt-myos-julkisilla-kulkuvalineilla\/","og_site_name":"Estonian Convention Bureau","article_published_time":"2025-09-15T08:03:48+00:00","og_image":[{"width":1200,"height":800,"url":"https:\/\/www.ecb.ee\/wp-content\/uploads\/2025\/09\/tallinn_transport_bus_photo_r.jurkatam.jpg","type":"image\/jpeg"}],"author":"Riine Tiigi","twitter_card":"summary_large_image","twitter_misc":{"Kirjoittanut":"Riine Tiigi","Arvioitu lukuaika":"1 minuutti"},"schema":{"@context":"https:\/\/schema.org","@graph":[{"@type":"Article","@id":"https:\/\/www.ecb.ee\/fi\/ajankohtaista\/viimsi-artiumiin-paasee-nyt-myos-julkisilla-kulkuvalineilla\/#article","isPartOf":{"@id":"https:\/\/www.ecb.ee\/fi\/ajankohtaista\/viimsi-artiumiin-paasee-nyt-myos-julkisilla-kulkuvalineilla\/"},"author":{"name":"Riine Tiigi","@id":"https:\/\/www.ecb.ee\/#\/schema\/person\/683a06848cf0a690b2ba233665cb719f"},"headline":"Viimsi Artiumiin p\u00e4\u00e4see nyt my\u00f6s julkisilla kulkuv\u00e4lineill\u00e4","datePublished":"2025-09-15T08:03:48+00:00","mainEntityOfPage":{"@id":"https:\/\/www.ecb.ee\/fi\/ajankohtaista\/viimsi-artiumiin-paasee-nyt-myos-julkisilla-kulkuvalineilla\/"},"wordCount":127,"publisher":{"@id":"https:\/\/www.ecb.ee\/#organization"},"image":{"@id":"https:\/\/www.ecb.ee\/fi\/ajankohtaista\/viimsi-artiumiin-paasee-nyt-myos-julkisilla-kulkuvalineilla\/#primaryimage"},"thumbnailUrl":"https:\/\/www.ecb.ee\/wp-content\/uploads\/2025\/09\/tallinn_transport_bus_photo_r.jurkatam.jpg","articleSection":["Ajankohtaista"],"inLanguage":"fi"},{"@type":"WebPage","@id":"https:\/\/www.ecb.ee\/fi\/ajankohtaista\/viimsi-artiumiin-paasee-nyt-myos-julkisilla-kulkuvalineilla\/","url":"https:\/\/www.ecb.ee\/fi\/ajankohtaista\/viimsi-artiumiin-paasee-nyt-myos-julkisilla-kulkuvalineilla\/","name":"Viimsi Artiumiin p\u00e4\u00e4see nyt my\u00f6s julkisilla kulkuv\u00e4lineill\u00e4 - Estonian Convention Bureau","isPartOf":{"@id":"https:\/\/www.ecb.ee\/#website"},"primaryImageOfPage":{"@id":"https:\/\/www.ecb.ee\/fi\/ajankohtaista\/viimsi-artiumiin-paasee-nyt-myos-julkisilla-kulkuvalineilla\/#primaryimage"},"image":{"@id":"https:\/\/www.ecb.ee\/fi\/ajankohtaista\/viimsi-artiumiin-paasee-nyt-myos-julkisilla-kulkuvalineilla\/#primaryimage"},"thumbnailUrl":"https:\/\/www.ecb.ee\/wp-content\/uploads\/2025\/09\/tallinn_transport_bus_photo_r.jurkatam.jpg","datePublished":"2025-09-15T08:03:48+00:00","breadcrumb":{"@id":"https:\/\/www.ecb.ee\/fi\/ajankohtaista\/viimsi-artiumiin-paasee-nyt-myos-julkisilla-kulkuvalineilla\/#breadcrumb"},"inLanguage":"fi","potentialAction":[{"@type":"ReadAction","target":["https:\/\/www.ecb.ee\/fi\/ajankohtaista\/viimsi-artiumiin-paasee-nyt-myos-julkisilla-kulkuvalineilla\/"]}]},{"@type":"ImageObject","inLanguage":"fi","@id":"https:\/\/www.ecb.ee\/fi\/ajankohtaista\/viimsi-artiumiin-paasee-nyt-myos-julkisilla-kulkuvalineilla\/#primaryimage","url":"https:\/\/www.ecb.ee\/wp-content\/uploads\/2025\/09\/tallinn_transport_bus_photo_r.jurkatam.jpg","contentUrl":"https:\/\/www.ecb.ee\/wp-content\/uploads\/2025\/09\/tallinn_transport_bus_photo_r.jurkatam.jpg","width":1200,"height":800,"caption":"Tallinna Transpordi teenuseid tutvustavate fotode allalaadija v\u00f5ib kasutada fotosid ainult Tallinna \u00fchistranspordi, teiste avalike teenuste ning s\u00e4\u00e4stvate liikumisviiside tutvustamiseks nii veebis kui tr\u00fckis. K\u00f5ik fotopanga fotod on kaitstud Eesti Vabariigi Autori\u00f5iguse seadusega. Fotode kasutamine poliitreklaamis on keelatud. Fotode kasutamine kontekstis, kus need v\u00f5ivad Tallinna Transpordiameti teenuste mainet kahjustada, on keelatud. Fotode edasim\u00fc\u00fcmine v\u00f5i kuritarvitamine on keelatud. Fotode avaldamise eest kannab eranditult vastutust nende kasutaja. Fotode kasutustingimuste rikkumisel on Tallinna Transpordiametil \u00f5igus keelata kasutajal edaspidi fotode kasutamine. Fotode kasutustingimuste mittet\u00e4itmise korral on Tallinna Transpordiametil \u00f5igus kasutada autori\u00f5iguste kaitseks k\u00f5iki tsiviil\u00f5iguslikke \u00f5iguskaitsevahendeid. Palume iga kasutatava foto juures viidata allikana Tallinna Transpordiametile (v\u00f5\u00f5rkeelsetes v\u00e4ljaannetes kasutatakse nime Tallinn Transport Department)."},{"@type":"BreadcrumbList","@id":"https:\/\/www.ecb.ee\/fi\/ajankohtaista\/viimsi-artiumiin-paasee-nyt-myos-julkisilla-kulkuvalineilla\/#breadcrumb","itemListElement":[{"@type":"ListItem","position":1,"name":"Home","item":"https:\/\/www.ecb.ee\/fi\/"},{"@type":"ListItem","position":2,"name":"Viimsi Artiumiin p\u00e4\u00e4see nyt my\u00f6s julkisilla kulkuv\u00e4lineill\u00e4"}]},{"@type":"WebSite","@id":"https:\/\/www.ecb.ee\/#website","url":"https:\/\/www.ecb.ee\/","name":"Estonian Convention Bureau","description":"","publisher":{"@id":"https:\/\/www.ecb.ee\/#organization"},"potentialAction":[{"@type":"SearchAction","target":{"@type":"EntryPoint","urlTemplate":"https:\/\/www.ecb.ee\/?s={search_term_string}"},"query-input":{"@type":"PropertyValueSpecification","valueRequired":true,"valueName":"search_term_string"}}],"inLanguage":"fi"},{"@type":"Organization","@id":"https:\/\/www.ecb.ee\/#organization","name":"Estonian Convention Bureau","url":"https:\/\/www.ecb.ee\/","logo":{"@type":"ImageObject","inLanguage":"fi","@id":"https:\/\/www.ecb.ee\/#\/schema\/logo\/image\/","url":"https:\/\/www.ecb.ee\/wp-content\/uploads\/2020\/12\/site_logo.svg","contentUrl":"https:\/\/www.ecb.ee\/wp-content\/uploads\/2020\/12\/site_logo.svg","caption":"Estonian Convention Bureau"},"image":{"@id":"https:\/\/www.ecb.ee\/#\/schema\/logo\/image\/"}},{"@type":"Person","@id":"https:\/\/www.ecb.ee\/#\/schema\/person\/683a06848cf0a690b2ba233665cb719f","name":"Riine Tiigi","image":{"@type":"ImageObject","inLanguage":"fi","@id":"https:\/\/secure.gravatar.com\/avatar\/d86339875b83b6a9394fce703248189388335d81fba6ca62f59bc61cc7a0ae31?s=96&d=mm&r=g","url":"https:\/\/secure.gravatar.com\/avatar\/d86339875b83b6a9394fce703248189388335d81fba6ca62f59bc61cc7a0ae31?s=96&d=mm&r=g","contentUrl":"https:\/\/secure.gravatar.com\/avatar\/d86339875b83b6a9394fce703248189388335d81fba6ca62f59bc61cc7a0ae31?s=96&d=mm&r=g","caption":"Riine Tiigi"},"url":"https:\/\/www.ecb.ee\/fi\/author\/riine\/"}]}},"_links":{"self":[{"href":"https:\/\/www.ecb.ee\/fi\/wp-json\/wp\/v2\/posts\/42260","targetHints":{"allow":["GET"]}}],"collection":[{"href":"https:\/\/www.ecb.ee\/fi\/wp-json\/wp\/v2\/posts"}],"about":[{"href":"https:\/\/www.ecb.ee\/fi\/wp-json\/wp\/v2\/types\/post"}],"author":[{"embeddable":true,"href":"https:\/\/www.ecb.ee\/fi\/wp-json\/wp\/v2\/users\/4"}],"replies":[{"embeddable":true,"href":"https:\/\/www.ecb.ee\/fi\/wp-json\/wp\/v2\/comments?post=42260"}],"version-history":[{"count":1,"href":"https:\/\/www.ecb.ee\/fi\/wp-json\/wp\/v2\/posts\/42260\/revisions"}],"predecessor-version":[{"id":42261,"href":"https:\/\/www.ecb.ee\/fi\/wp-json\/wp\/v2\/posts\/42260\/revisions\/42261"}],"wp:featuredmedia":[{"embeddable":true,"href":"https:\/\/www.ecb.ee\/fi\/wp-json\/wp\/v2\/media\/42255"}],"wp:attachment":[{"href":"https:\/\/www.ecb.ee\/fi\/wp-json\/wp\/v2\/media?parent=42260"}],"wp:term":[{"taxonomy":"category","embeddable":true,"href":"https:\/\/www.ecb.ee\/fi\/wp-json\/wp\/v2\/categories?post=42260"},{"taxonomy":"post_tag","embeddable":true,"href":"https:\/\/www.ecb.ee\/fi\/wp-json\/wp\/v2\/tags?post=42260"}],"curies":[{"name":"wp","href":"https:\/\/api.w.org\/{rel}","templated":true}]}}