{"id":42055,"date":"2025-09-02T08:33:42","date_gmt":"2025-09-02T08:33:42","guid":{"rendered":"https:\/\/www.ecb.ee\/?p=42055"},"modified":"2025-09-02T08:33:42","modified_gmt":"2025-09-02T08:33:42","slug":"uusia-mahdollisuuksia-tapahtumajarjestajille-tallinnassa","status":"publish","type":"post","link":"https:\/\/www.ecb.ee\/fi\/ajankohtaista\/uusia-mahdollisuuksia-tapahtumajarjestajille-tallinnassa\/","title":{"rendered":"Uusia mahdollisuuksia tapahtumaj\u00e4rjest\u00e4jille Tallinnassa"},"content":{"rendered":"<p>1.syyskuuta alkaen <a href=\"https:\/\/www.ecb.ee\/fi\/ruum\/kulttuurikattila\/\" target=\"_blank\" rel=\"noopener\">Tallinnan Kulttuurikattila<\/a> (Tallinn Creative Hub) on laajentanut toimintaansa ottamalla hallintaansa my\u00f6s Salmen kulttuurikeskuksen ja Meren kulttuurikeskuksen.<\/p>\n<p>Yhdess\u00e4 n\u00e4m\u00e4 kolme ainutlaatuista tapahtumapaikkaa Tallinnan keskustassa tarjoavat tapahtumaj\u00e4rjest\u00e4jille entist\u00e4 laajemman valikoiman inspiroivia tiloja sek\u00e4 ammattitaitoista tukea erilaisten tilaisuuksien toteuttamiseen.<\/p>\n<ul>\n<li><strong>Tallinnan Kulttuurikattilassa<\/strong> on 20 erilaista tapahtumatilaa, mukaan lukien vaikuttava Black Box -sali, jossa on istumapaikat jopa 600 vieraalle.<\/li>\n<li><strong>Salmen kulttuurikeskuksen<\/strong> suuri sali tarjoaa tilat 624 osallistujalle, lis\u00e4ksi keskuksessa on juhla-, kokous- ja harjoitustiloja.<\/li>\n<li><strong>Meren kulttuurikeskuksen<\/strong> suuri sali mahdollistaa tapahtumat jopa 834 osallistujalle, ja lis\u00e4ksi siell\u00e4 on joustavasti muokattavia tiloja seminaareille ja pienemmille kokoontumisille.<\/li>\n<\/ul>\n<p>T\u00e4m\u00e4 kulttuurikeskusten verkosto tukee Tallinnan kehitysstrategiaa \u201cTallinna 2035\u201d \u2013 rikastuttaen kaupungin kulttuuriel\u00e4m\u00e4\u00e4, vahvistaen yhteis\u00f6llisyytt\u00e4 ja lis\u00e4ten Tallinnan kansainv\u00e4list\u00e4 tunnettuutta liikematkailun kohteena ja luovan talouden keskuksena.!<\/p>\n<p>Lue lis\u00e4\u00e4 ja varaa tila:<a href=\"https:\/\/kultuurikatel.ee\/en\/\" target=\"_blank\" rel=\"noopener\"> kultuurikatel.ee<\/a><\/p>\n","protected":false},"excerpt":{"rendered":"<p>1.syyskuuta alkaen Tallinnan Kulttuurikattila (Tallinn Creative Hub) on laajentanut toimintaansa ottamalla hallintaansa my\u00f6s Salmen kulttuurikeskuksen ja Meren kulttuurikeskuksen. Yhdess\u00e4 n\u00e4m\u00e4 kolme ainutlaatuista tapahtumapaikkaa Tallinnan keskustassa tarjoavat tapahtumaj\u00e4rjest\u00e4jille entist\u00e4 laajemman valikoiman inspiroivia tiloja sek\u00e4 ammattitaitoista tukea erilaisten tilaisuuksien toteuttamiseen. Tallinnan Kulttuurikattilassa on 20 erilaista tapahtumatilaa, mukaan lukien vaikuttava Black Box -sali, jossa on istumapaikat jopa 600 [&hellip;]<\/p>\n","protected":false},"author":4,"featured_media":42056,"comment_status":"closed","ping_status":"closed","sticky":false,"template":"","format":"standard","meta":{"_acf_changed":false,"footnotes":""},"categories":[349],"tags":[],"class_list":["post-42055","post","type-post","status-publish","format-standard","has-post-thumbnail","hentry","category-ajankohtaista"],"acf":[],"yoast_head":"<!-- This site is optimized with the Yoast SEO plugin v27.5 - https:\/\/yoast.com\/product\/yoast-seo-wordpress\/ -->\n<title>Uusia mahdollisuuksia tapahtumaj\u00e4rjest\u00e4jille Tallinnassa - Estonian Convention Bureau<\/title>\n<meta name=\"robots\" content=\"index, follow, max-snippet:-1, max-image-preview:large, max-video-preview:-1\" \/>\n<link rel=\"canonical\" href=\"https:\/\/www.ecb.ee\/fi\/ajankohtaista\/uusia-mahdollisuuksia-tapahtumajarjestajille-tallinnassa\/\" \/>\n<meta property=\"og:locale\" content=\"fi_FI\" \/>\n<meta property=\"og:type\" content=\"article\" \/>\n<meta property=\"og:title\" content=\"Uusia mahdollisuuksia tapahtumaj\u00e4rjest\u00e4jille Tallinnassa - Estonian Convention Bureau\" \/>\n<meta property=\"og:description\" content=\"1.syyskuuta alkaen Tallinnan Kulttuurikattila (Tallinn Creative Hub) on laajentanut toimintaansa ottamalla hallintaansa my\u00f6s Salmen kulttuurikeskuksen ja Meren kulttuurikeskuksen. Yhdess\u00e4 n\u00e4m\u00e4 kolme ainutlaatuista tapahtumapaikkaa Tallinnan keskustassa tarjoavat tapahtumaj\u00e4rjest\u00e4jille entist\u00e4 laajemman valikoiman inspiroivia tiloja sek\u00e4 ammattitaitoista tukea erilaisten tilaisuuksien toteuttamiseen. Tallinnan Kulttuurikattilassa on 20 erilaista tapahtumatilaa, mukaan lukien vaikuttava Black Box -sali, jossa on istumapaikat jopa 600 [&hellip;]\" \/>\n<meta property=\"og:url\" content=\"https:\/\/www.ecb.ee\/fi\/ajankohtaista\/uusia-mahdollisuuksia-tapahtumajarjestajille-tallinnassa\/\" \/>\n<meta property=\"og:site_name\" content=\"Estonian Convention Bureau\" \/>\n<meta property=\"article:published_time\" content=\"2025-09-02T08:33:42+00:00\" \/>\n<meta property=\"og:image\" content=\"https:\/\/www.ecb.ee\/wp-content\/uploads\/2020\/12\/kultuurikatel_Kaupo-Kalda.jpg\" \/>\n\t<meta property=\"og:image:width\" content=\"980\" \/>\n\t<meta property=\"og:image:height\" content=\"460\" \/>\n\t<meta property=\"og:image:type\" content=\"image\/jpeg\" \/>\n<meta name=\"author\" content=\"Riine Tiigi\" \/>\n<meta name=\"twitter:card\" content=\"summary_large_image\" \/>\n<meta name=\"twitter:label1\" content=\"Kirjoittanut\" \/>\n\t<meta name=\"twitter:data1\" content=\"Riine Tiigi\" \/>\n\t<meta name=\"twitter:label2\" content=\"Arvioitu lukuaika\" \/>\n\t<meta name=\"twitter:data2\" content=\"1 minuutti\" \/>\n<script type=\"application\/ld+json\" class=\"yoast-schema-graph\">{\"@context\":\"https:\\\/\\\/schema.org\",\"@graph\":[{\"@type\":\"Article\",\"@id\":\"https:\\\/\\\/www.ecb.ee\\\/fi\\\/ajankohtaista\\\/uusia-mahdollisuuksia-tapahtumajarjestajille-tallinnassa\\\/#article\",\"isPartOf\":{\"@id\":\"https:\\\/\\\/www.ecb.ee\\\/fi\\\/ajankohtaista\\\/uusia-mahdollisuuksia-tapahtumajarjestajille-tallinnassa\\\/\"},\"author\":{\"name\":\"Riine Tiigi\",\"@id\":\"https:\\\/\\\/www.ecb.ee\\\/#\\\/schema\\\/person\\\/683a06848cf0a690b2ba233665cb719f\"},\"headline\":\"Uusia mahdollisuuksia tapahtumaj\u00e4rjest\u00e4jille Tallinnassa\",\"datePublished\":\"2025-09-02T08:33:42+00:00\",\"mainEntityOfPage\":{\"@id\":\"https:\\\/\\\/www.ecb.ee\\\/fi\\\/ajankohtaista\\\/uusia-mahdollisuuksia-tapahtumajarjestajille-tallinnassa\\\/\"},\"wordCount\":134,\"publisher\":{\"@id\":\"https:\\\/\\\/www.ecb.ee\\\/#organization\"},\"image\":{\"@id\":\"https:\\\/\\\/www.ecb.ee\\\/fi\\\/ajankohtaista\\\/uusia-mahdollisuuksia-tapahtumajarjestajille-tallinnassa\\\/#primaryimage\"},\"thumbnailUrl\":\"https:\\\/\\\/www.ecb.ee\\\/wp-content\\\/uploads\\\/2020\\\/12\\\/kultuurikatel_Kaupo-Kalda.jpg\",\"articleSection\":[\"Ajankohtaista\"],\"inLanguage\":\"fi\"},{\"@type\":\"WebPage\",\"@id\":\"https:\\\/\\\/www.ecb.ee\\\/fi\\\/ajankohtaista\\\/uusia-mahdollisuuksia-tapahtumajarjestajille-tallinnassa\\\/\",\"url\":\"https:\\\/\\\/www.ecb.ee\\\/fi\\\/ajankohtaista\\\/uusia-mahdollisuuksia-tapahtumajarjestajille-tallinnassa\\\/\",\"name\":\"Uusia mahdollisuuksia tapahtumaj\u00e4rjest\u00e4jille Tallinnassa - Estonian Convention Bureau\",\"isPartOf\":{\"@id\":\"https:\\\/\\\/www.ecb.ee\\\/#website\"},\"primaryImageOfPage\":{\"@id\":\"https:\\\/\\\/www.ecb.ee\\\/fi\\\/ajankohtaista\\\/uusia-mahdollisuuksia-tapahtumajarjestajille-tallinnassa\\\/#primaryimage\"},\"image\":{\"@id\":\"https:\\\/\\\/www.ecb.ee\\\/fi\\\/ajankohtaista\\\/uusia-mahdollisuuksia-tapahtumajarjestajille-tallinnassa\\\/#primaryimage\"},\"thumbnailUrl\":\"https:\\\/\\\/www.ecb.ee\\\/wp-content\\\/uploads\\\/2020\\\/12\\\/kultuurikatel_Kaupo-Kalda.jpg\",\"datePublished\":\"2025-09-02T08:33:42+00:00\",\"breadcrumb\":{\"@id\":\"https:\\\/\\\/www.ecb.ee\\\/fi\\\/ajankohtaista\\\/uusia-mahdollisuuksia-tapahtumajarjestajille-tallinnassa\\\/#breadcrumb\"},\"inLanguage\":\"fi\",\"potentialAction\":[{\"@type\":\"ReadAction\",\"target\":[\"https:\\\/\\\/www.ecb.ee\\\/fi\\\/ajankohtaista\\\/uusia-mahdollisuuksia-tapahtumajarjestajille-tallinnassa\\\/\"]}]},{\"@type\":\"ImageObject\",\"inLanguage\":\"fi\",\"@id\":\"https:\\\/\\\/www.ecb.ee\\\/fi\\\/ajankohtaista\\\/uusia-mahdollisuuksia-tapahtumajarjestajille-tallinnassa\\\/#primaryimage\",\"url\":\"https:\\\/\\\/www.ecb.ee\\\/wp-content\\\/uploads\\\/2020\\\/12\\\/kultuurikatel_Kaupo-Kalda.jpg\",\"contentUrl\":\"https:\\\/\\\/www.ecb.ee\\\/wp-content\\\/uploads\\\/2020\\\/12\\\/kultuurikatel_Kaupo-Kalda.jpg\",\"width\":980,\"height\":460},{\"@type\":\"BreadcrumbList\",\"@id\":\"https:\\\/\\\/www.ecb.ee\\\/fi\\\/ajankohtaista\\\/uusia-mahdollisuuksia-tapahtumajarjestajille-tallinnassa\\\/#breadcrumb\",\"itemListElement\":[{\"@type\":\"ListItem\",\"position\":1,\"name\":\"Home\",\"item\":\"https:\\\/\\\/www.ecb.ee\\\/fi\\\/\"},{\"@type\":\"ListItem\",\"position\":2,\"name\":\"Uusia mahdollisuuksia tapahtumaj\u00e4rjest\u00e4jille Tallinnassa\"}]},{\"@type\":\"WebSite\",\"@id\":\"https:\\\/\\\/www.ecb.ee\\\/#website\",\"url\":\"https:\\\/\\\/www.ecb.ee\\\/\",\"name\":\"Estonian Convention Bureau\",\"description\":\"\",\"publisher\":{\"@id\":\"https:\\\/\\\/www.ecb.ee\\\/#organization\"},\"potentialAction\":[{\"@type\":\"SearchAction\",\"target\":{\"@type\":\"EntryPoint\",\"urlTemplate\":\"https:\\\/\\\/www.ecb.ee\\\/?s={search_term_string}\"},\"query-input\":{\"@type\":\"PropertyValueSpecification\",\"valueRequired\":true,\"valueName\":\"search_term_string\"}}],\"inLanguage\":\"fi\"},{\"@type\":\"Organization\",\"@id\":\"https:\\\/\\\/www.ecb.ee\\\/#organization\",\"name\":\"Estonian Convention Bureau\",\"url\":\"https:\\\/\\\/www.ecb.ee\\\/\",\"logo\":{\"@type\":\"ImageObject\",\"inLanguage\":\"fi\",\"@id\":\"https:\\\/\\\/www.ecb.ee\\\/#\\\/schema\\\/logo\\\/image\\\/\",\"url\":\"https:\\\/\\\/www.ecb.ee\\\/wp-content\\\/uploads\\\/2020\\\/12\\\/site_logo.svg\",\"contentUrl\":\"https:\\\/\\\/www.ecb.ee\\\/wp-content\\\/uploads\\\/2020\\\/12\\\/site_logo.svg\",\"caption\":\"Estonian Convention Bureau\"},\"image\":{\"@id\":\"https:\\\/\\\/www.ecb.ee\\\/#\\\/schema\\\/logo\\\/image\\\/\"}},{\"@type\":\"Person\",\"@id\":\"https:\\\/\\\/www.ecb.ee\\\/#\\\/schema\\\/person\\\/683a06848cf0a690b2ba233665cb719f\",\"name\":\"Riine Tiigi\",\"image\":{\"@type\":\"ImageObject\",\"inLanguage\":\"fi\",\"@id\":\"https:\\\/\\\/secure.gravatar.com\\\/avatar\\\/d86339875b83b6a9394fce703248189388335d81fba6ca62f59bc61cc7a0ae31?s=96&d=mm&r=g\",\"url\":\"https:\\\/\\\/secure.gravatar.com\\\/avatar\\\/d86339875b83b6a9394fce703248189388335d81fba6ca62f59bc61cc7a0ae31?s=96&d=mm&r=g\",\"contentUrl\":\"https:\\\/\\\/secure.gravatar.com\\\/avatar\\\/d86339875b83b6a9394fce703248189388335d81fba6ca62f59bc61cc7a0ae31?s=96&d=mm&r=g\",\"caption\":\"Riine Tiigi\"},\"url\":\"https:\\\/\\\/www.ecb.ee\\\/fi\\\/author\\\/riine\\\/\"}]}<\/script>\n<!-- \/ Yoast SEO plugin. -->","yoast_head_json":{"title":"Uusia mahdollisuuksia tapahtumaj\u00e4rjest\u00e4jille Tallinnassa - Estonian Convention Bureau","robots":{"index":"index","follow":"follow","max-snippet":"max-snippet:-1","max-image-preview":"max-image-preview:large","max-video-preview":"max-video-preview:-1"},"canonical":"https:\/\/www.ecb.ee\/fi\/ajankohtaista\/uusia-mahdollisuuksia-tapahtumajarjestajille-tallinnassa\/","og_locale":"fi_FI","og_type":"article","og_title":"Uusia mahdollisuuksia tapahtumaj\u00e4rjest\u00e4jille Tallinnassa - Estonian Convention Bureau","og_description":"1.syyskuuta alkaen Tallinnan Kulttuurikattila (Tallinn Creative Hub) on laajentanut toimintaansa ottamalla hallintaansa my\u00f6s Salmen kulttuurikeskuksen ja Meren kulttuurikeskuksen. Yhdess\u00e4 n\u00e4m\u00e4 kolme ainutlaatuista tapahtumapaikkaa Tallinnan keskustassa tarjoavat tapahtumaj\u00e4rjest\u00e4jille entist\u00e4 laajemman valikoiman inspiroivia tiloja sek\u00e4 ammattitaitoista tukea erilaisten tilaisuuksien toteuttamiseen. Tallinnan Kulttuurikattilassa on 20 erilaista tapahtumatilaa, mukaan lukien vaikuttava Black Box -sali, jossa on istumapaikat jopa 600 [&hellip;]","og_url":"https:\/\/www.ecb.ee\/fi\/ajankohtaista\/uusia-mahdollisuuksia-tapahtumajarjestajille-tallinnassa\/","og_site_name":"Estonian Convention Bureau","article_published_time":"2025-09-02T08:33:42+00:00","og_image":[{"width":980,"height":460,"url":"https:\/\/www.ecb.ee\/wp-content\/uploads\/2020\/12\/kultuurikatel_Kaupo-Kalda.jpg","type":"image\/jpeg"}],"author":"Riine Tiigi","twitter_card":"summary_large_image","twitter_misc":{"Kirjoittanut":"Riine Tiigi","Arvioitu lukuaika":"1 minuutti"},"schema":{"@context":"https:\/\/schema.org","@graph":[{"@type":"Article","@id":"https:\/\/www.ecb.ee\/fi\/ajankohtaista\/uusia-mahdollisuuksia-tapahtumajarjestajille-tallinnassa\/#article","isPartOf":{"@id":"https:\/\/www.ecb.ee\/fi\/ajankohtaista\/uusia-mahdollisuuksia-tapahtumajarjestajille-tallinnassa\/"},"author":{"name":"Riine Tiigi","@id":"https:\/\/www.ecb.ee\/#\/schema\/person\/683a06848cf0a690b2ba233665cb719f"},"headline":"Uusia mahdollisuuksia tapahtumaj\u00e4rjest\u00e4jille Tallinnassa","datePublished":"2025-09-02T08:33:42+00:00","mainEntityOfPage":{"@id":"https:\/\/www.ecb.ee\/fi\/ajankohtaista\/uusia-mahdollisuuksia-tapahtumajarjestajille-tallinnassa\/"},"wordCount":134,"publisher":{"@id":"https:\/\/www.ecb.ee\/#organization"},"image":{"@id":"https:\/\/www.ecb.ee\/fi\/ajankohtaista\/uusia-mahdollisuuksia-tapahtumajarjestajille-tallinnassa\/#primaryimage"},"thumbnailUrl":"https:\/\/www.ecb.ee\/wp-content\/uploads\/2020\/12\/kultuurikatel_Kaupo-Kalda.jpg","articleSection":["Ajankohtaista"],"inLanguage":"fi"},{"@type":"WebPage","@id":"https:\/\/www.ecb.ee\/fi\/ajankohtaista\/uusia-mahdollisuuksia-tapahtumajarjestajille-tallinnassa\/","url":"https:\/\/www.ecb.ee\/fi\/ajankohtaista\/uusia-mahdollisuuksia-tapahtumajarjestajille-tallinnassa\/","name":"Uusia mahdollisuuksia tapahtumaj\u00e4rjest\u00e4jille Tallinnassa - Estonian Convention Bureau","isPartOf":{"@id":"https:\/\/www.ecb.ee\/#website"},"primaryImageOfPage":{"@id":"https:\/\/www.ecb.ee\/fi\/ajankohtaista\/uusia-mahdollisuuksia-tapahtumajarjestajille-tallinnassa\/#primaryimage"},"image":{"@id":"https:\/\/www.ecb.ee\/fi\/ajankohtaista\/uusia-mahdollisuuksia-tapahtumajarjestajille-tallinnassa\/#primaryimage"},"thumbnailUrl":"https:\/\/www.ecb.ee\/wp-content\/uploads\/2020\/12\/kultuurikatel_Kaupo-Kalda.jpg","datePublished":"2025-09-02T08:33:42+00:00","breadcrumb":{"@id":"https:\/\/www.ecb.ee\/fi\/ajankohtaista\/uusia-mahdollisuuksia-tapahtumajarjestajille-tallinnassa\/#breadcrumb"},"inLanguage":"fi","potentialAction":[{"@type":"ReadAction","target":["https:\/\/www.ecb.ee\/fi\/ajankohtaista\/uusia-mahdollisuuksia-tapahtumajarjestajille-tallinnassa\/"]}]},{"@type":"ImageObject","inLanguage":"fi","@id":"https:\/\/www.ecb.ee\/fi\/ajankohtaista\/uusia-mahdollisuuksia-tapahtumajarjestajille-tallinnassa\/#primaryimage","url":"https:\/\/www.ecb.ee\/wp-content\/uploads\/2020\/12\/kultuurikatel_Kaupo-Kalda.jpg","contentUrl":"https:\/\/www.ecb.ee\/wp-content\/uploads\/2020\/12\/kultuurikatel_Kaupo-Kalda.jpg","width":980,"height":460},{"@type":"BreadcrumbList","@id":"https:\/\/www.ecb.ee\/fi\/ajankohtaista\/uusia-mahdollisuuksia-tapahtumajarjestajille-tallinnassa\/#breadcrumb","itemListElement":[{"@type":"ListItem","position":1,"name":"Home","item":"https:\/\/www.ecb.ee\/fi\/"},{"@type":"ListItem","position":2,"name":"Uusia mahdollisuuksia tapahtumaj\u00e4rjest\u00e4jille Tallinnassa"}]},{"@type":"WebSite","@id":"https:\/\/www.ecb.ee\/#website","url":"https:\/\/www.ecb.ee\/","name":"Estonian Convention Bureau","description":"","publisher":{"@id":"https:\/\/www.ecb.ee\/#organization"},"potentialAction":[{"@type":"SearchAction","target":{"@type":"EntryPoint","urlTemplate":"https:\/\/www.ecb.ee\/?s={search_term_string}"},"query-input":{"@type":"PropertyValueSpecification","valueRequired":true,"valueName":"search_term_string"}}],"inLanguage":"fi"},{"@type":"Organization","@id":"https:\/\/www.ecb.ee\/#organization","name":"Estonian Convention Bureau","url":"https:\/\/www.ecb.ee\/","logo":{"@type":"ImageObject","inLanguage":"fi","@id":"https:\/\/www.ecb.ee\/#\/schema\/logo\/image\/","url":"https:\/\/www.ecb.ee\/wp-content\/uploads\/2020\/12\/site_logo.svg","contentUrl":"https:\/\/www.ecb.ee\/wp-content\/uploads\/2020\/12\/site_logo.svg","caption":"Estonian Convention Bureau"},"image":{"@id":"https:\/\/www.ecb.ee\/#\/schema\/logo\/image\/"}},{"@type":"Person","@id":"https:\/\/www.ecb.ee\/#\/schema\/person\/683a06848cf0a690b2ba233665cb719f","name":"Riine Tiigi","image":{"@type":"ImageObject","inLanguage":"fi","@id":"https:\/\/secure.gravatar.com\/avatar\/d86339875b83b6a9394fce703248189388335d81fba6ca62f59bc61cc7a0ae31?s=96&d=mm&r=g","url":"https:\/\/secure.gravatar.com\/avatar\/d86339875b83b6a9394fce703248189388335d81fba6ca62f59bc61cc7a0ae31?s=96&d=mm&r=g","contentUrl":"https:\/\/secure.gravatar.com\/avatar\/d86339875b83b6a9394fce703248189388335d81fba6ca62f59bc61cc7a0ae31?s=96&d=mm&r=g","caption":"Riine Tiigi"},"url":"https:\/\/www.ecb.ee\/fi\/author\/riine\/"}]}},"_links":{"self":[{"href":"https:\/\/www.ecb.ee\/fi\/wp-json\/wp\/v2\/posts\/42055","targetHints":{"allow":["GET"]}}],"collection":[{"href":"https:\/\/www.ecb.ee\/fi\/wp-json\/wp\/v2\/posts"}],"about":[{"href":"https:\/\/www.ecb.ee\/fi\/wp-json\/wp\/v2\/types\/post"}],"author":[{"embeddable":true,"href":"https:\/\/www.ecb.ee\/fi\/wp-json\/wp\/v2\/users\/4"}],"replies":[{"embeddable":true,"href":"https:\/\/www.ecb.ee\/fi\/wp-json\/wp\/v2\/comments?post=42055"}],"version-history":[{"count":1,"href":"https:\/\/www.ecb.ee\/fi\/wp-json\/wp\/v2\/posts\/42055\/revisions"}],"predecessor-version":[{"id":42057,"href":"https:\/\/www.ecb.ee\/fi\/wp-json\/wp\/v2\/posts\/42055\/revisions\/42057"}],"wp:featuredmedia":[{"embeddable":true,"href":"https:\/\/www.ecb.ee\/fi\/wp-json\/wp\/v2\/media\/42056"}],"wp:attachment":[{"href":"https:\/\/www.ecb.ee\/fi\/wp-json\/wp\/v2\/media?parent=42055"}],"wp:term":[{"taxonomy":"category","embeddable":true,"href":"https:\/\/www.ecb.ee\/fi\/wp-json\/wp\/v2\/categories?post=42055"},{"taxonomy":"post_tag","embeddable":true,"href":"https:\/\/www.ecb.ee\/fi\/wp-json\/wp\/v2\/tags?post=42055"}],"curies":[{"name":"wp","href":"https:\/\/api.w.org\/{rel}","templated":true}]}}