{"id":39903,"date":"2025-02-13T13:58:36","date_gmt":"2025-02-13T13:58:36","guid":{"rendered":"https:\/\/www.ecb.ee\/?p=39903"},"modified":"2025-02-13T13:58:36","modified_gmt":"2025-02-13T13:58:36","slug":"courtyard-tower-tallinnan-kulttuurikattilan-uusi-piilotettu-helmi","status":"publish","type":"post","link":"https:\/\/www.ecb.ee\/fi\/ajankohtaista\/courtyard-tower-tallinnan-kulttuurikattilan-uusi-piilotettu-helmi\/","title":{"rendered":"Courtyard Tower \u2013 Tallinnan Kulttuurikattilan Uusi Piilotettu Helmi"},"content":{"rendered":"<p data-start=\"79\" data-end=\"549\">Tallinnan <a href=\"https:\/\/www.ecb.ee\/fi\/ruum\/kulttuurikattila\/\" target=\"_blank\" rel=\"noopener\">Kulttuurikattilan<\/a> tapahtumatilat ovat saaneet upean lis\u00e4yksen! <strong data-start=\"152\" data-end=\"171\">Courtyard Tower<\/strong>, vaikuttava nelikerroksinen ja 360 asteen panoraaman\u00e4kymill\u00e4 varustettu tapahtumatila, on her\u00e4nnyt uuteen eloon ainutlaatuisena tapahtumapaikkana. Se sijaitsee sis\u00e4pihalla vain 45 askeleen p\u00e4\u00e4ss\u00e4 p\u00e4\u00e4rakennuksesta ja yhdist\u00e4\u00e4 teollista charmia moderniin toiminnallisuuteen \u2013 t\u00e4ydellinen valinta seminaareihin, koulutuksiin, vastaanottoihin tai intiimeihin studiokonsertteihin.<\/p>\n<p data-start=\"551\" data-end=\"932\">Tilaan mahtuu jopa 80 vierasta, ja se tarjoaa kaksitasoisen p\u00e4\u00e4salin (yhteens\u00e4 255 m\u00b2, josta salialue 160 m\u00b2 ja parveke 95 m\u00b2), yksityisen studiotilan toisessa kerroksessa (90 m\u00b2), vaates\u00e4ilytyksen sek\u00e4 t\u00e4ysin varustellut saniteettitilat (70 m\u00b2). Huipputason \u00e4\u00e4ni- ja videotekniikka, konferenssituolit ja -p\u00f6yd\u00e4t takaavat vaivattoman \u201castu sis\u00e4\u00e4n ja aloita\u201d -tapahtumakokemuksen.<\/p>\n<p data-start=\"934\" data-end=\"998\">Lis\u00e4tietoja l\u00f6ytyy\u00a0<a href=\"https:\/\/kultuurikatel.ee\/en\/rooms\/courtyard-tower\/\" target=\"_blank\" rel=\"noopener\">Kulttuurikattilan verkkosivuilta<\/a>.<\/p>\n<div id='gallery-1' class='gallery galleryid-39903 gallery-columns-2 gallery-size-full'><figure class='gallery-item'>\n\t\t\t<div class='gallery-icon portrait'>\n\t\t\t\t<a href='https:\/\/www.ecb.ee\/fi\/ajankohtaista\/courtyard-tower-tallinnan-kulttuurikattilan-uusi-piilotettu-helmi\/attachment\/ouetorn1-2\/'><img loading=\"lazy\" decoding=\"async\" width=\"1126\" height=\"1500\" src=\"https:\/\/www.ecb.ee\/wp-content\/uploads\/2025\/02\/Ouetorn1.jpg\" class=\"attachment-full size-full\" alt=\"\" srcset=\"https:\/\/www.ecb.ee\/wp-content\/uploads\/2025\/02\/Ouetorn1.jpg 1126w, https:\/\/www.ecb.ee\/wp-content\/uploads\/2025\/02\/Ouetorn1-225x300.jpg 225w, https:\/\/www.ecb.ee\/wp-content\/uploads\/2025\/02\/Ouetorn1-769x1024.jpg 769w, https:\/\/www.ecb.ee\/wp-content\/uploads\/2025\/02\/Ouetorn1-768x1023.jpg 768w\" sizes=\"auto, (max-width: 1126px) 100vw, 1126px\" \/><\/a>\n\t\t\t<\/div><\/figure><figure class='gallery-item'>\n\t\t\t<div class='gallery-icon landscape'>\n\t\t\t\t<a href='https:\/\/www.ecb.ee\/fi\/ajankohtaista\/courtyard-tower-tallinnan-kulttuurikattilan-uusi-piilotettu-helmi\/attachment\/kultuurikatel-2024-ouetorn-torn-small-2500px-dsc90434-2\/'><img loading=\"lazy\" decoding=\"async\" width=\"2500\" height=\"1479\" src=\"https:\/\/www.ecb.ee\/wp-content\/uploads\/2025\/02\/kultuurikatel-2024-ouetorn-torn-small-2500px-DSC90434.jpg\" class=\"attachment-full size-full\" alt=\"\" srcset=\"https:\/\/www.ecb.ee\/wp-content\/uploads\/2025\/02\/kultuurikatel-2024-ouetorn-torn-small-2500px-DSC90434.jpg 2500w, https:\/\/www.ecb.ee\/wp-content\/uploads\/2025\/02\/kultuurikatel-2024-ouetorn-torn-small-2500px-DSC90434-300x177.jpg 300w, https:\/\/www.ecb.ee\/wp-content\/uploads\/2025\/02\/kultuurikatel-2024-ouetorn-torn-small-2500px-DSC90434-1024x606.jpg 1024w, https:\/\/www.ecb.ee\/wp-content\/uploads\/2025\/02\/kultuurikatel-2024-ouetorn-torn-small-2500px-DSC90434-768x454.jpg 768w, https:\/\/www.ecb.ee\/wp-content\/uploads\/2025\/02\/kultuurikatel-2024-ouetorn-torn-small-2500px-DSC90434-1536x909.jpg 1536w, https:\/\/www.ecb.ee\/wp-content\/uploads\/2025\/02\/kultuurikatel-2024-ouetorn-torn-small-2500px-DSC90434-2048x1212.jpg 2048w, https:\/\/www.ecb.ee\/wp-content\/uploads\/2025\/02\/kultuurikatel-2024-ouetorn-torn-small-2500px-DSC90434-1200x710.jpg 1200w, https:\/\/www.ecb.ee\/wp-content\/uploads\/2025\/02\/kultuurikatel-2024-ouetorn-torn-small-2500px-DSC90434-1980x1171.jpg 1980w\" sizes=\"auto, (max-width: 2500px) 100vw, 2500px\" \/><\/a>\n\t\t\t<\/div><\/figure><figure class='gallery-item'>\n\t\t\t<div class='gallery-icon landscape'>\n\t\t\t\t<a href='https:\/\/www.ecb.ee\/fi\/ajankohtaista\/courtyard-tower-tallinnan-kulttuurikattilan-uusi-piilotettu-helmi\/attachment\/kultuurikatel-2024-ouetorn-small-2500px-dsc90372-2\/'><img loading=\"lazy\" decoding=\"async\" width=\"2500\" height=\"1667\" src=\"https:\/\/www.ecb.ee\/wp-content\/uploads\/2025\/02\/kultuurikatel-2024-ouetorn-small-2500px-DSC90372.jpg\" class=\"attachment-full size-full\" alt=\"\" srcset=\"https:\/\/www.ecb.ee\/wp-content\/uploads\/2025\/02\/kultuurikatel-2024-ouetorn-small-2500px-DSC90372.jpg 2500w, https:\/\/www.ecb.ee\/wp-content\/uploads\/2025\/02\/kultuurikatel-2024-ouetorn-small-2500px-DSC90372-300x200.jpg 300w, https:\/\/www.ecb.ee\/wp-content\/uploads\/2025\/02\/kultuurikatel-2024-ouetorn-small-2500px-DSC90372-1024x683.jpg 1024w, https:\/\/www.ecb.ee\/wp-content\/uploads\/2025\/02\/kultuurikatel-2024-ouetorn-small-2500px-DSC90372-768x512.jpg 768w, https:\/\/www.ecb.ee\/wp-content\/uploads\/2025\/02\/kultuurikatel-2024-ouetorn-small-2500px-DSC90372-1536x1024.jpg 1536w, https:\/\/www.ecb.ee\/wp-content\/uploads\/2025\/02\/kultuurikatel-2024-ouetorn-small-2500px-DSC90372-2048x1366.jpg 2048w, https:\/\/www.ecb.ee\/wp-content\/uploads\/2025\/02\/kultuurikatel-2024-ouetorn-small-2500px-DSC90372-1200x800.jpg 1200w, https:\/\/www.ecb.ee\/wp-content\/uploads\/2025\/02\/kultuurikatel-2024-ouetorn-small-2500px-DSC90372-1980x1320.jpg 1980w\" sizes=\"auto, (max-width: 2500px) 100vw, 2500px\" \/><\/a>\n\t\t\t<\/div><\/figure><figure class='gallery-item'>\n\t\t\t<div class='gallery-icon landscape'>\n\t\t\t\t<a href='https:\/\/www.ecb.ee\/fi\/ajankohtaista\/courtyard-tower-tallinnan-kulttuurikattilan-uusi-piilotettu-helmi\/attachment\/kultuurikatel-2024-ouetorn-small-2500px-dsc9013-2\/'><img loading=\"lazy\" decoding=\"async\" width=\"2500\" height=\"1667\" src=\"https:\/\/www.ecb.ee\/wp-content\/uploads\/2025\/02\/kultuurikatel-2024-ouetorn-small-2500px-DSC9013.jpg\" class=\"attachment-full size-full\" alt=\"\" srcset=\"https:\/\/www.ecb.ee\/wp-content\/uploads\/2025\/02\/kultuurikatel-2024-ouetorn-small-2500px-DSC9013.jpg 2500w, https:\/\/www.ecb.ee\/wp-content\/uploads\/2025\/02\/kultuurikatel-2024-ouetorn-small-2500px-DSC9013-300x200.jpg 300w, https:\/\/www.ecb.ee\/wp-content\/uploads\/2025\/02\/kultuurikatel-2024-ouetorn-small-2500px-DSC9013-1024x683.jpg 1024w, https:\/\/www.ecb.ee\/wp-content\/uploads\/2025\/02\/kultuurikatel-2024-ouetorn-small-2500px-DSC9013-768x512.jpg 768w, https:\/\/www.ecb.ee\/wp-content\/uploads\/2025\/02\/kultuurikatel-2024-ouetorn-small-2500px-DSC9013-1536x1024.jpg 1536w, https:\/\/www.ecb.ee\/wp-content\/uploads\/2025\/02\/kultuurikatel-2024-ouetorn-small-2500px-DSC9013-2048x1366.jpg 2048w, https:\/\/www.ecb.ee\/wp-content\/uploads\/2025\/02\/kultuurikatel-2024-ouetorn-small-2500px-DSC9013-1200x800.jpg 1200w, https:\/\/www.ecb.ee\/wp-content\/uploads\/2025\/02\/kultuurikatel-2024-ouetorn-small-2500px-DSC9013-1980x1320.jpg 1980w\" sizes=\"auto, (max-width: 2500px) 100vw, 2500px\" \/><\/a>\n\t\t\t<\/div><\/figure>\n\t\t<\/div>\n\n","protected":false},"excerpt":{"rendered":"<p>Tallinnan Kulttuurikattilan tapahtumatilat ovat saaneet upean lis\u00e4yksen! Courtyard Tower, vaikuttava nelikerroksinen ja 360 asteen panoraaman\u00e4kymill\u00e4 varustettu tapahtumatila, on her\u00e4nnyt uuteen eloon ainutlaatuisena tapahtumapaikkana. Se sijaitsee sis\u00e4pihalla vain 45 askeleen p\u00e4\u00e4ss\u00e4 p\u00e4\u00e4rakennuksesta ja yhdist\u00e4\u00e4 teollista charmia moderniin toiminnallisuuteen \u2013 t\u00e4ydellinen valinta seminaareihin, koulutuksiin, vastaanottoihin tai intiimeihin studiokonsertteihin. Tilaan mahtuu jopa 80 vierasta, ja se tarjoaa kaksitasoisen [&hellip;]<\/p>\n","protected":false},"author":4,"featured_media":39899,"comment_status":"closed","ping_status":"closed","sticky":false,"template":"","format":"standard","meta":{"_acf_changed":false,"footnotes":""},"categories":[349],"tags":[],"class_list":["post-39903","post","type-post","status-publish","format-standard","has-post-thumbnail","hentry","category-ajankohtaista"],"acf":[],"yoast_head":"<!-- This site is optimized with the Yoast SEO plugin v27.5 - https:\/\/yoast.com\/product\/yoast-seo-wordpress\/ -->\n<title>Courtyard Tower \u2013 Tallinnan Kulttuurikattilan Uusi Piilotettu Helmi - Estonian Convention Bureau<\/title>\n<meta name=\"robots\" content=\"index, follow, max-snippet:-1, max-image-preview:large, max-video-preview:-1\" \/>\n<link rel=\"canonical\" href=\"https:\/\/www.ecb.ee\/fi\/ajankohtaista\/courtyard-tower-tallinnan-kulttuurikattilan-uusi-piilotettu-helmi\/\" \/>\n<meta property=\"og:locale\" content=\"fi_FI\" \/>\n<meta property=\"og:type\" content=\"article\" \/>\n<meta property=\"og:title\" content=\"Courtyard Tower \u2013 Tallinnan Kulttuurikattilan Uusi Piilotettu Helmi - Estonian Convention Bureau\" \/>\n<meta property=\"og:description\" content=\"Tallinnan Kulttuurikattilan tapahtumatilat ovat saaneet upean lis\u00e4yksen! Courtyard Tower, vaikuttava nelikerroksinen ja 360 asteen panoraaman\u00e4kymill\u00e4 varustettu tapahtumatila, on her\u00e4nnyt uuteen eloon ainutlaatuisena tapahtumapaikkana. Se sijaitsee sis\u00e4pihalla vain 45 askeleen p\u00e4\u00e4ss\u00e4 p\u00e4\u00e4rakennuksesta ja yhdist\u00e4\u00e4 teollista charmia moderniin toiminnallisuuteen \u2013 t\u00e4ydellinen valinta seminaareihin, koulutuksiin, vastaanottoihin tai intiimeihin studiokonsertteihin. Tilaan mahtuu jopa 80 vierasta, ja se tarjoaa kaksitasoisen [&hellip;]\" \/>\n<meta property=\"og:url\" content=\"https:\/\/www.ecb.ee\/fi\/ajankohtaista\/courtyard-tower-tallinnan-kulttuurikattilan-uusi-piilotettu-helmi\/\" \/>\n<meta property=\"og:site_name\" content=\"Estonian Convention Bureau\" \/>\n<meta property=\"article:published_time\" content=\"2025-02-13T13:58:36+00:00\" \/>\n<meta property=\"og:image\" content=\"https:\/\/www.ecb.ee\/wp-content\/uploads\/2025\/02\/Ouetorn1.jpg\" \/>\n\t<meta property=\"og:image:width\" content=\"1126\" \/>\n\t<meta property=\"og:image:height\" content=\"1500\" \/>\n\t<meta property=\"og:image:type\" content=\"image\/jpeg\" \/>\n<meta name=\"author\" content=\"Riine Tiigi\" \/>\n<meta name=\"twitter:card\" content=\"summary_large_image\" \/>\n<meta name=\"twitter:label1\" content=\"Kirjoittanut\" \/>\n\t<meta name=\"twitter:data1\" content=\"Riine Tiigi\" \/>\n\t<meta name=\"twitter:label2\" content=\"Arvioitu lukuaika\" \/>\n\t<meta name=\"twitter:data2\" content=\"1 minuutti\" \/>\n<script type=\"application\/ld+json\" class=\"yoast-schema-graph\">{\"@context\":\"https:\\\/\\\/schema.org\",\"@graph\":[{\"@type\":\"Article\",\"@id\":\"https:\\\/\\\/www.ecb.ee\\\/fi\\\/ajankohtaista\\\/courtyard-tower-tallinnan-kulttuurikattilan-uusi-piilotettu-helmi\\\/#article\",\"isPartOf\":{\"@id\":\"https:\\\/\\\/www.ecb.ee\\\/fi\\\/ajankohtaista\\\/courtyard-tower-tallinnan-kulttuurikattilan-uusi-piilotettu-helmi\\\/\"},\"author\":{\"name\":\"Riine Tiigi\",\"@id\":\"https:\\\/\\\/www.ecb.ee\\\/#\\\/schema\\\/person\\\/683a06848cf0a690b2ba233665cb719f\"},\"headline\":\"Courtyard Tower \u2013 Tallinnan Kulttuurikattilan Uusi Piilotettu Helmi\",\"datePublished\":\"2025-02-13T13:58:36+00:00\",\"mainEntityOfPage\":{\"@id\":\"https:\\\/\\\/www.ecb.ee\\\/fi\\\/ajankohtaista\\\/courtyard-tower-tallinnan-kulttuurikattilan-uusi-piilotettu-helmi\\\/\"},\"wordCount\":116,\"publisher\":{\"@id\":\"https:\\\/\\\/www.ecb.ee\\\/#organization\"},\"image\":{\"@id\":\"https:\\\/\\\/www.ecb.ee\\\/fi\\\/ajankohtaista\\\/courtyard-tower-tallinnan-kulttuurikattilan-uusi-piilotettu-helmi\\\/#primaryimage\"},\"thumbnailUrl\":\"https:\\\/\\\/www.ecb.ee\\\/wp-content\\\/uploads\\\/2025\\\/02\\\/Ouetorn1.jpg\",\"articleSection\":[\"Ajankohtaista\"],\"inLanguage\":\"fi\"},{\"@type\":\"WebPage\",\"@id\":\"https:\\\/\\\/www.ecb.ee\\\/fi\\\/ajankohtaista\\\/courtyard-tower-tallinnan-kulttuurikattilan-uusi-piilotettu-helmi\\\/\",\"url\":\"https:\\\/\\\/www.ecb.ee\\\/fi\\\/ajankohtaista\\\/courtyard-tower-tallinnan-kulttuurikattilan-uusi-piilotettu-helmi\\\/\",\"name\":\"Courtyard Tower \u2013 Tallinnan Kulttuurikattilan Uusi Piilotettu Helmi - Estonian Convention Bureau\",\"isPartOf\":{\"@id\":\"https:\\\/\\\/www.ecb.ee\\\/#website\"},\"primaryImageOfPage\":{\"@id\":\"https:\\\/\\\/www.ecb.ee\\\/fi\\\/ajankohtaista\\\/courtyard-tower-tallinnan-kulttuurikattilan-uusi-piilotettu-helmi\\\/#primaryimage\"},\"image\":{\"@id\":\"https:\\\/\\\/www.ecb.ee\\\/fi\\\/ajankohtaista\\\/courtyard-tower-tallinnan-kulttuurikattilan-uusi-piilotettu-helmi\\\/#primaryimage\"},\"thumbnailUrl\":\"https:\\\/\\\/www.ecb.ee\\\/wp-content\\\/uploads\\\/2025\\\/02\\\/Ouetorn1.jpg\",\"datePublished\":\"2025-02-13T13:58:36+00:00\",\"breadcrumb\":{\"@id\":\"https:\\\/\\\/www.ecb.ee\\\/fi\\\/ajankohtaista\\\/courtyard-tower-tallinnan-kulttuurikattilan-uusi-piilotettu-helmi\\\/#breadcrumb\"},\"inLanguage\":\"fi\",\"potentialAction\":[{\"@type\":\"ReadAction\",\"target\":[\"https:\\\/\\\/www.ecb.ee\\\/fi\\\/ajankohtaista\\\/courtyard-tower-tallinnan-kulttuurikattilan-uusi-piilotettu-helmi\\\/\"]}]},{\"@type\":\"ImageObject\",\"inLanguage\":\"fi\",\"@id\":\"https:\\\/\\\/www.ecb.ee\\\/fi\\\/ajankohtaista\\\/courtyard-tower-tallinnan-kulttuurikattilan-uusi-piilotettu-helmi\\\/#primaryimage\",\"url\":\"https:\\\/\\\/www.ecb.ee\\\/wp-content\\\/uploads\\\/2025\\\/02\\\/Ouetorn1.jpg\",\"contentUrl\":\"https:\\\/\\\/www.ecb.ee\\\/wp-content\\\/uploads\\\/2025\\\/02\\\/Ouetorn1.jpg\",\"width\":1126,\"height\":1500},{\"@type\":\"BreadcrumbList\",\"@id\":\"https:\\\/\\\/www.ecb.ee\\\/fi\\\/ajankohtaista\\\/courtyard-tower-tallinnan-kulttuurikattilan-uusi-piilotettu-helmi\\\/#breadcrumb\",\"itemListElement\":[{\"@type\":\"ListItem\",\"position\":1,\"name\":\"Home\",\"item\":\"https:\\\/\\\/www.ecb.ee\\\/fi\\\/\"},{\"@type\":\"ListItem\",\"position\":2,\"name\":\"Courtyard Tower \u2013 Tallinnan Kulttuurikattilan Uusi Piilotettu Helmi\"}]},{\"@type\":\"WebSite\",\"@id\":\"https:\\\/\\\/www.ecb.ee\\\/#website\",\"url\":\"https:\\\/\\\/www.ecb.ee\\\/\",\"name\":\"Estonian Convention Bureau\",\"description\":\"\",\"publisher\":{\"@id\":\"https:\\\/\\\/www.ecb.ee\\\/#organization\"},\"potentialAction\":[{\"@type\":\"SearchAction\",\"target\":{\"@type\":\"EntryPoint\",\"urlTemplate\":\"https:\\\/\\\/www.ecb.ee\\\/?s={search_term_string}\"},\"query-input\":{\"@type\":\"PropertyValueSpecification\",\"valueRequired\":true,\"valueName\":\"search_term_string\"}}],\"inLanguage\":\"fi\"},{\"@type\":\"Organization\",\"@id\":\"https:\\\/\\\/www.ecb.ee\\\/#organization\",\"name\":\"Estonian Convention Bureau\",\"url\":\"https:\\\/\\\/www.ecb.ee\\\/\",\"logo\":{\"@type\":\"ImageObject\",\"inLanguage\":\"fi\",\"@id\":\"https:\\\/\\\/www.ecb.ee\\\/#\\\/schema\\\/logo\\\/image\\\/\",\"url\":\"https:\\\/\\\/www.ecb.ee\\\/wp-content\\\/uploads\\\/2020\\\/12\\\/site_logo.svg\",\"contentUrl\":\"https:\\\/\\\/www.ecb.ee\\\/wp-content\\\/uploads\\\/2020\\\/12\\\/site_logo.svg\",\"caption\":\"Estonian Convention Bureau\"},\"image\":{\"@id\":\"https:\\\/\\\/www.ecb.ee\\\/#\\\/schema\\\/logo\\\/image\\\/\"}},{\"@type\":\"Person\",\"@id\":\"https:\\\/\\\/www.ecb.ee\\\/#\\\/schema\\\/person\\\/683a06848cf0a690b2ba233665cb719f\",\"name\":\"Riine Tiigi\",\"image\":{\"@type\":\"ImageObject\",\"inLanguage\":\"fi\",\"@id\":\"https:\\\/\\\/secure.gravatar.com\\\/avatar\\\/d86339875b83b6a9394fce703248189388335d81fba6ca62f59bc61cc7a0ae31?s=96&d=mm&r=g\",\"url\":\"https:\\\/\\\/secure.gravatar.com\\\/avatar\\\/d86339875b83b6a9394fce703248189388335d81fba6ca62f59bc61cc7a0ae31?s=96&d=mm&r=g\",\"contentUrl\":\"https:\\\/\\\/secure.gravatar.com\\\/avatar\\\/d86339875b83b6a9394fce703248189388335d81fba6ca62f59bc61cc7a0ae31?s=96&d=mm&r=g\",\"caption\":\"Riine Tiigi\"},\"url\":\"https:\\\/\\\/www.ecb.ee\\\/fi\\\/author\\\/riine\\\/\"}]}<\/script>\n<!-- \/ Yoast SEO plugin. -->","yoast_head_json":{"title":"Courtyard Tower \u2013 Tallinnan Kulttuurikattilan Uusi Piilotettu Helmi - Estonian Convention Bureau","robots":{"index":"index","follow":"follow","max-snippet":"max-snippet:-1","max-image-preview":"max-image-preview:large","max-video-preview":"max-video-preview:-1"},"canonical":"https:\/\/www.ecb.ee\/fi\/ajankohtaista\/courtyard-tower-tallinnan-kulttuurikattilan-uusi-piilotettu-helmi\/","og_locale":"fi_FI","og_type":"article","og_title":"Courtyard Tower \u2013 Tallinnan Kulttuurikattilan Uusi Piilotettu Helmi - Estonian Convention Bureau","og_description":"Tallinnan Kulttuurikattilan tapahtumatilat ovat saaneet upean lis\u00e4yksen! Courtyard Tower, vaikuttava nelikerroksinen ja 360 asteen panoraaman\u00e4kymill\u00e4 varustettu tapahtumatila, on her\u00e4nnyt uuteen eloon ainutlaatuisena tapahtumapaikkana. Se sijaitsee sis\u00e4pihalla vain 45 askeleen p\u00e4\u00e4ss\u00e4 p\u00e4\u00e4rakennuksesta ja yhdist\u00e4\u00e4 teollista charmia moderniin toiminnallisuuteen \u2013 t\u00e4ydellinen valinta seminaareihin, koulutuksiin, vastaanottoihin tai intiimeihin studiokonsertteihin. Tilaan mahtuu jopa 80 vierasta, ja se tarjoaa kaksitasoisen [&hellip;]","og_url":"https:\/\/www.ecb.ee\/fi\/ajankohtaista\/courtyard-tower-tallinnan-kulttuurikattilan-uusi-piilotettu-helmi\/","og_site_name":"Estonian Convention Bureau","article_published_time":"2025-02-13T13:58:36+00:00","og_image":[{"width":1126,"height":1500,"url":"https:\/\/www.ecb.ee\/wp-content\/uploads\/2025\/02\/Ouetorn1.jpg","type":"image\/jpeg"}],"author":"Riine Tiigi","twitter_card":"summary_large_image","twitter_misc":{"Kirjoittanut":"Riine Tiigi","Arvioitu lukuaika":"1 minuutti"},"schema":{"@context":"https:\/\/schema.org","@graph":[{"@type":"Article","@id":"https:\/\/www.ecb.ee\/fi\/ajankohtaista\/courtyard-tower-tallinnan-kulttuurikattilan-uusi-piilotettu-helmi\/#article","isPartOf":{"@id":"https:\/\/www.ecb.ee\/fi\/ajankohtaista\/courtyard-tower-tallinnan-kulttuurikattilan-uusi-piilotettu-helmi\/"},"author":{"name":"Riine Tiigi","@id":"https:\/\/www.ecb.ee\/#\/schema\/person\/683a06848cf0a690b2ba233665cb719f"},"headline":"Courtyard Tower \u2013 Tallinnan Kulttuurikattilan Uusi Piilotettu Helmi","datePublished":"2025-02-13T13:58:36+00:00","mainEntityOfPage":{"@id":"https:\/\/www.ecb.ee\/fi\/ajankohtaista\/courtyard-tower-tallinnan-kulttuurikattilan-uusi-piilotettu-helmi\/"},"wordCount":116,"publisher":{"@id":"https:\/\/www.ecb.ee\/#organization"},"image":{"@id":"https:\/\/www.ecb.ee\/fi\/ajankohtaista\/courtyard-tower-tallinnan-kulttuurikattilan-uusi-piilotettu-helmi\/#primaryimage"},"thumbnailUrl":"https:\/\/www.ecb.ee\/wp-content\/uploads\/2025\/02\/Ouetorn1.jpg","articleSection":["Ajankohtaista"],"inLanguage":"fi"},{"@type":"WebPage","@id":"https:\/\/www.ecb.ee\/fi\/ajankohtaista\/courtyard-tower-tallinnan-kulttuurikattilan-uusi-piilotettu-helmi\/","url":"https:\/\/www.ecb.ee\/fi\/ajankohtaista\/courtyard-tower-tallinnan-kulttuurikattilan-uusi-piilotettu-helmi\/","name":"Courtyard Tower \u2013 Tallinnan Kulttuurikattilan Uusi Piilotettu Helmi - Estonian Convention Bureau","isPartOf":{"@id":"https:\/\/www.ecb.ee\/#website"},"primaryImageOfPage":{"@id":"https:\/\/www.ecb.ee\/fi\/ajankohtaista\/courtyard-tower-tallinnan-kulttuurikattilan-uusi-piilotettu-helmi\/#primaryimage"},"image":{"@id":"https:\/\/www.ecb.ee\/fi\/ajankohtaista\/courtyard-tower-tallinnan-kulttuurikattilan-uusi-piilotettu-helmi\/#primaryimage"},"thumbnailUrl":"https:\/\/www.ecb.ee\/wp-content\/uploads\/2025\/02\/Ouetorn1.jpg","datePublished":"2025-02-13T13:58:36+00:00","breadcrumb":{"@id":"https:\/\/www.ecb.ee\/fi\/ajankohtaista\/courtyard-tower-tallinnan-kulttuurikattilan-uusi-piilotettu-helmi\/#breadcrumb"},"inLanguage":"fi","potentialAction":[{"@type":"ReadAction","target":["https:\/\/www.ecb.ee\/fi\/ajankohtaista\/courtyard-tower-tallinnan-kulttuurikattilan-uusi-piilotettu-helmi\/"]}]},{"@type":"ImageObject","inLanguage":"fi","@id":"https:\/\/www.ecb.ee\/fi\/ajankohtaista\/courtyard-tower-tallinnan-kulttuurikattilan-uusi-piilotettu-helmi\/#primaryimage","url":"https:\/\/www.ecb.ee\/wp-content\/uploads\/2025\/02\/Ouetorn1.jpg","contentUrl":"https:\/\/www.ecb.ee\/wp-content\/uploads\/2025\/02\/Ouetorn1.jpg","width":1126,"height":1500},{"@type":"BreadcrumbList","@id":"https:\/\/www.ecb.ee\/fi\/ajankohtaista\/courtyard-tower-tallinnan-kulttuurikattilan-uusi-piilotettu-helmi\/#breadcrumb","itemListElement":[{"@type":"ListItem","position":1,"name":"Home","item":"https:\/\/www.ecb.ee\/fi\/"},{"@type":"ListItem","position":2,"name":"Courtyard Tower \u2013 Tallinnan Kulttuurikattilan Uusi Piilotettu Helmi"}]},{"@type":"WebSite","@id":"https:\/\/www.ecb.ee\/#website","url":"https:\/\/www.ecb.ee\/","name":"Estonian Convention Bureau","description":"","publisher":{"@id":"https:\/\/www.ecb.ee\/#organization"},"potentialAction":[{"@type":"SearchAction","target":{"@type":"EntryPoint","urlTemplate":"https:\/\/www.ecb.ee\/?s={search_term_string}"},"query-input":{"@type":"PropertyValueSpecification","valueRequired":true,"valueName":"search_term_string"}}],"inLanguage":"fi"},{"@type":"Organization","@id":"https:\/\/www.ecb.ee\/#organization","name":"Estonian Convention Bureau","url":"https:\/\/www.ecb.ee\/","logo":{"@type":"ImageObject","inLanguage":"fi","@id":"https:\/\/www.ecb.ee\/#\/schema\/logo\/image\/","url":"https:\/\/www.ecb.ee\/wp-content\/uploads\/2020\/12\/site_logo.svg","contentUrl":"https:\/\/www.ecb.ee\/wp-content\/uploads\/2020\/12\/site_logo.svg","caption":"Estonian Convention Bureau"},"image":{"@id":"https:\/\/www.ecb.ee\/#\/schema\/logo\/image\/"}},{"@type":"Person","@id":"https:\/\/www.ecb.ee\/#\/schema\/person\/683a06848cf0a690b2ba233665cb719f","name":"Riine Tiigi","image":{"@type":"ImageObject","inLanguage":"fi","@id":"https:\/\/secure.gravatar.com\/avatar\/d86339875b83b6a9394fce703248189388335d81fba6ca62f59bc61cc7a0ae31?s=96&d=mm&r=g","url":"https:\/\/secure.gravatar.com\/avatar\/d86339875b83b6a9394fce703248189388335d81fba6ca62f59bc61cc7a0ae31?s=96&d=mm&r=g","contentUrl":"https:\/\/secure.gravatar.com\/avatar\/d86339875b83b6a9394fce703248189388335d81fba6ca62f59bc61cc7a0ae31?s=96&d=mm&r=g","caption":"Riine Tiigi"},"url":"https:\/\/www.ecb.ee\/fi\/author\/riine\/"}]}},"_links":{"self":[{"href":"https:\/\/www.ecb.ee\/fi\/wp-json\/wp\/v2\/posts\/39903","targetHints":{"allow":["GET"]}}],"collection":[{"href":"https:\/\/www.ecb.ee\/fi\/wp-json\/wp\/v2\/posts"}],"about":[{"href":"https:\/\/www.ecb.ee\/fi\/wp-json\/wp\/v2\/types\/post"}],"author":[{"embeddable":true,"href":"https:\/\/www.ecb.ee\/fi\/wp-json\/wp\/v2\/users\/4"}],"replies":[{"embeddable":true,"href":"https:\/\/www.ecb.ee\/fi\/wp-json\/wp\/v2\/comments?post=39903"}],"version-history":[{"count":1,"href":"https:\/\/www.ecb.ee\/fi\/wp-json\/wp\/v2\/posts\/39903\/revisions"}],"predecessor-version":[{"id":39904,"href":"https:\/\/www.ecb.ee\/fi\/wp-json\/wp\/v2\/posts\/39903\/revisions\/39904"}],"wp:featuredmedia":[{"embeddable":true,"href":"https:\/\/www.ecb.ee\/fi\/wp-json\/wp\/v2\/media\/39899"}],"wp:attachment":[{"href":"https:\/\/www.ecb.ee\/fi\/wp-json\/wp\/v2\/media?parent=39903"}],"wp:term":[{"taxonomy":"category","embeddable":true,"href":"https:\/\/www.ecb.ee\/fi\/wp-json\/wp\/v2\/categories?post=39903"},{"taxonomy":"post_tag","embeddable":true,"href":"https:\/\/www.ecb.ee\/fi\/wp-json\/wp\/v2\/tags?post=39903"}],"curies":[{"name":"wp","href":"https:\/\/api.w.org\/{rel}","templated":true}]}}