{"id":38379,"date":"2024-05-28T09:06:43","date_gmt":"2024-05-28T09:06:43","guid":{"rendered":"https:\/\/www.ecb.ee\/uncategorized-fi\/13-venues-to-hold-a-memorable-event-in-tartu\/"},"modified":"2026-04-08T11:46:00","modified_gmt":"2026-04-08T11:46:00","slug":"15-paikkaa-mieliinpainuvaan-tapahtumaan-tartossa","status":"publish","type":"post","link":"https:\/\/www.ecb.ee\/fi\/blogi\/15-paikkaa-mieliinpainuvaan-tapahtumaan-tartossa\/","title":{"rendered":"15 PAIKKAA MIELIINPAINUVAAN TAPAHTUMAAN TARTOSSA"},"content":{"rendered":"<p><a href=\"https:\/\/visittartu.com\" target=\"_blank\" rel=\"noopener\">Tartto<\/a>, on saanut tunnustusta kaupunkina, jossa on maailman parhaimpiin kuuluva asuinymp\u00e4rist\u00f6. El\u00e4m\u00e4 on t\u00e4\u00e4ll\u00e4 tosiaan rikasta ja talotkin \u00e4lykk\u00e4it\u00e4. Tarton monipuolisuus heijastuu my\u00f6s siell\u00e4 pidett\u00e4viin kansainv\u00e4lisiin tapahtumiin. Yliopistokaupunki on omaleimainen ja sopivan kokoinen tarjoten kokousj\u00e4rjest\u00e4jille monenlaisia vaihtoehtoja oman tapahtuman j\u00e4rjest\u00e4miseen. Ty\u00f6p\u00e4iv\u00e4n p\u00e4\u00e4tteeksi voi seikkailla viihtyisill\u00e4 kaduilla, osallistua konferenssin lis\u00e4ohjelmiin eri puolilla kaupunkia tai vain jaloitella Emajoen rantapromenadilla kollegoiden kanssa kokemuksia vaihtaen. L\u00f6yd\u00e4 tapahtumaasi sopivat tilat alla olevasta valikoimasta:<\/p>\n<h2><strong>Lotjaverstas<\/strong><\/h2>\n<div id='gallery-1' class='gallery galleryid-38379 gallery-columns-2 gallery-size-full'><figure class='gallery-item'>\n\t\t\t<div class='gallery-icon landscape'>\n\t\t\t\t<a href='https:\/\/www.ecb.ee\/fi\/blogi\/15-paikkaa-mieliinpainuvaan-tapahtumaan-tartossa\/attachment\/kohvik2-2\/'><img loading=\"lazy\" decoding=\"async\" width=\"667\" height=\"501\" src=\"https:\/\/www.ecb.ee\/wp-content\/uploads\/2024\/05\/kohvik2.jpg\" class=\"attachment-full size-full\" alt=\"Lodjakoda tartu \u00fcritused\" srcset=\"https:\/\/www.ecb.ee\/wp-content\/uploads\/2024\/05\/kohvik2.jpg 667w, https:\/\/www.ecb.ee\/wp-content\/uploads\/2024\/05\/kohvik2-300x225.jpg 300w\" sizes=\"auto, (max-width: 667px) 100vw, 667px\" \/><\/a>\n\t\t\t<\/div><\/figure><figure class='gallery-item'>\n\t\t\t<div class='gallery-icon landscape'>\n\t\t\t\t<a href='https:\/\/www.ecb.ee\/fi\/blogi\/15-paikkaa-mieliinpainuvaan-tapahtumaan-tartossa\/attachment\/puutoosaal70in-2\/'><img loading=\"lazy\" decoding=\"async\" width=\"668\" height=\"500\" src=\"https:\/\/www.ecb.ee\/wp-content\/uploads\/2024\/05\/puutoosaal70in.jpg\" class=\"attachment-full size-full\" alt=\"Lodjakoda tartu \u00fcritused\" srcset=\"https:\/\/www.ecb.ee\/wp-content\/uploads\/2024\/05\/puutoosaal70in.jpg 668w, https:\/\/www.ecb.ee\/wp-content\/uploads\/2024\/05\/puutoosaal70in-300x225.jpg 300w\" sizes=\"auto, (max-width: 668px) 100vw, 668px\" \/><\/a>\n\t\t\t<\/div><\/figure>\n\t\t<\/div>\n\n<p>&nbsp;<\/p>\n<p>Lotjaverstas (Lodjakoda) on Tarton erikoisimpia tapahtumapaikkoja. 2020 valmistunut lotjaveist\u00e4m\u00f6 on yht\u00e4\u00e4lt\u00e4 l\u00e4hell\u00e4 keskustaa, mutta toisaalta luonnon keskell\u00e4 ja kaukana kaupungin melusta. Omaan tapahtumaan voi lis\u00e4t\u00e4 mukavia taukopuuhia askartelemalla lotjien pienoismalleja, oppimalla merimiesviisauksia, piipahtamalla sep\u00e4n pajalla tai tutustumalla erilaisiin lotjiin liittyviin entisajan t\u00f6ihin ja tekemisiin.<\/p>\n<p><strong>Kapasiteetti:<\/strong> Omintakeisessa rakennuksessa olevan seminaariportaikon (40 henke\u00e4) ja toisen kerroksen elokuvasalin (+50 henke\u00e4) voi tarvittaessa yhdist\u00e4\u00e4, lis\u00e4ksi k\u00e4ytett\u00e4viss\u00e4 on kokoussali (100 m\u00b2, 70 henke\u00e4), saunan eteisaula (15 henke\u00e4) sek\u00e4 akustiikaltaan erinomainen veist\u00e4m\u00f6halli (330 m\u00b2, talvella 250 henke\u00e4), jonka p\u00e4\u00e4tysein\u00e4t voi avata kes\u00e4ll\u00e4.<\/p>\n<p><a href=\"https:\/\/visittartu.com\/fi\/objekt\/lodjakodan-kokoustilat\/\" target=\"_blank\" rel=\"noopener\">Tutustu Lotjaverstaan monipuolisiin tiloihin<\/a><\/p>\n<p>&nbsp;<\/p>\n<h2><strong>Viron kansallismuseo<\/strong><\/h2>\n<h2><strong><img loading=\"lazy\" decoding=\"async\" class=\"alignnone wp-image-38383 size-full\" src=\"https:\/\/www.ecb.ee\/wp-content\/uploads\/2024\/05\/ERM_Arp-Karm_0535-scaled-e1716903676630.jpg\" alt=\"\" width=\"2560\" height=\"840\" srcset=\"https:\/\/www.ecb.ee\/wp-content\/uploads\/2024\/05\/ERM_Arp-Karm_0535-scaled-e1716903676630.jpg 2560w, https:\/\/www.ecb.ee\/wp-content\/uploads\/2024\/05\/ERM_Arp-Karm_0535-scaled-e1716903676630-300x98.jpg 300w, https:\/\/www.ecb.ee\/wp-content\/uploads\/2024\/05\/ERM_Arp-Karm_0535-scaled-e1716903676630-1024x336.jpg 1024w, https:\/\/www.ecb.ee\/wp-content\/uploads\/2024\/05\/ERM_Arp-Karm_0535-scaled-e1716903676630-768x252.jpg 768w, https:\/\/www.ecb.ee\/wp-content\/uploads\/2024\/05\/ERM_Arp-Karm_0535-scaled-e1716903676630-1536x504.jpg 1536w, https:\/\/www.ecb.ee\/wp-content\/uploads\/2024\/05\/ERM_Arp-Karm_0535-scaled-e1716903676630-2048x672.jpg 2048w, https:\/\/www.ecb.ee\/wp-content\/uploads\/2024\/05\/ERM_Arp-Karm_0535-scaled-e1716903676630-1200x394.jpg 1200w, https:\/\/www.ecb.ee\/wp-content\/uploads\/2024\/05\/ERM_Arp-Karm_0535-scaled-e1716903676630-1980x650.jpg 1980w\" sizes=\"auto, (max-width: 2560px) 100vw, 2560px\" \/><\/strong><\/h2>\n<p>Viron kansallismuseo (Eesti Rahva Muuseum, ERM) on Viron suurin museo, jolla on lukuisine n\u00e4yttely- ja monitoimisaleineen pinta-alaa l\u00e4hes 6 000 neli\u00f6n verran. Museon tiloja on helppo mukauttaa omaan tapahtumaan sopivaksi. Bonuksena kokouksiin osallistuvat voivat tutustua kiehtoviin tarinoihin museon eri n\u00e4yttelyiss\u00e4, vaikkapa virolaisten arkeen ennen ja nyt Kohtaamiset-n\u00e4yttelyss\u00e4 tai suomalais-ugrilaisten kansojen elinoloihin perusn\u00e4yttelyss\u00e4 Uralin kaiku.<\/p>\n<p><strong>Kapasiteetti:<\/strong> 250-paikkainen kokoussali voidaan muuntaa my\u00f6s konsertti- ja elokuvasaliksi. P\u00e4\u00e4salia tukevat avarat 30-50 hengen seminaaritilat, jotka soveltuvat hyvin ryhm\u00e4ty\u00f6h\u00f6n. Taiteellisempaa tunnelmaa tarjoaa 200-paikkainen black box -sali, jonka jokainen voi rakentaa toiveidensa mukaiseksi. Suuria juhla- ja iltatapahtumia on mahdollista j\u00e4rjest\u00e4\u00e4 my\u00f6s museon sis\u00e4\u00e4ntuloaulassa, jonne mahtuu jopa 1000 henke\u00e4 seisoviin tilaisuuksiin ja 600 henke\u00e4 tuoliriveille.<\/p>\n<p><a href=\"https:\/\/www.erm.ee\/fi\" target=\"_blank\" rel=\"noopener\">Tutustu tarkemmin Viron kansallismuseon saleihin<\/a><\/p>\n<p>&nbsp;<\/p>\n<h2><strong>Ravintola Ruutikellari<img loading=\"lazy\" decoding=\"async\" class=\"alignnone size-full wp-image-38392\" src=\"https:\/\/www.ecb.ee\/wp-content\/uploads\/2024\/05\/Pussirohukelder-scaled-e1716903710498.jpg\" alt=\"\" width=\"2560\" height=\"840\" srcset=\"https:\/\/www.ecb.ee\/wp-content\/uploads\/2024\/05\/Pussirohukelder-scaled-e1716903710498.jpg 2560w, https:\/\/www.ecb.ee\/wp-content\/uploads\/2024\/05\/Pussirohukelder-scaled-e1716903710498-300x98.jpg 300w, https:\/\/www.ecb.ee\/wp-content\/uploads\/2024\/05\/Pussirohukelder-scaled-e1716903710498-1024x336.jpg 1024w, https:\/\/www.ecb.ee\/wp-content\/uploads\/2024\/05\/Pussirohukelder-scaled-e1716903710498-768x252.jpg 768w, https:\/\/www.ecb.ee\/wp-content\/uploads\/2024\/05\/Pussirohukelder-scaled-e1716903710498-1536x504.jpg 1536w, https:\/\/www.ecb.ee\/wp-content\/uploads\/2024\/05\/Pussirohukelder-scaled-e1716903710498-2048x672.jpg 2048w, https:\/\/www.ecb.ee\/wp-content\/uploads\/2024\/05\/Pussirohukelder-scaled-e1716903710498-1200x394.jpg 1200w, https:\/\/www.ecb.ee\/wp-content\/uploads\/2024\/05\/Pussirohukelder-scaled-e1716903710498-1980x650.jpg 1980w\" sizes=\"auto, (max-width: 2560px) 100vw, 2560px\" \/><\/strong><\/h2>\n<p>Tartossa Toomem\u00e4en rinteess\u00e4 vehmaan puistikon keskell\u00e4 sijaitseva ravintola P\u00fcssirohukelder eli Ruutikellari toimi ammusvarastona aina vuoteen 1809 asti. My\u00f6s Schrammin kammarin ja Katariinan tuvan korkea holvikatto ja talonpoikainen sisustus antavat tapahtumalle aivan toisenlaisen ilmeen.<\/p>\n<p><strong>Kapasiteetti:<\/strong> Koko ravintola 300 henke\u00e4, privaatimpaan tilaisuuteen voi varata erillisen tilan 25-30 hengelle.<\/p>\n<p><a href=\"https:\/\/pyss.ee\/for-groups-tartu-tourism\/?lang=en\" target=\"_blank\" rel=\"noopener\">Tutustu Ruutikellarin tiloihin<\/a><\/p>\n<p>&nbsp;<\/p>\n<h2><strong>Tiedekeskus AHHAA<\/strong><\/h2>\n<h2><strong><img loading=\"lazy\" decoding=\"async\" class=\"alignnone size-full wp-image-38389\" src=\"https:\/\/www.ecb.ee\/wp-content\/uploads\/2024\/05\/AHHAA-Tehnoloogoiasaal-foto-Ahhaa-keskus-e1716903742140.jpg\" alt=\"\" width=\"1200\" height=\"394\" srcset=\"https:\/\/www.ecb.ee\/wp-content\/uploads\/2024\/05\/AHHAA-Tehnoloogoiasaal-foto-Ahhaa-keskus-e1716903742140.jpg 1200w, https:\/\/www.ecb.ee\/wp-content\/uploads\/2024\/05\/AHHAA-Tehnoloogoiasaal-foto-Ahhaa-keskus-e1716903742140-300x99.jpg 300w, https:\/\/www.ecb.ee\/wp-content\/uploads\/2024\/05\/AHHAA-Tehnoloogoiasaal-foto-Ahhaa-keskus-e1716903742140-1024x336.jpg 1024w, https:\/\/www.ecb.ee\/wp-content\/uploads\/2024\/05\/AHHAA-Tehnoloogoiasaal-foto-Ahhaa-keskus-e1716903742140-768x252.jpg 768w\" sizes=\"auto, (max-width: 1200px) 100vw, 1200px\" \/><\/strong><\/h2>\n<p>Baltian maiden suurin tiedekeskus tarjoaa runsaasti l\u00f6yt\u00e4misen iloa ja el\u00e4myksi\u00e4 kaikenik\u00e4isille k\u00e4vij\u00f6ille, mutta samalla se on my\u00f6s ainutlaatuinen kokous- ja juhlapaikka, jonne mahtuu jopa tuhannen hengen osallistujam\u00e4\u00e4r\u00e4. Tiedekeskuksessa voi j\u00e4rjest\u00e4\u00e4 my\u00f6s virtuaali- ja hybriditapahtumia.<\/p>\n<p><span style=\"font-weight: 400;\"><strong>Kapasiteetti:<\/strong> Teknologiasalin seisovissa tilaisuuksissa 700 henke\u00e4, py\u00f6reiss\u00e4 p\u00f6ydiss\u00e4 150 henke\u00e4, konferenssisalissa 150 henke\u00e4 ja kokoushuoneessa 50 henke\u00e4.<\/span><\/p>\n<p><a href=\"https:\/\/ahhaa.ee\/en\" target=\"_blank\" rel=\"noopener\">Tutustu tiedekeskuksen tiloihin<\/a><\/p>\n<p>&nbsp;<\/p>\n<h2><strong>Kampaantehtaan tapahtumakeskus &#8211; Kammivabrik<\/strong><\/h2>\n<div id='gallery-2' class='gallery galleryid-38379 gallery-columns-1 gallery-size-full'><figure class='gallery-item'>\n\t\t\t<div class='gallery-icon landscape'>\n\t\t\t\t<a href='https:\/\/www.ecb.ee\/fi\/blogi\/15-paikkaa-mieliinpainuvaan-tapahtumaan-tartossa\/attachment\/kammivabriku-tehasehoone_2-2\/'><img loading=\"lazy\" decoding=\"async\" width=\"2048\" height=\"672\" src=\"https:\/\/www.ecb.ee\/wp-content\/uploads\/2021\/09\/Kammivabriku-Tehasehoone_2-e1716903778434.jpg\" class=\"attachment-full size-full\" alt=\"\" srcset=\"https:\/\/www.ecb.ee\/wp-content\/uploads\/2021\/09\/Kammivabriku-Tehasehoone_2-e1716903778434.jpg 2048w, https:\/\/www.ecb.ee\/wp-content\/uploads\/2021\/09\/Kammivabriku-Tehasehoone_2-e1716903778434-300x98.jpg 300w, https:\/\/www.ecb.ee\/wp-content\/uploads\/2021\/09\/Kammivabriku-Tehasehoone_2-e1716903778434-1024x336.jpg 1024w, https:\/\/www.ecb.ee\/wp-content\/uploads\/2021\/09\/Kammivabriku-Tehasehoone_2-e1716903778434-768x252.jpg 768w, https:\/\/www.ecb.ee\/wp-content\/uploads\/2021\/09\/Kammivabriku-Tehasehoone_2-e1716903778434-1536x504.jpg 1536w, https:\/\/www.ecb.ee\/wp-content\/uploads\/2021\/09\/Kammivabriku-Tehasehoone_2-e1716903778434-1200x394.jpg 1200w, https:\/\/www.ecb.ee\/wp-content\/uploads\/2021\/09\/Kammivabriku-Tehasehoone_2-e1716903778434-1980x650.jpg 1980w\" sizes=\"auto, (max-width: 2048px) 100vw, 2048px\" \/><\/a>\n\t\t\t<\/div><\/figure>\n\t\t<\/div>\n\n<p>&nbsp;<\/p>\n<p>Entisen kampatehtaan tapahtumakeskukseen kuuluu kaksi samalla kadulla sijaitsevaa rakennusta, joissa toisessa sijaitsi aikoinaan tehtaan kerhotila ja toisessa tehdashalli. Klubi oli suosittu juhla- ja konserttipaikka heti valmistuttuaan vuonna 1959. Nyky\u00e4\u00e4n kerhorakennuksen molemman kerroksen saleissa voi j\u00e4rjest\u00e4\u00e4 tilaisuuden, johon mahtuu yhteens\u00e4 l\u00e4hes 400 henke\u00e4. Isompia tapahtumia varten on mahdollista varata kampatehtaan entinen tehdashalli, jonka industriaalista tunnelmasta voi kerralla nauttia per\u00e4ti 1500 osallistujaa. Tila tarjoaa ihanteelliset puitteet cocktailtilaisuuksien, konserttien ja konferenssien j\u00e4rjest\u00e4miseen. Kirsikkana kakun p\u00e4\u00e4ll\u00e4 on kampatehtaan uniikki vanhojen autojen kokoelma.<\/p>\n<p><strong>Kapasiteetti:<\/strong>Kampatehtaan kerhotalon toisen kerroksen Kannel-saliin mahtuu tuoliriveille 280 henke\u00e4 ja ensimm\u00e4isen kerroksen Vikero-saliin 100 henke\u00e4. Tehdassalissa on tapahtuman tyypist\u00e4 ja sisustusratkaisusta riippuen tilaa maksimissaan 1500 hengelle.<\/p>\n<p><a href=\"https:\/\/www.kammivabrik.ee\/\" target=\"_blank\" rel=\"noopener\">Tutustu Kammivabrik tapahtumakeskuksen tiloihin<\/a><\/p>\n<p>&nbsp;<\/p>\n<h2><strong>Tarton luontotalo<\/strong><\/h2>\n<div id='gallery-3' class='gallery galleryid-38379 gallery-columns-2 gallery-size-full'><figure class='gallery-item'>\n\t\t\t<div class='gallery-icon landscape'>\n\t\t\t\t<a href='https:\/\/www.ecb.ee\/fi\/blogi\/15-paikkaa-mieliinpainuvaan-tapahtumaan-tartossa\/attachment\/tartu-loodusmaja-2\/'><img loading=\"lazy\" decoding=\"async\" width=\"1600\" height=\"1200\" src=\"https:\/\/www.ecb.ee\/wp-content\/uploads\/2024\/05\/Tartu-Loodusmaja.jpg\" class=\"attachment-full size-full\" alt=\"\" srcset=\"https:\/\/www.ecb.ee\/wp-content\/uploads\/2024\/05\/Tartu-Loodusmaja.jpg 1600w, https:\/\/www.ecb.ee\/wp-content\/uploads\/2024\/05\/Tartu-Loodusmaja-300x225.jpg 300w, https:\/\/www.ecb.ee\/wp-content\/uploads\/2024\/05\/Tartu-Loodusmaja-1024x768.jpg 1024w, https:\/\/www.ecb.ee\/wp-content\/uploads\/2024\/05\/Tartu-Loodusmaja-768x576.jpg 768w, https:\/\/www.ecb.ee\/wp-content\/uploads\/2024\/05\/Tartu-Loodusmaja-1536x1152.jpg 1536w, https:\/\/www.ecb.ee\/wp-content\/uploads\/2024\/05\/Tartu-Loodusmaja-1200x900.jpg 1200w\" sizes=\"auto, (max-width: 1600px) 100vw, 1600px\" \/><\/a>\n\t\t\t<\/div><\/figure><figure class='gallery-item'>\n\t\t\t<div class='gallery-icon landscape'>\n\t\t\t\t<a href='https:\/\/www.ecb.ee\/fi\/blogi\/15-paikkaa-mieliinpainuvaan-tapahtumaan-tartossa\/attachment\/vastuvott_saalis-scaled\/'><img loading=\"lazy\" decoding=\"async\" width=\"2560\" height=\"1920\" src=\"https:\/\/www.ecb.ee\/wp-content\/uploads\/2024\/05\/Vastuvott_saalis-scaled-1.jpg\" class=\"attachment-full size-full\" alt=\"\" srcset=\"https:\/\/www.ecb.ee\/wp-content\/uploads\/2024\/05\/Vastuvott_saalis-scaled-1.jpg 2560w, https:\/\/www.ecb.ee\/wp-content\/uploads\/2024\/05\/Vastuvott_saalis-scaled-1-300x225.jpg 300w, https:\/\/www.ecb.ee\/wp-content\/uploads\/2024\/05\/Vastuvott_saalis-scaled-1-1024x768.jpg 1024w, https:\/\/www.ecb.ee\/wp-content\/uploads\/2024\/05\/Vastuvott_saalis-scaled-1-768x576.jpg 768w, https:\/\/www.ecb.ee\/wp-content\/uploads\/2024\/05\/Vastuvott_saalis-scaled-1-1536x1152.jpg 1536w, https:\/\/www.ecb.ee\/wp-content\/uploads\/2024\/05\/Vastuvott_saalis-scaled-1-2048x1536.jpg 2048w, https:\/\/www.ecb.ee\/wp-content\/uploads\/2024\/05\/Vastuvott_saalis-scaled-1-1200x900.jpg 1200w, https:\/\/www.ecb.ee\/wp-content\/uploads\/2024\/05\/Vastuvott_saalis-scaled-1-1980x1485.jpg 1980w\" sizes=\"auto, (max-width: 2560px) 100vw, 2560px\" \/><\/a>\n\t\t\t<\/div><\/figure>\n\t\t<\/div>\n\n<p>&nbsp;<\/p>\n<p>Tarton luontotalo toimii ymp\u00e4rist\u00f6kasvatuskeskuksena, joka kannustaa ihmisi\u00e4 arvostamaan ymp\u00e4r\u00f6iv\u00e4\u00e4 luontoa ja k\u00e4ytt\u00e4ytym\u00e4\u00e4n ymp\u00e4rist\u00f6yst\u00e4v\u00e4llisesti. Tarton luontotalo ja sen runsaslajinen puisto tarjoavat k\u00e4vij\u00f6ille rauhallisen heng\u00e4hdyspaikan, palasen luontoa kaupungin syd\u00e4mess\u00e4 sek\u00e4 j\u00e4nnitt\u00e4v\u00e4n ja sivist\u00e4v\u00e4n tavan viett\u00e4\u00e4 aikaa. Luontotalossa voit j\u00e4rjest\u00e4\u00e4 tapahtumasi ymp\u00e4rist\u00f6yst\u00e4v\u00e4llisesti ja -tietoisesti.<\/p>\n<p><strong>Kapasiteetti:<\/strong> 100 henke\u00e4 tuoliriveill\u00e4 avarassa salissa, joka voidaan jakaa kahteen osaan v\u00e4lisein\u00e4n avulla. Lis\u00e4ksi useita pienempi\u00e4 opetustiloja ja kokoushuoneita 15-40 hengelle p\u00f6yt\u00e4muodosta riippuen.<\/p>\n<p><a href=\"https:\/\/www.tartuloodusmaja.ee\/en\/room-rentals\/\" target=\"_blank\" rel=\"noopener\">Tutustu Tarton luontotalon tiloihin<\/a><\/p>\n<p>&nbsp;<\/p>\n<h2><strong> Konserttitalo Vanemuine<\/strong><\/h2>\n<p><img loading=\"lazy\" decoding=\"async\" class=\"alignnone size-full wp-image-38405\" src=\"https:\/\/www.ecb.ee\/wp-content\/uploads\/2024\/05\/Vanemuisekontserdimaja-e1716903858926.jpg\" alt=\"\" width=\"960\" height=\"315\" srcset=\"https:\/\/www.ecb.ee\/wp-content\/uploads\/2024\/05\/Vanemuisekontserdimaja-e1716903858926.jpg 960w, https:\/\/www.ecb.ee\/wp-content\/uploads\/2024\/05\/Vanemuisekontserdimaja-e1716903858926-300x98.jpg 300w, https:\/\/www.ecb.ee\/wp-content\/uploads\/2024\/05\/Vanemuisekontserdimaja-e1716903858926-768x252.jpg 768w\" sizes=\"auto, (max-width: 960px) 100vw, 960px\" \/><\/p>\n<p>Konserttitalo Vanemuine on paitsi tarttolaisten rakastama konserttipaikka, my\u00f6s moderni konferenssikeskus, jossa j\u00e4rjest\u00e4j\u00e4 voi muokata tilaa mieleisekseen. Liikuteltavan tuolij\u00e4rjestelm\u00e4n ansiosta akateeminen konserttisali muuntuu hetkess\u00e4 vaikkapa jazzklubiksi, juhlasaliksi tai 400 neli\u00f6n konferenssitilaksi.<\/p>\n<p><strong>Kapasiteetti:<\/strong> Suuri sali 850 henke\u00e4 tuoliriveill\u00e4 (parvet mukaan lukien).<br \/>\nLis\u00e4ksi kolme erilaista kokoushuonetta, joihin mahtuu luokkamuodossa 60, 80 ja 100 henke\u00e4.<\/p>\n<p><a href=\"https:\/\/vanemuine.concert.ee\/en\/reserve-a-hall\/\" target=\"_blank\" rel=\"noopener\">Tutustu Vanemuisen saleihin<\/a><\/p>\n<p>&nbsp;<\/p>\n<h2><strong>Tarton yliopiston museon Valkoinen sali<\/strong><\/h2>\n<div id='gallery-4' class='gallery galleryid-38379 gallery-columns-2 gallery-size-large'><figure class='gallery-item'>\n\t\t\t<div class='gallery-icon landscape'>\n\t\t\t\t<a href='https:\/\/www.ecb.ee\/fi\/blogi\/15-paikkaa-mieliinpainuvaan-tapahtumaan-tartossa\/attachment\/valge-saal_1-scaled\/'><img loading=\"lazy\" decoding=\"async\" width=\"580\" height=\"387\" src=\"https:\/\/www.ecb.ee\/wp-content\/uploads\/2024\/05\/Valge-Saal_1-scaled-1-1024x683.jpg\" class=\"attachment-large size-large\" alt=\"\" aria-describedby=\"gallery-4-38399\" srcset=\"https:\/\/www.ecb.ee\/wp-content\/uploads\/2024\/05\/Valge-Saal_1-scaled-1-1024x683.jpg 1024w, https:\/\/www.ecb.ee\/wp-content\/uploads\/2024\/05\/Valge-Saal_1-scaled-1-300x200.jpg 300w, https:\/\/www.ecb.ee\/wp-content\/uploads\/2024\/05\/Valge-Saal_1-scaled-1-768x512.jpg 768w, https:\/\/www.ecb.ee\/wp-content\/uploads\/2024\/05\/Valge-Saal_1-scaled-1-1536x1024.jpg 1536w, https:\/\/www.ecb.ee\/wp-content\/uploads\/2024\/05\/Valge-Saal_1-scaled-1-2048x1366.jpg 2048w, https:\/\/www.ecb.ee\/wp-content\/uploads\/2024\/05\/Valge-Saal_1-scaled-1-1200x800.jpg 1200w, https:\/\/www.ecb.ee\/wp-content\/uploads\/2024\/05\/Valge-Saal_1-scaled-1-1980x1320.jpg 1980w\" sizes=\"auto, (max-width: 580px) 100vw, 580px\" \/><\/a>\n\t\t\t<\/div>\n\t\t\t\t<figcaption class='wp-caption-text gallery-caption' id='gallery-4-38399'>\n\t\t\t\tUT160829AT551 \nEARLI SIG 10, 21 and 25 joint conference &#8221;Reflective minds and communities&#8221;\nLossi 25\nFoto Andres Tennus\/Tartu \u00dclikool\n\t\t\t\t<\/figcaption><\/figure><figure class='gallery-item'>\n\t\t\t<div class='gallery-icon landscape'>\n\t\t\t\t<a href='https:\/\/www.ecb.ee\/fi\/blogi\/15-paikkaa-mieliinpainuvaan-tapahtumaan-tartossa\/attachment\/valge-saal-scaled\/'><img loading=\"lazy\" decoding=\"async\" width=\"580\" height=\"387\" src=\"https:\/\/www.ecb.ee\/wp-content\/uploads\/2024\/05\/Valge-Saal-scaled-1-1024x683.jpg\" class=\"attachment-large size-large\" alt=\"\" aria-describedby=\"gallery-4-38402\" srcset=\"https:\/\/www.ecb.ee\/wp-content\/uploads\/2024\/05\/Valge-Saal-scaled-1-1024x683.jpg 1024w, https:\/\/www.ecb.ee\/wp-content\/uploads\/2024\/05\/Valge-Saal-scaled-1-300x200.jpg 300w, https:\/\/www.ecb.ee\/wp-content\/uploads\/2024\/05\/Valge-Saal-scaled-1-768x512.jpg 768w, https:\/\/www.ecb.ee\/wp-content\/uploads\/2024\/05\/Valge-Saal-scaled-1-1536x1024.jpg 1536w, https:\/\/www.ecb.ee\/wp-content\/uploads\/2024\/05\/Valge-Saal-scaled-1-2048x1366.jpg 2048w, https:\/\/www.ecb.ee\/wp-content\/uploads\/2024\/05\/Valge-Saal-scaled-1-1200x800.jpg 1200w, https:\/\/www.ecb.ee\/wp-content\/uploads\/2024\/05\/Valge-Saal-scaled-1-1980x1320.jpg 1980w\" sizes=\"auto, (max-width: 580px) 100vw, 580px\" \/><\/a>\n\t\t\t<\/div>\n\t\t\t\t<figcaption class='wp-caption-text gallery-caption' id='gallery-4-38402'>\n\t\t\t\tUT160828AT131 \nEARLI SIG 10, 21 and 25 joint conference &#8221;Reflective minds and communities&#8221;\nLossi 25\nFoto Andres Tennus\/Tartu \u00dclikool\n\t\t\t\t<\/figcaption><\/figure>\n\t\t<\/div>\n\n<p>&nbsp;<\/p>\n<p>Tarton raunioituneen tuomiokirkon kunnostetussa kuoriosassa toimiva Tarton yliopiston museo esittelee tieteen ja yliopistokoulutuksen historiaa 1600-luvulta nykyp\u00e4iv\u00e4\u00e4n. Museon kolmannen kerroksen upea Valkoinen sali on yksi Tarton kaupungin ja yliopiston edustavimmista paikoista. Valkoinen sali sopii erinomaisesti juhlatilaisuuksien ja konferenssien j\u00e4rjest\u00e4miseen.<\/p>\n<p><span style=\"font-weight: 400;\"><strong>Kapasiteetti:<\/strong> 300 henke\u00e4 seisovissa tilaisuuksissa, 100 henke\u00e4 tuoliriveill\u00e4 ja 150 henke\u00e4 py\u00f6reiss\u00e4 p\u00f6ydiss\u00e4.<\/span><\/p>\n<p><a href=\"https:\/\/muuseum.ut.ee\/en\/organise-events\" target=\"_blank\" rel=\"noopener\">Tutustu tuomiokirkon raunioihin, museoon ja Valkoiseen saliin\u00a0<\/a><\/p>\n<p>&nbsp;<\/p>\n<h2 class=\"kt-adv-heading_c078dd-8e wp-block-kadence-advancedheading\" data-kb-block=\"kb-adv-heading_c078dd-8e\">Knorringin aatelistalo<\/h2>\n<div id='gallery-5' class='gallery galleryid-38379 gallery-columns-2 gallery-size-full'><figure class='gallery-item'>\n\t\t\t<div class='gallery-icon landscape'>\n\t\t\t\t<a href='https:\/\/www.ecb.ee\/fi\/blogi\/15-paikkaa-mieliinpainuvaan-tapahtumaan-tartossa\/attachment\/knorringu-aadlimaja-wp-1-2\/'><img loading=\"lazy\" decoding=\"async\" width=\"750\" height=\"501\" src=\"https:\/\/www.ecb.ee\/wp-content\/uploads\/2024\/05\/Knorringu-aadlimaja-wp-1.jpg\" class=\"attachment-full size-full\" alt=\"Knorringu Aadlimaja \u00fcritused\" srcset=\"https:\/\/www.ecb.ee\/wp-content\/uploads\/2024\/05\/Knorringu-aadlimaja-wp-1.jpg 750w, https:\/\/www.ecb.ee\/wp-content\/uploads\/2024\/05\/Knorringu-aadlimaja-wp-1-300x200.jpg 300w\" sizes=\"auto, (max-width: 750px) 100vw, 750px\" \/><\/a>\n\t\t\t<\/div><\/figure><figure class='gallery-item'>\n\t\t\t<div class='gallery-icon landscape'>\n\t\t\t\t<a href='https:\/\/www.ecb.ee\/fi\/blogi\/15-paikkaa-mieliinpainuvaan-tapahtumaan-tartossa\/attachment\/knorringu-aadlimaja-wp-2-2\/'><img loading=\"lazy\" decoding=\"async\" width=\"751\" height=\"500\" src=\"https:\/\/www.ecb.ee\/wp-content\/uploads\/2024\/05\/Knorringu-aadlimaja-wp-2.jpg\" class=\"attachment-full size-full\" alt=\"Knorringu Aadlimaja \u00fcritused\" srcset=\"https:\/\/www.ecb.ee\/wp-content\/uploads\/2024\/05\/Knorringu-aadlimaja-wp-2.jpg 751w, https:\/\/www.ecb.ee\/wp-content\/uploads\/2024\/05\/Knorringu-aadlimaja-wp-2-300x200.jpg 300w\" sizes=\"auto, (max-width: 751px) 100vw, 751px\" \/><\/a>\n\t\t\t<\/div><\/figure>\n\t\t<\/div>\n\n<p>&nbsp;<\/p>\n<p>Von Knorringin aatelisperheen mukaan nimetty rakennus on oiva esimerkki Tarton uusklassisesta arkkitehtuurista. Talon sijainti Tarton keskustassa kasvitieteellisen puutarhan, Emajoen, Raatihuoneentorin ja Toomem\u00e4en l\u00e4heisyydess\u00e4 tekee paikasta ainutlaatuisen ja korostaa jokaisen siell\u00e4 j\u00e4rjestetyn tapahtuman erityisyytt\u00e4.<\/p>\n<p>Aatelistalossa on mahdollista j\u00e4rjest\u00e4\u00e4 h\u00e4it\u00e4, konsertteja, n\u00e4yttelyit\u00e4, syntym\u00e4p\u00e4ivi\u00e4, konferensseja, seminaareja ja paljon muuta. Tilojen vuokrauksen lis\u00e4ksi tarjolla on tapahtumaj\u00e4rjestelypalveluita, joiden avulla toteutuvat hurjimmatkin ideat.<\/p>\n<p><strong>Kapasiteetti<\/strong>: Caroline-salissa on 5 py\u00f6re\u00e4\u00e4 p\u00f6yt\u00e4\u00e4, istumaan mahtuu 50 henke\u00e4 (80 ilman p\u00f6yti\u00e4).<br \/>\nAntoinette-salissa on 30 istumapaikkaa (40 ilman p\u00f6yti\u00e4).<br \/>\nDorothea-saliin mahtuu istumaan 30 henke\u00e4 (50 ilman p\u00f6yti\u00e4).<br \/>\nElisabeth-saliin mahtuu istumaan 30 henke\u00e4 (40 ilman p\u00f6yti\u00e4).<br \/>\nMary Ann -salin p\u00f6ytiin mahtuu 20 henke\u00e4 (25 ilman p\u00f6yti\u00e4).<\/p>\n<p><a href=\"https:\/\/knorring.ee\/en\/\" target=\"_blank\" rel=\"noopener\">Tutustu Knorringin aatelistalon upeisiin tiloihin<\/a><\/p>\n<h2>Monitoimisali Alexela Loomelava<\/h2>\n<div id='gallery-6' class='gallery galleryid-38379 gallery-columns-2 gallery-size-full'><figure class='gallery-item'>\n\t\t\t<div class='gallery-icon landscape'>\n\t\t\t\t<a href='https:\/\/www.ecb.ee\/fi\/blogi\/15-paikkaa-mieliinpainuvaan-tapahtumaan-tartossa\/attachment\/347387_3c2e8986630bbb781febbf0ada34ce1c-1-2\/'><img loading=\"lazy\" decoding=\"async\" width=\"563\" height=\"375\" src=\"https:\/\/www.ecb.ee\/wp-content\/uploads\/2021\/10\/347387_3c2e8986630bbb781febbf0ada34ce1c-1.jpg\" class=\"attachment-full size-full\" alt=\"Alexela loomelava tartu \u00fcritused\" srcset=\"https:\/\/www.ecb.ee\/wp-content\/uploads\/2021\/10\/347387_3c2e8986630bbb781febbf0ada34ce1c-1.jpg 563w, https:\/\/www.ecb.ee\/wp-content\/uploads\/2021\/10\/347387_3c2e8986630bbb781febbf0ada34ce1c-1-300x200.jpg 300w\" sizes=\"auto, (max-width: 563px) 100vw, 563px\" \/><\/a>\n\t\t\t<\/div><\/figure><figure class='gallery-item'>\n\t\t\t<div class='gallery-icon landscape'>\n\t\t\t\t<a href='https:\/\/www.ecb.ee\/fi\/blogi\/15-paikkaa-mieliinpainuvaan-tapahtumaan-tartossa\/attachment\/347387_5fdae9fff0fbb2f533ba6b8d21cc05a2-1-2\/'><img loading=\"lazy\" decoding=\"async\" width=\"564\" height=\"375\" src=\"https:\/\/www.ecb.ee\/wp-content\/uploads\/2021\/10\/347387_5fdae9fff0fbb2f533ba6b8d21cc05a2-1.jpg\" class=\"attachment-full size-full\" alt=\"Alexela loomelava tartu \u00fcritused\" srcset=\"https:\/\/www.ecb.ee\/wp-content\/uploads\/2021\/10\/347387_5fdae9fff0fbb2f533ba6b8d21cc05a2-1.jpg 564w, https:\/\/www.ecb.ee\/wp-content\/uploads\/2021\/10\/347387_5fdae9fff0fbb2f533ba6b8d21cc05a2-1-300x199.jpg 300w\" sizes=\"auto, (max-width: 564px) 100vw, 564px\" \/><\/a>\n\t\t\t<\/div><\/figure>\n\t\t<\/div>\n\n<p>&nbsp;<\/p>\n<p>Tartossa Emajoen rannalla sijaitseva Alexelan Loomelava on blackbox-tyyppinen monitoimisali, jonka ilmett\u00e4 voidaan mukauttaa tilaajan toiveiden mukaan. Tila on suunniteltu erityisesti esityksi\u00e4 varten, ja siell\u00e4 on joustava lattia, tanssimatto, katsomo, akustiikkalevyt katossa sek\u00e4 teatteriin sopivat \u00e4\u00e4ni- ja valolaitteet.<\/p>\n<p>Paikassa voidaan j\u00e4rjest\u00e4\u00e4 konsertteja, webinaareja, n\u00e4ytelmi\u00e4, kokouksia, juhlia, keskusteluiltoja ja muotin\u00e4yt\u00f6ksi\u00e4. Tarjoilut on mahdollista tilata talon omasta Green Room Caf\u00e9 -ravintolasta.<\/p>\n<p><strong>Kapasiteetti:<\/strong> Teatterisalin pinta-ala ilman apuhuoneita ja naulakoita on 600 neli\u00f6t\u00e4 ja n\u00e4ytt\u00e4m\u00f6n koko on 10 x 15 m.<br \/>\nSiirrelt\u00e4viin katsomoihin saadaan katsojam\u00e4\u00e4r\u00e4st\u00e4 riippuen 30-200 istumapaikkaa.<br \/>\nSeisoviin tilaisuuksiin mahtuu 300 henke\u00e4, luokkamuotoon 180 ja py\u00f6reisiin p\u00f6ytiin istumaan 130 henke\u00e4.<\/p>\n<p><a href=\"https:\/\/loomelava.ee\/\" target=\"_blank\" rel=\"noopener\">Lis\u00e4tietoja Alexela Loomelavasta<\/a><\/p>\n<p>&nbsp;<\/p>\n<h2>Kylpyl\u00e4hotelli V Spa Hotell<\/h2>\n<div id='gallery-7' class='gallery galleryid-38379 gallery-columns-2 gallery-size-full'><figure class='gallery-item'>\n\t\t\t<div class='gallery-icon landscape'>\n\t\t\t\t<a href='https:\/\/www.ecb.ee\/fi\/blogi\/15-paikkaa-mieliinpainuvaan-tapahtumaan-tartossa\/attachment\/vspahotel_1-2-2-2\/'><img loading=\"lazy\" decoding=\"async\" width=\"751\" height=\"500\" src=\"https:\/\/www.ecb.ee\/wp-content\/uploads\/2024\/05\/Vspahotel_1-2-2.jpg\" class=\"attachment-full size-full\" alt=\"Vspa tartu \u00fcritused\" srcset=\"https:\/\/www.ecb.ee\/wp-content\/uploads\/2024\/05\/Vspahotel_1-2-2.jpg 751w, https:\/\/www.ecb.ee\/wp-content\/uploads\/2024\/05\/Vspahotel_1-2-2-300x200.jpg 300w\" sizes=\"auto, (max-width: 751px) 100vw, 751px\" \/><\/a>\n\t\t\t<\/div><\/figure><figure class='gallery-item'>\n\t\t\t<div class='gallery-icon landscape'>\n\t\t\t\t<a href='https:\/\/www.ecb.ee\/fi\/blogi\/15-paikkaa-mieliinpainuvaan-tapahtumaan-tartossa\/attachment\/52694973325_3ebe40fc4d_o-2\/'><img loading=\"lazy\" decoding=\"async\" width=\"750\" height=\"500\" src=\"https:\/\/www.ecb.ee\/wp-content\/uploads\/2024\/05\/52694973325_3ebe40fc4d_o.jpg\" class=\"attachment-full size-full\" alt=\"Vspa tartu \u00fcritused\" srcset=\"https:\/\/www.ecb.ee\/wp-content\/uploads\/2024\/05\/52694973325_3ebe40fc4d_o.jpg 750w, https:\/\/www.ecb.ee\/wp-content\/uploads\/2024\/05\/52694973325_3ebe40fc4d_o-300x200.jpg 300w\" sizes=\"auto, (max-width: 750px) 100vw, 750px\" \/><\/a>\n\t\t\t<\/div><\/figure>\n\t\t<\/div>\n\n<p>&nbsp;<\/p>\n<p>Tarton ydinkeskustassa sijaitseva kompleksi koostuu nelj\u00e4n t\u00e4hden hotellista, kylpyl\u00e4st\u00e4 ja konferenssikeskuksesta.<\/p>\n<p>Hotellin toisen kerroksen moderni konferenssikeskus tarjoaa viisi erilaista huipputeknologialla<br \/>\nvarusteltua kokous- ja koulutustilaa. Salit on mahdollista yhdist\u00e4\u00e4, mink\u00e4 ansiosta tapahtumaan voidaan luoda asiakkaalle parhaiten sopiva j\u00e4rjestely. Tilat soveltuvat kokousten, messujen, cocktailtilaisuuksien, konserttien ja muiden yleis\u00f6tapahtumien j\u00e4rjest\u00e4miseen. Hotellin oma ravintola JOYCE tarjoaa parhaita makuel\u00e4myksi\u00e4 maailman eri keitti\u00f6ist\u00e4.<\/p>\n<p><strong>Kapasiteetti:<\/strong> Viiteen eri kokous- ja koulutustilaan mahtuu yhteens\u00e4 600 henke\u00e4 seisovissa tilaisuuksissa.<br \/>\nPy\u00f6reiss\u00e4 p\u00f6ydiss\u00e4 on istumapaikkoja 250 hengelle.<br \/>\nKaksitasoisessa ravintolassa on 120 istumapaikkaa, ja siell\u00e4 on mahdollista j\u00e4rjest\u00e4\u00e4 pienempi\u00e4 tilaisuuksia.<\/p>\n<p><a href=\"https:\/\/vspahotel.ee\/fi\/\" target=\"_blank\" rel=\"noopener\">Lis\u00e4tietoja tiloista<\/a><\/p>\n<p>&nbsp;<\/p>\n<h2>Hotelli Lydian tapahtumakeskus<\/h2>\n<div id='gallery-8' class='gallery galleryid-38379 gallery-columns-2 gallery-size-full'><figure class='gallery-item'>\n\t\t\t<div class='gallery-icon landscape'>\n\t\t\t\t<a href='https:\/\/www.ecb.ee\/fi\/blogi\/15-paikkaa-mieliinpainuvaan-tapahtumaan-tartossa\/attachment\/20_dec_2018_tartu_002-2\/'><img loading=\"lazy\" decoding=\"async\" width=\"750\" height=\"500\" src=\"https:\/\/www.ecb.ee\/wp-content\/uploads\/2024\/05\/20_dec_2018_tartu_002.jpg\" class=\"attachment-full size-full\" alt=\"Hotell Lydia s\u00fcndmuskeskus tartu\" srcset=\"https:\/\/www.ecb.ee\/wp-content\/uploads\/2024\/05\/20_dec_2018_tartu_002.jpg 750w, https:\/\/www.ecb.ee\/wp-content\/uploads\/2024\/05\/20_dec_2018_tartu_002-300x200.jpg 300w\" sizes=\"auto, (max-width: 750px) 100vw, 750px\" \/><\/a>\n\t\t\t<\/div><\/figure><figure class='gallery-item'>\n\t\t\t<div class='gallery-icon landscape'>\n\t\t\t\t<a href='https:\/\/www.ecb.ee\/fi\/blogi\/15-paikkaa-mieliinpainuvaan-tapahtumaan-tartossa\/attachment\/hubriidstuudio1-2\/'><img loading=\"lazy\" decoding=\"async\" width=\"750\" height=\"500\" src=\"https:\/\/www.ecb.ee\/wp-content\/uploads\/2024\/05\/Hubriidstuudio1.jpg\" class=\"attachment-full size-full\" alt=\"Hotell Lydia s\u00fcndmuskeskus tartu\" srcset=\"https:\/\/www.ecb.ee\/wp-content\/uploads\/2024\/05\/Hubriidstuudio1.jpg 750w, https:\/\/www.ecb.ee\/wp-content\/uploads\/2024\/05\/Hubriidstuudio1-300x200.jpg 300w\" sizes=\"auto, (max-width: 750px) 100vw, 750px\" \/><\/a>\n\t\t\t<\/div><\/figure>\n\t\t<\/div>\n\n<p>&nbsp;<\/p>\n<p>Sijainti Tarton vanhassakaupungissa ja yksil\u00f6llinen palvelu tekev\u00e4t Hotel Lydiasta loistavan pys\u00e4hdyspaikan sek\u00e4 vapaa-ajan ett\u00e4 liike- ja kokousmatkailijoille. Hotellissa on 70 huonetta, saunael\u00e4myksi\u00e4 ja rentoutumismahdollisuuksia tarjoava spa lounge, kuntosali, ravintola H\u00f5lm, business lounge sek\u00e4 ajanmukaisilla \u00e4\u00e4ni-, valo- ja videoratkaisuilla varustettu tapahtumakeskus.<\/p>\n<p>Tapahtumakeskus tarjoaa loistavat puitteet niin merkkip\u00e4iville ja cocktailtilaisuuksille kuin kokouksille ja konferensseille. Tyylikk\u00e4\u00e4sti sisustetun tapahtumakeskuksen avarat ja monik\u00e4ytt\u00f6iset tilat on varustettu huipputason \u00e4\u00e4ni- ja valoratkaisuilla. Keskus soveltuu erinomaisesti my\u00f6s virtuaali- ja hybriditapahtumien studioksi, josta voidaan l\u00e4hett\u00e4\u00e4 laadukasta sis\u00e4lt\u00f6\u00e4 tilaajan haluamille verkkosivuille.<\/p>\n<p><strong>Kapasiteetti:<\/strong> Tuoliriveill\u00e4 180 henke\u00e4, luokkamuodossa 80 henke\u00e4, diplomaattimuodossa 54 henke\u00e4, gaalatilaisuuksissa 100 henke\u00e4.<\/p>\n<p><a href=\"https:\/\/lydia.ee\/keskus\" target=\"_blank\" rel=\"noopener\">Lis\u00e4tietoja tiloista<\/a><\/p>\n<p>&nbsp;<\/p>\n<h2>Ravintola Humal<\/h2>\n<p>Tarton ydinkeskustassa sijaitseva Humal-ravintola juontaa juurensa pubikulttuurista ja sille ominaisesta h\u00e4lin\u00e4st\u00e4. Ravintolan periaatteita ovat tuoreiden raaka-aineiden k\u00e4ytt\u00f6, niiden paikallinen kulutus ja jalostaminen.<\/p>\n<p>Humal sopii loistavasti my\u00f6s tapahtumien j\u00e4rjest\u00e4miseen &#8211; olipa kyseess\u00e4 yksityinen tai julkinen tilaisuus, yritystapahtuma, kokous tai juhla. K\u00e4ytett\u00e4viss\u00e4 on joko koko ravintola tai sen osa, esimerkiksi vain toinen kerros tai viihtyis\u00e4 ulkoterassi, jonka ikkunat voi avata l\u00e4mpim\u00e4ll\u00e4 s\u00e4\u00e4ll\u00e4. Kaikissa tiloissa on ajanmukainen \u00e4\u00e4ni- ja kuvatekniikka sek\u00e4 esiintymislava artisteille.<\/p>\n<p>Lis\u00e4ksi Humal tarjoaa asiakkailleen kokonaisvaltaista tapahtumapalvelua ideoinnista ohjelman suunnitteluun, teknisist\u00e4 ratkaisuista ammattimaiseen projektinhallintaan.<\/p>\n<p><strong>Kapasiteetti:<\/strong> Koko ravintola: seisovissa tilaisuuksissa 300 henke\u00e4 tai p\u00f6ydiss\u00e4 185 henke\u00e4.<br \/>\nToinen kerros: seisovissa tilaisuuksissa 75 henke\u00e4 tai p\u00f6ydiss\u00e4 50 henke\u00e4. K\u00e4ytett\u00e4viss\u00e4 on lis\u00e4ksi oma baari sek\u00e4 \u00e4\u00e4ni- ja videolaitteisto.<br \/>\nTerassi: seisovissa tilaisuuksissa 60 henke\u00e4 tai p\u00f6ydiss\u00e4 35 henke\u00e4. Tilassa on oma \u00e4\u00e4nilaitteisto.<\/p>\n<p><a href=\"https:\/\/humalresto.ee\/en\/events\/\" target=\"_blank\" rel=\"noopener\">Lis\u00e4tietoja<\/a><\/p>\n","protected":false},"excerpt":{"rendered":"<p>Tartto, on saanut tunnustusta kaupunkina, jossa on maailman parhaimpiin kuuluva asuinymp\u00e4rist\u00f6. El\u00e4m\u00e4 on t\u00e4\u00e4ll\u00e4 tosiaan rikasta ja talotkin \u00e4lykk\u00e4it\u00e4. Tarton monipuolisuus heijastuu my\u00f6s siell\u00e4 pidett\u00e4viin kansainv\u00e4lisiin tapahtumiin. Yliopistokaupunki on omaleimainen ja sopivan kokoinen tarjoten kokousj\u00e4rjest\u00e4jille monenlaisia vaihtoehtoja oman tapahtuman j\u00e4rjest\u00e4miseen. Ty\u00f6p\u00e4iv\u00e4n p\u00e4\u00e4tteeksi voi seikkailla viihtyisill\u00e4 kaduilla, osallistua konferenssin lis\u00e4ohjelmiin eri puolilla kaupunkia tai vain jaloitella [&hellip;]<\/p>\n","protected":false},"author":4,"featured_media":38381,"comment_status":"closed","ping_status":"closed","sticky":false,"template":"","format":"standard","meta":{"_acf_changed":false,"footnotes":""},"categories":[353,411,410,412],"tags":[],"class_list":["post-38379","post","type-post","status-publish","format-standard","has-post-thumbnail","hentry","category-blogi","category-tartu-fi","category-conferences-fi","category-kokoustilat"],"acf":[],"yoast_head":"<!-- This site is optimized with the Yoast SEO plugin v27.5 - https:\/\/yoast.com\/product\/yoast-seo-wordpress\/ -->\n<title>15 PAIKKAA MIELIINPAINUVAAN TAPAHTUMAAN TARTOSSA - Estonian Convention Bureau<\/title>\n<meta name=\"robots\" content=\"index, follow, max-snippet:-1, max-image-preview:large, max-video-preview:-1\" \/>\n<link rel=\"canonical\" href=\"https:\/\/www.ecb.ee\/fi\/blogi\/15-paikkaa-mieliinpainuvaan-tapahtumaan-tartossa\/\" \/>\n<meta property=\"og:locale\" content=\"fi_FI\" \/>\n<meta property=\"og:type\" content=\"article\" \/>\n<meta property=\"og:title\" content=\"15 PAIKKAA MIELIINPAINUVAAN TAPAHTUMAAN TARTOSSA - Estonian Convention Bureau\" \/>\n<meta property=\"og:description\" content=\"Tartto, on saanut tunnustusta kaupunkina, jossa on maailman parhaimpiin kuuluva asuinymp\u00e4rist\u00f6. El\u00e4m\u00e4 on t\u00e4\u00e4ll\u00e4 tosiaan rikasta ja talotkin \u00e4lykk\u00e4it\u00e4. Tarton monipuolisuus heijastuu my\u00f6s siell\u00e4 pidett\u00e4viin kansainv\u00e4lisiin tapahtumiin. Yliopistokaupunki on omaleimainen ja sopivan kokoinen tarjoten kokousj\u00e4rjest\u00e4jille monenlaisia vaihtoehtoja oman tapahtuman j\u00e4rjest\u00e4miseen. Ty\u00f6p\u00e4iv\u00e4n p\u00e4\u00e4tteeksi voi seikkailla viihtyisill\u00e4 kaduilla, osallistua konferenssin lis\u00e4ohjelmiin eri puolilla kaupunkia tai vain jaloitella [&hellip;]\" \/>\n<meta property=\"og:url\" content=\"https:\/\/www.ecb.ee\/fi\/blogi\/15-paikkaa-mieliinpainuvaan-tapahtumaan-tartossa\/\" \/>\n<meta property=\"og:site_name\" content=\"Estonian Convention Bureau\" \/>\n<meta property=\"article:published_time\" content=\"2024-05-28T09:06:43+00:00\" \/>\n<meta property=\"article:modified_time\" content=\"2026-04-08T11:46:00+00:00\" \/>\n<meta property=\"og:image\" content=\"https:\/\/www.ecb.ee\/wp-content\/uploads\/2021\/09\/Kammivabriku-Tehasehoone_2-e1716903778434.jpg\" \/>\n\t<meta property=\"og:image:width\" content=\"2048\" \/>\n\t<meta property=\"og:image:height\" content=\"672\" \/>\n\t<meta property=\"og:image:type\" content=\"image\/jpeg\" \/>\n<meta name=\"author\" content=\"Riine Tiigi\" \/>\n<meta name=\"twitter:card\" content=\"summary_large_image\" \/>\n<meta name=\"twitter:label1\" content=\"Kirjoittanut\" \/>\n\t<meta name=\"twitter:data1\" content=\"Riine Tiigi\" \/>\n\t<meta name=\"twitter:label2\" content=\"Arvioitu lukuaika\" \/>\n\t<meta name=\"twitter:data2\" content=\"7 minuuttia\" \/>\n<script type=\"application\/ld+json\" class=\"yoast-schema-graph\">{\"@context\":\"https:\\\/\\\/schema.org\",\"@graph\":[{\"@type\":\"Article\",\"@id\":\"https:\\\/\\\/www.ecb.ee\\\/fi\\\/blogi\\\/15-paikkaa-mieliinpainuvaan-tapahtumaan-tartossa\\\/#article\",\"isPartOf\":{\"@id\":\"https:\\\/\\\/www.ecb.ee\\\/fi\\\/blogi\\\/15-paikkaa-mieliinpainuvaan-tapahtumaan-tartossa\\\/\"},\"author\":{\"name\":\"Riine Tiigi\",\"@id\":\"https:\\\/\\\/www.ecb.ee\\\/#\\\/schema\\\/person\\\/683a06848cf0a690b2ba233665cb719f\"},\"headline\":\"15 PAIKKAA MIELIINPAINUVAAN TAPAHTUMAAN TARTOSSA\",\"datePublished\":\"2024-05-28T09:06:43+00:00\",\"dateModified\":\"2026-04-08T11:46:00+00:00\",\"mainEntityOfPage\":{\"@id\":\"https:\\\/\\\/www.ecb.ee\\\/fi\\\/blogi\\\/15-paikkaa-mieliinpainuvaan-tapahtumaan-tartossa\\\/\"},\"wordCount\":1403,\"publisher\":{\"@id\":\"https:\\\/\\\/www.ecb.ee\\\/#organization\"},\"image\":{\"@id\":\"https:\\\/\\\/www.ecb.ee\\\/fi\\\/blogi\\\/15-paikkaa-mieliinpainuvaan-tapahtumaan-tartossa\\\/#primaryimage\"},\"thumbnailUrl\":\"https:\\\/\\\/www.ecb.ee\\\/wp-content\\\/uploads\\\/2021\\\/09\\\/Kammivabriku-Tehasehoone_2-e1716903778434.jpg\",\"articleSection\":[\"Blogi\",\"Tartto\",\"Conferences\",\"Kokoustilat\"],\"inLanguage\":\"fi\"},{\"@type\":\"WebPage\",\"@id\":\"https:\\\/\\\/www.ecb.ee\\\/fi\\\/blogi\\\/15-paikkaa-mieliinpainuvaan-tapahtumaan-tartossa\\\/\",\"url\":\"https:\\\/\\\/www.ecb.ee\\\/fi\\\/blogi\\\/15-paikkaa-mieliinpainuvaan-tapahtumaan-tartossa\\\/\",\"name\":\"15 PAIKKAA MIELIINPAINUVAAN TAPAHTUMAAN TARTOSSA - Estonian Convention Bureau\",\"isPartOf\":{\"@id\":\"https:\\\/\\\/www.ecb.ee\\\/#website\"},\"primaryImageOfPage\":{\"@id\":\"https:\\\/\\\/www.ecb.ee\\\/fi\\\/blogi\\\/15-paikkaa-mieliinpainuvaan-tapahtumaan-tartossa\\\/#primaryimage\"},\"image\":{\"@id\":\"https:\\\/\\\/www.ecb.ee\\\/fi\\\/blogi\\\/15-paikkaa-mieliinpainuvaan-tapahtumaan-tartossa\\\/#primaryimage\"},\"thumbnailUrl\":\"https:\\\/\\\/www.ecb.ee\\\/wp-content\\\/uploads\\\/2021\\\/09\\\/Kammivabriku-Tehasehoone_2-e1716903778434.jpg\",\"datePublished\":\"2024-05-28T09:06:43+00:00\",\"dateModified\":\"2026-04-08T11:46:00+00:00\",\"breadcrumb\":{\"@id\":\"https:\\\/\\\/www.ecb.ee\\\/fi\\\/blogi\\\/15-paikkaa-mieliinpainuvaan-tapahtumaan-tartossa\\\/#breadcrumb\"},\"inLanguage\":\"fi\",\"potentialAction\":[{\"@type\":\"ReadAction\",\"target\":[\"https:\\\/\\\/www.ecb.ee\\\/fi\\\/blogi\\\/15-paikkaa-mieliinpainuvaan-tapahtumaan-tartossa\\\/\"]}]},{\"@type\":\"ImageObject\",\"inLanguage\":\"fi\",\"@id\":\"https:\\\/\\\/www.ecb.ee\\\/fi\\\/blogi\\\/15-paikkaa-mieliinpainuvaan-tapahtumaan-tartossa\\\/#primaryimage\",\"url\":\"https:\\\/\\\/www.ecb.ee\\\/wp-content\\\/uploads\\\/2021\\\/09\\\/Kammivabriku-Tehasehoone_2-e1716903778434.jpg\",\"contentUrl\":\"https:\\\/\\\/www.ecb.ee\\\/wp-content\\\/uploads\\\/2021\\\/09\\\/Kammivabriku-Tehasehoone_2-e1716903778434.jpg\",\"width\":2048,\"height\":672},{\"@type\":\"BreadcrumbList\",\"@id\":\"https:\\\/\\\/www.ecb.ee\\\/fi\\\/blogi\\\/15-paikkaa-mieliinpainuvaan-tapahtumaan-tartossa\\\/#breadcrumb\",\"itemListElement\":[{\"@type\":\"ListItem\",\"position\":1,\"name\":\"Home\",\"item\":\"https:\\\/\\\/www.ecb.ee\\\/fi\\\/\"},{\"@type\":\"ListItem\",\"position\":2,\"name\":\"15 PAIKKAA MIELIINPAINUVAAN TAPAHTUMAAN TARTOSSA\"}]},{\"@type\":\"WebSite\",\"@id\":\"https:\\\/\\\/www.ecb.ee\\\/#website\",\"url\":\"https:\\\/\\\/www.ecb.ee\\\/\",\"name\":\"Estonian Convention Bureau\",\"description\":\"\",\"publisher\":{\"@id\":\"https:\\\/\\\/www.ecb.ee\\\/#organization\"},\"potentialAction\":[{\"@type\":\"SearchAction\",\"target\":{\"@type\":\"EntryPoint\",\"urlTemplate\":\"https:\\\/\\\/www.ecb.ee\\\/?s={search_term_string}\"},\"query-input\":{\"@type\":\"PropertyValueSpecification\",\"valueRequired\":true,\"valueName\":\"search_term_string\"}}],\"inLanguage\":\"fi\"},{\"@type\":\"Organization\",\"@id\":\"https:\\\/\\\/www.ecb.ee\\\/#organization\",\"name\":\"Estonian Convention Bureau\",\"url\":\"https:\\\/\\\/www.ecb.ee\\\/\",\"logo\":{\"@type\":\"ImageObject\",\"inLanguage\":\"fi\",\"@id\":\"https:\\\/\\\/www.ecb.ee\\\/#\\\/schema\\\/logo\\\/image\\\/\",\"url\":\"https:\\\/\\\/www.ecb.ee\\\/wp-content\\\/uploads\\\/2020\\\/12\\\/site_logo.svg\",\"contentUrl\":\"https:\\\/\\\/www.ecb.ee\\\/wp-content\\\/uploads\\\/2020\\\/12\\\/site_logo.svg\",\"caption\":\"Estonian Convention Bureau\"},\"image\":{\"@id\":\"https:\\\/\\\/www.ecb.ee\\\/#\\\/schema\\\/logo\\\/image\\\/\"}},{\"@type\":\"Person\",\"@id\":\"https:\\\/\\\/www.ecb.ee\\\/#\\\/schema\\\/person\\\/683a06848cf0a690b2ba233665cb719f\",\"name\":\"Riine Tiigi\",\"image\":{\"@type\":\"ImageObject\",\"inLanguage\":\"fi\",\"@id\":\"https:\\\/\\\/secure.gravatar.com\\\/avatar\\\/d86339875b83b6a9394fce703248189388335d81fba6ca62f59bc61cc7a0ae31?s=96&d=mm&r=g\",\"url\":\"https:\\\/\\\/secure.gravatar.com\\\/avatar\\\/d86339875b83b6a9394fce703248189388335d81fba6ca62f59bc61cc7a0ae31?s=96&d=mm&r=g\",\"contentUrl\":\"https:\\\/\\\/secure.gravatar.com\\\/avatar\\\/d86339875b83b6a9394fce703248189388335d81fba6ca62f59bc61cc7a0ae31?s=96&d=mm&r=g\",\"caption\":\"Riine Tiigi\"},\"url\":\"https:\\\/\\\/www.ecb.ee\\\/fi\\\/author\\\/riine\\\/\"}]}<\/script>\n<!-- \/ Yoast SEO plugin. -->","yoast_head_json":{"title":"15 PAIKKAA MIELIINPAINUVAAN TAPAHTUMAAN TARTOSSA - Estonian Convention Bureau","robots":{"index":"index","follow":"follow","max-snippet":"max-snippet:-1","max-image-preview":"max-image-preview:large","max-video-preview":"max-video-preview:-1"},"canonical":"https:\/\/www.ecb.ee\/fi\/blogi\/15-paikkaa-mieliinpainuvaan-tapahtumaan-tartossa\/","og_locale":"fi_FI","og_type":"article","og_title":"15 PAIKKAA MIELIINPAINUVAAN TAPAHTUMAAN TARTOSSA - Estonian Convention Bureau","og_description":"Tartto, on saanut tunnustusta kaupunkina, jossa on maailman parhaimpiin kuuluva asuinymp\u00e4rist\u00f6. El\u00e4m\u00e4 on t\u00e4\u00e4ll\u00e4 tosiaan rikasta ja talotkin \u00e4lykk\u00e4it\u00e4. Tarton monipuolisuus heijastuu my\u00f6s siell\u00e4 pidett\u00e4viin kansainv\u00e4lisiin tapahtumiin. Yliopistokaupunki on omaleimainen ja sopivan kokoinen tarjoten kokousj\u00e4rjest\u00e4jille monenlaisia vaihtoehtoja oman tapahtuman j\u00e4rjest\u00e4miseen. Ty\u00f6p\u00e4iv\u00e4n p\u00e4\u00e4tteeksi voi seikkailla viihtyisill\u00e4 kaduilla, osallistua konferenssin lis\u00e4ohjelmiin eri puolilla kaupunkia tai vain jaloitella [&hellip;]","og_url":"https:\/\/www.ecb.ee\/fi\/blogi\/15-paikkaa-mieliinpainuvaan-tapahtumaan-tartossa\/","og_site_name":"Estonian Convention Bureau","article_published_time":"2024-05-28T09:06:43+00:00","article_modified_time":"2026-04-08T11:46:00+00:00","og_image":[{"width":2048,"height":672,"url":"https:\/\/www.ecb.ee\/wp-content\/uploads\/2021\/09\/Kammivabriku-Tehasehoone_2-e1716903778434.jpg","type":"image\/jpeg"}],"author":"Riine Tiigi","twitter_card":"summary_large_image","twitter_misc":{"Kirjoittanut":"Riine Tiigi","Arvioitu lukuaika":"7 minuuttia"},"schema":{"@context":"https:\/\/schema.org","@graph":[{"@type":"Article","@id":"https:\/\/www.ecb.ee\/fi\/blogi\/15-paikkaa-mieliinpainuvaan-tapahtumaan-tartossa\/#article","isPartOf":{"@id":"https:\/\/www.ecb.ee\/fi\/blogi\/15-paikkaa-mieliinpainuvaan-tapahtumaan-tartossa\/"},"author":{"name":"Riine Tiigi","@id":"https:\/\/www.ecb.ee\/#\/schema\/person\/683a06848cf0a690b2ba233665cb719f"},"headline":"15 PAIKKAA MIELIINPAINUVAAN TAPAHTUMAAN TARTOSSA","datePublished":"2024-05-28T09:06:43+00:00","dateModified":"2026-04-08T11:46:00+00:00","mainEntityOfPage":{"@id":"https:\/\/www.ecb.ee\/fi\/blogi\/15-paikkaa-mieliinpainuvaan-tapahtumaan-tartossa\/"},"wordCount":1403,"publisher":{"@id":"https:\/\/www.ecb.ee\/#organization"},"image":{"@id":"https:\/\/www.ecb.ee\/fi\/blogi\/15-paikkaa-mieliinpainuvaan-tapahtumaan-tartossa\/#primaryimage"},"thumbnailUrl":"https:\/\/www.ecb.ee\/wp-content\/uploads\/2021\/09\/Kammivabriku-Tehasehoone_2-e1716903778434.jpg","articleSection":["Blogi","Tartto","Conferences","Kokoustilat"],"inLanguage":"fi"},{"@type":"WebPage","@id":"https:\/\/www.ecb.ee\/fi\/blogi\/15-paikkaa-mieliinpainuvaan-tapahtumaan-tartossa\/","url":"https:\/\/www.ecb.ee\/fi\/blogi\/15-paikkaa-mieliinpainuvaan-tapahtumaan-tartossa\/","name":"15 PAIKKAA MIELIINPAINUVAAN TAPAHTUMAAN TARTOSSA - Estonian Convention Bureau","isPartOf":{"@id":"https:\/\/www.ecb.ee\/#website"},"primaryImageOfPage":{"@id":"https:\/\/www.ecb.ee\/fi\/blogi\/15-paikkaa-mieliinpainuvaan-tapahtumaan-tartossa\/#primaryimage"},"image":{"@id":"https:\/\/www.ecb.ee\/fi\/blogi\/15-paikkaa-mieliinpainuvaan-tapahtumaan-tartossa\/#primaryimage"},"thumbnailUrl":"https:\/\/www.ecb.ee\/wp-content\/uploads\/2021\/09\/Kammivabriku-Tehasehoone_2-e1716903778434.jpg","datePublished":"2024-05-28T09:06:43+00:00","dateModified":"2026-04-08T11:46:00+00:00","breadcrumb":{"@id":"https:\/\/www.ecb.ee\/fi\/blogi\/15-paikkaa-mieliinpainuvaan-tapahtumaan-tartossa\/#breadcrumb"},"inLanguage":"fi","potentialAction":[{"@type":"ReadAction","target":["https:\/\/www.ecb.ee\/fi\/blogi\/15-paikkaa-mieliinpainuvaan-tapahtumaan-tartossa\/"]}]},{"@type":"ImageObject","inLanguage":"fi","@id":"https:\/\/www.ecb.ee\/fi\/blogi\/15-paikkaa-mieliinpainuvaan-tapahtumaan-tartossa\/#primaryimage","url":"https:\/\/www.ecb.ee\/wp-content\/uploads\/2021\/09\/Kammivabriku-Tehasehoone_2-e1716903778434.jpg","contentUrl":"https:\/\/www.ecb.ee\/wp-content\/uploads\/2021\/09\/Kammivabriku-Tehasehoone_2-e1716903778434.jpg","width":2048,"height":672},{"@type":"BreadcrumbList","@id":"https:\/\/www.ecb.ee\/fi\/blogi\/15-paikkaa-mieliinpainuvaan-tapahtumaan-tartossa\/#breadcrumb","itemListElement":[{"@type":"ListItem","position":1,"name":"Home","item":"https:\/\/www.ecb.ee\/fi\/"},{"@type":"ListItem","position":2,"name":"15 PAIKKAA MIELIINPAINUVAAN TAPAHTUMAAN TARTOSSA"}]},{"@type":"WebSite","@id":"https:\/\/www.ecb.ee\/#website","url":"https:\/\/www.ecb.ee\/","name":"Estonian Convention Bureau","description":"","publisher":{"@id":"https:\/\/www.ecb.ee\/#organization"},"potentialAction":[{"@type":"SearchAction","target":{"@type":"EntryPoint","urlTemplate":"https:\/\/www.ecb.ee\/?s={search_term_string}"},"query-input":{"@type":"PropertyValueSpecification","valueRequired":true,"valueName":"search_term_string"}}],"inLanguage":"fi"},{"@type":"Organization","@id":"https:\/\/www.ecb.ee\/#organization","name":"Estonian Convention Bureau","url":"https:\/\/www.ecb.ee\/","logo":{"@type":"ImageObject","inLanguage":"fi","@id":"https:\/\/www.ecb.ee\/#\/schema\/logo\/image\/","url":"https:\/\/www.ecb.ee\/wp-content\/uploads\/2020\/12\/site_logo.svg","contentUrl":"https:\/\/www.ecb.ee\/wp-content\/uploads\/2020\/12\/site_logo.svg","caption":"Estonian Convention Bureau"},"image":{"@id":"https:\/\/www.ecb.ee\/#\/schema\/logo\/image\/"}},{"@type":"Person","@id":"https:\/\/www.ecb.ee\/#\/schema\/person\/683a06848cf0a690b2ba233665cb719f","name":"Riine Tiigi","image":{"@type":"ImageObject","inLanguage":"fi","@id":"https:\/\/secure.gravatar.com\/avatar\/d86339875b83b6a9394fce703248189388335d81fba6ca62f59bc61cc7a0ae31?s=96&d=mm&r=g","url":"https:\/\/secure.gravatar.com\/avatar\/d86339875b83b6a9394fce703248189388335d81fba6ca62f59bc61cc7a0ae31?s=96&d=mm&r=g","contentUrl":"https:\/\/secure.gravatar.com\/avatar\/d86339875b83b6a9394fce703248189388335d81fba6ca62f59bc61cc7a0ae31?s=96&d=mm&r=g","caption":"Riine Tiigi"},"url":"https:\/\/www.ecb.ee\/fi\/author\/riine\/"}]}},"_links":{"self":[{"href":"https:\/\/www.ecb.ee\/fi\/wp-json\/wp\/v2\/posts\/38379","targetHints":{"allow":["GET"]}}],"collection":[{"href":"https:\/\/www.ecb.ee\/fi\/wp-json\/wp\/v2\/posts"}],"about":[{"href":"https:\/\/www.ecb.ee\/fi\/wp-json\/wp\/v2\/types\/post"}],"author":[{"embeddable":true,"href":"https:\/\/www.ecb.ee\/fi\/wp-json\/wp\/v2\/users\/4"}],"replies":[{"embeddable":true,"href":"https:\/\/www.ecb.ee\/fi\/wp-json\/wp\/v2\/comments?post=38379"}],"version-history":[{"count":14,"href":"https:\/\/www.ecb.ee\/fi\/wp-json\/wp\/v2\/posts\/38379\/revisions"}],"predecessor-version":[{"id":45975,"href":"https:\/\/www.ecb.ee\/fi\/wp-json\/wp\/v2\/posts\/38379\/revisions\/45975"}],"wp:featuredmedia":[{"embeddable":true,"href":"https:\/\/www.ecb.ee\/fi\/wp-json\/wp\/v2\/media\/38381"}],"wp:attachment":[{"href":"https:\/\/www.ecb.ee\/fi\/wp-json\/wp\/v2\/media?parent=38379"}],"wp:term":[{"taxonomy":"category","embeddable":true,"href":"https:\/\/www.ecb.ee\/fi\/wp-json\/wp\/v2\/categories?post=38379"},{"taxonomy":"post_tag","embeddable":true,"href":"https:\/\/www.ecb.ee\/fi\/wp-json\/wp\/v2\/tags?post=38379"}],"curies":[{"name":"wp","href":"https:\/\/api.w.org\/{rel}","templated":true}]}}