{"id":44509,"date":"2026-01-29T08:23:33","date_gmt":"2026-01-29T08:23:33","guid":{"rendered":"https:\/\/www.ecb.ee\/?p=44509"},"modified":"2026-01-30T11:22:18","modified_gmt":"2026-01-30T11:22:18","slug":"tartu-tunnustas-maailmatasemel-konverentsikorraldajaid","status":"publish","type":"post","link":"https:\/\/www.ecb.ee\/et\/uudised\/tartu-tunnustas-maailmatasemel-konverentsikorraldajaid\/","title":{"rendered":"Tartu tunnustas maailmatasemel konverentsikorraldajaid"},"content":{"rendered":"<p><strong>Eile, 28. jaanuaril tunnustas Tartu linn konverentsikorraldajaid, kelle panus t\u00f5i eelmisel aastal Tartusse 50 rahvusvahelist konverentsis\u00fcndmust ning \u00fcle 4000 v\u00e4lisk\u00fclalise. Konverentsiturism annab Tartule olulise majandusliku panuse, sest sellised k\u00fclastajad kulutavad Tartus \u00fcle kolme korra rohkem kui tavak\u00fclastajad. \u00dchtlasti anti kuuele tartlasele \u00fcle konverentsisaadiku tiitel.<\/strong><\/p>\n<p><strong>\u00a0<\/strong>Tartu linn koost\u00f6\u00f6s Eesti Konverentsib\u00fcrooga (EKB) tunnustas t\u00e4navu juba 13. korda rahvusvaheliste konverentside korraldajaid ja Tartu uusi konverentsisaadikuid. Seekordne t\u00e4nu\u00fcritus toimus Lydia s\u00fcndmuskeskuses.<\/p>\n<p>Tartu linnapea Urmas Klaas r\u00f5hutas, et konverentsiturism on Tartule \u00e4\u00e4rmiselt oluline valdkond. \u201cTartu on t\u00f5estanud end hinnatud rahvusvahelise konverentsilinnana, tuues siia k\u00f5rgetasemelisi teadus- ja erialas\u00fcndmusi ning osalejaid \u00fcle kogu maailma. M\u00f6\u00f6dunud aastal kasvas rahvusvaheliste konverentside arv m\u00e4rgatavalt, mis n\u00e4itab, et Tartul kui \u00fclikoolilinnal on palju potentsiaali, et just siin toimuksid erinevate elualade maailma tipptasemel kohtumised,\u201d s\u00f5nas Klaas.<\/p>\n<p>EKB juhi Kadri Karu s\u00f5nul andis just Tartu eelmisel aastal Eesti konverentsivaldkonna arengusse ja eksporti m\u00e4rkimisv\u00e4\u00e4rselt suure panuse.\u201cRahvusvaheliste konverentsisihtkohtade pingereas, mida koostab International Congress &amp; Convention Association, on Eesti Baltimaade selge liider ja globaalselt n\u00fc\u00fcdseks juba k\u00f5rgel 44. kohal. Selle saavutamisel olid Tartus korraldatud konverentsid m\u00e4\u00e4rava t\u00e4htsusega. Tartu t\u00f5usu n\u00e4itab ka see, et esimest korda on Tartu maailma 100 parima konverentsilinna seas,\u201d t\u00f5i Karu v\u00e4lja.<\/p>\n<p>Tartu kui suure lisandv\u00e4\u00e4rtusega konverentsiturismi sihtkoha tutvustamisel on oluline roll Tartu konverentsisaadikutel ehk inimestel, kes toovad oma valdkonna rahvusvahelisi s\u00fcndmusi edukalt Tartusse. Praeguseks on Tartul juba 147 konverentsisaadikut.<\/p>\n<p>T\u00e4navu p\u00e4lvisid <strong>Tartu konverentsisaadiku tiitli<\/strong>:<\/p>\n<ul>\n<li>Eesti Maa\u00fclikooli professor Evelin Loit-Harro;<\/li>\n<li>Tartu \u00dclikooli Transplantatsioonikeskuse direktor dr Virge Pall;<\/li>\n<li>Tartu \u00dclikooli professor Uku Vainik;<\/li>\n<li>Tartu \u00dclikooli kaasprofessor Kelli Lehto;<\/li>\n<li>T\u00dc teadur ja T\u00dc Kliinikumi neuroloog dr Riina Vibo;<\/li>\n<li>T\u00dc professor ja T\u00dc Kliinikumi vanemarst-\u00f5ppej\u00f5ud dr Janika K\u00f5rv.<\/li>\n<\/ul>\n<p>Eesti Konverentsib\u00fcroo aasta konverentsiteoks Tartus 2025 valiti <strong>Tartu \u00dclikooli korraldatud 12. INTECOL Wetlands m\u00e4rgalade konverents<\/strong>, mis paistis silma nii oma mitmek\u00fclgse programmi, \u00fcrituse pikkuse kui ka suure v\u00e4lisosalejate ning esindatud riikide arvu poolest.<\/p>\n<p>T\u00e4nu\u00fcritusel tunnustati veel 13 eelmisel aastal Tartus toimunud konverentsi, mis on tutvustanud Eesti saavutusi \u00fcle maailma ja suurendanud Tartu n\u00e4htavust eri valdkondade kompetentsikeskusena.<\/p>\n<ul>\n<li>Digital Humanities in Nordic and Baltic Countries (DHNB) 9th Conference \u2013 Digital Dreams and Practices, korraldaja Eesti Rahva Muuseum<\/li>\n<li>European Network for Research in Organisational &amp; Accounting Change (ENROAC) \u2013 14th Conference, korraldajad T\u00dc majandusteaduskond ja ENROAC<\/li>\n<li>IAREP 2025 Conference: Behavioural Insights in Research and Policymaking, korraldaja Johan Skytte poliitikauuringute instituut<\/li>\n<li>28th International Congress on Insurance: Mathematics and Economics, korraldajad T\u00dc matemaatika ja statistika instituut ja Eesti Aktuaaride Liit<\/li>\n<li>Congressus XIV Internationalis Fenno-Ugristarum (CIFU), korraldaja Tartu \u00dclikool<\/li>\n<li>DTx New Nordics, korraldaja Tartu Biotehnoloogiapark<\/li>\n<li>Baltic Sleep Meeting 2025, korraldajad Eesti Unemeditsiini Selts ja Meditsiiniuudised<\/li>\n<li>XXIII Nordic Stroke Society Congress, korraldaja Publicon<\/li>\n<li>The International Conference on Applied Physics &amp; Imaging (ICAPI), korraldaja T\u00dc f\u00fc\u00fcsika instituut<\/li>\n<li>The 16th International Conference of the Estonian Association of Comparative Literature: World Poetry Today: Production, Translation, Reception, korraldaja Tartu \u00dclikool<\/li>\n<li>3rd MOVE symposium, korraldaja Eesti Maa\u00fclikool<\/li>\n<li>MEDAL Conference: New challenges, novel approaches, korraldaja T\u00dc eesti ja \u00fcldkeeleteaduse instituut<\/li>\n<li>Exploring Star-Planet-Disk Connections Conference, korraldaja EXOHOST konsortsium<\/li>\n<\/ul>\n<p>Lisaks leidsid erilist \u00e4ram\u00e4rkimist iga-aastased Tartus aset leidvad lipulaevakonverentsid: sTARTUp Day; Annual Conference on Russia; Annual Tartu Conference on East European and Eurasian Studies; International Gene Forum; Annual Baltic Military History Conference; International Conference Biosystems Engineering 2025.<\/p>\n<p>Lisainfo: Maigi Lokko, SA Tartumaa Turism, \u00e4ri- ja konverentsiturismi spetsialist, <a href=\"mailto:maigi.lokko@visittartu.com\">maigi.lokko@visittartu.com<\/a>, 5429 0508.<\/p>\n<div id='gallery-1' class='gallery galleryid-44509 gallery-columns-2 gallery-size-large'><figure class='gallery-item'>\n\t\t\t<div class='gallery-icon landscape'>\n\t\t\t\t<a href='https:\/\/www.ecb.ee\/et\/uudised\/tartu-tunnustas-maailmatasemel-konverentsikorraldajaid\/attachment\/taanuuritus-grupipilt-2\/'><img loading=\"lazy\" decoding=\"async\" width=\"580\" height=\"386\" src=\"https:\/\/www.ecb.ee\/wp-content\/uploads\/2026\/01\/Taanuuritus-grupipilt-1024x682.jpeg\" class=\"attachment-large size-large\" alt=\"\" srcset=\"https:\/\/www.ecb.ee\/wp-content\/uploads\/2026\/01\/Taanuuritus-grupipilt-1024x682.jpeg 1024w, https:\/\/www.ecb.ee\/wp-content\/uploads\/2026\/01\/Taanuuritus-grupipilt-300x200.jpeg 300w, https:\/\/www.ecb.ee\/wp-content\/uploads\/2026\/01\/Taanuuritus-grupipilt-768x512.jpeg 768w, https:\/\/www.ecb.ee\/wp-content\/uploads\/2026\/01\/Taanuuritus-grupipilt-1200x800.jpeg 1200w, https:\/\/www.ecb.ee\/wp-content\/uploads\/2026\/01\/Taanuuritus-grupipilt.jpeg 1280w\" sizes=\"auto, (max-width: 580px) 100vw, 580px\" \/><\/a>\n\t\t\t<\/div><\/figure><figure class='gallery-item'>\n\t\t\t<div class='gallery-icon landscape'>\n\t\t\t\t<a href='https:\/\/www.ecb.ee\/et\/uudised\/tartu-tunnustas-maailmatasemel-konverentsikorraldajaid\/attachment\/juhan-ja-jaagup-lootsadel-2\/'><img loading=\"lazy\" decoding=\"async\" width=\"580\" height=\"386\" src=\"https:\/\/www.ecb.ee\/wp-content\/uploads\/2026\/01\/Juhan-ja-Jaagup-lootsadel-1024x682.jpeg\" class=\"attachment-large size-large\" alt=\"\" srcset=\"https:\/\/www.ecb.ee\/wp-content\/uploads\/2026\/01\/Juhan-ja-Jaagup-lootsadel-1024x682.jpeg 1024w, https:\/\/www.ecb.ee\/wp-content\/uploads\/2026\/01\/Juhan-ja-Jaagup-lootsadel-300x200.jpeg 300w, https:\/\/www.ecb.ee\/wp-content\/uploads\/2026\/01\/Juhan-ja-Jaagup-lootsadel-768x512.jpeg 768w, https:\/\/www.ecb.ee\/wp-content\/uploads\/2026\/01\/Juhan-ja-Jaagup-lootsadel-1200x800.jpeg 1200w, https:\/\/www.ecb.ee\/wp-content\/uploads\/2026\/01\/Juhan-ja-Jaagup-lootsadel.jpeg 1280w\" sizes=\"auto, (max-width: 580px) 100vw, 580px\" \/><\/a>\n\t\t\t<\/div><\/figure><figure class='gallery-item'>\n\t\t\t<div class='gallery-icon landscape'>\n\t\t\t\t<a href='https:\/\/www.ecb.ee\/et\/uudised\/tartu-tunnustas-maailmatasemel-konverentsikorraldajaid\/attachment\/akt-intecol-2\/'><img loading=\"lazy\" decoding=\"async\" width=\"580\" height=\"386\" src=\"https:\/\/www.ecb.ee\/wp-content\/uploads\/2026\/01\/AKT-INTECOL-1024x682.jpeg\" class=\"attachment-large size-large\" alt=\"\" srcset=\"https:\/\/www.ecb.ee\/wp-content\/uploads\/2026\/01\/AKT-INTECOL-1024x682.jpeg 1024w, https:\/\/www.ecb.ee\/wp-content\/uploads\/2026\/01\/AKT-INTECOL-300x200.jpeg 300w, https:\/\/www.ecb.ee\/wp-content\/uploads\/2026\/01\/AKT-INTECOL-768x512.jpeg 768w, https:\/\/www.ecb.ee\/wp-content\/uploads\/2026\/01\/AKT-INTECOL-1200x800.jpeg 1200w, https:\/\/www.ecb.ee\/wp-content\/uploads\/2026\/01\/AKT-INTECOL.jpeg 1280w\" sizes=\"auto, (max-width: 580px) 100vw, 580px\" \/><\/a>\n\t\t\t<\/div><\/figure><figure class='gallery-item'>\n\t\t\t<div class='gallery-icon landscape'>\n\t\t\t\t<a href='https:\/\/www.ecb.ee\/et\/uudised\/tartu-tunnustas-maailmatasemel-konverentsikorraldajaid\/attachment\/vastuvott-2\/'><img loading=\"lazy\" decoding=\"async\" width=\"580\" height=\"386\" src=\"https:\/\/www.ecb.ee\/wp-content\/uploads\/2026\/01\/Vastuvott-1024x682.jpeg\" class=\"attachment-large size-large\" alt=\"\" srcset=\"https:\/\/www.ecb.ee\/wp-content\/uploads\/2026\/01\/Vastuvott-1024x682.jpeg 1024w, https:\/\/www.ecb.ee\/wp-content\/uploads\/2026\/01\/Vastuvott-300x200.jpeg 300w, https:\/\/www.ecb.ee\/wp-content\/uploads\/2026\/01\/Vastuvott-768x512.jpeg 768w, https:\/\/www.ecb.ee\/wp-content\/uploads\/2026\/01\/Vastuvott-1200x800.jpeg 1200w, https:\/\/www.ecb.ee\/wp-content\/uploads\/2026\/01\/Vastuvott.jpeg 1280w\" sizes=\"auto, (max-width: 580px) 100vw, 580px\" \/><\/a>\n\t\t\t<\/div><\/figure>\n\t\t<\/div>\n\n","protected":false},"excerpt":{"rendered":"<p>Eile, 28. jaanuaril tunnustas Tartu linn konverentsikorraldajaid, kelle panus t\u00f5i eelmisel aastal Tartusse 50 rahvusvahelist konverentsis\u00fcndmust ning \u00fcle 4000 v\u00e4lisk\u00fclalise. Konverentsiturism annab Tartule olulise majandusliku panuse, sest sellised k\u00fclastajad kulutavad Tartus \u00fcle kolme korra rohkem kui tavak\u00fclastajad. \u00dchtlasti anti kuuele tartlasele \u00fcle konverentsisaadiku tiitel. \u00a0Tartu linn koost\u00f6\u00f6s Eesti Konverentsib\u00fcrooga (EKB) tunnustas t\u00e4navu juba 13. korda [&hellip;]<\/p>\n","protected":false},"author":4,"featured_media":44515,"comment_status":"closed","ping_status":"closed","sticky":false,"template":"","format":"standard","meta":{"_acf_changed":false,"footnotes":""},"categories":[189],"tags":[],"class_list":["post-44509","post","type-post","status-publish","format-standard","has-post-thumbnail","hentry","category-uudised"],"acf":[],"yoast_head":"<!-- This site is optimized with the Yoast SEO plugin v27.5 - https:\/\/yoast.com\/product\/yoast-seo-wordpress\/ -->\n<title>Tartu tunnustas maailmatasemel konverentsikorraldajaid - Estonian Convention Bureau<\/title>\n<meta name=\"robots\" content=\"index, follow, max-snippet:-1, max-image-preview:large, max-video-preview:-1\" \/>\n<link rel=\"canonical\" href=\"https:\/\/www.ecb.ee\/et\/uudised\/tartu-tunnustas-maailmatasemel-konverentsikorraldajaid\/\" \/>\n<meta property=\"og:locale\" content=\"et_EE\" \/>\n<meta property=\"og:type\" content=\"article\" \/>\n<meta property=\"og:title\" content=\"Tartu tunnustas maailmatasemel konverentsikorraldajaid - Estonian Convention Bureau\" \/>\n<meta property=\"og:description\" content=\"Eile, 28. jaanuaril tunnustas Tartu linn konverentsikorraldajaid, kelle panus t\u00f5i eelmisel aastal Tartusse 50 rahvusvahelist konverentsis\u00fcndmust ning \u00fcle 4000 v\u00e4lisk\u00fclalise. Konverentsiturism annab Tartule olulise majandusliku panuse, sest sellised k\u00fclastajad kulutavad Tartus \u00fcle kolme korra rohkem kui tavak\u00fclastajad. \u00dchtlasti anti kuuele tartlasele \u00fcle konverentsisaadiku tiitel. \u00a0Tartu linn koost\u00f6\u00f6s Eesti Konverentsib\u00fcrooga (EKB) tunnustas t\u00e4navu juba 13. korda [&hellip;]\" \/>\n<meta property=\"og:url\" content=\"https:\/\/www.ecb.ee\/et\/uudised\/tartu-tunnustas-maailmatasemel-konverentsikorraldajaid\/\" \/>\n<meta property=\"og:site_name\" content=\"Estonian Convention Bureau\" \/>\n<meta property=\"article:published_time\" content=\"2026-01-29T08:23:33+00:00\" \/>\n<meta property=\"article:modified_time\" content=\"2026-01-30T11:22:18+00:00\" \/>\n<meta property=\"og:image\" content=\"https:\/\/www.ecb.ee\/wp-content\/uploads\/2026\/01\/AKT-INTECOL_koos-Publiconiga.jpeg\" \/>\n\t<meta property=\"og:image:width\" content=\"1280\" \/>\n\t<meta property=\"og:image:height\" content=\"853\" \/>\n\t<meta property=\"og:image:type\" content=\"image\/jpeg\" \/>\n<meta name=\"author\" content=\"Riine Tiigi\" \/>\n<meta name=\"twitter:card\" content=\"summary_large_image\" \/>\n<meta name=\"twitter:label1\" content=\"Written by\" \/>\n\t<meta name=\"twitter:data1\" content=\"Riine Tiigi\" \/>\n\t<meta name=\"twitter:label2\" content=\"Est. reading time\" \/>\n\t<meta name=\"twitter:data2\" content=\"3 minutit\" \/>\n<script type=\"application\/ld+json\" class=\"yoast-schema-graph\">{\"@context\":\"https:\\\/\\\/schema.org\",\"@graph\":[{\"@type\":\"Article\",\"@id\":\"https:\\\/\\\/www.ecb.ee\\\/et\\\/uudised\\\/tartu-tunnustas-maailmatasemel-konverentsikorraldajaid\\\/#article\",\"isPartOf\":{\"@id\":\"https:\\\/\\\/www.ecb.ee\\\/et\\\/uudised\\\/tartu-tunnustas-maailmatasemel-konverentsikorraldajaid\\\/\"},\"author\":{\"name\":\"Riine Tiigi\",\"@id\":\"https:\\\/\\\/www.ecb.ee\\\/#\\\/schema\\\/person\\\/683a06848cf0a690b2ba233665cb719f\"},\"headline\":\"Tartu tunnustas maailmatasemel konverentsikorraldajaid\",\"datePublished\":\"2026-01-29T08:23:33+00:00\",\"dateModified\":\"2026-01-30T11:22:18+00:00\",\"mainEntityOfPage\":{\"@id\":\"https:\\\/\\\/www.ecb.ee\\\/et\\\/uudised\\\/tartu-tunnustas-maailmatasemel-konverentsikorraldajaid\\\/\"},\"wordCount\":571,\"publisher\":{\"@id\":\"https:\\\/\\\/www.ecb.ee\\\/#organization\"},\"image\":{\"@id\":\"https:\\\/\\\/www.ecb.ee\\\/et\\\/uudised\\\/tartu-tunnustas-maailmatasemel-konverentsikorraldajaid\\\/#primaryimage\"},\"thumbnailUrl\":\"https:\\\/\\\/www.ecb.ee\\\/wp-content\\\/uploads\\\/2026\\\/01\\\/AKT-INTECOL_koos-Publiconiga.jpeg\",\"articleSection\":[\"Uudised\"],\"inLanguage\":\"et\"},{\"@type\":\"WebPage\",\"@id\":\"https:\\\/\\\/www.ecb.ee\\\/et\\\/uudised\\\/tartu-tunnustas-maailmatasemel-konverentsikorraldajaid\\\/\",\"url\":\"https:\\\/\\\/www.ecb.ee\\\/et\\\/uudised\\\/tartu-tunnustas-maailmatasemel-konverentsikorraldajaid\\\/\",\"name\":\"Tartu tunnustas maailmatasemel konverentsikorraldajaid - Estonian Convention Bureau\",\"isPartOf\":{\"@id\":\"https:\\\/\\\/www.ecb.ee\\\/#website\"},\"primaryImageOfPage\":{\"@id\":\"https:\\\/\\\/www.ecb.ee\\\/et\\\/uudised\\\/tartu-tunnustas-maailmatasemel-konverentsikorraldajaid\\\/#primaryimage\"},\"image\":{\"@id\":\"https:\\\/\\\/www.ecb.ee\\\/et\\\/uudised\\\/tartu-tunnustas-maailmatasemel-konverentsikorraldajaid\\\/#primaryimage\"},\"thumbnailUrl\":\"https:\\\/\\\/www.ecb.ee\\\/wp-content\\\/uploads\\\/2026\\\/01\\\/AKT-INTECOL_koos-Publiconiga.jpeg\",\"datePublished\":\"2026-01-29T08:23:33+00:00\",\"dateModified\":\"2026-01-30T11:22:18+00:00\",\"breadcrumb\":{\"@id\":\"https:\\\/\\\/www.ecb.ee\\\/et\\\/uudised\\\/tartu-tunnustas-maailmatasemel-konverentsikorraldajaid\\\/#breadcrumb\"},\"inLanguage\":\"et\",\"potentialAction\":[{\"@type\":\"ReadAction\",\"target\":[\"https:\\\/\\\/www.ecb.ee\\\/et\\\/uudised\\\/tartu-tunnustas-maailmatasemel-konverentsikorraldajaid\\\/\"]}]},{\"@type\":\"ImageObject\",\"inLanguage\":\"et\",\"@id\":\"https:\\\/\\\/www.ecb.ee\\\/et\\\/uudised\\\/tartu-tunnustas-maailmatasemel-konverentsikorraldajaid\\\/#primaryimage\",\"url\":\"https:\\\/\\\/www.ecb.ee\\\/wp-content\\\/uploads\\\/2026\\\/01\\\/AKT-INTECOL_koos-Publiconiga.jpeg\",\"contentUrl\":\"https:\\\/\\\/www.ecb.ee\\\/wp-content\\\/uploads\\\/2026\\\/01\\\/AKT-INTECOL_koos-Publiconiga.jpeg\",\"width\":1280,\"height\":853},{\"@type\":\"BreadcrumbList\",\"@id\":\"https:\\\/\\\/www.ecb.ee\\\/et\\\/uudised\\\/tartu-tunnustas-maailmatasemel-konverentsikorraldajaid\\\/#breadcrumb\",\"itemListElement\":[{\"@type\":\"ListItem\",\"position\":1,\"name\":\"Home\",\"item\":\"https:\\\/\\\/www.ecb.ee\\\/et\\\/\"},{\"@type\":\"ListItem\",\"position\":2,\"name\":\"Tartu tunnustas maailmatasemel konverentsikorraldajaid\"}]},{\"@type\":\"WebSite\",\"@id\":\"https:\\\/\\\/www.ecb.ee\\\/#website\",\"url\":\"https:\\\/\\\/www.ecb.ee\\\/\",\"name\":\"Estonian Convention Bureau\",\"description\":\"\",\"publisher\":{\"@id\":\"https:\\\/\\\/www.ecb.ee\\\/#organization\"},\"potentialAction\":[{\"@type\":\"SearchAction\",\"target\":{\"@type\":\"EntryPoint\",\"urlTemplate\":\"https:\\\/\\\/www.ecb.ee\\\/?s={search_term_string}\"},\"query-input\":{\"@type\":\"PropertyValueSpecification\",\"valueRequired\":true,\"valueName\":\"search_term_string\"}}],\"inLanguage\":\"et\"},{\"@type\":\"Organization\",\"@id\":\"https:\\\/\\\/www.ecb.ee\\\/#organization\",\"name\":\"Estonian Convention Bureau\",\"url\":\"https:\\\/\\\/www.ecb.ee\\\/\",\"logo\":{\"@type\":\"ImageObject\",\"inLanguage\":\"et\",\"@id\":\"https:\\\/\\\/www.ecb.ee\\\/#\\\/schema\\\/logo\\\/image\\\/\",\"url\":\"https:\\\/\\\/www.ecb.ee\\\/wp-content\\\/uploads\\\/2020\\\/12\\\/site_logo.svg\",\"contentUrl\":\"https:\\\/\\\/www.ecb.ee\\\/wp-content\\\/uploads\\\/2020\\\/12\\\/site_logo.svg\",\"caption\":\"Estonian Convention Bureau\"},\"image\":{\"@id\":\"https:\\\/\\\/www.ecb.ee\\\/#\\\/schema\\\/logo\\\/image\\\/\"}},{\"@type\":\"Person\",\"@id\":\"https:\\\/\\\/www.ecb.ee\\\/#\\\/schema\\\/person\\\/683a06848cf0a690b2ba233665cb719f\",\"name\":\"Riine Tiigi\",\"image\":{\"@type\":\"ImageObject\",\"inLanguage\":\"et\",\"@id\":\"https:\\\/\\\/secure.gravatar.com\\\/avatar\\\/d86339875b83b6a9394fce703248189388335d81fba6ca62f59bc61cc7a0ae31?s=96&d=mm&r=g\",\"url\":\"https:\\\/\\\/secure.gravatar.com\\\/avatar\\\/d86339875b83b6a9394fce703248189388335d81fba6ca62f59bc61cc7a0ae31?s=96&d=mm&r=g\",\"contentUrl\":\"https:\\\/\\\/secure.gravatar.com\\\/avatar\\\/d86339875b83b6a9394fce703248189388335d81fba6ca62f59bc61cc7a0ae31?s=96&d=mm&r=g\",\"caption\":\"Riine Tiigi\"},\"url\":\"https:\\\/\\\/www.ecb.ee\\\/et\\\/author\\\/riine\\\/\"}]}<\/script>\n<!-- \/ Yoast SEO plugin. -->","yoast_head_json":{"title":"Tartu tunnustas maailmatasemel konverentsikorraldajaid - Estonian Convention Bureau","robots":{"index":"index","follow":"follow","max-snippet":"max-snippet:-1","max-image-preview":"max-image-preview:large","max-video-preview":"max-video-preview:-1"},"canonical":"https:\/\/www.ecb.ee\/et\/uudised\/tartu-tunnustas-maailmatasemel-konverentsikorraldajaid\/","og_locale":"et_EE","og_type":"article","og_title":"Tartu tunnustas maailmatasemel konverentsikorraldajaid - Estonian Convention Bureau","og_description":"Eile, 28. jaanuaril tunnustas Tartu linn konverentsikorraldajaid, kelle panus t\u00f5i eelmisel aastal Tartusse 50 rahvusvahelist konverentsis\u00fcndmust ning \u00fcle 4000 v\u00e4lisk\u00fclalise. Konverentsiturism annab Tartule olulise majandusliku panuse, sest sellised k\u00fclastajad kulutavad Tartus \u00fcle kolme korra rohkem kui tavak\u00fclastajad. \u00dchtlasti anti kuuele tartlasele \u00fcle konverentsisaadiku tiitel. \u00a0Tartu linn koost\u00f6\u00f6s Eesti Konverentsib\u00fcrooga (EKB) tunnustas t\u00e4navu juba 13. korda [&hellip;]","og_url":"https:\/\/www.ecb.ee\/et\/uudised\/tartu-tunnustas-maailmatasemel-konverentsikorraldajaid\/","og_site_name":"Estonian Convention Bureau","article_published_time":"2026-01-29T08:23:33+00:00","article_modified_time":"2026-01-30T11:22:18+00:00","og_image":[{"width":1280,"height":853,"url":"https:\/\/www.ecb.ee\/wp-content\/uploads\/2026\/01\/AKT-INTECOL_koos-Publiconiga.jpeg","type":"image\/jpeg"}],"author":"Riine Tiigi","twitter_card":"summary_large_image","twitter_misc":{"Written by":"Riine Tiigi","Est. reading time":"3 minutit"},"schema":{"@context":"https:\/\/schema.org","@graph":[{"@type":"Article","@id":"https:\/\/www.ecb.ee\/et\/uudised\/tartu-tunnustas-maailmatasemel-konverentsikorraldajaid\/#article","isPartOf":{"@id":"https:\/\/www.ecb.ee\/et\/uudised\/tartu-tunnustas-maailmatasemel-konverentsikorraldajaid\/"},"author":{"name":"Riine Tiigi","@id":"https:\/\/www.ecb.ee\/#\/schema\/person\/683a06848cf0a690b2ba233665cb719f"},"headline":"Tartu tunnustas maailmatasemel konverentsikorraldajaid","datePublished":"2026-01-29T08:23:33+00:00","dateModified":"2026-01-30T11:22:18+00:00","mainEntityOfPage":{"@id":"https:\/\/www.ecb.ee\/et\/uudised\/tartu-tunnustas-maailmatasemel-konverentsikorraldajaid\/"},"wordCount":571,"publisher":{"@id":"https:\/\/www.ecb.ee\/#organization"},"image":{"@id":"https:\/\/www.ecb.ee\/et\/uudised\/tartu-tunnustas-maailmatasemel-konverentsikorraldajaid\/#primaryimage"},"thumbnailUrl":"https:\/\/www.ecb.ee\/wp-content\/uploads\/2026\/01\/AKT-INTECOL_koos-Publiconiga.jpeg","articleSection":["Uudised"],"inLanguage":"et"},{"@type":"WebPage","@id":"https:\/\/www.ecb.ee\/et\/uudised\/tartu-tunnustas-maailmatasemel-konverentsikorraldajaid\/","url":"https:\/\/www.ecb.ee\/et\/uudised\/tartu-tunnustas-maailmatasemel-konverentsikorraldajaid\/","name":"Tartu tunnustas maailmatasemel konverentsikorraldajaid - Estonian Convention Bureau","isPartOf":{"@id":"https:\/\/www.ecb.ee\/#website"},"primaryImageOfPage":{"@id":"https:\/\/www.ecb.ee\/et\/uudised\/tartu-tunnustas-maailmatasemel-konverentsikorraldajaid\/#primaryimage"},"image":{"@id":"https:\/\/www.ecb.ee\/et\/uudised\/tartu-tunnustas-maailmatasemel-konverentsikorraldajaid\/#primaryimage"},"thumbnailUrl":"https:\/\/www.ecb.ee\/wp-content\/uploads\/2026\/01\/AKT-INTECOL_koos-Publiconiga.jpeg","datePublished":"2026-01-29T08:23:33+00:00","dateModified":"2026-01-30T11:22:18+00:00","breadcrumb":{"@id":"https:\/\/www.ecb.ee\/et\/uudised\/tartu-tunnustas-maailmatasemel-konverentsikorraldajaid\/#breadcrumb"},"inLanguage":"et","potentialAction":[{"@type":"ReadAction","target":["https:\/\/www.ecb.ee\/et\/uudised\/tartu-tunnustas-maailmatasemel-konverentsikorraldajaid\/"]}]},{"@type":"ImageObject","inLanguage":"et","@id":"https:\/\/www.ecb.ee\/et\/uudised\/tartu-tunnustas-maailmatasemel-konverentsikorraldajaid\/#primaryimage","url":"https:\/\/www.ecb.ee\/wp-content\/uploads\/2026\/01\/AKT-INTECOL_koos-Publiconiga.jpeg","contentUrl":"https:\/\/www.ecb.ee\/wp-content\/uploads\/2026\/01\/AKT-INTECOL_koos-Publiconiga.jpeg","width":1280,"height":853},{"@type":"BreadcrumbList","@id":"https:\/\/www.ecb.ee\/et\/uudised\/tartu-tunnustas-maailmatasemel-konverentsikorraldajaid\/#breadcrumb","itemListElement":[{"@type":"ListItem","position":1,"name":"Home","item":"https:\/\/www.ecb.ee\/et\/"},{"@type":"ListItem","position":2,"name":"Tartu tunnustas maailmatasemel konverentsikorraldajaid"}]},{"@type":"WebSite","@id":"https:\/\/www.ecb.ee\/#website","url":"https:\/\/www.ecb.ee\/","name":"Estonian Convention Bureau","description":"","publisher":{"@id":"https:\/\/www.ecb.ee\/#organization"},"potentialAction":[{"@type":"SearchAction","target":{"@type":"EntryPoint","urlTemplate":"https:\/\/www.ecb.ee\/?s={search_term_string}"},"query-input":{"@type":"PropertyValueSpecification","valueRequired":true,"valueName":"search_term_string"}}],"inLanguage":"et"},{"@type":"Organization","@id":"https:\/\/www.ecb.ee\/#organization","name":"Estonian Convention Bureau","url":"https:\/\/www.ecb.ee\/","logo":{"@type":"ImageObject","inLanguage":"et","@id":"https:\/\/www.ecb.ee\/#\/schema\/logo\/image\/","url":"https:\/\/www.ecb.ee\/wp-content\/uploads\/2020\/12\/site_logo.svg","contentUrl":"https:\/\/www.ecb.ee\/wp-content\/uploads\/2020\/12\/site_logo.svg","caption":"Estonian Convention Bureau"},"image":{"@id":"https:\/\/www.ecb.ee\/#\/schema\/logo\/image\/"}},{"@type":"Person","@id":"https:\/\/www.ecb.ee\/#\/schema\/person\/683a06848cf0a690b2ba233665cb719f","name":"Riine Tiigi","image":{"@type":"ImageObject","inLanguage":"et","@id":"https:\/\/secure.gravatar.com\/avatar\/d86339875b83b6a9394fce703248189388335d81fba6ca62f59bc61cc7a0ae31?s=96&d=mm&r=g","url":"https:\/\/secure.gravatar.com\/avatar\/d86339875b83b6a9394fce703248189388335d81fba6ca62f59bc61cc7a0ae31?s=96&d=mm&r=g","contentUrl":"https:\/\/secure.gravatar.com\/avatar\/d86339875b83b6a9394fce703248189388335d81fba6ca62f59bc61cc7a0ae31?s=96&d=mm&r=g","caption":"Riine Tiigi"},"url":"https:\/\/www.ecb.ee\/et\/author\/riine\/"}]}},"_links":{"self":[{"href":"https:\/\/www.ecb.ee\/et\/wp-json\/wp\/v2\/posts\/44509","targetHints":{"allow":["GET"]}}],"collection":[{"href":"https:\/\/www.ecb.ee\/et\/wp-json\/wp\/v2\/posts"}],"about":[{"href":"https:\/\/www.ecb.ee\/et\/wp-json\/wp\/v2\/types\/post"}],"author":[{"embeddable":true,"href":"https:\/\/www.ecb.ee\/et\/wp-json\/wp\/v2\/users\/4"}],"replies":[{"embeddable":true,"href":"https:\/\/www.ecb.ee\/et\/wp-json\/wp\/v2\/comments?post=44509"}],"version-history":[{"count":2,"href":"https:\/\/www.ecb.ee\/et\/wp-json\/wp\/v2\/posts\/44509\/revisions"}],"predecessor-version":[{"id":44537,"href":"https:\/\/www.ecb.ee\/et\/wp-json\/wp\/v2\/posts\/44509\/revisions\/44537"}],"wp:featuredmedia":[{"embeddable":true,"href":"https:\/\/www.ecb.ee\/et\/wp-json\/wp\/v2\/media\/44515"}],"wp:attachment":[{"href":"https:\/\/www.ecb.ee\/et\/wp-json\/wp\/v2\/media?parent=44509"}],"wp:term":[{"taxonomy":"category","embeddable":true,"href":"https:\/\/www.ecb.ee\/et\/wp-json\/wp\/v2\/categories?post=44509"},{"taxonomy":"post_tag","embeddable":true,"href":"https:\/\/www.ecb.ee\/et\/wp-json\/wp\/v2\/tags?post=44509"}],"curies":[{"name":"wp","href":"https:\/\/api.w.org\/{rel}","templated":true}]}}