{"id":43990,"date":"2026-01-05T14:38:59","date_gmt":"2026-01-05T14:38:59","guid":{"rendered":"https:\/\/www.ecb.ee\/?p=43990"},"modified":"2026-01-05T14:41:02","modified_gmt":"2026-01-05T14:41:02","slug":"eisi-rahvusvaheliste-konverentside-toetuse-taotlusvoor-avatud-tanasest-9-veebruarini","status":"publish","type":"post","link":"https:\/\/www.ecb.ee\/et\/uudised\/eisi-rahvusvaheliste-konverentside-toetuse-taotlusvoor-avatud-tanasest-9-veebruarini\/","title":{"rendered":"EISi Rahvusvaheliste konverentside toetuse taotlusvoor avatud t\u00e4nasest 9.veebruarini"},"content":{"rendered":"<p style=\"font-weight: 400;\"><a href=\"https:\/\/eis.ee\/\">EIS<\/a> avas t\u00e4na 5. jaanuaril rahvusvaheliste konverentside toetuse taotlusvooru, mille eelarve on 2026. aastaks 400 000 eurot.<\/p>\n<p style=\"font-weight: 400;\">Toetust saab taotleda teaduslikele, eri- v\u00f5i huvialastele rahvusvahelistele konverentsidele, mis h\u00f5lmavad ettekandeid ja arutelusid, samuti riikide, organisatsioonide v\u00f5i ametkondade esindajate rahvusvahelistele kokkusaamistele. Toetuse saamise eelduseks on, et <strong>konverentsi programm kestab v\u00e4hemalt kaks j\u00e4rjestikust p\u00e4eva<\/strong>. <strong>Tallinnas toimuval konverentsil<\/strong> peab osalema <strong>v\u00e4hemalt 200 v\u00e4lisosalejat<\/strong>, <strong>mujal Eestis v\u00e4hemalt 100<\/strong>. Erinevad l\u00e4vendid on seatud selleks, et soodustada rahvusvaheliste konverentside toomist ka v\u00e4ljapoole pealinna. Konverentsi tuleb turundada v\u00e4hemalt kahel v\u00e4listurul ning pakkuda seejuures infot ka Eesti turismiv\u00f5imaluste kohta.<\/p>\n<p style=\"font-weight: 400;\"><strong>Taotlusvoor on avatud 9. veebruarini.<\/strong> Taotlus peaks olema esitatud <strong>v\u00e4hemalt neli kuud enne konverentsi toimumist<\/strong>, et oleks piisavalt aega konverentsi ettevalmistuseks ja ka turunduseks. Seega saab taotlema tulla k\u00f5ige varem 2026. aasta maikuus toimuvatele konventside korraldamiseks, mis eeldab taotluse esitamist vooru avamise esimestel p\u00e4evadel. Ennek\u00f5ike oodatakse vooru aga 2026. aasta teisel poolel ja ka 2027. aastal toimuvaid konverentse, et pakkuda korraldajatele kindlust rahastuse planeerimisel.<\/p>\n<p style=\"font-weight: 400;\"><strong>Toetuse tingimusi ning taotlemiseks vajalikku infot tutvustab EIS virtuaalses infotunnis 7. jaanuaril kell 11:00-12:00. Infotunnis osalemiseks tuleb registreeruda <a href=\"https:\/\/events.teams.microsoft.com\/event\/ca09fcab-4261-4133-98aa-f24b6885eb83@3c88e4d0-0f16-4fc9-9c9d-e75d2f2a6adc\">siin<\/a><br \/>\nInfotunni salvestatakse ja lisatakse hiljem koos slaididega veebilehele.<\/strong><\/p>\n<p style=\"font-weight: 400;\">Lisainfo <a href=\"https:\/\/eis.ee\/teenused\/rahvusvaheliste-konverentside-toetus\/\" target=\"_blank\" rel=\"noopener\">EISi kodulehelt<\/a><\/p>\n<p>&nbsp;<\/p>\n<p style=\"font-weight: 400;\">\n","protected":false},"excerpt":{"rendered":"<p>EIS avas t\u00e4na 5. jaanuaril rahvusvaheliste konverentside toetuse taotlusvooru, mille eelarve on 2026. aastaks 400 000 eurot. Toetust saab taotleda teaduslikele, eri- v\u00f5i huvialastele rahvusvahelistele konverentsidele, mis h\u00f5lmavad ettekandeid ja arutelusid, samuti riikide, organisatsioonide v\u00f5i ametkondade esindajate rahvusvahelistele kokkusaamistele. Toetuse saamise eelduseks on, et konverentsi programm kestab v\u00e4hemalt kaks j\u00e4rjestikust p\u00e4eva. Tallinnas toimuval konverentsil peab [&hellip;]<\/p>\n","protected":false},"author":4,"featured_media":38496,"comment_status":"closed","ping_status":"closed","sticky":false,"template":"","format":"standard","meta":{"_acf_changed":false,"footnotes":""},"categories":[189],"tags":[],"class_list":["post-43990","post","type-post","status-publish","format-standard","has-post-thumbnail","hentry","category-uudised"],"acf":[],"yoast_head":"<!-- This site is optimized with the Yoast SEO plugin v27.5 - https:\/\/yoast.com\/product\/yoast-seo-wordpress\/ -->\n<title>EISi Rahvusvaheliste konverentside toetuse taotlusvoor avatud t\u00e4nasest 9.veebruarini - Estonian Convention Bureau<\/title>\n<meta name=\"robots\" content=\"index, follow, max-snippet:-1, max-image-preview:large, max-video-preview:-1\" \/>\n<link rel=\"canonical\" href=\"https:\/\/www.ecb.ee\/et\/uudised\/eisi-rahvusvaheliste-konverentside-toetuse-taotlusvoor-avatud-tanasest-9-veebruarini\/\" \/>\n<meta property=\"og:locale\" content=\"et_EE\" \/>\n<meta property=\"og:type\" content=\"article\" \/>\n<meta property=\"og:title\" content=\"EISi Rahvusvaheliste konverentside toetuse taotlusvoor avatud t\u00e4nasest 9.veebruarini - Estonian Convention Bureau\" \/>\n<meta property=\"og:description\" content=\"EIS avas t\u00e4na 5. jaanuaril rahvusvaheliste konverentside toetuse taotlusvooru, mille eelarve on 2026. aastaks 400 000 eurot. Toetust saab taotleda teaduslikele, eri- v\u00f5i huvialastele rahvusvahelistele konverentsidele, mis h\u00f5lmavad ettekandeid ja arutelusid, samuti riikide, organisatsioonide v\u00f5i ametkondade esindajate rahvusvahelistele kokkusaamistele. Toetuse saamise eelduseks on, et konverentsi programm kestab v\u00e4hemalt kaks j\u00e4rjestikust p\u00e4eva. Tallinnas toimuval konverentsil peab [&hellip;]\" \/>\n<meta property=\"og:url\" content=\"https:\/\/www.ecb.ee\/et\/uudised\/eisi-rahvusvaheliste-konverentside-toetuse-taotlusvoor-avatud-tanasest-9-veebruarini\/\" \/>\n<meta property=\"og:site_name\" content=\"Estonian Convention Bureau\" \/>\n<meta property=\"article:published_time\" content=\"2026-01-05T14:38:59+00:00\" \/>\n<meta property=\"article:modified_time\" content=\"2026-01-05T14:41:02+00:00\" \/>\n<meta property=\"og:image\" content=\"https:\/\/www.ecb.ee\/wp-content\/uploads\/2024\/12\/253478-work-environment-and-woman-sitting1-2.jpg\" \/>\n\t<meta property=\"og:image:width\" content=\"1682\" \/>\n\t<meta property=\"og:image:height\" content=\"700\" \/>\n\t<meta property=\"og:image:type\" content=\"image\/jpeg\" \/>\n<meta name=\"author\" content=\"Riine Tiigi\" \/>\n<meta name=\"twitter:card\" content=\"summary_large_image\" \/>\n<meta name=\"twitter:label1\" content=\"Written by\" \/>\n\t<meta name=\"twitter:data1\" content=\"Riine Tiigi\" \/>\n\t<meta name=\"twitter:label2\" content=\"Est. reading time\" \/>\n\t<meta name=\"twitter:data2\" content=\"2 minutit\" \/>\n<script type=\"application\/ld+json\" class=\"yoast-schema-graph\">{\"@context\":\"https:\\\/\\\/schema.org\",\"@graph\":[{\"@type\":\"Article\",\"@id\":\"https:\\\/\\\/www.ecb.ee\\\/et\\\/uudised\\\/eisi-rahvusvaheliste-konverentside-toetuse-taotlusvoor-avatud-tanasest-9-veebruarini\\\/#article\",\"isPartOf\":{\"@id\":\"https:\\\/\\\/www.ecb.ee\\\/et\\\/uudised\\\/eisi-rahvusvaheliste-konverentside-toetuse-taotlusvoor-avatud-tanasest-9-veebruarini\\\/\"},\"author\":{\"name\":\"Riine Tiigi\",\"@id\":\"https:\\\/\\\/www.ecb.ee\\\/#\\\/schema\\\/person\\\/683a06848cf0a690b2ba233665cb719f\"},\"headline\":\"EISi Rahvusvaheliste konverentside toetuse taotlusvoor avatud t\u00e4nasest 9.veebruarini\",\"datePublished\":\"2026-01-05T14:38:59+00:00\",\"dateModified\":\"2026-01-05T14:41:02+00:00\",\"mainEntityOfPage\":{\"@id\":\"https:\\\/\\\/www.ecb.ee\\\/et\\\/uudised\\\/eisi-rahvusvaheliste-konverentside-toetuse-taotlusvoor-avatud-tanasest-9-veebruarini\\\/\"},\"wordCount\":202,\"publisher\":{\"@id\":\"https:\\\/\\\/www.ecb.ee\\\/#organization\"},\"image\":{\"@id\":\"https:\\\/\\\/www.ecb.ee\\\/et\\\/uudised\\\/eisi-rahvusvaheliste-konverentside-toetuse-taotlusvoor-avatud-tanasest-9-veebruarini\\\/#primaryimage\"},\"thumbnailUrl\":\"https:\\\/\\\/www.ecb.ee\\\/wp-content\\\/uploads\\\/2024\\\/12\\\/253478-work-environment-and-woman-sitting1-2.jpg\",\"articleSection\":[\"Uudised\"],\"inLanguage\":\"et\"},{\"@type\":\"WebPage\",\"@id\":\"https:\\\/\\\/www.ecb.ee\\\/et\\\/uudised\\\/eisi-rahvusvaheliste-konverentside-toetuse-taotlusvoor-avatud-tanasest-9-veebruarini\\\/\",\"url\":\"https:\\\/\\\/www.ecb.ee\\\/et\\\/uudised\\\/eisi-rahvusvaheliste-konverentside-toetuse-taotlusvoor-avatud-tanasest-9-veebruarini\\\/\",\"name\":\"EISi Rahvusvaheliste konverentside toetuse taotlusvoor avatud t\u00e4nasest 9.veebruarini - Estonian Convention Bureau\",\"isPartOf\":{\"@id\":\"https:\\\/\\\/www.ecb.ee\\\/#website\"},\"primaryImageOfPage\":{\"@id\":\"https:\\\/\\\/www.ecb.ee\\\/et\\\/uudised\\\/eisi-rahvusvaheliste-konverentside-toetuse-taotlusvoor-avatud-tanasest-9-veebruarini\\\/#primaryimage\"},\"image\":{\"@id\":\"https:\\\/\\\/www.ecb.ee\\\/et\\\/uudised\\\/eisi-rahvusvaheliste-konverentside-toetuse-taotlusvoor-avatud-tanasest-9-veebruarini\\\/#primaryimage\"},\"thumbnailUrl\":\"https:\\\/\\\/www.ecb.ee\\\/wp-content\\\/uploads\\\/2024\\\/12\\\/253478-work-environment-and-woman-sitting1-2.jpg\",\"datePublished\":\"2026-01-05T14:38:59+00:00\",\"dateModified\":\"2026-01-05T14:41:02+00:00\",\"breadcrumb\":{\"@id\":\"https:\\\/\\\/www.ecb.ee\\\/et\\\/uudised\\\/eisi-rahvusvaheliste-konverentside-toetuse-taotlusvoor-avatud-tanasest-9-veebruarini\\\/#breadcrumb\"},\"inLanguage\":\"et\",\"potentialAction\":[{\"@type\":\"ReadAction\",\"target\":[\"https:\\\/\\\/www.ecb.ee\\\/et\\\/uudised\\\/eisi-rahvusvaheliste-konverentside-toetuse-taotlusvoor-avatud-tanasest-9-veebruarini\\\/\"]}]},{\"@type\":\"ImageObject\",\"inLanguage\":\"et\",\"@id\":\"https:\\\/\\\/www.ecb.ee\\\/et\\\/uudised\\\/eisi-rahvusvaheliste-konverentside-toetuse-taotlusvoor-avatud-tanasest-9-veebruarini\\\/#primaryimage\",\"url\":\"https:\\\/\\\/www.ecb.ee\\\/wp-content\\\/uploads\\\/2024\\\/12\\\/253478-work-environment-and-woman-sitting1-2.jpg\",\"contentUrl\":\"https:\\\/\\\/www.ecb.ee\\\/wp-content\\\/uploads\\\/2024\\\/12\\\/253478-work-environment-and-woman-sitting1-2.jpg\",\"width\":1682,\"height\":700},{\"@type\":\"BreadcrumbList\",\"@id\":\"https:\\\/\\\/www.ecb.ee\\\/et\\\/uudised\\\/eisi-rahvusvaheliste-konverentside-toetuse-taotlusvoor-avatud-tanasest-9-veebruarini\\\/#breadcrumb\",\"itemListElement\":[{\"@type\":\"ListItem\",\"position\":1,\"name\":\"Home\",\"item\":\"https:\\\/\\\/www.ecb.ee\\\/et\\\/\"},{\"@type\":\"ListItem\",\"position\":2,\"name\":\"EISi Rahvusvaheliste konverentside toetuse taotlusvoor avatud t\u00e4nasest 9.veebruarini\"}]},{\"@type\":\"WebSite\",\"@id\":\"https:\\\/\\\/www.ecb.ee\\\/#website\",\"url\":\"https:\\\/\\\/www.ecb.ee\\\/\",\"name\":\"Estonian Convention Bureau\",\"description\":\"\",\"publisher\":{\"@id\":\"https:\\\/\\\/www.ecb.ee\\\/#organization\"},\"potentialAction\":[{\"@type\":\"SearchAction\",\"target\":{\"@type\":\"EntryPoint\",\"urlTemplate\":\"https:\\\/\\\/www.ecb.ee\\\/?s={search_term_string}\"},\"query-input\":{\"@type\":\"PropertyValueSpecification\",\"valueRequired\":true,\"valueName\":\"search_term_string\"}}],\"inLanguage\":\"et\"},{\"@type\":\"Organization\",\"@id\":\"https:\\\/\\\/www.ecb.ee\\\/#organization\",\"name\":\"Estonian Convention Bureau\",\"url\":\"https:\\\/\\\/www.ecb.ee\\\/\",\"logo\":{\"@type\":\"ImageObject\",\"inLanguage\":\"et\",\"@id\":\"https:\\\/\\\/www.ecb.ee\\\/#\\\/schema\\\/logo\\\/image\\\/\",\"url\":\"https:\\\/\\\/www.ecb.ee\\\/wp-content\\\/uploads\\\/2020\\\/12\\\/site_logo.svg\",\"contentUrl\":\"https:\\\/\\\/www.ecb.ee\\\/wp-content\\\/uploads\\\/2020\\\/12\\\/site_logo.svg\",\"caption\":\"Estonian Convention Bureau\"},\"image\":{\"@id\":\"https:\\\/\\\/www.ecb.ee\\\/#\\\/schema\\\/logo\\\/image\\\/\"}},{\"@type\":\"Person\",\"@id\":\"https:\\\/\\\/www.ecb.ee\\\/#\\\/schema\\\/person\\\/683a06848cf0a690b2ba233665cb719f\",\"name\":\"Riine Tiigi\",\"image\":{\"@type\":\"ImageObject\",\"inLanguage\":\"et\",\"@id\":\"https:\\\/\\\/secure.gravatar.com\\\/avatar\\\/d86339875b83b6a9394fce703248189388335d81fba6ca62f59bc61cc7a0ae31?s=96&d=mm&r=g\",\"url\":\"https:\\\/\\\/secure.gravatar.com\\\/avatar\\\/d86339875b83b6a9394fce703248189388335d81fba6ca62f59bc61cc7a0ae31?s=96&d=mm&r=g\",\"contentUrl\":\"https:\\\/\\\/secure.gravatar.com\\\/avatar\\\/d86339875b83b6a9394fce703248189388335d81fba6ca62f59bc61cc7a0ae31?s=96&d=mm&r=g\",\"caption\":\"Riine Tiigi\"},\"url\":\"https:\\\/\\\/www.ecb.ee\\\/et\\\/author\\\/riine\\\/\"}]}<\/script>\n<!-- \/ Yoast SEO plugin. -->","yoast_head_json":{"title":"EISi Rahvusvaheliste konverentside toetuse taotlusvoor avatud t\u00e4nasest 9.veebruarini - Estonian Convention Bureau","robots":{"index":"index","follow":"follow","max-snippet":"max-snippet:-1","max-image-preview":"max-image-preview:large","max-video-preview":"max-video-preview:-1"},"canonical":"https:\/\/www.ecb.ee\/et\/uudised\/eisi-rahvusvaheliste-konverentside-toetuse-taotlusvoor-avatud-tanasest-9-veebruarini\/","og_locale":"et_EE","og_type":"article","og_title":"EISi Rahvusvaheliste konverentside toetuse taotlusvoor avatud t\u00e4nasest 9.veebruarini - Estonian Convention Bureau","og_description":"EIS avas t\u00e4na 5. jaanuaril rahvusvaheliste konverentside toetuse taotlusvooru, mille eelarve on 2026. aastaks 400 000 eurot. Toetust saab taotleda teaduslikele, eri- v\u00f5i huvialastele rahvusvahelistele konverentsidele, mis h\u00f5lmavad ettekandeid ja arutelusid, samuti riikide, organisatsioonide v\u00f5i ametkondade esindajate rahvusvahelistele kokkusaamistele. Toetuse saamise eelduseks on, et konverentsi programm kestab v\u00e4hemalt kaks j\u00e4rjestikust p\u00e4eva. Tallinnas toimuval konverentsil peab [&hellip;]","og_url":"https:\/\/www.ecb.ee\/et\/uudised\/eisi-rahvusvaheliste-konverentside-toetuse-taotlusvoor-avatud-tanasest-9-veebruarini\/","og_site_name":"Estonian Convention Bureau","article_published_time":"2026-01-05T14:38:59+00:00","article_modified_time":"2026-01-05T14:41:02+00:00","og_image":[{"width":1682,"height":700,"url":"https:\/\/www.ecb.ee\/wp-content\/uploads\/2024\/12\/253478-work-environment-and-woman-sitting1-2.jpg","type":"image\/jpeg"}],"author":"Riine Tiigi","twitter_card":"summary_large_image","twitter_misc":{"Written by":"Riine Tiigi","Est. reading time":"2 minutit"},"schema":{"@context":"https:\/\/schema.org","@graph":[{"@type":"Article","@id":"https:\/\/www.ecb.ee\/et\/uudised\/eisi-rahvusvaheliste-konverentside-toetuse-taotlusvoor-avatud-tanasest-9-veebruarini\/#article","isPartOf":{"@id":"https:\/\/www.ecb.ee\/et\/uudised\/eisi-rahvusvaheliste-konverentside-toetuse-taotlusvoor-avatud-tanasest-9-veebruarini\/"},"author":{"name":"Riine Tiigi","@id":"https:\/\/www.ecb.ee\/#\/schema\/person\/683a06848cf0a690b2ba233665cb719f"},"headline":"EISi Rahvusvaheliste konverentside toetuse taotlusvoor avatud t\u00e4nasest 9.veebruarini","datePublished":"2026-01-05T14:38:59+00:00","dateModified":"2026-01-05T14:41:02+00:00","mainEntityOfPage":{"@id":"https:\/\/www.ecb.ee\/et\/uudised\/eisi-rahvusvaheliste-konverentside-toetuse-taotlusvoor-avatud-tanasest-9-veebruarini\/"},"wordCount":202,"publisher":{"@id":"https:\/\/www.ecb.ee\/#organization"},"image":{"@id":"https:\/\/www.ecb.ee\/et\/uudised\/eisi-rahvusvaheliste-konverentside-toetuse-taotlusvoor-avatud-tanasest-9-veebruarini\/#primaryimage"},"thumbnailUrl":"https:\/\/www.ecb.ee\/wp-content\/uploads\/2024\/12\/253478-work-environment-and-woman-sitting1-2.jpg","articleSection":["Uudised"],"inLanguage":"et"},{"@type":"WebPage","@id":"https:\/\/www.ecb.ee\/et\/uudised\/eisi-rahvusvaheliste-konverentside-toetuse-taotlusvoor-avatud-tanasest-9-veebruarini\/","url":"https:\/\/www.ecb.ee\/et\/uudised\/eisi-rahvusvaheliste-konverentside-toetuse-taotlusvoor-avatud-tanasest-9-veebruarini\/","name":"EISi Rahvusvaheliste konverentside toetuse taotlusvoor avatud t\u00e4nasest 9.veebruarini - Estonian Convention Bureau","isPartOf":{"@id":"https:\/\/www.ecb.ee\/#website"},"primaryImageOfPage":{"@id":"https:\/\/www.ecb.ee\/et\/uudised\/eisi-rahvusvaheliste-konverentside-toetuse-taotlusvoor-avatud-tanasest-9-veebruarini\/#primaryimage"},"image":{"@id":"https:\/\/www.ecb.ee\/et\/uudised\/eisi-rahvusvaheliste-konverentside-toetuse-taotlusvoor-avatud-tanasest-9-veebruarini\/#primaryimage"},"thumbnailUrl":"https:\/\/www.ecb.ee\/wp-content\/uploads\/2024\/12\/253478-work-environment-and-woman-sitting1-2.jpg","datePublished":"2026-01-05T14:38:59+00:00","dateModified":"2026-01-05T14:41:02+00:00","breadcrumb":{"@id":"https:\/\/www.ecb.ee\/et\/uudised\/eisi-rahvusvaheliste-konverentside-toetuse-taotlusvoor-avatud-tanasest-9-veebruarini\/#breadcrumb"},"inLanguage":"et","potentialAction":[{"@type":"ReadAction","target":["https:\/\/www.ecb.ee\/et\/uudised\/eisi-rahvusvaheliste-konverentside-toetuse-taotlusvoor-avatud-tanasest-9-veebruarini\/"]}]},{"@type":"ImageObject","inLanguage":"et","@id":"https:\/\/www.ecb.ee\/et\/uudised\/eisi-rahvusvaheliste-konverentside-toetuse-taotlusvoor-avatud-tanasest-9-veebruarini\/#primaryimage","url":"https:\/\/www.ecb.ee\/wp-content\/uploads\/2024\/12\/253478-work-environment-and-woman-sitting1-2.jpg","contentUrl":"https:\/\/www.ecb.ee\/wp-content\/uploads\/2024\/12\/253478-work-environment-and-woman-sitting1-2.jpg","width":1682,"height":700},{"@type":"BreadcrumbList","@id":"https:\/\/www.ecb.ee\/et\/uudised\/eisi-rahvusvaheliste-konverentside-toetuse-taotlusvoor-avatud-tanasest-9-veebruarini\/#breadcrumb","itemListElement":[{"@type":"ListItem","position":1,"name":"Home","item":"https:\/\/www.ecb.ee\/et\/"},{"@type":"ListItem","position":2,"name":"EISi Rahvusvaheliste konverentside toetuse taotlusvoor avatud t\u00e4nasest 9.veebruarini"}]},{"@type":"WebSite","@id":"https:\/\/www.ecb.ee\/#website","url":"https:\/\/www.ecb.ee\/","name":"Estonian Convention Bureau","description":"","publisher":{"@id":"https:\/\/www.ecb.ee\/#organization"},"potentialAction":[{"@type":"SearchAction","target":{"@type":"EntryPoint","urlTemplate":"https:\/\/www.ecb.ee\/?s={search_term_string}"},"query-input":{"@type":"PropertyValueSpecification","valueRequired":true,"valueName":"search_term_string"}}],"inLanguage":"et"},{"@type":"Organization","@id":"https:\/\/www.ecb.ee\/#organization","name":"Estonian Convention Bureau","url":"https:\/\/www.ecb.ee\/","logo":{"@type":"ImageObject","inLanguage":"et","@id":"https:\/\/www.ecb.ee\/#\/schema\/logo\/image\/","url":"https:\/\/www.ecb.ee\/wp-content\/uploads\/2020\/12\/site_logo.svg","contentUrl":"https:\/\/www.ecb.ee\/wp-content\/uploads\/2020\/12\/site_logo.svg","caption":"Estonian Convention Bureau"},"image":{"@id":"https:\/\/www.ecb.ee\/#\/schema\/logo\/image\/"}},{"@type":"Person","@id":"https:\/\/www.ecb.ee\/#\/schema\/person\/683a06848cf0a690b2ba233665cb719f","name":"Riine Tiigi","image":{"@type":"ImageObject","inLanguage":"et","@id":"https:\/\/secure.gravatar.com\/avatar\/d86339875b83b6a9394fce703248189388335d81fba6ca62f59bc61cc7a0ae31?s=96&d=mm&r=g","url":"https:\/\/secure.gravatar.com\/avatar\/d86339875b83b6a9394fce703248189388335d81fba6ca62f59bc61cc7a0ae31?s=96&d=mm&r=g","contentUrl":"https:\/\/secure.gravatar.com\/avatar\/d86339875b83b6a9394fce703248189388335d81fba6ca62f59bc61cc7a0ae31?s=96&d=mm&r=g","caption":"Riine Tiigi"},"url":"https:\/\/www.ecb.ee\/et\/author\/riine\/"}]}},"_links":{"self":[{"href":"https:\/\/www.ecb.ee\/et\/wp-json\/wp\/v2\/posts\/43990","targetHints":{"allow":["GET"]}}],"collection":[{"href":"https:\/\/www.ecb.ee\/et\/wp-json\/wp\/v2\/posts"}],"about":[{"href":"https:\/\/www.ecb.ee\/et\/wp-json\/wp\/v2\/types\/post"}],"author":[{"embeddable":true,"href":"https:\/\/www.ecb.ee\/et\/wp-json\/wp\/v2\/users\/4"}],"replies":[{"embeddable":true,"href":"https:\/\/www.ecb.ee\/et\/wp-json\/wp\/v2\/comments?post=43990"}],"version-history":[{"count":3,"href":"https:\/\/www.ecb.ee\/et\/wp-json\/wp\/v2\/posts\/43990\/revisions"}],"predecessor-version":[{"id":43993,"href":"https:\/\/www.ecb.ee\/et\/wp-json\/wp\/v2\/posts\/43990\/revisions\/43993"}],"wp:featuredmedia":[{"embeddable":true,"href":"https:\/\/www.ecb.ee\/et\/wp-json\/wp\/v2\/media\/38496"}],"wp:attachment":[{"href":"https:\/\/www.ecb.ee\/et\/wp-json\/wp\/v2\/media?parent=43990"}],"wp:term":[{"taxonomy":"category","embeddable":true,"href":"https:\/\/www.ecb.ee\/et\/wp-json\/wp\/v2\/categories?post=43990"},{"taxonomy":"post_tag","embeddable":true,"href":"https:\/\/www.ecb.ee\/et\/wp-json\/wp\/v2\/tags?post=43990"}],"curies":[{"name":"wp","href":"https:\/\/api.w.org\/{rel}","templated":true}]}}