{"id":43573,"date":"2025-12-11T10:42:39","date_gmt":"2025-12-11T10:42:39","guid":{"rendered":"https:\/\/www.ecb.ee\/?p=43573"},"modified":"2025-12-11T11:48:27","modified_gmt":"2025-12-11T11:48:27","slug":"eesti-konverentsiburoo-uus-juhatus-seab-fookusesse-rahvusvaheliste-arisundmuste-majandusliku-moju-suurendamise-ning-uue-konverentsikeskuse","status":"publish","type":"post","link":"https:\/\/www.ecb.ee\/et\/uudised\/eesti-konverentsiburoo-uus-juhatus-seab-fookusesse-rahvusvaheliste-arisundmuste-majandusliku-moju-suurendamise-ning-uue-konverentsikeskuse\/","title":{"rendered":"Eesti Konverentsib\u00fcroo uus juhatus seab fookusesse rahvusvaheliste \u00e4ris\u00fcndmuste majandusliku m\u00f5ju suurendamise ning uue konverentsikeskuse"},"content":{"rendered":"<p>Eile Tallinnas Kultuurikatlas toimunud Eesti Konverentsib\u00fcroo (EKB) liikmete \u00fcldkoosolekul valiti liidule uus k\u00fcmneliikmeline juhatus, kes hakkab suunama Eesti konverentsisektori arengut kuni 2029. aastani. Juhatuse esimehena j\u00e4tkab Ott Sarapuu (Proto Avastustehas).<\/p>\n<p>Uues juhatuses j\u00e4tkavad:<\/p>\n<ul>\n<li>Anne Samlik, Estraveli n\u00f5ukogu liige<\/li>\n<li>Heli Kuik, Konverentsimeistrid O\u00dc juht<\/li>\n<li>Ott Sarapuu, Proto Avastustehase juhatuse liige<\/li>\n<li>Aivar Sirelpuu, Alexela Kontserdimaja tegevjuht<\/li>\n<li>Marleen Kirsip, Tartu linna turundusjuht<\/li>\n<li>Annika Raadik, P\u00e4rnu Linnavalitsuse arenguosakonna turismiarenduse juht<\/li>\n<\/ul>\n<p>Uute liikmetena liitusid:<\/p>\n<ul>\n<li>Andres Kask, Tallinna Strateegiakeskuse ettev\u00f5tlusteenistuse rahvusvahelise majanduspartnerluse osakonna juhataja<\/li>\n<li>Eero P\u00e4rgm\u00e4e, Tallinna Lennujaama juhatuse liige<\/li>\n<li>Marko Dobrus, Duco Hotels juhatuse liige<\/li>\n<li>Evelyn Silvet, Nordic Hotel Forum m\u00fc\u00fcgijuht<\/li>\n<\/ul>\n<p>Valimistele lisaks jagus \u00fcldkoosolekule teisigi teemasid &#8211; tehti kokkuv\u00f5te 2025.a. tegevustest ja vaadati sisse 2026. plaanidesse ja kinnitati 2026.a. eelarve EKB uus strateegia.<\/p>\n<h3>Majandusm\u00f5ju t\u00f5stmine ja konverentsikeskuse arendus<\/h3>\n<p>EKB uue perioodi tegevuste keskmes on rahvusvaheliste \u00e4ris\u00fcndmuste majandusliku m\u00f5ju kasvatamine, et j\u00f5uda 82 miljoni euroni aastas, uue kaasaegse konverentsikeskuse rajamisele hoogu andmine ning sektori m\u00f5ju t\u00e4psem m\u00f5\u00f5tmine ja kvaliteetsem andmekogumine.<\/p>\n<div>\n<p>EKB juhatuse esimees Ott Sarapuu kommenteerib: <em>\u201eMeie uus juhatus seab tugevama fookuse sellele, et Eesti rahvusvaheliste \u00e4ris\u00fcndmuste majanduslik m\u00f5ju j\u00f5uaks l\u00e4hiaastatel 82 miljoni euroni. See ei ole lihtsalt number \u2013 see on selge signaal, et konverentsiturismil on Eestis veel m\u00e4rkimisv\u00e4\u00e4rne kasvupotentsiaal. Samuti on \u00fclioluline astuda edasi sammudega, mis viiksid meid l\u00e4hemale korraliku rahvusvahelise konverentsikeskuse valmimiseni. Kolme aastaga me keskust valmis ei ehita, kuid kopp v\u00f5iks selle ajaga juba kindlasti maas olla. Lisaks p\u00f6\u00f6rame suurt t\u00e4helepanu andmete kvaliteedi parandamisele, et sektori m\u00f5ju oleks paremini m\u00f5\u00f5detav ja n\u00e4htav nii partneritele kui poliitikakujundajatele.\u201c<\/em><\/p>\n<\/div>\n<p>MT\u00dc Eesti Konverentsib\u00fcroo on 2008.a. asutatud Eesti konverentsiturismi katusorganisatsioon, mille eesm\u00e4rgiks on Eesti kui konverentsimaa rahvusvahelise maine kujundamine ja tuntuse t\u00f5stmine ning Eestis toimuvate rahvusvaheliste konverentside arvu suurendamine. EKB missiooniks on kasvatada rahvusvaheliste\u00a0\u00e4ris\u00fcndmuste kaudu Eesti majandust ja konkurentsiv\u00f5imet, toetada teadusarengut ning kujundada sellega Eesti kui atraktiivse sihtkoha n\u00e4htavust ja mainet. EKB esindab konverentside korraldamisega seotud ettev\u00f5tteid ning riiki ja omavalitsusi\u00a0ja tihedat koost\u00f6\u00f6d Eesti tutvustamiseks tehakse Ettev\u00f5tluse ja Innovatsiooni Sihtasutusega. EKB on rahvusvahelise erialaorganisatsiooni ICCA (international Congress and Convention Association) liige.<\/p>\n<p><em>Fotol vasakult: Anne Samlik, Aivar Sirelpuu, Marleen Kirsip, Ott Sarapuu, Annika Raadik, Marko Dobrus, Evelyn Silvet, Andres Kask.\u00a0 Fotolt on puudu Eero P\u00e4rgm\u00e4e ja Heli Kuik.<\/em><\/p>\n<p>&nbsp;<\/p>\n<div id='gallery-1' class='gallery galleryid-43573 gallery-columns-1 gallery-size-full'><figure class='gallery-item'>\n\t\t\t<div class='gallery-icon portrait'>\n\t\t\t\t<a href='https:\/\/www.ecb.ee\/et\/uudised\/eesti-konverentsiburoo-uus-juhatus-seab-fookusesse-rahvusvaheliste-arisundmuste-majandusliku-moju-suurendamise-ning-uue-konverentsikeskuse\/attachment\/ekb-uus-juhatus\/'><img loading=\"lazy\" decoding=\"async\" width=\"2064\" height=\"2560\" src=\"https:\/\/www.ecb.ee\/wp-content\/uploads\/2025\/12\/EKB-uus-juhatus-scaled.jpeg\" class=\"attachment-full size-full\" alt=\"EKB uus juhatus\" srcset=\"https:\/\/www.ecb.ee\/wp-content\/uploads\/2025\/12\/EKB-uus-juhatus-scaled.jpeg 2064w, https:\/\/www.ecb.ee\/wp-content\/uploads\/2025\/12\/EKB-uus-juhatus-242x300.jpeg 242w, https:\/\/www.ecb.ee\/wp-content\/uploads\/2025\/12\/EKB-uus-juhatus-825x1024.jpeg 825w, https:\/\/www.ecb.ee\/wp-content\/uploads\/2025\/12\/EKB-uus-juhatus-768x953.jpeg 768w, https:\/\/www.ecb.ee\/wp-content\/uploads\/2025\/12\/EKB-uus-juhatus-1238x1536.jpeg 1238w, https:\/\/www.ecb.ee\/wp-content\/uploads\/2025\/12\/EKB-uus-juhatus-1651x2048.jpeg 1651w, https:\/\/www.ecb.ee\/wp-content\/uploads\/2025\/12\/EKB-uus-juhatus-1200x1489.jpeg 1200w, https:\/\/www.ecb.ee\/wp-content\/uploads\/2025\/12\/EKB-uus-juhatus-1980x2456.jpeg 1980w\" sizes=\"auto, (max-width: 2064px) 100vw, 2064px\" \/><\/a>\n\t\t\t<\/div><\/figure>\n\t\t<\/div>\n\n","protected":false},"excerpt":{"rendered":"<p>Eile Tallinnas Kultuurikatlas toimunud Eesti Konverentsib\u00fcroo (EKB) liikmete \u00fcldkoosolekul valiti liidule uus k\u00fcmneliikmeline juhatus, kes hakkab suunama Eesti konverentsisektori arengut kuni 2029. aastani. Juhatuse esimehena j\u00e4tkab Ott Sarapuu (Proto Avastustehas). Uues juhatuses j\u00e4tkavad: Anne Samlik, Estraveli n\u00f5ukogu liige Heli Kuik, Konverentsimeistrid O\u00dc juht Ott Sarapuu, Proto Avastustehase juhatuse liige Aivar Sirelpuu, Alexela Kontserdimaja tegevjuht Marleen [&hellip;]<\/p>\n","protected":false},"author":4,"featured_media":43579,"comment_status":"closed","ping_status":"closed","sticky":false,"template":"","format":"standard","meta":{"_acf_changed":false,"footnotes":""},"categories":[189],"tags":[],"class_list":["post-43573","post","type-post","status-publish","format-standard","has-post-thumbnail","hentry","category-uudised"],"acf":[],"yoast_head":"<!-- This site is optimized with the Yoast SEO plugin v27.5 - https:\/\/yoast.com\/product\/yoast-seo-wordpress\/ -->\n<title>Eesti Konverentsib\u00fcroo uus juhatus seab fookusesse rahvusvaheliste \u00e4ris\u00fcndmuste majandusliku m\u00f5ju suurendamise ning uue konverentsikeskuse - Estonian Convention Bureau<\/title>\n<meta name=\"robots\" content=\"index, follow, max-snippet:-1, max-image-preview:large, max-video-preview:-1\" \/>\n<link rel=\"canonical\" href=\"https:\/\/www.ecb.ee\/et\/uudised\/eesti-konverentsiburoo-uus-juhatus-seab-fookusesse-rahvusvaheliste-arisundmuste-majandusliku-moju-suurendamise-ning-uue-konverentsikeskuse\/\" \/>\n<meta property=\"og:locale\" content=\"et_EE\" \/>\n<meta property=\"og:type\" content=\"article\" \/>\n<meta property=\"og:title\" content=\"Eesti Konverentsib\u00fcroo uus juhatus seab fookusesse rahvusvaheliste \u00e4ris\u00fcndmuste majandusliku m\u00f5ju suurendamise ning uue konverentsikeskuse - Estonian Convention Bureau\" \/>\n<meta property=\"og:description\" content=\"Eile Tallinnas Kultuurikatlas toimunud Eesti Konverentsib\u00fcroo (EKB) liikmete \u00fcldkoosolekul valiti liidule uus k\u00fcmneliikmeline juhatus, kes hakkab suunama Eesti konverentsisektori arengut kuni 2029. aastani. Juhatuse esimehena j\u00e4tkab Ott Sarapuu (Proto Avastustehas). Uues juhatuses j\u00e4tkavad: Anne Samlik, Estraveli n\u00f5ukogu liige Heli Kuik, Konverentsimeistrid O\u00dc juht Ott Sarapuu, Proto Avastustehase juhatuse liige Aivar Sirelpuu, Alexela Kontserdimaja tegevjuht Marleen [&hellip;]\" \/>\n<meta property=\"og:url\" content=\"https:\/\/www.ecb.ee\/et\/uudised\/eesti-konverentsiburoo-uus-juhatus-seab-fookusesse-rahvusvaheliste-arisundmuste-majandusliku-moju-suurendamise-ning-uue-konverentsikeskuse\/\" \/>\n<meta property=\"og:site_name\" content=\"Estonian Convention Bureau\" \/>\n<meta property=\"article:published_time\" content=\"2025-12-11T10:42:39+00:00\" \/>\n<meta property=\"article:modified_time\" content=\"2025-12-11T11:48:27+00:00\" \/>\n<meta property=\"og:image\" content=\"https:\/\/www.ecb.ee\/wp-content\/uploads\/2025\/12\/IMG_2059-scaled.jpeg\" \/>\n\t<meta property=\"og:image:width\" content=\"2064\" \/>\n\t<meta property=\"og:image:height\" content=\"2560\" \/>\n\t<meta property=\"og:image:type\" content=\"image\/jpeg\" \/>\n<meta name=\"author\" content=\"Riine Tiigi\" \/>\n<meta name=\"twitter:card\" content=\"summary_large_image\" \/>\n<meta name=\"twitter:label1\" content=\"Written by\" \/>\n\t<meta name=\"twitter:data1\" content=\"Riine Tiigi\" \/>\n\t<meta name=\"twitter:label2\" content=\"Est. reading time\" \/>\n\t<meta name=\"twitter:data2\" content=\"2 minutit\" \/>\n<script type=\"application\/ld+json\" class=\"yoast-schema-graph\">{\"@context\":\"https:\\\/\\\/schema.org\",\"@graph\":[{\"@type\":\"Article\",\"@id\":\"https:\\\/\\\/www.ecb.ee\\\/et\\\/uudised\\\/eesti-konverentsiburoo-uus-juhatus-seab-fookusesse-rahvusvaheliste-arisundmuste-majandusliku-moju-suurendamise-ning-uue-konverentsikeskuse\\\/#article\",\"isPartOf\":{\"@id\":\"https:\\\/\\\/www.ecb.ee\\\/et\\\/uudised\\\/eesti-konverentsiburoo-uus-juhatus-seab-fookusesse-rahvusvaheliste-arisundmuste-majandusliku-moju-suurendamise-ning-uue-konverentsikeskuse\\\/\"},\"author\":{\"name\":\"Riine Tiigi\",\"@id\":\"https:\\\/\\\/www.ecb.ee\\\/#\\\/schema\\\/person\\\/683a06848cf0a690b2ba233665cb719f\"},\"headline\":\"Eesti Konverentsib\u00fcroo uus juhatus seab fookusesse rahvusvaheliste \u00e4ris\u00fcndmuste majandusliku m\u00f5ju suurendamise ning uue konverentsikeskuse\",\"datePublished\":\"2025-12-11T10:42:39+00:00\",\"dateModified\":\"2025-12-11T11:48:27+00:00\",\"mainEntityOfPage\":{\"@id\":\"https:\\\/\\\/www.ecb.ee\\\/et\\\/uudised\\\/eesti-konverentsiburoo-uus-juhatus-seab-fookusesse-rahvusvaheliste-arisundmuste-majandusliku-moju-suurendamise-ning-uue-konverentsikeskuse\\\/\"},\"wordCount\":414,\"publisher\":{\"@id\":\"https:\\\/\\\/www.ecb.ee\\\/#organization\"},\"image\":{\"@id\":\"https:\\\/\\\/www.ecb.ee\\\/et\\\/uudised\\\/eesti-konverentsiburoo-uus-juhatus-seab-fookusesse-rahvusvaheliste-arisundmuste-majandusliku-moju-suurendamise-ning-uue-konverentsikeskuse\\\/#primaryimage\"},\"thumbnailUrl\":\"https:\\\/\\\/www.ecb.ee\\\/wp-content\\\/uploads\\\/2025\\\/12\\\/IMG_2059-scaled.jpeg\",\"articleSection\":[\"Uudised\"],\"inLanguage\":\"et\"},{\"@type\":\"WebPage\",\"@id\":\"https:\\\/\\\/www.ecb.ee\\\/et\\\/uudised\\\/eesti-konverentsiburoo-uus-juhatus-seab-fookusesse-rahvusvaheliste-arisundmuste-majandusliku-moju-suurendamise-ning-uue-konverentsikeskuse\\\/\",\"url\":\"https:\\\/\\\/www.ecb.ee\\\/et\\\/uudised\\\/eesti-konverentsiburoo-uus-juhatus-seab-fookusesse-rahvusvaheliste-arisundmuste-majandusliku-moju-suurendamise-ning-uue-konverentsikeskuse\\\/\",\"name\":\"Eesti Konverentsib\u00fcroo uus juhatus seab fookusesse rahvusvaheliste \u00e4ris\u00fcndmuste majandusliku m\u00f5ju suurendamise ning uue konverentsikeskuse - Estonian Convention Bureau\",\"isPartOf\":{\"@id\":\"https:\\\/\\\/www.ecb.ee\\\/#website\"},\"primaryImageOfPage\":{\"@id\":\"https:\\\/\\\/www.ecb.ee\\\/et\\\/uudised\\\/eesti-konverentsiburoo-uus-juhatus-seab-fookusesse-rahvusvaheliste-arisundmuste-majandusliku-moju-suurendamise-ning-uue-konverentsikeskuse\\\/#primaryimage\"},\"image\":{\"@id\":\"https:\\\/\\\/www.ecb.ee\\\/et\\\/uudised\\\/eesti-konverentsiburoo-uus-juhatus-seab-fookusesse-rahvusvaheliste-arisundmuste-majandusliku-moju-suurendamise-ning-uue-konverentsikeskuse\\\/#primaryimage\"},\"thumbnailUrl\":\"https:\\\/\\\/www.ecb.ee\\\/wp-content\\\/uploads\\\/2025\\\/12\\\/IMG_2059-scaled.jpeg\",\"datePublished\":\"2025-12-11T10:42:39+00:00\",\"dateModified\":\"2025-12-11T11:48:27+00:00\",\"breadcrumb\":{\"@id\":\"https:\\\/\\\/www.ecb.ee\\\/et\\\/uudised\\\/eesti-konverentsiburoo-uus-juhatus-seab-fookusesse-rahvusvaheliste-arisundmuste-majandusliku-moju-suurendamise-ning-uue-konverentsikeskuse\\\/#breadcrumb\"},\"inLanguage\":\"et\",\"potentialAction\":[{\"@type\":\"ReadAction\",\"target\":[\"https:\\\/\\\/www.ecb.ee\\\/et\\\/uudised\\\/eesti-konverentsiburoo-uus-juhatus-seab-fookusesse-rahvusvaheliste-arisundmuste-majandusliku-moju-suurendamise-ning-uue-konverentsikeskuse\\\/\"]}]},{\"@type\":\"ImageObject\",\"inLanguage\":\"et\",\"@id\":\"https:\\\/\\\/www.ecb.ee\\\/et\\\/uudised\\\/eesti-konverentsiburoo-uus-juhatus-seab-fookusesse-rahvusvaheliste-arisundmuste-majandusliku-moju-suurendamise-ning-uue-konverentsikeskuse\\\/#primaryimage\",\"url\":\"https:\\\/\\\/www.ecb.ee\\\/wp-content\\\/uploads\\\/2025\\\/12\\\/IMG_2059-scaled.jpeg\",\"contentUrl\":\"https:\\\/\\\/www.ecb.ee\\\/wp-content\\\/uploads\\\/2025\\\/12\\\/IMG_2059-scaled.jpeg\",\"width\":2064,\"height\":2560,\"caption\":\"EKB uus juhatus\"},{\"@type\":\"BreadcrumbList\",\"@id\":\"https:\\\/\\\/www.ecb.ee\\\/et\\\/uudised\\\/eesti-konverentsiburoo-uus-juhatus-seab-fookusesse-rahvusvaheliste-arisundmuste-majandusliku-moju-suurendamise-ning-uue-konverentsikeskuse\\\/#breadcrumb\",\"itemListElement\":[{\"@type\":\"ListItem\",\"position\":1,\"name\":\"Home\",\"item\":\"https:\\\/\\\/www.ecb.ee\\\/et\\\/\"},{\"@type\":\"ListItem\",\"position\":2,\"name\":\"Eesti Konverentsib\u00fcroo uus juhatus seab fookusesse rahvusvaheliste \u00e4ris\u00fcndmuste majandusliku m\u00f5ju suurendamise ning uue konverentsikeskuse\"}]},{\"@type\":\"WebSite\",\"@id\":\"https:\\\/\\\/www.ecb.ee\\\/#website\",\"url\":\"https:\\\/\\\/www.ecb.ee\\\/\",\"name\":\"Estonian Convention Bureau\",\"description\":\"\",\"publisher\":{\"@id\":\"https:\\\/\\\/www.ecb.ee\\\/#organization\"},\"potentialAction\":[{\"@type\":\"SearchAction\",\"target\":{\"@type\":\"EntryPoint\",\"urlTemplate\":\"https:\\\/\\\/www.ecb.ee\\\/?s={search_term_string}\"},\"query-input\":{\"@type\":\"PropertyValueSpecification\",\"valueRequired\":true,\"valueName\":\"search_term_string\"}}],\"inLanguage\":\"et\"},{\"@type\":\"Organization\",\"@id\":\"https:\\\/\\\/www.ecb.ee\\\/#organization\",\"name\":\"Estonian Convention Bureau\",\"url\":\"https:\\\/\\\/www.ecb.ee\\\/\",\"logo\":{\"@type\":\"ImageObject\",\"inLanguage\":\"et\",\"@id\":\"https:\\\/\\\/www.ecb.ee\\\/#\\\/schema\\\/logo\\\/image\\\/\",\"url\":\"https:\\\/\\\/www.ecb.ee\\\/wp-content\\\/uploads\\\/2020\\\/12\\\/site_logo.svg\",\"contentUrl\":\"https:\\\/\\\/www.ecb.ee\\\/wp-content\\\/uploads\\\/2020\\\/12\\\/site_logo.svg\",\"caption\":\"Estonian Convention Bureau\"},\"image\":{\"@id\":\"https:\\\/\\\/www.ecb.ee\\\/#\\\/schema\\\/logo\\\/image\\\/\"}},{\"@type\":\"Person\",\"@id\":\"https:\\\/\\\/www.ecb.ee\\\/#\\\/schema\\\/person\\\/683a06848cf0a690b2ba233665cb719f\",\"name\":\"Riine Tiigi\",\"image\":{\"@type\":\"ImageObject\",\"inLanguage\":\"et\",\"@id\":\"https:\\\/\\\/secure.gravatar.com\\\/avatar\\\/d86339875b83b6a9394fce703248189388335d81fba6ca62f59bc61cc7a0ae31?s=96&d=mm&r=g\",\"url\":\"https:\\\/\\\/secure.gravatar.com\\\/avatar\\\/d86339875b83b6a9394fce703248189388335d81fba6ca62f59bc61cc7a0ae31?s=96&d=mm&r=g\",\"contentUrl\":\"https:\\\/\\\/secure.gravatar.com\\\/avatar\\\/d86339875b83b6a9394fce703248189388335d81fba6ca62f59bc61cc7a0ae31?s=96&d=mm&r=g\",\"caption\":\"Riine Tiigi\"},\"url\":\"https:\\\/\\\/www.ecb.ee\\\/et\\\/author\\\/riine\\\/\"}]}<\/script>\n<!-- \/ Yoast SEO plugin. -->","yoast_head_json":{"title":"Eesti Konverentsib\u00fcroo uus juhatus seab fookusesse rahvusvaheliste \u00e4ris\u00fcndmuste majandusliku m\u00f5ju suurendamise ning uue konverentsikeskuse - Estonian Convention Bureau","robots":{"index":"index","follow":"follow","max-snippet":"max-snippet:-1","max-image-preview":"max-image-preview:large","max-video-preview":"max-video-preview:-1"},"canonical":"https:\/\/www.ecb.ee\/et\/uudised\/eesti-konverentsiburoo-uus-juhatus-seab-fookusesse-rahvusvaheliste-arisundmuste-majandusliku-moju-suurendamise-ning-uue-konverentsikeskuse\/","og_locale":"et_EE","og_type":"article","og_title":"Eesti Konverentsib\u00fcroo uus juhatus seab fookusesse rahvusvaheliste \u00e4ris\u00fcndmuste majandusliku m\u00f5ju suurendamise ning uue konverentsikeskuse - Estonian Convention Bureau","og_description":"Eile Tallinnas Kultuurikatlas toimunud Eesti Konverentsib\u00fcroo (EKB) liikmete \u00fcldkoosolekul valiti liidule uus k\u00fcmneliikmeline juhatus, kes hakkab suunama Eesti konverentsisektori arengut kuni 2029. aastani. Juhatuse esimehena j\u00e4tkab Ott Sarapuu (Proto Avastustehas). Uues juhatuses j\u00e4tkavad: Anne Samlik, Estraveli n\u00f5ukogu liige Heli Kuik, Konverentsimeistrid O\u00dc juht Ott Sarapuu, Proto Avastustehase juhatuse liige Aivar Sirelpuu, Alexela Kontserdimaja tegevjuht Marleen [&hellip;]","og_url":"https:\/\/www.ecb.ee\/et\/uudised\/eesti-konverentsiburoo-uus-juhatus-seab-fookusesse-rahvusvaheliste-arisundmuste-majandusliku-moju-suurendamise-ning-uue-konverentsikeskuse\/","og_site_name":"Estonian Convention Bureau","article_published_time":"2025-12-11T10:42:39+00:00","article_modified_time":"2025-12-11T11:48:27+00:00","og_image":[{"width":2064,"height":2560,"url":"https:\/\/www.ecb.ee\/wp-content\/uploads\/2025\/12\/IMG_2059-scaled.jpeg","type":"image\/jpeg"}],"author":"Riine Tiigi","twitter_card":"summary_large_image","twitter_misc":{"Written by":"Riine Tiigi","Est. reading time":"2 minutit"},"schema":{"@context":"https:\/\/schema.org","@graph":[{"@type":"Article","@id":"https:\/\/www.ecb.ee\/et\/uudised\/eesti-konverentsiburoo-uus-juhatus-seab-fookusesse-rahvusvaheliste-arisundmuste-majandusliku-moju-suurendamise-ning-uue-konverentsikeskuse\/#article","isPartOf":{"@id":"https:\/\/www.ecb.ee\/et\/uudised\/eesti-konverentsiburoo-uus-juhatus-seab-fookusesse-rahvusvaheliste-arisundmuste-majandusliku-moju-suurendamise-ning-uue-konverentsikeskuse\/"},"author":{"name":"Riine Tiigi","@id":"https:\/\/www.ecb.ee\/#\/schema\/person\/683a06848cf0a690b2ba233665cb719f"},"headline":"Eesti Konverentsib\u00fcroo uus juhatus seab fookusesse rahvusvaheliste \u00e4ris\u00fcndmuste majandusliku m\u00f5ju suurendamise ning uue konverentsikeskuse","datePublished":"2025-12-11T10:42:39+00:00","dateModified":"2025-12-11T11:48:27+00:00","mainEntityOfPage":{"@id":"https:\/\/www.ecb.ee\/et\/uudised\/eesti-konverentsiburoo-uus-juhatus-seab-fookusesse-rahvusvaheliste-arisundmuste-majandusliku-moju-suurendamise-ning-uue-konverentsikeskuse\/"},"wordCount":414,"publisher":{"@id":"https:\/\/www.ecb.ee\/#organization"},"image":{"@id":"https:\/\/www.ecb.ee\/et\/uudised\/eesti-konverentsiburoo-uus-juhatus-seab-fookusesse-rahvusvaheliste-arisundmuste-majandusliku-moju-suurendamise-ning-uue-konverentsikeskuse\/#primaryimage"},"thumbnailUrl":"https:\/\/www.ecb.ee\/wp-content\/uploads\/2025\/12\/IMG_2059-scaled.jpeg","articleSection":["Uudised"],"inLanguage":"et"},{"@type":"WebPage","@id":"https:\/\/www.ecb.ee\/et\/uudised\/eesti-konverentsiburoo-uus-juhatus-seab-fookusesse-rahvusvaheliste-arisundmuste-majandusliku-moju-suurendamise-ning-uue-konverentsikeskuse\/","url":"https:\/\/www.ecb.ee\/et\/uudised\/eesti-konverentsiburoo-uus-juhatus-seab-fookusesse-rahvusvaheliste-arisundmuste-majandusliku-moju-suurendamise-ning-uue-konverentsikeskuse\/","name":"Eesti Konverentsib\u00fcroo uus juhatus seab fookusesse rahvusvaheliste \u00e4ris\u00fcndmuste majandusliku m\u00f5ju suurendamise ning uue konverentsikeskuse - Estonian Convention Bureau","isPartOf":{"@id":"https:\/\/www.ecb.ee\/#website"},"primaryImageOfPage":{"@id":"https:\/\/www.ecb.ee\/et\/uudised\/eesti-konverentsiburoo-uus-juhatus-seab-fookusesse-rahvusvaheliste-arisundmuste-majandusliku-moju-suurendamise-ning-uue-konverentsikeskuse\/#primaryimage"},"image":{"@id":"https:\/\/www.ecb.ee\/et\/uudised\/eesti-konverentsiburoo-uus-juhatus-seab-fookusesse-rahvusvaheliste-arisundmuste-majandusliku-moju-suurendamise-ning-uue-konverentsikeskuse\/#primaryimage"},"thumbnailUrl":"https:\/\/www.ecb.ee\/wp-content\/uploads\/2025\/12\/IMG_2059-scaled.jpeg","datePublished":"2025-12-11T10:42:39+00:00","dateModified":"2025-12-11T11:48:27+00:00","breadcrumb":{"@id":"https:\/\/www.ecb.ee\/et\/uudised\/eesti-konverentsiburoo-uus-juhatus-seab-fookusesse-rahvusvaheliste-arisundmuste-majandusliku-moju-suurendamise-ning-uue-konverentsikeskuse\/#breadcrumb"},"inLanguage":"et","potentialAction":[{"@type":"ReadAction","target":["https:\/\/www.ecb.ee\/et\/uudised\/eesti-konverentsiburoo-uus-juhatus-seab-fookusesse-rahvusvaheliste-arisundmuste-majandusliku-moju-suurendamise-ning-uue-konverentsikeskuse\/"]}]},{"@type":"ImageObject","inLanguage":"et","@id":"https:\/\/www.ecb.ee\/et\/uudised\/eesti-konverentsiburoo-uus-juhatus-seab-fookusesse-rahvusvaheliste-arisundmuste-majandusliku-moju-suurendamise-ning-uue-konverentsikeskuse\/#primaryimage","url":"https:\/\/www.ecb.ee\/wp-content\/uploads\/2025\/12\/IMG_2059-scaled.jpeg","contentUrl":"https:\/\/www.ecb.ee\/wp-content\/uploads\/2025\/12\/IMG_2059-scaled.jpeg","width":2064,"height":2560,"caption":"EKB uus juhatus"},{"@type":"BreadcrumbList","@id":"https:\/\/www.ecb.ee\/et\/uudised\/eesti-konverentsiburoo-uus-juhatus-seab-fookusesse-rahvusvaheliste-arisundmuste-majandusliku-moju-suurendamise-ning-uue-konverentsikeskuse\/#breadcrumb","itemListElement":[{"@type":"ListItem","position":1,"name":"Home","item":"https:\/\/www.ecb.ee\/et\/"},{"@type":"ListItem","position":2,"name":"Eesti Konverentsib\u00fcroo uus juhatus seab fookusesse rahvusvaheliste \u00e4ris\u00fcndmuste majandusliku m\u00f5ju suurendamise ning uue konverentsikeskuse"}]},{"@type":"WebSite","@id":"https:\/\/www.ecb.ee\/#website","url":"https:\/\/www.ecb.ee\/","name":"Estonian Convention Bureau","description":"","publisher":{"@id":"https:\/\/www.ecb.ee\/#organization"},"potentialAction":[{"@type":"SearchAction","target":{"@type":"EntryPoint","urlTemplate":"https:\/\/www.ecb.ee\/?s={search_term_string}"},"query-input":{"@type":"PropertyValueSpecification","valueRequired":true,"valueName":"search_term_string"}}],"inLanguage":"et"},{"@type":"Organization","@id":"https:\/\/www.ecb.ee\/#organization","name":"Estonian Convention Bureau","url":"https:\/\/www.ecb.ee\/","logo":{"@type":"ImageObject","inLanguage":"et","@id":"https:\/\/www.ecb.ee\/#\/schema\/logo\/image\/","url":"https:\/\/www.ecb.ee\/wp-content\/uploads\/2020\/12\/site_logo.svg","contentUrl":"https:\/\/www.ecb.ee\/wp-content\/uploads\/2020\/12\/site_logo.svg","caption":"Estonian Convention Bureau"},"image":{"@id":"https:\/\/www.ecb.ee\/#\/schema\/logo\/image\/"}},{"@type":"Person","@id":"https:\/\/www.ecb.ee\/#\/schema\/person\/683a06848cf0a690b2ba233665cb719f","name":"Riine Tiigi","image":{"@type":"ImageObject","inLanguage":"et","@id":"https:\/\/secure.gravatar.com\/avatar\/d86339875b83b6a9394fce703248189388335d81fba6ca62f59bc61cc7a0ae31?s=96&d=mm&r=g","url":"https:\/\/secure.gravatar.com\/avatar\/d86339875b83b6a9394fce703248189388335d81fba6ca62f59bc61cc7a0ae31?s=96&d=mm&r=g","contentUrl":"https:\/\/secure.gravatar.com\/avatar\/d86339875b83b6a9394fce703248189388335d81fba6ca62f59bc61cc7a0ae31?s=96&d=mm&r=g","caption":"Riine Tiigi"},"url":"https:\/\/www.ecb.ee\/et\/author\/riine\/"}]}},"_links":{"self":[{"href":"https:\/\/www.ecb.ee\/et\/wp-json\/wp\/v2\/posts\/43573","targetHints":{"allow":["GET"]}}],"collection":[{"href":"https:\/\/www.ecb.ee\/et\/wp-json\/wp\/v2\/posts"}],"about":[{"href":"https:\/\/www.ecb.ee\/et\/wp-json\/wp\/v2\/types\/post"}],"author":[{"embeddable":true,"href":"https:\/\/www.ecb.ee\/et\/wp-json\/wp\/v2\/users\/4"}],"replies":[{"embeddable":true,"href":"https:\/\/www.ecb.ee\/et\/wp-json\/wp\/v2\/comments?post=43573"}],"version-history":[{"count":8,"href":"https:\/\/www.ecb.ee\/et\/wp-json\/wp\/v2\/posts\/43573\/revisions"}],"predecessor-version":[{"id":43594,"href":"https:\/\/www.ecb.ee\/et\/wp-json\/wp\/v2\/posts\/43573\/revisions\/43594"}],"wp:featuredmedia":[{"embeddable":true,"href":"https:\/\/www.ecb.ee\/et\/wp-json\/wp\/v2\/media\/43579"}],"wp:attachment":[{"href":"https:\/\/www.ecb.ee\/et\/wp-json\/wp\/v2\/media?parent=43573"}],"wp:term":[{"taxonomy":"category","embeddable":true,"href":"https:\/\/www.ecb.ee\/et\/wp-json\/wp\/v2\/categories?post=43573"},{"taxonomy":"post_tag","embeddable":true,"href":"https:\/\/www.ecb.ee\/et\/wp-json\/wp\/v2\/tags?post=43573"}],"curies":[{"name":"wp","href":"https:\/\/api.w.org\/{rel}","templated":true}]}}