{"id":42709,"date":"2025-10-06T09:34:20","date_gmt":"2025-10-06T09:34:20","guid":{"rendered":"https:\/\/www.ecb.ee\/?p=42709"},"modified":"2025-10-23T08:23:26","modified_gmt":"2025-10-23T08:23:26","slug":"meie-uusim-liige-novotel-tallinn-avab-uksed-detsembris-2025","status":"publish","type":"post","link":"https:\/\/www.ecb.ee\/et\/uudised\/meie-uusim-liige-novotel-tallinn-avab-uksed-detsembris-2025\/","title":{"rendered":"Meie uusim liige \u2013 Novotel Tallinn avab uksed detsembris 2025"},"content":{"rendered":"<p style=\"font-weight: 400;\">Meil on suur r\u00f5\u00f5m tervitada\u00a0<strong>Novotel Tallinnat<\/strong>\u00a0kui\u00a0<strong>meie uusimat liiget<\/strong>! Tegemist on <strong>Eesti\u00a0esimese Novotel hotelliga<\/strong>, mis avab uksed detsembris 2025 ja toob Tallinna hotellimaastikule v\u00e4rske, kaasaegse ja nutika l\u00e4henemise.<\/p>\n<p style=\"font-weight: 400;\">Ideaalne asukoht\u00a0<strong>sadama<\/strong>\u00a0ja\u00a0<strong>vanalinna<\/strong>\u00a0vahel muudab hotelli mugavaks peatuspaigaks nii \u00e4rireisijatele kui ka neile, kes soovivad \u00fchendada t\u00f6\u00f6 ja puhkuse. Vaid m\u00f5neminutilise jalutusk\u00e4igu kaugusel asub\u00a0<strong>Tallinna Kultuurikatel<\/strong>, mis teeb Novotelist suurep\u00e4rase valiku konverentside ja \u00e4ris\u00fcndmuste k\u00fclastajatele.<\/p>\n<p style=\"font-weight: 400;\">Hotellis on\u00a0<strong>92 stiilset tuba<\/strong>\u00a0neljas kategoorias: <strong>Standard, Executive, Deluxe ja Sviit<\/strong>. Lisaks <strong>40 apartmenti by Novotel Living<\/strong>\u00a0pikemaks peatumiseks. Hotellis ootavad k\u00fclastajat <strong>restoran Greem<\/strong>,\u00a0<strong>Club Lounge<\/strong>,\u00a0<strong>sisehoovi terrass<\/strong>\u00a0ja\u00a0<strong>kaasaegne j\u00f5usaal<\/strong>\u00a0\u2013 k\u00f5ik loodud mugavust, paindlikkust ja j\u00e4tkusuutlikkust silmas pidades.<\/p>\n<p style=\"font-weight: 400;\"><strong>Novotel Tallinn<\/strong> on suurep\u00e4rane t\u00e4iendus Tallinna hotellivalikusse ning tugevdab linna positsiooni kui atraktiivse ja k\u00fclalislahke konverentsisihtkohana. Ootame p\u00f5nevusega avamist ja koost\u00f6\u00f6d meie uue liikmega!<\/p>\n<p style=\"font-weight: 400;\"><strong>R\u00fchmatellimused ja p\u00e4ringud:<\/strong><br \/>\n<strong>Kristiina Viirpalu, M\u00fc\u00fcgijuht<\/strong>\u00a0\u2013\u00a0<a href=\"mailto:kristiina.viirpalu@accor.com\" target=\"_blank\" rel=\"noopener\">kristiina.viirpalu@accor.com<\/a><\/p>\n<p>&nbsp;<\/p>\n<p><img loading=\"lazy\" decoding=\"async\" class=\"alignnone wp-image-42703 size-full\" src=\"https:\/\/www.ecb.ee\/wp-content\/uploads\/2025\/10\/image-11.png\" alt=\"\" width=\"1680\" height=\"946\" srcset=\"https:\/\/www.ecb.ee\/wp-content\/uploads\/2025\/10\/image-11.png 1680w, https:\/\/www.ecb.ee\/wp-content\/uploads\/2025\/10\/image-11-300x169.png 300w, https:\/\/www.ecb.ee\/wp-content\/uploads\/2025\/10\/image-11-1024x577.png 1024w, https:\/\/www.ecb.ee\/wp-content\/uploads\/2025\/10\/image-11-768x432.png 768w, https:\/\/www.ecb.ee\/wp-content\/uploads\/2025\/10\/image-11-1536x865.png 1536w, https:\/\/www.ecb.ee\/wp-content\/uploads\/2025\/10\/image-11-1200x676.png 1200w\" sizes=\"auto, (max-width: 1680px) 100vw, 1680px\" \/><img loading=\"lazy\" decoding=\"async\" class=\"alignnone wp-image-42706 size-full\" src=\"https:\/\/www.ecb.ee\/wp-content\/uploads\/2025\/10\/image-12.png\" alt=\"\" width=\"1680\" height=\"946\" srcset=\"https:\/\/www.ecb.ee\/wp-content\/uploads\/2025\/10\/image-12.png 1680w, https:\/\/www.ecb.ee\/wp-content\/uploads\/2025\/10\/image-12-300x169.png 300w, https:\/\/www.ecb.ee\/wp-content\/uploads\/2025\/10\/image-12-1024x577.png 1024w, https:\/\/www.ecb.ee\/wp-content\/uploads\/2025\/10\/image-12-768x432.png 768w, https:\/\/www.ecb.ee\/wp-content\/uploads\/2025\/10\/image-12-1536x865.png 1536w, https:\/\/www.ecb.ee\/wp-content\/uploads\/2025\/10\/image-12-1200x676.png 1200w\" sizes=\"auto, (max-width: 1680px) 100vw, 1680px\" \/><\/p>\n","protected":false},"excerpt":{"rendered":"<p>Meil on suur r\u00f5\u00f5m tervitada\u00a0Novotel Tallinnat\u00a0kui\u00a0meie uusimat liiget! Tegemist on Eesti\u00a0esimese Novotel hotelliga, mis avab uksed detsembris 2025 ja toob Tallinna hotellimaastikule v\u00e4rske, kaasaegse ja nutika l\u00e4henemise. Ideaalne asukoht\u00a0sadama\u00a0ja\u00a0vanalinna\u00a0vahel muudab hotelli mugavaks peatuspaigaks nii \u00e4rireisijatele kui ka neile, kes soovivad \u00fchendada t\u00f6\u00f6 ja puhkuse. Vaid m\u00f5neminutilise jalutusk\u00e4igu kaugusel asub\u00a0Tallinna Kultuurikatel, mis teeb Novotelist suurep\u00e4rase valiku [&hellip;]<\/p>\n","protected":false},"author":15,"featured_media":42700,"comment_status":"closed","ping_status":"closed","sticky":false,"template":"","format":"standard","meta":{"_acf_changed":false,"footnotes":""},"categories":[189],"tags":[],"class_list":["post-42709","post","type-post","status-publish","format-standard","has-post-thumbnail","hentry","category-uudised"],"acf":[],"yoast_head":"<!-- This site is optimized with the Yoast SEO plugin v27.5 - https:\/\/yoast.com\/product\/yoast-seo-wordpress\/ -->\n<title>Meie uusim liige \u2013 Novotel Tallinn avab uksed detsembris 2025 - Estonian Convention Bureau<\/title>\n<meta name=\"robots\" content=\"index, follow, max-snippet:-1, max-image-preview:large, max-video-preview:-1\" \/>\n<link rel=\"canonical\" href=\"https:\/\/www.ecb.ee\/et\/uudised\/meie-uusim-liige-novotel-tallinn-avab-uksed-detsembris-2025\/\" \/>\n<meta property=\"og:locale\" content=\"et_EE\" \/>\n<meta property=\"og:type\" content=\"article\" \/>\n<meta property=\"og:title\" content=\"Meie uusim liige \u2013 Novotel Tallinn avab uksed detsembris 2025 - Estonian Convention Bureau\" \/>\n<meta property=\"og:description\" content=\"Meil on suur r\u00f5\u00f5m tervitada\u00a0Novotel Tallinnat\u00a0kui\u00a0meie uusimat liiget! Tegemist on Eesti\u00a0esimese Novotel hotelliga, mis avab uksed detsembris 2025 ja toob Tallinna hotellimaastikule v\u00e4rske, kaasaegse ja nutika l\u00e4henemise. Ideaalne asukoht\u00a0sadama\u00a0ja\u00a0vanalinna\u00a0vahel muudab hotelli mugavaks peatuspaigaks nii \u00e4rireisijatele kui ka neile, kes soovivad \u00fchendada t\u00f6\u00f6 ja puhkuse. Vaid m\u00f5neminutilise jalutusk\u00e4igu kaugusel asub\u00a0Tallinna Kultuurikatel, mis teeb Novotelist suurep\u00e4rase valiku [&hellip;]\" \/>\n<meta property=\"og:url\" content=\"https:\/\/www.ecb.ee\/et\/uudised\/meie-uusim-liige-novotel-tallinn-avab-uksed-detsembris-2025\/\" \/>\n<meta property=\"og:site_name\" content=\"Estonian Convention Bureau\" \/>\n<meta property=\"article:published_time\" content=\"2025-10-06T09:34:20+00:00\" \/>\n<meta property=\"article:modified_time\" content=\"2025-10-23T08:23:26+00:00\" \/>\n<meta property=\"og:image\" content=\"https:\/\/www.ecb.ee\/wp-content\/uploads\/2025\/10\/image-10-1024x574.png\" \/>\n\t<meta property=\"og:image:width\" content=\"1024\" \/>\n\t<meta property=\"og:image:height\" content=\"574\" \/>\n\t<meta property=\"og:image:type\" content=\"image\/png\" \/>\n<meta name=\"author\" content=\"Liina Hallist\" \/>\n<meta name=\"twitter:card\" content=\"summary_large_image\" \/>\n<meta name=\"twitter:label1\" content=\"Written by\" \/>\n\t<meta name=\"twitter:data1\" content=\"Liina Hallist\" \/>\n\t<meta name=\"twitter:label2\" content=\"Est. reading time\" \/>\n\t<meta name=\"twitter:data2\" content=\"2 minutit\" \/>\n<script type=\"application\/ld+json\" class=\"yoast-schema-graph\">{\"@context\":\"https:\\\/\\\/schema.org\",\"@graph\":[{\"@type\":\"Article\",\"@id\":\"https:\\\/\\\/www.ecb.ee\\\/et\\\/uudised\\\/meie-uusim-liige-novotel-tallinn-avab-uksed-detsembris-2025\\\/#article\",\"isPartOf\":{\"@id\":\"https:\\\/\\\/www.ecb.ee\\\/et\\\/uudised\\\/meie-uusim-liige-novotel-tallinn-avab-uksed-detsembris-2025\\\/\"},\"author\":{\"name\":\"Liina Hallist\",\"@id\":\"https:\\\/\\\/www.ecb.ee\\\/#\\\/schema\\\/person\\\/f74fbab340d5532070e014f5feaf4cec\"},\"headline\":\"Meie uusim liige \u2013 Novotel Tallinn avab uksed detsembris 2025\",\"datePublished\":\"2025-10-06T09:34:20+00:00\",\"dateModified\":\"2025-10-23T08:23:26+00:00\",\"mainEntityOfPage\":{\"@id\":\"https:\\\/\\\/www.ecb.ee\\\/et\\\/uudised\\\/meie-uusim-liige-novotel-tallinn-avab-uksed-detsembris-2025\\\/\"},\"wordCount\":168,\"publisher\":{\"@id\":\"https:\\\/\\\/www.ecb.ee\\\/#organization\"},\"image\":{\"@id\":\"https:\\\/\\\/www.ecb.ee\\\/et\\\/uudised\\\/meie-uusim-liige-novotel-tallinn-avab-uksed-detsembris-2025\\\/#primaryimage\"},\"thumbnailUrl\":\"https:\\\/\\\/www.ecb.ee\\\/wp-content\\\/uploads\\\/2025\\\/10\\\/image-10.png\",\"articleSection\":[\"Uudised\"],\"inLanguage\":\"et\"},{\"@type\":\"WebPage\",\"@id\":\"https:\\\/\\\/www.ecb.ee\\\/et\\\/uudised\\\/meie-uusim-liige-novotel-tallinn-avab-uksed-detsembris-2025\\\/\",\"url\":\"https:\\\/\\\/www.ecb.ee\\\/et\\\/uudised\\\/meie-uusim-liige-novotel-tallinn-avab-uksed-detsembris-2025\\\/\",\"name\":\"Meie uusim liige \u2013 Novotel Tallinn avab uksed detsembris 2025 - Estonian Convention Bureau\",\"isPartOf\":{\"@id\":\"https:\\\/\\\/www.ecb.ee\\\/#website\"},\"primaryImageOfPage\":{\"@id\":\"https:\\\/\\\/www.ecb.ee\\\/et\\\/uudised\\\/meie-uusim-liige-novotel-tallinn-avab-uksed-detsembris-2025\\\/#primaryimage\"},\"image\":{\"@id\":\"https:\\\/\\\/www.ecb.ee\\\/et\\\/uudised\\\/meie-uusim-liige-novotel-tallinn-avab-uksed-detsembris-2025\\\/#primaryimage\"},\"thumbnailUrl\":\"https:\\\/\\\/www.ecb.ee\\\/wp-content\\\/uploads\\\/2025\\\/10\\\/image-10.png\",\"datePublished\":\"2025-10-06T09:34:20+00:00\",\"dateModified\":\"2025-10-23T08:23:26+00:00\",\"breadcrumb\":{\"@id\":\"https:\\\/\\\/www.ecb.ee\\\/et\\\/uudised\\\/meie-uusim-liige-novotel-tallinn-avab-uksed-detsembris-2025\\\/#breadcrumb\"},\"inLanguage\":\"et\",\"potentialAction\":[{\"@type\":\"ReadAction\",\"target\":[\"https:\\\/\\\/www.ecb.ee\\\/et\\\/uudised\\\/meie-uusim-liige-novotel-tallinn-avab-uksed-detsembris-2025\\\/\"]}]},{\"@type\":\"ImageObject\",\"inLanguage\":\"et\",\"@id\":\"https:\\\/\\\/www.ecb.ee\\\/et\\\/uudised\\\/meie-uusim-liige-novotel-tallinn-avab-uksed-detsembris-2025\\\/#primaryimage\",\"url\":\"https:\\\/\\\/www.ecb.ee\\\/wp-content\\\/uploads\\\/2025\\\/10\\\/image-10.png\",\"contentUrl\":\"https:\\\/\\\/www.ecb.ee\\\/wp-content\\\/uploads\\\/2025\\\/10\\\/image-10.png\",\"width\":1680,\"height\":942},{\"@type\":\"BreadcrumbList\",\"@id\":\"https:\\\/\\\/www.ecb.ee\\\/et\\\/uudised\\\/meie-uusim-liige-novotel-tallinn-avab-uksed-detsembris-2025\\\/#breadcrumb\",\"itemListElement\":[{\"@type\":\"ListItem\",\"position\":1,\"name\":\"Home\",\"item\":\"https:\\\/\\\/www.ecb.ee\\\/et\\\/\"},{\"@type\":\"ListItem\",\"position\":2,\"name\":\"Meie uusim liige \u2013 Novotel Tallinn avab uksed detsembris 2025\"}]},{\"@type\":\"WebSite\",\"@id\":\"https:\\\/\\\/www.ecb.ee\\\/#website\",\"url\":\"https:\\\/\\\/www.ecb.ee\\\/\",\"name\":\"Estonian Convention Bureau\",\"description\":\"\",\"publisher\":{\"@id\":\"https:\\\/\\\/www.ecb.ee\\\/#organization\"},\"potentialAction\":[{\"@type\":\"SearchAction\",\"target\":{\"@type\":\"EntryPoint\",\"urlTemplate\":\"https:\\\/\\\/www.ecb.ee\\\/?s={search_term_string}\"},\"query-input\":{\"@type\":\"PropertyValueSpecification\",\"valueRequired\":true,\"valueName\":\"search_term_string\"}}],\"inLanguage\":\"et\"},{\"@type\":\"Organization\",\"@id\":\"https:\\\/\\\/www.ecb.ee\\\/#organization\",\"name\":\"Estonian Convention Bureau\",\"url\":\"https:\\\/\\\/www.ecb.ee\\\/\",\"logo\":{\"@type\":\"ImageObject\",\"inLanguage\":\"et\",\"@id\":\"https:\\\/\\\/www.ecb.ee\\\/#\\\/schema\\\/logo\\\/image\\\/\",\"url\":\"https:\\\/\\\/www.ecb.ee\\\/wp-content\\\/uploads\\\/2020\\\/12\\\/site_logo.svg\",\"contentUrl\":\"https:\\\/\\\/www.ecb.ee\\\/wp-content\\\/uploads\\\/2020\\\/12\\\/site_logo.svg\",\"caption\":\"Estonian Convention Bureau\"},\"image\":{\"@id\":\"https:\\\/\\\/www.ecb.ee\\\/#\\\/schema\\\/logo\\\/image\\\/\"}},{\"@type\":\"Person\",\"@id\":\"https:\\\/\\\/www.ecb.ee\\\/#\\\/schema\\\/person\\\/f74fbab340d5532070e014f5feaf4cec\",\"name\":\"Liina Hallist\",\"image\":{\"@type\":\"ImageObject\",\"inLanguage\":\"et\",\"@id\":\"https:\\\/\\\/secure.gravatar.com\\\/avatar\\\/a96774c1e181a86a3be40bd9598c51bc19fa6debea98f5049262c25b1819f8cf?s=96&d=mm&r=g\",\"url\":\"https:\\\/\\\/secure.gravatar.com\\\/avatar\\\/a96774c1e181a86a3be40bd9598c51bc19fa6debea98f5049262c25b1819f8cf?s=96&d=mm&r=g\",\"contentUrl\":\"https:\\\/\\\/secure.gravatar.com\\\/avatar\\\/a96774c1e181a86a3be40bd9598c51bc19fa6debea98f5049262c25b1819f8cf?s=96&d=mm&r=g\",\"caption\":\"Liina Hallist\"},\"url\":\"https:\\\/\\\/www.ecb.ee\\\/et\\\/author\\\/liina-h\\\/\"}]}<\/script>\n<!-- \/ Yoast SEO plugin. -->","yoast_head_json":{"title":"Meie uusim liige \u2013 Novotel Tallinn avab uksed detsembris 2025 - Estonian Convention Bureau","robots":{"index":"index","follow":"follow","max-snippet":"max-snippet:-1","max-image-preview":"max-image-preview:large","max-video-preview":"max-video-preview:-1"},"canonical":"https:\/\/www.ecb.ee\/et\/uudised\/meie-uusim-liige-novotel-tallinn-avab-uksed-detsembris-2025\/","og_locale":"et_EE","og_type":"article","og_title":"Meie uusim liige \u2013 Novotel Tallinn avab uksed detsembris 2025 - Estonian Convention Bureau","og_description":"Meil on suur r\u00f5\u00f5m tervitada\u00a0Novotel Tallinnat\u00a0kui\u00a0meie uusimat liiget! Tegemist on Eesti\u00a0esimese Novotel hotelliga, mis avab uksed detsembris 2025 ja toob Tallinna hotellimaastikule v\u00e4rske, kaasaegse ja nutika l\u00e4henemise. Ideaalne asukoht\u00a0sadama\u00a0ja\u00a0vanalinna\u00a0vahel muudab hotelli mugavaks peatuspaigaks nii \u00e4rireisijatele kui ka neile, kes soovivad \u00fchendada t\u00f6\u00f6 ja puhkuse. Vaid m\u00f5neminutilise jalutusk\u00e4igu kaugusel asub\u00a0Tallinna Kultuurikatel, mis teeb Novotelist suurep\u00e4rase valiku [&hellip;]","og_url":"https:\/\/www.ecb.ee\/et\/uudised\/meie-uusim-liige-novotel-tallinn-avab-uksed-detsembris-2025\/","og_site_name":"Estonian Convention Bureau","article_published_time":"2025-10-06T09:34:20+00:00","article_modified_time":"2025-10-23T08:23:26+00:00","og_image":[{"width":1024,"height":574,"url":"https:\/\/www.ecb.ee\/wp-content\/uploads\/2025\/10\/image-10-1024x574.png","type":"image\/png"}],"author":"Liina Hallist","twitter_card":"summary_large_image","twitter_misc":{"Written by":"Liina Hallist","Est. reading time":"2 minutit"},"schema":{"@context":"https:\/\/schema.org","@graph":[{"@type":"Article","@id":"https:\/\/www.ecb.ee\/et\/uudised\/meie-uusim-liige-novotel-tallinn-avab-uksed-detsembris-2025\/#article","isPartOf":{"@id":"https:\/\/www.ecb.ee\/et\/uudised\/meie-uusim-liige-novotel-tallinn-avab-uksed-detsembris-2025\/"},"author":{"name":"Liina Hallist","@id":"https:\/\/www.ecb.ee\/#\/schema\/person\/f74fbab340d5532070e014f5feaf4cec"},"headline":"Meie uusim liige \u2013 Novotel Tallinn avab uksed detsembris 2025","datePublished":"2025-10-06T09:34:20+00:00","dateModified":"2025-10-23T08:23:26+00:00","mainEntityOfPage":{"@id":"https:\/\/www.ecb.ee\/et\/uudised\/meie-uusim-liige-novotel-tallinn-avab-uksed-detsembris-2025\/"},"wordCount":168,"publisher":{"@id":"https:\/\/www.ecb.ee\/#organization"},"image":{"@id":"https:\/\/www.ecb.ee\/et\/uudised\/meie-uusim-liige-novotel-tallinn-avab-uksed-detsembris-2025\/#primaryimage"},"thumbnailUrl":"https:\/\/www.ecb.ee\/wp-content\/uploads\/2025\/10\/image-10.png","articleSection":["Uudised"],"inLanguage":"et"},{"@type":"WebPage","@id":"https:\/\/www.ecb.ee\/et\/uudised\/meie-uusim-liige-novotel-tallinn-avab-uksed-detsembris-2025\/","url":"https:\/\/www.ecb.ee\/et\/uudised\/meie-uusim-liige-novotel-tallinn-avab-uksed-detsembris-2025\/","name":"Meie uusim liige \u2013 Novotel Tallinn avab uksed detsembris 2025 - Estonian Convention Bureau","isPartOf":{"@id":"https:\/\/www.ecb.ee\/#website"},"primaryImageOfPage":{"@id":"https:\/\/www.ecb.ee\/et\/uudised\/meie-uusim-liige-novotel-tallinn-avab-uksed-detsembris-2025\/#primaryimage"},"image":{"@id":"https:\/\/www.ecb.ee\/et\/uudised\/meie-uusim-liige-novotel-tallinn-avab-uksed-detsembris-2025\/#primaryimage"},"thumbnailUrl":"https:\/\/www.ecb.ee\/wp-content\/uploads\/2025\/10\/image-10.png","datePublished":"2025-10-06T09:34:20+00:00","dateModified":"2025-10-23T08:23:26+00:00","breadcrumb":{"@id":"https:\/\/www.ecb.ee\/et\/uudised\/meie-uusim-liige-novotel-tallinn-avab-uksed-detsembris-2025\/#breadcrumb"},"inLanguage":"et","potentialAction":[{"@type":"ReadAction","target":["https:\/\/www.ecb.ee\/et\/uudised\/meie-uusim-liige-novotel-tallinn-avab-uksed-detsembris-2025\/"]}]},{"@type":"ImageObject","inLanguage":"et","@id":"https:\/\/www.ecb.ee\/et\/uudised\/meie-uusim-liige-novotel-tallinn-avab-uksed-detsembris-2025\/#primaryimage","url":"https:\/\/www.ecb.ee\/wp-content\/uploads\/2025\/10\/image-10.png","contentUrl":"https:\/\/www.ecb.ee\/wp-content\/uploads\/2025\/10\/image-10.png","width":1680,"height":942},{"@type":"BreadcrumbList","@id":"https:\/\/www.ecb.ee\/et\/uudised\/meie-uusim-liige-novotel-tallinn-avab-uksed-detsembris-2025\/#breadcrumb","itemListElement":[{"@type":"ListItem","position":1,"name":"Home","item":"https:\/\/www.ecb.ee\/et\/"},{"@type":"ListItem","position":2,"name":"Meie uusim liige \u2013 Novotel Tallinn avab uksed detsembris 2025"}]},{"@type":"WebSite","@id":"https:\/\/www.ecb.ee\/#website","url":"https:\/\/www.ecb.ee\/","name":"Estonian Convention Bureau","description":"","publisher":{"@id":"https:\/\/www.ecb.ee\/#organization"},"potentialAction":[{"@type":"SearchAction","target":{"@type":"EntryPoint","urlTemplate":"https:\/\/www.ecb.ee\/?s={search_term_string}"},"query-input":{"@type":"PropertyValueSpecification","valueRequired":true,"valueName":"search_term_string"}}],"inLanguage":"et"},{"@type":"Organization","@id":"https:\/\/www.ecb.ee\/#organization","name":"Estonian Convention Bureau","url":"https:\/\/www.ecb.ee\/","logo":{"@type":"ImageObject","inLanguage":"et","@id":"https:\/\/www.ecb.ee\/#\/schema\/logo\/image\/","url":"https:\/\/www.ecb.ee\/wp-content\/uploads\/2020\/12\/site_logo.svg","contentUrl":"https:\/\/www.ecb.ee\/wp-content\/uploads\/2020\/12\/site_logo.svg","caption":"Estonian Convention Bureau"},"image":{"@id":"https:\/\/www.ecb.ee\/#\/schema\/logo\/image\/"}},{"@type":"Person","@id":"https:\/\/www.ecb.ee\/#\/schema\/person\/f74fbab340d5532070e014f5feaf4cec","name":"Liina Hallist","image":{"@type":"ImageObject","inLanguage":"et","@id":"https:\/\/secure.gravatar.com\/avatar\/a96774c1e181a86a3be40bd9598c51bc19fa6debea98f5049262c25b1819f8cf?s=96&d=mm&r=g","url":"https:\/\/secure.gravatar.com\/avatar\/a96774c1e181a86a3be40bd9598c51bc19fa6debea98f5049262c25b1819f8cf?s=96&d=mm&r=g","contentUrl":"https:\/\/secure.gravatar.com\/avatar\/a96774c1e181a86a3be40bd9598c51bc19fa6debea98f5049262c25b1819f8cf?s=96&d=mm&r=g","caption":"Liina Hallist"},"url":"https:\/\/www.ecb.ee\/et\/author\/liina-h\/"}]}},"_links":{"self":[{"href":"https:\/\/www.ecb.ee\/et\/wp-json\/wp\/v2\/posts\/42709","targetHints":{"allow":["GET"]}}],"collection":[{"href":"https:\/\/www.ecb.ee\/et\/wp-json\/wp\/v2\/posts"}],"about":[{"href":"https:\/\/www.ecb.ee\/et\/wp-json\/wp\/v2\/types\/post"}],"author":[{"embeddable":true,"href":"https:\/\/www.ecb.ee\/et\/wp-json\/wp\/v2\/users\/15"}],"replies":[{"embeddable":true,"href":"https:\/\/www.ecb.ee\/et\/wp-json\/wp\/v2\/comments?post=42709"}],"version-history":[{"count":6,"href":"https:\/\/www.ecb.ee\/et\/wp-json\/wp\/v2\/posts\/42709\/revisions"}],"predecessor-version":[{"id":42972,"href":"https:\/\/www.ecb.ee\/et\/wp-json\/wp\/v2\/posts\/42709\/revisions\/42972"}],"wp:featuredmedia":[{"embeddable":true,"href":"https:\/\/www.ecb.ee\/et\/wp-json\/wp\/v2\/media\/42700"}],"wp:attachment":[{"href":"https:\/\/www.ecb.ee\/et\/wp-json\/wp\/v2\/media?parent=42709"}],"wp:term":[{"taxonomy":"category","embeddable":true,"href":"https:\/\/www.ecb.ee\/et\/wp-json\/wp\/v2\/categories?post=42709"},{"taxonomy":"post_tag","embeddable":true,"href":"https:\/\/www.ecb.ee\/et\/wp-json\/wp\/v2\/tags?post=42709"}],"curies":[{"name":"wp","href":"https:\/\/api.w.org\/{rel}","templated":true}]}}