{"id":42397,"date":"2025-09-29T05:56:21","date_gmt":"2025-09-29T05:56:21","guid":{"rendered":"https:\/\/www.ecb.ee\/?p=42397"},"modified":"2025-10-01T06:39:55","modified_gmt":"2025-10-01T06:39:55","slug":"mercure-tallinn-avas-renoveeritud-la-foret-konverentsisaali","status":"publish","type":"post","link":"https:\/\/www.ecb.ee\/et\/uudised\/mercure-tallinn-avas-renoveeritud-la-foret-konverentsisaali\/","title":{"rendered":"Mercure Tallinn avas renoveeritud La For\u00eat konverentsisaali"},"content":{"rendered":"<p><a href=\"https:\/\/www.ecb.ee\/et\/ruum\/mercure-tallinn\/\" target=\"_blank\" rel=\"noopener\">Mercure Tallinn<\/a> hotell avas \u00e4sja oma suurima, renoveeritud La For\u00eat konverentsisaali, mis mahutab teatristiilis kuni 98 k\u00fclalist. La For\u00eat on mitmeotstarbeline: p\u00e4evased konverentsid ja seminarid saavad sujuvalt j\u00e4tkuda \u00f5htuse peo v\u00f5i vastuv\u00f5tuna. Saalis on sisseehitatud baar, paindlik valguslahendus ja kaasaegne esitlustehnika \u2013 loome koos teiega s\u00fcndmuse, mis on \u00fchtaegu professionaalne ja meeldej\u00e4\u00e4v.<\/p>\n<p>Milleks sobib?<\/p>\n<ul>\n<li>Konverentsid, seminarid ja koolitused<\/li>\n<li>Gala\u00f5htud, vastuv\u00f5tud, j\u00f5ulu- ja aastavahetuspeod<\/li>\n<li>Tooteesitlused, auhinnatseremooniad, juubelid<\/li>\n<\/ul>\n<p>Miks valida Mercure Tallinn?<\/p>\n<ul>\n<li>Asukoht: m\u00f5neminutiline jalutusk\u00e4ik Tallinna lennujaamast, \u00dclemiste City ja \u00dclemiste keskuse k\u00f5rval<\/li>\n<li>K\u00f5ik \u00fchest kohast: 4 konverentsi- ja peosaali, restoran Le Lac, lobby-baar, privaatne saunakompleks<\/li>\n<li>Majutus: 132 kaasaegset tuba \u2013 mugav nii esinejatele kui osalejatele<\/li>\n<li>Lihtne logistika: tasuta parkimine k\u00f5igile k\u00fclalistele<\/li>\n<li>J\u00e4tkusuutlik: Green Key sertifikaat<\/li>\n<\/ul>\n<p>Ruumide broneerimiseks v\u00f5i pakkumise k\u00fcsimiseks v\u00f5ta \u00fchendust meie m\u00fc\u00fcgijuhiga. Soovijatele pakume ka ruumidega kohapeal tutvumise v\u00f5imalust.<\/p>\n<p>Kontakt: Cathi Kokk, M\u00fc\u00fcgijuht | Tel.: +372 5684 4081 | <a href=\"mailto:cathi.kokk@accor.com\">cathi.kokk@accor.com<\/a> |\u00a0 Lennujaama tee 2, Tallinn | <a href=\"http:\/\/www.mercuretallinn.com\">www.mercuretallinn.com<\/a> | <a href=\"https:\/\/www.lelac.ee\">www.lelac.ee<\/a><\/p>\n<p><em>Mercure Tallinn on rahvusvahelisse Accori hotelliketti kuuluv neljat\u00e4rnihotell, mis asub Tallinna lennujaama k\u00f5rval ja vahetult \u00dclemiste keskuse naabruses. Hotellis on 132 tuba, 4 eri suuruses konverentsi- ja peosaali, restoran Le Lac ning hubane lobby-baar. K\u00fclaliste k\u00e4sutuses on tasuta parkimine, saun ja v\u00e4ike j\u00f5usaal. Hotell kannab Green Key keskkonnam\u00e4rgist.<\/em><\/p>\n<p>&nbsp;<\/p>\n<div id='gallery-1' class='gallery galleryid-42397 gallery-columns-1 gallery-size-full'><figure class='gallery-item'>\n\t\t\t<div class='gallery-icon landscape'>\n\t\t\t\t<a href='https:\/\/www.ecb.ee\/et\/uudised\/mercure-tallinn-avas-renoveeritud-la-foret-konverentsisaali\/attachment\/mercure-tallinn-konverentsisaal\/'><img loading=\"lazy\" decoding=\"async\" width=\"600\" height=\"600\" src=\"https:\/\/www.ecb.ee\/wp-content\/uploads\/2025\/09\/Mercure-Tallinn-konverentsisaal.jpg\" class=\"attachment-full size-full\" alt=\"Mercure Tallinn konverentsisaal\" srcset=\"https:\/\/www.ecb.ee\/wp-content\/uploads\/2025\/09\/Mercure-Tallinn-konverentsisaal.jpg 600w, https:\/\/www.ecb.ee\/wp-content\/uploads\/2025\/09\/Mercure-Tallinn-konverentsisaal-300x300.jpg 300w, https:\/\/www.ecb.ee\/wp-content\/uploads\/2025\/09\/Mercure-Tallinn-konverentsisaal-150x150.jpg 150w\" sizes=\"auto, (max-width: 600px) 100vw, 600px\" \/><\/a>\n\t\t\t<\/div><\/figure>\n\t\t<\/div>\n\n","protected":false},"excerpt":{"rendered":"<p>Mercure Tallinn hotell avas \u00e4sja oma suurima, renoveeritud La For\u00eat konverentsisaali, mis mahutab teatristiilis kuni 98 k\u00fclalist. La For\u00eat on mitmeotstarbeline: p\u00e4evased konverentsid ja seminarid saavad sujuvalt j\u00e4tkuda \u00f5htuse peo v\u00f5i vastuv\u00f5tuna. Saalis on sisseehitatud baar, paindlik valguslahendus ja kaasaegne esitlustehnika \u2013 loome koos teiega s\u00fcndmuse, mis on \u00fchtaegu professionaalne ja meeldej\u00e4\u00e4v. Milleks sobib? Konverentsid, [&hellip;]<\/p>\n","protected":false},"author":4,"featured_media":42399,"comment_status":"closed","ping_status":"closed","sticky":false,"template":"","format":"standard","meta":{"_acf_changed":false,"footnotes":""},"categories":[189],"tags":[],"class_list":["post-42397","post","type-post","status-publish","format-standard","has-post-thumbnail","hentry","category-uudised"],"acf":[],"yoast_head":"<!-- This site is optimized with the Yoast SEO plugin v27.5 - https:\/\/yoast.com\/product\/yoast-seo-wordpress\/ -->\n<title>Mercure Tallinn avas renoveeritud La For\u00eat konverentsisaali - Estonian Convention Bureau<\/title>\n<meta name=\"robots\" content=\"index, follow, max-snippet:-1, max-image-preview:large, max-video-preview:-1\" \/>\n<link rel=\"canonical\" href=\"https:\/\/www.ecb.ee\/et\/uudised\/mercure-tallinn-avas-renoveeritud-la-foret-konverentsisaali\/\" \/>\n<meta property=\"og:locale\" content=\"et_EE\" \/>\n<meta property=\"og:type\" content=\"article\" \/>\n<meta property=\"og:title\" content=\"Mercure Tallinn avas renoveeritud La For\u00eat konverentsisaali - Estonian Convention Bureau\" \/>\n<meta property=\"og:description\" content=\"Mercure Tallinn hotell avas \u00e4sja oma suurima, renoveeritud La For\u00eat konverentsisaali, mis mahutab teatristiilis kuni 98 k\u00fclalist. La For\u00eat on mitmeotstarbeline: p\u00e4evased konverentsid ja seminarid saavad sujuvalt j\u00e4tkuda \u00f5htuse peo v\u00f5i vastuv\u00f5tuna. Saalis on sisseehitatud baar, paindlik valguslahendus ja kaasaegne esitlustehnika \u2013 loome koos teiega s\u00fcndmuse, mis on \u00fchtaegu professionaalne ja meeldej\u00e4\u00e4v. Milleks sobib? Konverentsid, [&hellip;]\" \/>\n<meta property=\"og:url\" content=\"https:\/\/www.ecb.ee\/et\/uudised\/mercure-tallinn-avas-renoveeritud-la-foret-konverentsisaali\/\" \/>\n<meta property=\"og:site_name\" content=\"Estonian Convention Bureau\" \/>\n<meta property=\"article:published_time\" content=\"2025-09-29T05:56:21+00:00\" \/>\n<meta property=\"article:modified_time\" content=\"2025-10-01T06:39:55+00:00\" \/>\n<meta property=\"og:image\" content=\"https:\/\/www.ecb.ee\/wp-content\/uploads\/2025\/09\/Mercure-Tallinn-konverentsisaal.jpg\" \/>\n\t<meta property=\"og:image:width\" content=\"600\" \/>\n\t<meta property=\"og:image:height\" content=\"600\" \/>\n\t<meta property=\"og:image:type\" content=\"image\/jpeg\" \/>\n<meta name=\"author\" content=\"Riine Tiigi\" \/>\n<meta name=\"twitter:card\" content=\"summary_large_image\" \/>\n<meta name=\"twitter:label1\" content=\"Written by\" \/>\n\t<meta name=\"twitter:data1\" content=\"Riine Tiigi\" \/>\n\t<meta name=\"twitter:label2\" content=\"Est. reading time\" \/>\n\t<meta name=\"twitter:data2\" content=\"2 minutit\" \/>\n<script type=\"application\/ld+json\" class=\"yoast-schema-graph\">{\"@context\":\"https:\\\/\\\/schema.org\",\"@graph\":[{\"@type\":\"Article\",\"@id\":\"https:\\\/\\\/www.ecb.ee\\\/et\\\/uudised\\\/mercure-tallinn-avas-renoveeritud-la-foret-konverentsisaali\\\/#article\",\"isPartOf\":{\"@id\":\"https:\\\/\\\/www.ecb.ee\\\/et\\\/uudised\\\/mercure-tallinn-avas-renoveeritud-la-foret-konverentsisaali\\\/\"},\"author\":{\"name\":\"Riine Tiigi\",\"@id\":\"https:\\\/\\\/www.ecb.ee\\\/#\\\/schema\\\/person\\\/683a06848cf0a690b2ba233665cb719f\"},\"headline\":\"Mercure Tallinn avas renoveeritud La For\u00eat konverentsisaali\",\"datePublished\":\"2025-09-29T05:56:21+00:00\",\"dateModified\":\"2025-10-01T06:39:55+00:00\",\"mainEntityOfPage\":{\"@id\":\"https:\\\/\\\/www.ecb.ee\\\/et\\\/uudised\\\/mercure-tallinn-avas-renoveeritud-la-foret-konverentsisaali\\\/\"},\"wordCount\":235,\"publisher\":{\"@id\":\"https:\\\/\\\/www.ecb.ee\\\/#organization\"},\"image\":{\"@id\":\"https:\\\/\\\/www.ecb.ee\\\/et\\\/uudised\\\/mercure-tallinn-avas-renoveeritud-la-foret-konverentsisaali\\\/#primaryimage\"},\"thumbnailUrl\":\"https:\\\/\\\/www.ecb.ee\\\/wp-content\\\/uploads\\\/2025\\\/09\\\/Mercure-Tallinn-konverentsisaal.jpg\",\"articleSection\":[\"Uudised\"],\"inLanguage\":\"et\"},{\"@type\":\"WebPage\",\"@id\":\"https:\\\/\\\/www.ecb.ee\\\/et\\\/uudised\\\/mercure-tallinn-avas-renoveeritud-la-foret-konverentsisaali\\\/\",\"url\":\"https:\\\/\\\/www.ecb.ee\\\/et\\\/uudised\\\/mercure-tallinn-avas-renoveeritud-la-foret-konverentsisaali\\\/\",\"name\":\"Mercure Tallinn avas renoveeritud La For\u00eat konverentsisaali - Estonian Convention Bureau\",\"isPartOf\":{\"@id\":\"https:\\\/\\\/www.ecb.ee\\\/#website\"},\"primaryImageOfPage\":{\"@id\":\"https:\\\/\\\/www.ecb.ee\\\/et\\\/uudised\\\/mercure-tallinn-avas-renoveeritud-la-foret-konverentsisaali\\\/#primaryimage\"},\"image\":{\"@id\":\"https:\\\/\\\/www.ecb.ee\\\/et\\\/uudised\\\/mercure-tallinn-avas-renoveeritud-la-foret-konverentsisaali\\\/#primaryimage\"},\"thumbnailUrl\":\"https:\\\/\\\/www.ecb.ee\\\/wp-content\\\/uploads\\\/2025\\\/09\\\/Mercure-Tallinn-konverentsisaal.jpg\",\"datePublished\":\"2025-09-29T05:56:21+00:00\",\"dateModified\":\"2025-10-01T06:39:55+00:00\",\"breadcrumb\":{\"@id\":\"https:\\\/\\\/www.ecb.ee\\\/et\\\/uudised\\\/mercure-tallinn-avas-renoveeritud-la-foret-konverentsisaali\\\/#breadcrumb\"},\"inLanguage\":\"et\",\"potentialAction\":[{\"@type\":\"ReadAction\",\"target\":[\"https:\\\/\\\/www.ecb.ee\\\/et\\\/uudised\\\/mercure-tallinn-avas-renoveeritud-la-foret-konverentsisaali\\\/\"]}]},{\"@type\":\"ImageObject\",\"inLanguage\":\"et\",\"@id\":\"https:\\\/\\\/www.ecb.ee\\\/et\\\/uudised\\\/mercure-tallinn-avas-renoveeritud-la-foret-konverentsisaali\\\/#primaryimage\",\"url\":\"https:\\\/\\\/www.ecb.ee\\\/wp-content\\\/uploads\\\/2025\\\/09\\\/Mercure-Tallinn-konverentsisaal.jpg\",\"contentUrl\":\"https:\\\/\\\/www.ecb.ee\\\/wp-content\\\/uploads\\\/2025\\\/09\\\/Mercure-Tallinn-konverentsisaal.jpg\",\"width\":600,\"height\":600,\"caption\":\"Mercure Tallinn konverentsisaal\"},{\"@type\":\"BreadcrumbList\",\"@id\":\"https:\\\/\\\/www.ecb.ee\\\/et\\\/uudised\\\/mercure-tallinn-avas-renoveeritud-la-foret-konverentsisaali\\\/#breadcrumb\",\"itemListElement\":[{\"@type\":\"ListItem\",\"position\":1,\"name\":\"Home\",\"item\":\"https:\\\/\\\/www.ecb.ee\\\/et\\\/\"},{\"@type\":\"ListItem\",\"position\":2,\"name\":\"Mercure Tallinn avas renoveeritud La For\u00eat konverentsisaali\"}]},{\"@type\":\"WebSite\",\"@id\":\"https:\\\/\\\/www.ecb.ee\\\/#website\",\"url\":\"https:\\\/\\\/www.ecb.ee\\\/\",\"name\":\"Estonian Convention Bureau\",\"description\":\"\",\"publisher\":{\"@id\":\"https:\\\/\\\/www.ecb.ee\\\/#organization\"},\"potentialAction\":[{\"@type\":\"SearchAction\",\"target\":{\"@type\":\"EntryPoint\",\"urlTemplate\":\"https:\\\/\\\/www.ecb.ee\\\/?s={search_term_string}\"},\"query-input\":{\"@type\":\"PropertyValueSpecification\",\"valueRequired\":true,\"valueName\":\"search_term_string\"}}],\"inLanguage\":\"et\"},{\"@type\":\"Organization\",\"@id\":\"https:\\\/\\\/www.ecb.ee\\\/#organization\",\"name\":\"Estonian Convention Bureau\",\"url\":\"https:\\\/\\\/www.ecb.ee\\\/\",\"logo\":{\"@type\":\"ImageObject\",\"inLanguage\":\"et\",\"@id\":\"https:\\\/\\\/www.ecb.ee\\\/#\\\/schema\\\/logo\\\/image\\\/\",\"url\":\"https:\\\/\\\/www.ecb.ee\\\/wp-content\\\/uploads\\\/2020\\\/12\\\/site_logo.svg\",\"contentUrl\":\"https:\\\/\\\/www.ecb.ee\\\/wp-content\\\/uploads\\\/2020\\\/12\\\/site_logo.svg\",\"caption\":\"Estonian Convention Bureau\"},\"image\":{\"@id\":\"https:\\\/\\\/www.ecb.ee\\\/#\\\/schema\\\/logo\\\/image\\\/\"}},{\"@type\":\"Person\",\"@id\":\"https:\\\/\\\/www.ecb.ee\\\/#\\\/schema\\\/person\\\/683a06848cf0a690b2ba233665cb719f\",\"name\":\"Riine Tiigi\",\"image\":{\"@type\":\"ImageObject\",\"inLanguage\":\"et\",\"@id\":\"https:\\\/\\\/secure.gravatar.com\\\/avatar\\\/d86339875b83b6a9394fce703248189388335d81fba6ca62f59bc61cc7a0ae31?s=96&d=mm&r=g\",\"url\":\"https:\\\/\\\/secure.gravatar.com\\\/avatar\\\/d86339875b83b6a9394fce703248189388335d81fba6ca62f59bc61cc7a0ae31?s=96&d=mm&r=g\",\"contentUrl\":\"https:\\\/\\\/secure.gravatar.com\\\/avatar\\\/d86339875b83b6a9394fce703248189388335d81fba6ca62f59bc61cc7a0ae31?s=96&d=mm&r=g\",\"caption\":\"Riine Tiigi\"},\"url\":\"https:\\\/\\\/www.ecb.ee\\\/et\\\/author\\\/riine\\\/\"}]}<\/script>\n<!-- \/ Yoast SEO plugin. -->","yoast_head_json":{"title":"Mercure Tallinn avas renoveeritud La For\u00eat konverentsisaali - Estonian Convention Bureau","robots":{"index":"index","follow":"follow","max-snippet":"max-snippet:-1","max-image-preview":"max-image-preview:large","max-video-preview":"max-video-preview:-1"},"canonical":"https:\/\/www.ecb.ee\/et\/uudised\/mercure-tallinn-avas-renoveeritud-la-foret-konverentsisaali\/","og_locale":"et_EE","og_type":"article","og_title":"Mercure Tallinn avas renoveeritud La For\u00eat konverentsisaali - Estonian Convention Bureau","og_description":"Mercure Tallinn hotell avas \u00e4sja oma suurima, renoveeritud La For\u00eat konverentsisaali, mis mahutab teatristiilis kuni 98 k\u00fclalist. La For\u00eat on mitmeotstarbeline: p\u00e4evased konverentsid ja seminarid saavad sujuvalt j\u00e4tkuda \u00f5htuse peo v\u00f5i vastuv\u00f5tuna. Saalis on sisseehitatud baar, paindlik valguslahendus ja kaasaegne esitlustehnika \u2013 loome koos teiega s\u00fcndmuse, mis on \u00fchtaegu professionaalne ja meeldej\u00e4\u00e4v. Milleks sobib? Konverentsid, [&hellip;]","og_url":"https:\/\/www.ecb.ee\/et\/uudised\/mercure-tallinn-avas-renoveeritud-la-foret-konverentsisaali\/","og_site_name":"Estonian Convention Bureau","article_published_time":"2025-09-29T05:56:21+00:00","article_modified_time":"2025-10-01T06:39:55+00:00","og_image":[{"width":600,"height":600,"url":"https:\/\/www.ecb.ee\/wp-content\/uploads\/2025\/09\/Mercure-Tallinn-konverentsisaal.jpg","type":"image\/jpeg"}],"author":"Riine Tiigi","twitter_card":"summary_large_image","twitter_misc":{"Written by":"Riine Tiigi","Est. reading time":"2 minutit"},"schema":{"@context":"https:\/\/schema.org","@graph":[{"@type":"Article","@id":"https:\/\/www.ecb.ee\/et\/uudised\/mercure-tallinn-avas-renoveeritud-la-foret-konverentsisaali\/#article","isPartOf":{"@id":"https:\/\/www.ecb.ee\/et\/uudised\/mercure-tallinn-avas-renoveeritud-la-foret-konverentsisaali\/"},"author":{"name":"Riine Tiigi","@id":"https:\/\/www.ecb.ee\/#\/schema\/person\/683a06848cf0a690b2ba233665cb719f"},"headline":"Mercure Tallinn avas renoveeritud La For\u00eat konverentsisaali","datePublished":"2025-09-29T05:56:21+00:00","dateModified":"2025-10-01T06:39:55+00:00","mainEntityOfPage":{"@id":"https:\/\/www.ecb.ee\/et\/uudised\/mercure-tallinn-avas-renoveeritud-la-foret-konverentsisaali\/"},"wordCount":235,"publisher":{"@id":"https:\/\/www.ecb.ee\/#organization"},"image":{"@id":"https:\/\/www.ecb.ee\/et\/uudised\/mercure-tallinn-avas-renoveeritud-la-foret-konverentsisaali\/#primaryimage"},"thumbnailUrl":"https:\/\/www.ecb.ee\/wp-content\/uploads\/2025\/09\/Mercure-Tallinn-konverentsisaal.jpg","articleSection":["Uudised"],"inLanguage":"et"},{"@type":"WebPage","@id":"https:\/\/www.ecb.ee\/et\/uudised\/mercure-tallinn-avas-renoveeritud-la-foret-konverentsisaali\/","url":"https:\/\/www.ecb.ee\/et\/uudised\/mercure-tallinn-avas-renoveeritud-la-foret-konverentsisaali\/","name":"Mercure Tallinn avas renoveeritud La For\u00eat konverentsisaali - Estonian Convention Bureau","isPartOf":{"@id":"https:\/\/www.ecb.ee\/#website"},"primaryImageOfPage":{"@id":"https:\/\/www.ecb.ee\/et\/uudised\/mercure-tallinn-avas-renoveeritud-la-foret-konverentsisaali\/#primaryimage"},"image":{"@id":"https:\/\/www.ecb.ee\/et\/uudised\/mercure-tallinn-avas-renoveeritud-la-foret-konverentsisaali\/#primaryimage"},"thumbnailUrl":"https:\/\/www.ecb.ee\/wp-content\/uploads\/2025\/09\/Mercure-Tallinn-konverentsisaal.jpg","datePublished":"2025-09-29T05:56:21+00:00","dateModified":"2025-10-01T06:39:55+00:00","breadcrumb":{"@id":"https:\/\/www.ecb.ee\/et\/uudised\/mercure-tallinn-avas-renoveeritud-la-foret-konverentsisaali\/#breadcrumb"},"inLanguage":"et","potentialAction":[{"@type":"ReadAction","target":["https:\/\/www.ecb.ee\/et\/uudised\/mercure-tallinn-avas-renoveeritud-la-foret-konverentsisaali\/"]}]},{"@type":"ImageObject","inLanguage":"et","@id":"https:\/\/www.ecb.ee\/et\/uudised\/mercure-tallinn-avas-renoveeritud-la-foret-konverentsisaali\/#primaryimage","url":"https:\/\/www.ecb.ee\/wp-content\/uploads\/2025\/09\/Mercure-Tallinn-konverentsisaal.jpg","contentUrl":"https:\/\/www.ecb.ee\/wp-content\/uploads\/2025\/09\/Mercure-Tallinn-konverentsisaal.jpg","width":600,"height":600,"caption":"Mercure Tallinn konverentsisaal"},{"@type":"BreadcrumbList","@id":"https:\/\/www.ecb.ee\/et\/uudised\/mercure-tallinn-avas-renoveeritud-la-foret-konverentsisaali\/#breadcrumb","itemListElement":[{"@type":"ListItem","position":1,"name":"Home","item":"https:\/\/www.ecb.ee\/et\/"},{"@type":"ListItem","position":2,"name":"Mercure Tallinn avas renoveeritud La For\u00eat konverentsisaali"}]},{"@type":"WebSite","@id":"https:\/\/www.ecb.ee\/#website","url":"https:\/\/www.ecb.ee\/","name":"Estonian Convention Bureau","description":"","publisher":{"@id":"https:\/\/www.ecb.ee\/#organization"},"potentialAction":[{"@type":"SearchAction","target":{"@type":"EntryPoint","urlTemplate":"https:\/\/www.ecb.ee\/?s={search_term_string}"},"query-input":{"@type":"PropertyValueSpecification","valueRequired":true,"valueName":"search_term_string"}}],"inLanguage":"et"},{"@type":"Organization","@id":"https:\/\/www.ecb.ee\/#organization","name":"Estonian Convention Bureau","url":"https:\/\/www.ecb.ee\/","logo":{"@type":"ImageObject","inLanguage":"et","@id":"https:\/\/www.ecb.ee\/#\/schema\/logo\/image\/","url":"https:\/\/www.ecb.ee\/wp-content\/uploads\/2020\/12\/site_logo.svg","contentUrl":"https:\/\/www.ecb.ee\/wp-content\/uploads\/2020\/12\/site_logo.svg","caption":"Estonian Convention Bureau"},"image":{"@id":"https:\/\/www.ecb.ee\/#\/schema\/logo\/image\/"}},{"@type":"Person","@id":"https:\/\/www.ecb.ee\/#\/schema\/person\/683a06848cf0a690b2ba233665cb719f","name":"Riine Tiigi","image":{"@type":"ImageObject","inLanguage":"et","@id":"https:\/\/secure.gravatar.com\/avatar\/d86339875b83b6a9394fce703248189388335d81fba6ca62f59bc61cc7a0ae31?s=96&d=mm&r=g","url":"https:\/\/secure.gravatar.com\/avatar\/d86339875b83b6a9394fce703248189388335d81fba6ca62f59bc61cc7a0ae31?s=96&d=mm&r=g","contentUrl":"https:\/\/secure.gravatar.com\/avatar\/d86339875b83b6a9394fce703248189388335d81fba6ca62f59bc61cc7a0ae31?s=96&d=mm&r=g","caption":"Riine Tiigi"},"url":"https:\/\/www.ecb.ee\/et\/author\/riine\/"}]}},"_links":{"self":[{"href":"https:\/\/www.ecb.ee\/et\/wp-json\/wp\/v2\/posts\/42397","targetHints":{"allow":["GET"]}}],"collection":[{"href":"https:\/\/www.ecb.ee\/et\/wp-json\/wp\/v2\/posts"}],"about":[{"href":"https:\/\/www.ecb.ee\/et\/wp-json\/wp\/v2\/types\/post"}],"author":[{"embeddable":true,"href":"https:\/\/www.ecb.ee\/et\/wp-json\/wp\/v2\/users\/4"}],"replies":[{"embeddable":true,"href":"https:\/\/www.ecb.ee\/et\/wp-json\/wp\/v2\/comments?post=42397"}],"version-history":[{"count":6,"href":"https:\/\/www.ecb.ee\/et\/wp-json\/wp\/v2\/posts\/42397\/revisions"}],"predecessor-version":[{"id":42641,"href":"https:\/\/www.ecb.ee\/et\/wp-json\/wp\/v2\/posts\/42397\/revisions\/42641"}],"wp:featuredmedia":[{"embeddable":true,"href":"https:\/\/www.ecb.ee\/et\/wp-json\/wp\/v2\/media\/42399"}],"wp:attachment":[{"href":"https:\/\/www.ecb.ee\/et\/wp-json\/wp\/v2\/media?parent=42397"}],"wp:term":[{"taxonomy":"category","embeddable":true,"href":"https:\/\/www.ecb.ee\/et\/wp-json\/wp\/v2\/categories?post=42397"},{"taxonomy":"post_tag","embeddable":true,"href":"https:\/\/www.ecb.ee\/et\/wp-json\/wp\/v2\/tags?post=42397"}],"curies":[{"name":"wp","href":"https:\/\/api.w.org\/{rel}","templated":true}]}}