{"id":42252,"date":"2025-09-15T07:45:10","date_gmt":"2025-09-15T07:45:10","guid":{"rendered":"https:\/\/www.ecb.ee\/?p=42252"},"modified":"2025-09-15T09:43:39","modified_gmt":"2025-09-15T09:43:39","slug":"nuudsest-saab-viimsi-artiumisse-ka-uhistranspordiga","status":"publish","type":"post","link":"https:\/\/www.ecb.ee\/et\/uudised\/nuudsest-saab-viimsi-artiumisse-ka-uhistranspordiga\/","title":{"rendered":"N\u00fc\u00fcdsest saab Viimsi Artiumisse ka \u00fchistranspordiga"},"content":{"rendered":"<p style=\"font-weight: 400;\">Alates 1. septembrist on konverentsik\u00fclastajatel ja kultuuris\u00f5pradel v\u00f5imalik j\u00f5uda Viimsi Artiumisse otse Tallinnast \u00fchistranspordiga.<\/p>\n<p style=\"font-weight: 400;\"><strong>Bussiliin nr\u202f1<\/strong> v\u00e4ljub Tallinna kesklinnast\u00a0<strong>Viru keskus 5<\/strong>\u00a0peatusest ja s\u00f5idab regulaarselt\u00a0<strong>3\u20135 korda tunnis<\/strong>. S\u00f5iduaeg Viimsi Artiumi l\u00e4himasse peatusesse,\u00a0<strong>Karulaugu<\/strong>, kestab ligikaudu\u00a0<strong>35 minutit<\/strong>. Karulaugu peatus asub otse Viimsi Artiumi k\u00f5rval, pakkudes mugavat ligip\u00e4\u00e4su kultuuri- ja konverentsikeskusele.<\/p>\n<p style=\"font-weight: 400;\"><strong><a href=\"https:\/\/www.ecb.ee\/et\/ruum\/viimsi-artium\/\">Viimsi Artium\u00a0<\/a><\/strong>on kaasaegne kultuuri- ja hariduskeskus, mis sobib suurep\u00e4raselt nii kontsertideks, teatrietendusteks kui ka konverentsideks ja seminarideks. Keskuses asuvad mitmed eri suuruses saalid ja seminariruumid, sealhulgas suurep\u00e4rase akustikaga kontserdisaal, mis mahutab istuma 420 inimest. Lisaks pakub Artium kaasaegset tehnikat, garderoobi, kohvikut ning muud vajalikku, et korraldada kvaliteetseid \u00e4ris\u00fcndmusi ja professionaalseid kohtumisi.<\/p>\n<p style=\"font-weight: 400;\">\n","protected":false},"excerpt":{"rendered":"<p>Alates 1. septembrist on konverentsik\u00fclastajatel ja kultuuris\u00f5pradel v\u00f5imalik j\u00f5uda Viimsi Artiumisse otse Tallinnast \u00fchistranspordiga. Bussiliin nr\u202f1 v\u00e4ljub Tallinna kesklinnast\u00a0Viru keskus 5\u00a0peatusest ja s\u00f5idab regulaarselt\u00a03\u20135 korda tunnis. S\u00f5iduaeg Viimsi Artiumi l\u00e4himasse peatusesse,\u00a0Karulaugu, kestab ligikaudu\u00a035 minutit. Karulaugu peatus asub otse Viimsi Artiumi k\u00f5rval, pakkudes mugavat ligip\u00e4\u00e4su kultuuri- ja konverentsikeskusele. Viimsi Artium\u00a0on kaasaegne kultuuri- ja hariduskeskus, mis sobib [&hellip;]<\/p>\n","protected":false},"author":4,"featured_media":42253,"comment_status":"closed","ping_status":"closed","sticky":false,"template":"","format":"standard","meta":{"_acf_changed":false,"footnotes":""},"categories":[189],"tags":[],"class_list":["post-42252","post","type-post","status-publish","format-standard","has-post-thumbnail","hentry","category-uudised"],"acf":[],"yoast_head":"<!-- This site is optimized with the Yoast SEO plugin v27.5 - https:\/\/yoast.com\/product\/yoast-seo-wordpress\/ -->\n<title>N\u00fc\u00fcdsest saab Viimsi Artiumisse ka \u00fchistranspordiga - Estonian Convention Bureau<\/title>\n<meta name=\"robots\" content=\"index, follow, max-snippet:-1, max-image-preview:large, max-video-preview:-1\" \/>\n<link rel=\"canonical\" href=\"https:\/\/www.ecb.ee\/et\/uudised\/nuudsest-saab-viimsi-artiumisse-ka-uhistranspordiga\/\" \/>\n<meta property=\"og:locale\" content=\"et_EE\" \/>\n<meta property=\"og:type\" content=\"article\" \/>\n<meta property=\"og:title\" content=\"N\u00fc\u00fcdsest saab Viimsi Artiumisse ka \u00fchistranspordiga - Estonian Convention Bureau\" \/>\n<meta property=\"og:description\" content=\"Alates 1. septembrist on konverentsik\u00fclastajatel ja kultuuris\u00f5pradel v\u00f5imalik j\u00f5uda Viimsi Artiumisse otse Tallinnast \u00fchistranspordiga. Bussiliin nr\u202f1 v\u00e4ljub Tallinna kesklinnast\u00a0Viru keskus 5\u00a0peatusest ja s\u00f5idab regulaarselt\u00a03\u20135 korda tunnis. S\u00f5iduaeg Viimsi Artiumi l\u00e4himasse peatusesse,\u00a0Karulaugu, kestab ligikaudu\u00a035 minutit. Karulaugu peatus asub otse Viimsi Artiumi k\u00f5rval, pakkudes mugavat ligip\u00e4\u00e4su kultuuri- ja konverentsikeskusele. Viimsi Artium\u00a0on kaasaegne kultuuri- ja hariduskeskus, mis sobib [&hellip;]\" \/>\n<meta property=\"og:url\" content=\"https:\/\/www.ecb.ee\/et\/uudised\/nuudsest-saab-viimsi-artiumisse-ka-uhistranspordiga\/\" \/>\n<meta property=\"og:site_name\" content=\"Estonian Convention Bureau\" \/>\n<meta property=\"article:published_time\" content=\"2025-09-15T07:45:10+00:00\" \/>\n<meta property=\"article:modified_time\" content=\"2025-09-15T09:43:39+00:00\" \/>\n<meta property=\"og:image\" content=\"https:\/\/www.ecb.ee\/wp-content\/uploads\/2025\/09\/tallinn_transport_bus_photo_r.jurkatam.jpg\" \/>\n\t<meta property=\"og:image:width\" content=\"1200\" \/>\n\t<meta property=\"og:image:height\" content=\"800\" \/>\n\t<meta property=\"og:image:type\" content=\"image\/jpeg\" \/>\n<meta name=\"author\" content=\"Riine Tiigi\" \/>\n<meta name=\"twitter:card\" content=\"summary_large_image\" \/>\n<meta name=\"twitter:label1\" content=\"Written by\" \/>\n\t<meta name=\"twitter:data1\" content=\"Riine Tiigi\" \/>\n\t<meta name=\"twitter:label2\" content=\"Est. reading time\" \/>\n\t<meta name=\"twitter:data2\" content=\"1 minut\" \/>\n<script type=\"application\/ld+json\" class=\"yoast-schema-graph\">{\"@context\":\"https:\\\/\\\/schema.org\",\"@graph\":[{\"@type\":\"Article\",\"@id\":\"https:\\\/\\\/www.ecb.ee\\\/et\\\/uudised\\\/nuudsest-saab-viimsi-artiumisse-ka-uhistranspordiga\\\/#article\",\"isPartOf\":{\"@id\":\"https:\\\/\\\/www.ecb.ee\\\/et\\\/uudised\\\/nuudsest-saab-viimsi-artiumisse-ka-uhistranspordiga\\\/\"},\"author\":{\"name\":\"Riine Tiigi\",\"@id\":\"https:\\\/\\\/www.ecb.ee\\\/#\\\/schema\\\/person\\\/683a06848cf0a690b2ba233665cb719f\"},\"headline\":\"N\u00fc\u00fcdsest saab Viimsi Artiumisse ka \u00fchistranspordiga\",\"datePublished\":\"2025-09-15T07:45:10+00:00\",\"dateModified\":\"2025-09-15T09:43:39+00:00\",\"mainEntityOfPage\":{\"@id\":\"https:\\\/\\\/www.ecb.ee\\\/et\\\/uudised\\\/nuudsest-saab-viimsi-artiumisse-ka-uhistranspordiga\\\/\"},\"wordCount\":119,\"publisher\":{\"@id\":\"https:\\\/\\\/www.ecb.ee\\\/#organization\"},\"image\":{\"@id\":\"https:\\\/\\\/www.ecb.ee\\\/et\\\/uudised\\\/nuudsest-saab-viimsi-artiumisse-ka-uhistranspordiga\\\/#primaryimage\"},\"thumbnailUrl\":\"https:\\\/\\\/www.ecb.ee\\\/wp-content\\\/uploads\\\/2025\\\/09\\\/tallinn_transport_bus_photo_r.jurkatam.jpg\",\"articleSection\":[\"Uudised\"],\"inLanguage\":\"et\"},{\"@type\":\"WebPage\",\"@id\":\"https:\\\/\\\/www.ecb.ee\\\/et\\\/uudised\\\/nuudsest-saab-viimsi-artiumisse-ka-uhistranspordiga\\\/\",\"url\":\"https:\\\/\\\/www.ecb.ee\\\/et\\\/uudised\\\/nuudsest-saab-viimsi-artiumisse-ka-uhistranspordiga\\\/\",\"name\":\"N\u00fc\u00fcdsest saab Viimsi Artiumisse ka \u00fchistranspordiga - Estonian Convention Bureau\",\"isPartOf\":{\"@id\":\"https:\\\/\\\/www.ecb.ee\\\/#website\"},\"primaryImageOfPage\":{\"@id\":\"https:\\\/\\\/www.ecb.ee\\\/et\\\/uudised\\\/nuudsest-saab-viimsi-artiumisse-ka-uhistranspordiga\\\/#primaryimage\"},\"image\":{\"@id\":\"https:\\\/\\\/www.ecb.ee\\\/et\\\/uudised\\\/nuudsest-saab-viimsi-artiumisse-ka-uhistranspordiga\\\/#primaryimage\"},\"thumbnailUrl\":\"https:\\\/\\\/www.ecb.ee\\\/wp-content\\\/uploads\\\/2025\\\/09\\\/tallinn_transport_bus_photo_r.jurkatam.jpg\",\"datePublished\":\"2025-09-15T07:45:10+00:00\",\"dateModified\":\"2025-09-15T09:43:39+00:00\",\"breadcrumb\":{\"@id\":\"https:\\\/\\\/www.ecb.ee\\\/et\\\/uudised\\\/nuudsest-saab-viimsi-artiumisse-ka-uhistranspordiga\\\/#breadcrumb\"},\"inLanguage\":\"et\",\"potentialAction\":[{\"@type\":\"ReadAction\",\"target\":[\"https:\\\/\\\/www.ecb.ee\\\/et\\\/uudised\\\/nuudsest-saab-viimsi-artiumisse-ka-uhistranspordiga\\\/\"]}]},{\"@type\":\"ImageObject\",\"inLanguage\":\"et\",\"@id\":\"https:\\\/\\\/www.ecb.ee\\\/et\\\/uudised\\\/nuudsest-saab-viimsi-artiumisse-ka-uhistranspordiga\\\/#primaryimage\",\"url\":\"https:\\\/\\\/www.ecb.ee\\\/wp-content\\\/uploads\\\/2025\\\/09\\\/tallinn_transport_bus_photo_r.jurkatam.jpg\",\"contentUrl\":\"https:\\\/\\\/www.ecb.ee\\\/wp-content\\\/uploads\\\/2025\\\/09\\\/tallinn_transport_bus_photo_r.jurkatam.jpg\",\"width\":1200,\"height\":800,\"caption\":\"Tallinna Transpordi teenuseid tutvustavate fotode allalaadija v\u00f5ib kasutada fotosid ainult Tallinna \u00fchistranspordi, teiste avalike teenuste ning s\u00e4\u00e4stvate liikumisviiside tutvustamiseks nii veebis kui tr\u00fckis. K\u00f5ik fotopanga fotod on kaitstud Eesti Vabariigi Autori\u00f5iguse seadusega. Fotode kasutamine poliitreklaamis on keelatud. Fotode kasutamine kontekstis, kus need v\u00f5ivad Tallinna Transpordiameti teenuste mainet kahjustada, on keelatud. Fotode edasim\u00fc\u00fcmine v\u00f5i kuritarvitamine on keelatud. Fotode avaldamise eest kannab eranditult vastutust nende kasutaja. Fotode kasutustingimuste rikkumisel on Tallinna Transpordiametil \u00f5igus keelata kasutajal edaspidi fotode kasutamine. Fotode kasutustingimuste mittet\u00e4itmise korral on Tallinna Transpordiametil \u00f5igus kasutada autori\u00f5iguste kaitseks k\u00f5iki tsiviil\u00f5iguslikke \u00f5iguskaitsevahendeid. Palume iga kasutatava foto juures viidata allikana Tallinna Transpordiametile (v\u00f5\u00f5rkeelsetes v\u00e4ljaannetes kasutatakse nime Tallinn Transport Department).\"},{\"@type\":\"BreadcrumbList\",\"@id\":\"https:\\\/\\\/www.ecb.ee\\\/et\\\/uudised\\\/nuudsest-saab-viimsi-artiumisse-ka-uhistranspordiga\\\/#breadcrumb\",\"itemListElement\":[{\"@type\":\"ListItem\",\"position\":1,\"name\":\"Home\",\"item\":\"https:\\\/\\\/www.ecb.ee\\\/et\\\/\"},{\"@type\":\"ListItem\",\"position\":2,\"name\":\"N\u00fc\u00fcdsest saab Viimsi Artiumisse ka \u00fchistranspordiga\"}]},{\"@type\":\"WebSite\",\"@id\":\"https:\\\/\\\/www.ecb.ee\\\/#website\",\"url\":\"https:\\\/\\\/www.ecb.ee\\\/\",\"name\":\"Estonian Convention Bureau\",\"description\":\"\",\"publisher\":{\"@id\":\"https:\\\/\\\/www.ecb.ee\\\/#organization\"},\"potentialAction\":[{\"@type\":\"SearchAction\",\"target\":{\"@type\":\"EntryPoint\",\"urlTemplate\":\"https:\\\/\\\/www.ecb.ee\\\/?s={search_term_string}\"},\"query-input\":{\"@type\":\"PropertyValueSpecification\",\"valueRequired\":true,\"valueName\":\"search_term_string\"}}],\"inLanguage\":\"et\"},{\"@type\":\"Organization\",\"@id\":\"https:\\\/\\\/www.ecb.ee\\\/#organization\",\"name\":\"Estonian Convention Bureau\",\"url\":\"https:\\\/\\\/www.ecb.ee\\\/\",\"logo\":{\"@type\":\"ImageObject\",\"inLanguage\":\"et\",\"@id\":\"https:\\\/\\\/www.ecb.ee\\\/#\\\/schema\\\/logo\\\/image\\\/\",\"url\":\"https:\\\/\\\/www.ecb.ee\\\/wp-content\\\/uploads\\\/2020\\\/12\\\/site_logo.svg\",\"contentUrl\":\"https:\\\/\\\/www.ecb.ee\\\/wp-content\\\/uploads\\\/2020\\\/12\\\/site_logo.svg\",\"caption\":\"Estonian Convention Bureau\"},\"image\":{\"@id\":\"https:\\\/\\\/www.ecb.ee\\\/#\\\/schema\\\/logo\\\/image\\\/\"}},{\"@type\":\"Person\",\"@id\":\"https:\\\/\\\/www.ecb.ee\\\/#\\\/schema\\\/person\\\/683a06848cf0a690b2ba233665cb719f\",\"name\":\"Riine Tiigi\",\"image\":{\"@type\":\"ImageObject\",\"inLanguage\":\"et\",\"@id\":\"https:\\\/\\\/secure.gravatar.com\\\/avatar\\\/d86339875b83b6a9394fce703248189388335d81fba6ca62f59bc61cc7a0ae31?s=96&d=mm&r=g\",\"url\":\"https:\\\/\\\/secure.gravatar.com\\\/avatar\\\/d86339875b83b6a9394fce703248189388335d81fba6ca62f59bc61cc7a0ae31?s=96&d=mm&r=g\",\"contentUrl\":\"https:\\\/\\\/secure.gravatar.com\\\/avatar\\\/d86339875b83b6a9394fce703248189388335d81fba6ca62f59bc61cc7a0ae31?s=96&d=mm&r=g\",\"caption\":\"Riine Tiigi\"},\"url\":\"https:\\\/\\\/www.ecb.ee\\\/et\\\/author\\\/riine\\\/\"}]}<\/script>\n<!-- \/ Yoast SEO plugin. -->","yoast_head_json":{"title":"N\u00fc\u00fcdsest saab Viimsi Artiumisse ka \u00fchistranspordiga - Estonian Convention Bureau","robots":{"index":"index","follow":"follow","max-snippet":"max-snippet:-1","max-image-preview":"max-image-preview:large","max-video-preview":"max-video-preview:-1"},"canonical":"https:\/\/www.ecb.ee\/et\/uudised\/nuudsest-saab-viimsi-artiumisse-ka-uhistranspordiga\/","og_locale":"et_EE","og_type":"article","og_title":"N\u00fc\u00fcdsest saab Viimsi Artiumisse ka \u00fchistranspordiga - Estonian Convention Bureau","og_description":"Alates 1. septembrist on konverentsik\u00fclastajatel ja kultuuris\u00f5pradel v\u00f5imalik j\u00f5uda Viimsi Artiumisse otse Tallinnast \u00fchistranspordiga. Bussiliin nr\u202f1 v\u00e4ljub Tallinna kesklinnast\u00a0Viru keskus 5\u00a0peatusest ja s\u00f5idab regulaarselt\u00a03\u20135 korda tunnis. S\u00f5iduaeg Viimsi Artiumi l\u00e4himasse peatusesse,\u00a0Karulaugu, kestab ligikaudu\u00a035 minutit. Karulaugu peatus asub otse Viimsi Artiumi k\u00f5rval, pakkudes mugavat ligip\u00e4\u00e4su kultuuri- ja konverentsikeskusele. Viimsi Artium\u00a0on kaasaegne kultuuri- ja hariduskeskus, mis sobib [&hellip;]","og_url":"https:\/\/www.ecb.ee\/et\/uudised\/nuudsest-saab-viimsi-artiumisse-ka-uhistranspordiga\/","og_site_name":"Estonian Convention Bureau","article_published_time":"2025-09-15T07:45:10+00:00","article_modified_time":"2025-09-15T09:43:39+00:00","og_image":[{"width":1200,"height":800,"url":"https:\/\/www.ecb.ee\/wp-content\/uploads\/2025\/09\/tallinn_transport_bus_photo_r.jurkatam.jpg","type":"image\/jpeg"}],"author":"Riine Tiigi","twitter_card":"summary_large_image","twitter_misc":{"Written by":"Riine Tiigi","Est. reading time":"1 minut"},"schema":{"@context":"https:\/\/schema.org","@graph":[{"@type":"Article","@id":"https:\/\/www.ecb.ee\/et\/uudised\/nuudsest-saab-viimsi-artiumisse-ka-uhistranspordiga\/#article","isPartOf":{"@id":"https:\/\/www.ecb.ee\/et\/uudised\/nuudsest-saab-viimsi-artiumisse-ka-uhistranspordiga\/"},"author":{"name":"Riine Tiigi","@id":"https:\/\/www.ecb.ee\/#\/schema\/person\/683a06848cf0a690b2ba233665cb719f"},"headline":"N\u00fc\u00fcdsest saab Viimsi Artiumisse ka \u00fchistranspordiga","datePublished":"2025-09-15T07:45:10+00:00","dateModified":"2025-09-15T09:43:39+00:00","mainEntityOfPage":{"@id":"https:\/\/www.ecb.ee\/et\/uudised\/nuudsest-saab-viimsi-artiumisse-ka-uhistranspordiga\/"},"wordCount":119,"publisher":{"@id":"https:\/\/www.ecb.ee\/#organization"},"image":{"@id":"https:\/\/www.ecb.ee\/et\/uudised\/nuudsest-saab-viimsi-artiumisse-ka-uhistranspordiga\/#primaryimage"},"thumbnailUrl":"https:\/\/www.ecb.ee\/wp-content\/uploads\/2025\/09\/tallinn_transport_bus_photo_r.jurkatam.jpg","articleSection":["Uudised"],"inLanguage":"et"},{"@type":"WebPage","@id":"https:\/\/www.ecb.ee\/et\/uudised\/nuudsest-saab-viimsi-artiumisse-ka-uhistranspordiga\/","url":"https:\/\/www.ecb.ee\/et\/uudised\/nuudsest-saab-viimsi-artiumisse-ka-uhistranspordiga\/","name":"N\u00fc\u00fcdsest saab Viimsi Artiumisse ka \u00fchistranspordiga - Estonian Convention Bureau","isPartOf":{"@id":"https:\/\/www.ecb.ee\/#website"},"primaryImageOfPage":{"@id":"https:\/\/www.ecb.ee\/et\/uudised\/nuudsest-saab-viimsi-artiumisse-ka-uhistranspordiga\/#primaryimage"},"image":{"@id":"https:\/\/www.ecb.ee\/et\/uudised\/nuudsest-saab-viimsi-artiumisse-ka-uhistranspordiga\/#primaryimage"},"thumbnailUrl":"https:\/\/www.ecb.ee\/wp-content\/uploads\/2025\/09\/tallinn_transport_bus_photo_r.jurkatam.jpg","datePublished":"2025-09-15T07:45:10+00:00","dateModified":"2025-09-15T09:43:39+00:00","breadcrumb":{"@id":"https:\/\/www.ecb.ee\/et\/uudised\/nuudsest-saab-viimsi-artiumisse-ka-uhistranspordiga\/#breadcrumb"},"inLanguage":"et","potentialAction":[{"@type":"ReadAction","target":["https:\/\/www.ecb.ee\/et\/uudised\/nuudsest-saab-viimsi-artiumisse-ka-uhistranspordiga\/"]}]},{"@type":"ImageObject","inLanguage":"et","@id":"https:\/\/www.ecb.ee\/et\/uudised\/nuudsest-saab-viimsi-artiumisse-ka-uhistranspordiga\/#primaryimage","url":"https:\/\/www.ecb.ee\/wp-content\/uploads\/2025\/09\/tallinn_transport_bus_photo_r.jurkatam.jpg","contentUrl":"https:\/\/www.ecb.ee\/wp-content\/uploads\/2025\/09\/tallinn_transport_bus_photo_r.jurkatam.jpg","width":1200,"height":800,"caption":"Tallinna Transpordi teenuseid tutvustavate fotode allalaadija v\u00f5ib kasutada fotosid ainult Tallinna \u00fchistranspordi, teiste avalike teenuste ning s\u00e4\u00e4stvate liikumisviiside tutvustamiseks nii veebis kui tr\u00fckis. K\u00f5ik fotopanga fotod on kaitstud Eesti Vabariigi Autori\u00f5iguse seadusega. Fotode kasutamine poliitreklaamis on keelatud. Fotode kasutamine kontekstis, kus need v\u00f5ivad Tallinna Transpordiameti teenuste mainet kahjustada, on keelatud. Fotode edasim\u00fc\u00fcmine v\u00f5i kuritarvitamine on keelatud. Fotode avaldamise eest kannab eranditult vastutust nende kasutaja. Fotode kasutustingimuste rikkumisel on Tallinna Transpordiametil \u00f5igus keelata kasutajal edaspidi fotode kasutamine. Fotode kasutustingimuste mittet\u00e4itmise korral on Tallinna Transpordiametil \u00f5igus kasutada autori\u00f5iguste kaitseks k\u00f5iki tsiviil\u00f5iguslikke \u00f5iguskaitsevahendeid. Palume iga kasutatava foto juures viidata allikana Tallinna Transpordiametile (v\u00f5\u00f5rkeelsetes v\u00e4ljaannetes kasutatakse nime Tallinn Transport Department)."},{"@type":"BreadcrumbList","@id":"https:\/\/www.ecb.ee\/et\/uudised\/nuudsest-saab-viimsi-artiumisse-ka-uhistranspordiga\/#breadcrumb","itemListElement":[{"@type":"ListItem","position":1,"name":"Home","item":"https:\/\/www.ecb.ee\/et\/"},{"@type":"ListItem","position":2,"name":"N\u00fc\u00fcdsest saab Viimsi Artiumisse ka \u00fchistranspordiga"}]},{"@type":"WebSite","@id":"https:\/\/www.ecb.ee\/#website","url":"https:\/\/www.ecb.ee\/","name":"Estonian Convention Bureau","description":"","publisher":{"@id":"https:\/\/www.ecb.ee\/#organization"},"potentialAction":[{"@type":"SearchAction","target":{"@type":"EntryPoint","urlTemplate":"https:\/\/www.ecb.ee\/?s={search_term_string}"},"query-input":{"@type":"PropertyValueSpecification","valueRequired":true,"valueName":"search_term_string"}}],"inLanguage":"et"},{"@type":"Organization","@id":"https:\/\/www.ecb.ee\/#organization","name":"Estonian Convention Bureau","url":"https:\/\/www.ecb.ee\/","logo":{"@type":"ImageObject","inLanguage":"et","@id":"https:\/\/www.ecb.ee\/#\/schema\/logo\/image\/","url":"https:\/\/www.ecb.ee\/wp-content\/uploads\/2020\/12\/site_logo.svg","contentUrl":"https:\/\/www.ecb.ee\/wp-content\/uploads\/2020\/12\/site_logo.svg","caption":"Estonian Convention Bureau"},"image":{"@id":"https:\/\/www.ecb.ee\/#\/schema\/logo\/image\/"}},{"@type":"Person","@id":"https:\/\/www.ecb.ee\/#\/schema\/person\/683a06848cf0a690b2ba233665cb719f","name":"Riine Tiigi","image":{"@type":"ImageObject","inLanguage":"et","@id":"https:\/\/secure.gravatar.com\/avatar\/d86339875b83b6a9394fce703248189388335d81fba6ca62f59bc61cc7a0ae31?s=96&d=mm&r=g","url":"https:\/\/secure.gravatar.com\/avatar\/d86339875b83b6a9394fce703248189388335d81fba6ca62f59bc61cc7a0ae31?s=96&d=mm&r=g","contentUrl":"https:\/\/secure.gravatar.com\/avatar\/d86339875b83b6a9394fce703248189388335d81fba6ca62f59bc61cc7a0ae31?s=96&d=mm&r=g","caption":"Riine Tiigi"},"url":"https:\/\/www.ecb.ee\/et\/author\/riine\/"}]}},"_links":{"self":[{"href":"https:\/\/www.ecb.ee\/et\/wp-json\/wp\/v2\/posts\/42252","targetHints":{"allow":["GET"]}}],"collection":[{"href":"https:\/\/www.ecb.ee\/et\/wp-json\/wp\/v2\/posts"}],"about":[{"href":"https:\/\/www.ecb.ee\/et\/wp-json\/wp\/v2\/types\/post"}],"author":[{"embeddable":true,"href":"https:\/\/www.ecb.ee\/et\/wp-json\/wp\/v2\/users\/4"}],"replies":[{"embeddable":true,"href":"https:\/\/www.ecb.ee\/et\/wp-json\/wp\/v2\/comments?post=42252"}],"version-history":[{"count":2,"href":"https:\/\/www.ecb.ee\/et\/wp-json\/wp\/v2\/posts\/42252\/revisions"}],"predecessor-version":[{"id":42268,"href":"https:\/\/www.ecb.ee\/et\/wp-json\/wp\/v2\/posts\/42252\/revisions\/42268"}],"wp:featuredmedia":[{"embeddable":true,"href":"https:\/\/www.ecb.ee\/et\/wp-json\/wp\/v2\/media\/42253"}],"wp:attachment":[{"href":"https:\/\/www.ecb.ee\/et\/wp-json\/wp\/v2\/media?parent=42252"}],"wp:term":[{"taxonomy":"category","embeddable":true,"href":"https:\/\/www.ecb.ee\/et\/wp-json\/wp\/v2\/categories?post=42252"},{"taxonomy":"post_tag","embeddable":true,"href":"https:\/\/www.ecb.ee\/et\/wp-json\/wp\/v2\/tags?post=42252"}],"curies":[{"name":"wp","href":"https:\/\/api.w.org\/{rel}","templated":true}]}}