{"id":42051,"date":"2025-09-02T08:16:36","date_gmt":"2025-09-02T08:16:36","guid":{"rendered":"https:\/\/www.ecb.ee\/?p=42051"},"modified":"2025-09-08T08:30:54","modified_gmt":"2025-09-08T08:30:54","slug":"tallinnas-avanevad-sundmuskorraldajatele-uued-voimalused","status":"publish","type":"post","link":"https:\/\/www.ecb.ee\/et\/uudised\/tallinnas-avanevad-sundmuskorraldajatele-uued-voimalused\/","title":{"rendered":"Tallinnas avanevad s\u00fcndmuskorraldajatele uued v\u00f5imalused"},"content":{"rendered":"<p><span style=\"color: #000000;\">Alates 1. septembrist haldab Kultuurikatel ka<span class=\"gmail-Apple-converted-space\">\u00a0<\/span><strong>Salme Kultuurikeskust<\/strong><span class=\"gmail-Apple-converted-space\">\u00a0<\/span>ja<span class=\"gmail-Apple-converted-space\">\u00a0<\/span><strong>Mere Kultuurikeskust<\/strong>.<\/span><\/p>\n<p><span style=\"color: #000000;\">Koos pakuvad k\u00f5ik kolm s\u00fcdalinna piirkonnas asuvat unikaalset ja ainulaadset kultuuri-, s\u00fcndmus- ning konverentsikeskusekeskust laia valikut inspireerivaid ruume ja professionaalset tuge v\u00e4ga eriilmeliste s\u00fcndmuste korraldamiseks.<\/span><\/p>\n<p><span style=\"color: #000000;\"><strong>Kultuurikatla<\/strong> suurim saal<span class=\"gmail-Apple-converted-space\">\u00a0<\/span><strong>Black Box<\/strong><span class=\"gmail-Apple-converted-space\">\u00a0<\/span>mahutab kuni<span class=\"gmail-Apple-converted-space\">\u00a0<\/span><strong>600 istekohta.\u00a0<\/strong>Kokku on Kultuurikatlas<span class=\"gmail-Apple-converted-space\">\u00a0<\/span><strong>20 erinevat ruumi, kus oma s\u00fcndmust korraldada.\u00a0<\/strong><\/span><\/p>\n<p><span style=\"color: #000000;\"><strong>Salme Kultuurikeskuse<\/strong> suur saal mahutab<span class=\"gmail-Apple-converted-space\">\u00a0<\/span><strong>624 inimest.\u00a0<\/strong><\/span><\/p>\n<p><span style=\"color: #000000;\"><strong>Mere Kultuurikeskuse<\/strong> suur saal pakub v\u00f5imalust korraldada s\u00fcndmusi kuni<span class=\"gmail-Apple-converted-space\">\u00a0<\/span><strong>834 osalejale<\/strong>.\u00a0<\/span>Lisaks leiab ka Salme ja Mere kultuurikeskustes mitmeid v\u00e4iksemad seminariruume, proovi- ja banketisaale ning koosolekuruume, mis pakuvad paindlikke lahendusi erineva mastaabiga s\u00fcndmustele.<\/p>\n<p><span style=\"color: #000000;\">Kultuurikatla ja selle hallatavate keskuste tegevus toetab Tallinna arengustrateegia<span class=\"gmail-Apple-converted-space\">\u00a0<\/span><strong>\u201eTallinn 2035\u201c<\/strong><span class=\"gmail-Apple-converted-space\">\u00a0<\/span>eesm\u00e4rke \u2013 pakkudes mitmek\u00fclgseid kultuuritegevuse v\u00f5imalusi, tugevdades kultuurilist sidusust ning suurendades linna rahvusvahelist tuntust \u00e4riturismi sihtkohana ja loomemajanduse keskpunktina.<\/span><\/p>\n<p>Uuri lisa ja broneeri ruumid:<span class=\"gmail-Apple-converted-space\">\u00a0<\/span><a class=\"gmail-decorated-link\" title=\"https:\/\/kultuurikatel.ee\/?utm_source=chatgpt.com\" contenteditable=\"false\" href=\"https:\/\/kultuurikatel.ee\/?utm_source=chatgpt.com\" target=\"_blank\" rel=\"noopener\">kultuurikatel.ee<\/a><\/p>\n<p>&nbsp;<\/p>\n","protected":false},"excerpt":{"rendered":"<p>Alates 1. septembrist haldab Kultuurikatel ka\u00a0Salme Kultuurikeskust\u00a0ja\u00a0Mere Kultuurikeskust. Koos pakuvad k\u00f5ik kolm s\u00fcdalinna piirkonnas asuvat unikaalset ja ainulaadset kultuuri-, s\u00fcndmus- ning konverentsikeskusekeskust laia valikut inspireerivaid ruume ja professionaalset tuge v\u00e4ga eriilmeliste s\u00fcndmuste korraldamiseks. Kultuurikatla suurim saal\u00a0Black Box\u00a0mahutab kuni\u00a0600 istekohta.\u00a0Kokku on Kultuurikatlas\u00a020 erinevat ruumi, kus oma s\u00fcndmust korraldada.\u00a0 Salme Kultuurikeskuse suur saal mahutab\u00a0624 inimest.\u00a0 Mere Kultuurikeskuse [&hellip;]<\/p>\n","protected":false},"author":4,"featured_media":12333,"comment_status":"closed","ping_status":"closed","sticky":false,"template":"","format":"standard","meta":{"_acf_changed":false,"footnotes":""},"categories":[189],"tags":[],"class_list":["post-42051","post","type-post","status-publish","format-standard","has-post-thumbnail","hentry","category-uudised"],"acf":[],"yoast_head":"<!-- This site is optimized with the Yoast SEO plugin v27.5 - https:\/\/yoast.com\/product\/yoast-seo-wordpress\/ -->\n<title>Tallinnas avanevad s\u00fcndmuskorraldajatele uued v\u00f5imalused - Estonian Convention Bureau<\/title>\n<meta name=\"robots\" content=\"index, follow, max-snippet:-1, max-image-preview:large, max-video-preview:-1\" \/>\n<link rel=\"canonical\" href=\"https:\/\/www.ecb.ee\/et\/uudised\/tallinnas-avanevad-sundmuskorraldajatele-uued-voimalused\/\" \/>\n<meta property=\"og:locale\" content=\"et_EE\" \/>\n<meta property=\"og:type\" content=\"article\" \/>\n<meta property=\"og:title\" content=\"Tallinnas avanevad s\u00fcndmuskorraldajatele uued v\u00f5imalused - Estonian Convention Bureau\" \/>\n<meta property=\"og:description\" content=\"Alates 1. septembrist haldab Kultuurikatel ka\u00a0Salme Kultuurikeskust\u00a0ja\u00a0Mere Kultuurikeskust. Koos pakuvad k\u00f5ik kolm s\u00fcdalinna piirkonnas asuvat unikaalset ja ainulaadset kultuuri-, s\u00fcndmus- ning konverentsikeskusekeskust laia valikut inspireerivaid ruume ja professionaalset tuge v\u00e4ga eriilmeliste s\u00fcndmuste korraldamiseks. Kultuurikatla suurim saal\u00a0Black Box\u00a0mahutab kuni\u00a0600 istekohta.\u00a0Kokku on Kultuurikatlas\u00a020 erinevat ruumi, kus oma s\u00fcndmust korraldada.\u00a0 Salme Kultuurikeskuse suur saal mahutab\u00a0624 inimest.\u00a0 Mere Kultuurikeskuse [&hellip;]\" \/>\n<meta property=\"og:url\" content=\"https:\/\/www.ecb.ee\/et\/uudised\/tallinnas-avanevad-sundmuskorraldajatele-uued-voimalused\/\" \/>\n<meta property=\"og:site_name\" content=\"Estonian Convention Bureau\" \/>\n<meta property=\"article:published_time\" content=\"2025-09-02T08:16:36+00:00\" \/>\n<meta property=\"article:modified_time\" content=\"2025-09-08T08:30:54+00:00\" \/>\n<meta property=\"og:image\" content=\"https:\/\/www.ecb.ee\/wp-content\/uploads\/2020\/12\/kultuurikatel_Kaupo-Kalda.jpg\" \/>\n\t<meta property=\"og:image:width\" content=\"980\" \/>\n\t<meta property=\"og:image:height\" content=\"460\" \/>\n\t<meta property=\"og:image:type\" content=\"image\/jpeg\" \/>\n<meta name=\"author\" content=\"Riine Tiigi\" \/>\n<meta name=\"twitter:card\" content=\"summary_large_image\" \/>\n<meta name=\"twitter:label1\" content=\"Written by\" \/>\n\t<meta name=\"twitter:data1\" content=\"Riine Tiigi\" \/>\n\t<meta name=\"twitter:label2\" content=\"Est. reading time\" \/>\n\t<meta name=\"twitter:data2\" content=\"1 minut\" \/>\n<script type=\"application\/ld+json\" class=\"yoast-schema-graph\">{\"@context\":\"https:\\\/\\\/schema.org\",\"@graph\":[{\"@type\":\"Article\",\"@id\":\"https:\\\/\\\/www.ecb.ee\\\/et\\\/uudised\\\/tallinnas-avanevad-sundmuskorraldajatele-uued-voimalused\\\/#article\",\"isPartOf\":{\"@id\":\"https:\\\/\\\/www.ecb.ee\\\/et\\\/uudised\\\/tallinnas-avanevad-sundmuskorraldajatele-uued-voimalused\\\/\"},\"author\":{\"name\":\"Riine Tiigi\",\"@id\":\"https:\\\/\\\/www.ecb.ee\\\/#\\\/schema\\\/person\\\/683a06848cf0a690b2ba233665cb719f\"},\"headline\":\"Tallinnas avanevad s\u00fcndmuskorraldajatele uued v\u00f5imalused\",\"datePublished\":\"2025-09-02T08:16:36+00:00\",\"dateModified\":\"2025-09-08T08:30:54+00:00\",\"mainEntityOfPage\":{\"@id\":\"https:\\\/\\\/www.ecb.ee\\\/et\\\/uudised\\\/tallinnas-avanevad-sundmuskorraldajatele-uued-voimalused\\\/\"},\"wordCount\":146,\"publisher\":{\"@id\":\"https:\\\/\\\/www.ecb.ee\\\/#organization\"},\"image\":{\"@id\":\"https:\\\/\\\/www.ecb.ee\\\/et\\\/uudised\\\/tallinnas-avanevad-sundmuskorraldajatele-uued-voimalused\\\/#primaryimage\"},\"thumbnailUrl\":\"https:\\\/\\\/www.ecb.ee\\\/wp-content\\\/uploads\\\/2020\\\/12\\\/kultuurikatel_Kaupo-Kalda.jpg\",\"articleSection\":[\"Uudised\"],\"inLanguage\":\"et\"},{\"@type\":\"WebPage\",\"@id\":\"https:\\\/\\\/www.ecb.ee\\\/et\\\/uudised\\\/tallinnas-avanevad-sundmuskorraldajatele-uued-voimalused\\\/\",\"url\":\"https:\\\/\\\/www.ecb.ee\\\/et\\\/uudised\\\/tallinnas-avanevad-sundmuskorraldajatele-uued-voimalused\\\/\",\"name\":\"Tallinnas avanevad s\u00fcndmuskorraldajatele uued v\u00f5imalused - Estonian Convention Bureau\",\"isPartOf\":{\"@id\":\"https:\\\/\\\/www.ecb.ee\\\/#website\"},\"primaryImageOfPage\":{\"@id\":\"https:\\\/\\\/www.ecb.ee\\\/et\\\/uudised\\\/tallinnas-avanevad-sundmuskorraldajatele-uued-voimalused\\\/#primaryimage\"},\"image\":{\"@id\":\"https:\\\/\\\/www.ecb.ee\\\/et\\\/uudised\\\/tallinnas-avanevad-sundmuskorraldajatele-uued-voimalused\\\/#primaryimage\"},\"thumbnailUrl\":\"https:\\\/\\\/www.ecb.ee\\\/wp-content\\\/uploads\\\/2020\\\/12\\\/kultuurikatel_Kaupo-Kalda.jpg\",\"datePublished\":\"2025-09-02T08:16:36+00:00\",\"dateModified\":\"2025-09-08T08:30:54+00:00\",\"breadcrumb\":{\"@id\":\"https:\\\/\\\/www.ecb.ee\\\/et\\\/uudised\\\/tallinnas-avanevad-sundmuskorraldajatele-uued-voimalused\\\/#breadcrumb\"},\"inLanguage\":\"et\",\"potentialAction\":[{\"@type\":\"ReadAction\",\"target\":[\"https:\\\/\\\/www.ecb.ee\\\/et\\\/uudised\\\/tallinnas-avanevad-sundmuskorraldajatele-uued-voimalused\\\/\"]}]},{\"@type\":\"ImageObject\",\"inLanguage\":\"et\",\"@id\":\"https:\\\/\\\/www.ecb.ee\\\/et\\\/uudised\\\/tallinnas-avanevad-sundmuskorraldajatele-uued-voimalused\\\/#primaryimage\",\"url\":\"https:\\\/\\\/www.ecb.ee\\\/wp-content\\\/uploads\\\/2020\\\/12\\\/kultuurikatel_Kaupo-Kalda.jpg\",\"contentUrl\":\"https:\\\/\\\/www.ecb.ee\\\/wp-content\\\/uploads\\\/2020\\\/12\\\/kultuurikatel_Kaupo-Kalda.jpg\",\"width\":980,\"height\":460},{\"@type\":\"BreadcrumbList\",\"@id\":\"https:\\\/\\\/www.ecb.ee\\\/et\\\/uudised\\\/tallinnas-avanevad-sundmuskorraldajatele-uued-voimalused\\\/#breadcrumb\",\"itemListElement\":[{\"@type\":\"ListItem\",\"position\":1,\"name\":\"Home\",\"item\":\"https:\\\/\\\/www.ecb.ee\\\/et\\\/\"},{\"@type\":\"ListItem\",\"position\":2,\"name\":\"Tallinnas avanevad s\u00fcndmuskorraldajatele uued v\u00f5imalused\"}]},{\"@type\":\"WebSite\",\"@id\":\"https:\\\/\\\/www.ecb.ee\\\/#website\",\"url\":\"https:\\\/\\\/www.ecb.ee\\\/\",\"name\":\"Estonian Convention Bureau\",\"description\":\"\",\"publisher\":{\"@id\":\"https:\\\/\\\/www.ecb.ee\\\/#organization\"},\"potentialAction\":[{\"@type\":\"SearchAction\",\"target\":{\"@type\":\"EntryPoint\",\"urlTemplate\":\"https:\\\/\\\/www.ecb.ee\\\/?s={search_term_string}\"},\"query-input\":{\"@type\":\"PropertyValueSpecification\",\"valueRequired\":true,\"valueName\":\"search_term_string\"}}],\"inLanguage\":\"et\"},{\"@type\":\"Organization\",\"@id\":\"https:\\\/\\\/www.ecb.ee\\\/#organization\",\"name\":\"Estonian Convention Bureau\",\"url\":\"https:\\\/\\\/www.ecb.ee\\\/\",\"logo\":{\"@type\":\"ImageObject\",\"inLanguage\":\"et\",\"@id\":\"https:\\\/\\\/www.ecb.ee\\\/#\\\/schema\\\/logo\\\/image\\\/\",\"url\":\"https:\\\/\\\/www.ecb.ee\\\/wp-content\\\/uploads\\\/2020\\\/12\\\/site_logo.svg\",\"contentUrl\":\"https:\\\/\\\/www.ecb.ee\\\/wp-content\\\/uploads\\\/2020\\\/12\\\/site_logo.svg\",\"caption\":\"Estonian Convention Bureau\"},\"image\":{\"@id\":\"https:\\\/\\\/www.ecb.ee\\\/#\\\/schema\\\/logo\\\/image\\\/\"}},{\"@type\":\"Person\",\"@id\":\"https:\\\/\\\/www.ecb.ee\\\/#\\\/schema\\\/person\\\/683a06848cf0a690b2ba233665cb719f\",\"name\":\"Riine Tiigi\",\"image\":{\"@type\":\"ImageObject\",\"inLanguage\":\"et\",\"@id\":\"https:\\\/\\\/secure.gravatar.com\\\/avatar\\\/d86339875b83b6a9394fce703248189388335d81fba6ca62f59bc61cc7a0ae31?s=96&d=mm&r=g\",\"url\":\"https:\\\/\\\/secure.gravatar.com\\\/avatar\\\/d86339875b83b6a9394fce703248189388335d81fba6ca62f59bc61cc7a0ae31?s=96&d=mm&r=g\",\"contentUrl\":\"https:\\\/\\\/secure.gravatar.com\\\/avatar\\\/d86339875b83b6a9394fce703248189388335d81fba6ca62f59bc61cc7a0ae31?s=96&d=mm&r=g\",\"caption\":\"Riine Tiigi\"},\"url\":\"https:\\\/\\\/www.ecb.ee\\\/et\\\/author\\\/riine\\\/\"}]}<\/script>\n<!-- \/ Yoast SEO plugin. -->","yoast_head_json":{"title":"Tallinnas avanevad s\u00fcndmuskorraldajatele uued v\u00f5imalused - Estonian Convention Bureau","robots":{"index":"index","follow":"follow","max-snippet":"max-snippet:-1","max-image-preview":"max-image-preview:large","max-video-preview":"max-video-preview:-1"},"canonical":"https:\/\/www.ecb.ee\/et\/uudised\/tallinnas-avanevad-sundmuskorraldajatele-uued-voimalused\/","og_locale":"et_EE","og_type":"article","og_title":"Tallinnas avanevad s\u00fcndmuskorraldajatele uued v\u00f5imalused - Estonian Convention Bureau","og_description":"Alates 1. septembrist haldab Kultuurikatel ka\u00a0Salme Kultuurikeskust\u00a0ja\u00a0Mere Kultuurikeskust. Koos pakuvad k\u00f5ik kolm s\u00fcdalinna piirkonnas asuvat unikaalset ja ainulaadset kultuuri-, s\u00fcndmus- ning konverentsikeskusekeskust laia valikut inspireerivaid ruume ja professionaalset tuge v\u00e4ga eriilmeliste s\u00fcndmuste korraldamiseks. Kultuurikatla suurim saal\u00a0Black Box\u00a0mahutab kuni\u00a0600 istekohta.\u00a0Kokku on Kultuurikatlas\u00a020 erinevat ruumi, kus oma s\u00fcndmust korraldada.\u00a0 Salme Kultuurikeskuse suur saal mahutab\u00a0624 inimest.\u00a0 Mere Kultuurikeskuse [&hellip;]","og_url":"https:\/\/www.ecb.ee\/et\/uudised\/tallinnas-avanevad-sundmuskorraldajatele-uued-voimalused\/","og_site_name":"Estonian Convention Bureau","article_published_time":"2025-09-02T08:16:36+00:00","article_modified_time":"2025-09-08T08:30:54+00:00","og_image":[{"width":980,"height":460,"url":"https:\/\/www.ecb.ee\/wp-content\/uploads\/2020\/12\/kultuurikatel_Kaupo-Kalda.jpg","type":"image\/jpeg"}],"author":"Riine Tiigi","twitter_card":"summary_large_image","twitter_misc":{"Written by":"Riine Tiigi","Est. reading time":"1 minut"},"schema":{"@context":"https:\/\/schema.org","@graph":[{"@type":"Article","@id":"https:\/\/www.ecb.ee\/et\/uudised\/tallinnas-avanevad-sundmuskorraldajatele-uued-voimalused\/#article","isPartOf":{"@id":"https:\/\/www.ecb.ee\/et\/uudised\/tallinnas-avanevad-sundmuskorraldajatele-uued-voimalused\/"},"author":{"name":"Riine Tiigi","@id":"https:\/\/www.ecb.ee\/#\/schema\/person\/683a06848cf0a690b2ba233665cb719f"},"headline":"Tallinnas avanevad s\u00fcndmuskorraldajatele uued v\u00f5imalused","datePublished":"2025-09-02T08:16:36+00:00","dateModified":"2025-09-08T08:30:54+00:00","mainEntityOfPage":{"@id":"https:\/\/www.ecb.ee\/et\/uudised\/tallinnas-avanevad-sundmuskorraldajatele-uued-voimalused\/"},"wordCount":146,"publisher":{"@id":"https:\/\/www.ecb.ee\/#organization"},"image":{"@id":"https:\/\/www.ecb.ee\/et\/uudised\/tallinnas-avanevad-sundmuskorraldajatele-uued-voimalused\/#primaryimage"},"thumbnailUrl":"https:\/\/www.ecb.ee\/wp-content\/uploads\/2020\/12\/kultuurikatel_Kaupo-Kalda.jpg","articleSection":["Uudised"],"inLanguage":"et"},{"@type":"WebPage","@id":"https:\/\/www.ecb.ee\/et\/uudised\/tallinnas-avanevad-sundmuskorraldajatele-uued-voimalused\/","url":"https:\/\/www.ecb.ee\/et\/uudised\/tallinnas-avanevad-sundmuskorraldajatele-uued-voimalused\/","name":"Tallinnas avanevad s\u00fcndmuskorraldajatele uued v\u00f5imalused - Estonian Convention Bureau","isPartOf":{"@id":"https:\/\/www.ecb.ee\/#website"},"primaryImageOfPage":{"@id":"https:\/\/www.ecb.ee\/et\/uudised\/tallinnas-avanevad-sundmuskorraldajatele-uued-voimalused\/#primaryimage"},"image":{"@id":"https:\/\/www.ecb.ee\/et\/uudised\/tallinnas-avanevad-sundmuskorraldajatele-uued-voimalused\/#primaryimage"},"thumbnailUrl":"https:\/\/www.ecb.ee\/wp-content\/uploads\/2020\/12\/kultuurikatel_Kaupo-Kalda.jpg","datePublished":"2025-09-02T08:16:36+00:00","dateModified":"2025-09-08T08:30:54+00:00","breadcrumb":{"@id":"https:\/\/www.ecb.ee\/et\/uudised\/tallinnas-avanevad-sundmuskorraldajatele-uued-voimalused\/#breadcrumb"},"inLanguage":"et","potentialAction":[{"@type":"ReadAction","target":["https:\/\/www.ecb.ee\/et\/uudised\/tallinnas-avanevad-sundmuskorraldajatele-uued-voimalused\/"]}]},{"@type":"ImageObject","inLanguage":"et","@id":"https:\/\/www.ecb.ee\/et\/uudised\/tallinnas-avanevad-sundmuskorraldajatele-uued-voimalused\/#primaryimage","url":"https:\/\/www.ecb.ee\/wp-content\/uploads\/2020\/12\/kultuurikatel_Kaupo-Kalda.jpg","contentUrl":"https:\/\/www.ecb.ee\/wp-content\/uploads\/2020\/12\/kultuurikatel_Kaupo-Kalda.jpg","width":980,"height":460},{"@type":"BreadcrumbList","@id":"https:\/\/www.ecb.ee\/et\/uudised\/tallinnas-avanevad-sundmuskorraldajatele-uued-voimalused\/#breadcrumb","itemListElement":[{"@type":"ListItem","position":1,"name":"Home","item":"https:\/\/www.ecb.ee\/et\/"},{"@type":"ListItem","position":2,"name":"Tallinnas avanevad s\u00fcndmuskorraldajatele uued v\u00f5imalused"}]},{"@type":"WebSite","@id":"https:\/\/www.ecb.ee\/#website","url":"https:\/\/www.ecb.ee\/","name":"Estonian Convention Bureau","description":"","publisher":{"@id":"https:\/\/www.ecb.ee\/#organization"},"potentialAction":[{"@type":"SearchAction","target":{"@type":"EntryPoint","urlTemplate":"https:\/\/www.ecb.ee\/?s={search_term_string}"},"query-input":{"@type":"PropertyValueSpecification","valueRequired":true,"valueName":"search_term_string"}}],"inLanguage":"et"},{"@type":"Organization","@id":"https:\/\/www.ecb.ee\/#organization","name":"Estonian Convention Bureau","url":"https:\/\/www.ecb.ee\/","logo":{"@type":"ImageObject","inLanguage":"et","@id":"https:\/\/www.ecb.ee\/#\/schema\/logo\/image\/","url":"https:\/\/www.ecb.ee\/wp-content\/uploads\/2020\/12\/site_logo.svg","contentUrl":"https:\/\/www.ecb.ee\/wp-content\/uploads\/2020\/12\/site_logo.svg","caption":"Estonian Convention Bureau"},"image":{"@id":"https:\/\/www.ecb.ee\/#\/schema\/logo\/image\/"}},{"@type":"Person","@id":"https:\/\/www.ecb.ee\/#\/schema\/person\/683a06848cf0a690b2ba233665cb719f","name":"Riine Tiigi","image":{"@type":"ImageObject","inLanguage":"et","@id":"https:\/\/secure.gravatar.com\/avatar\/d86339875b83b6a9394fce703248189388335d81fba6ca62f59bc61cc7a0ae31?s=96&d=mm&r=g","url":"https:\/\/secure.gravatar.com\/avatar\/d86339875b83b6a9394fce703248189388335d81fba6ca62f59bc61cc7a0ae31?s=96&d=mm&r=g","contentUrl":"https:\/\/secure.gravatar.com\/avatar\/d86339875b83b6a9394fce703248189388335d81fba6ca62f59bc61cc7a0ae31?s=96&d=mm&r=g","caption":"Riine Tiigi"},"url":"https:\/\/www.ecb.ee\/et\/author\/riine\/"}]}},"_links":{"self":[{"href":"https:\/\/www.ecb.ee\/et\/wp-json\/wp\/v2\/posts\/42051","targetHints":{"allow":["GET"]}}],"collection":[{"href":"https:\/\/www.ecb.ee\/et\/wp-json\/wp\/v2\/posts"}],"about":[{"href":"https:\/\/www.ecb.ee\/et\/wp-json\/wp\/v2\/types\/post"}],"author":[{"embeddable":true,"href":"https:\/\/www.ecb.ee\/et\/wp-json\/wp\/v2\/users\/4"}],"replies":[{"embeddable":true,"href":"https:\/\/www.ecb.ee\/et\/wp-json\/wp\/v2\/comments?post=42051"}],"version-history":[{"count":2,"href":"https:\/\/www.ecb.ee\/et\/wp-json\/wp\/v2\/posts\/42051\/revisions"}],"predecessor-version":[{"id":42140,"href":"https:\/\/www.ecb.ee\/et\/wp-json\/wp\/v2\/posts\/42051\/revisions\/42140"}],"wp:featuredmedia":[{"embeddable":true,"href":"https:\/\/www.ecb.ee\/et\/wp-json\/wp\/v2\/media\/12333"}],"wp:attachment":[{"href":"https:\/\/www.ecb.ee\/et\/wp-json\/wp\/v2\/media?parent=42051"}],"wp:term":[{"taxonomy":"category","embeddable":true,"href":"https:\/\/www.ecb.ee\/et\/wp-json\/wp\/v2\/categories?post=42051"},{"taxonomy":"post_tag","embeddable":true,"href":"https:\/\/www.ecb.ee\/et\/wp-json\/wp\/v2\/tags?post=42051"}],"curies":[{"name":"wp","href":"https:\/\/api.w.org\/{rel}","templated":true}]}}