{"id":41786,"date":"2025-08-07T06:36:08","date_gmt":"2025-08-07T06:36:08","guid":{"rendered":"https:\/\/www.ecb.ee\/?p=41786"},"modified":"2025-08-07T06:36:08","modified_gmt":"2025-08-07T06:36:08","slug":"eesti-geeniteadus-pildil-tartu-ulikool-voorustab-2028-aastal-kaitumisgeneetika-assotsiatsiooni-aastakonverentsi","status":"publish","type":"post","link":"https:\/\/www.ecb.ee\/et\/uudised\/eesti-geeniteadus-pildil-tartu-ulikool-voorustab-2028-aastal-kaitumisgeneetika-assotsiatsiooni-aastakonverentsi\/","title":{"rendered":"Eesti geeniteadus pildil \u2013 Tartu \u00dclikool v\u00f5\u00f5rustab 2028. aastal k\u00e4itumisgeneetika assotsiatsiooni aastakonverentsi"},"content":{"rendered":"<p style=\"font-weight: 400;\">Tartu \u00dclikooi k\u00e4itumisgeneetika professori Uku Vainiku ning neurops\u00fchhiaatrilise geneetika kaasprofessori Kelli Lehto eestvedamisel v\u00f5ideti Tartusse 2028. aastaks <em>The <\/em><em>Annual Meeting of the Behavior Genetics Association<\/em>. Konkureeriti Berliiniga, keda v\u00f5ideti 54% h\u00e4\u00e4lteenamusega.<\/p>\n<p style=\"font-weight: 400;\">Peale 2027. aasta konverentsi Minnesotas, USA-s, toimub BGA konverents 2028. aasta juuni l\u00f5pus Tartus. Toimumisaeg annab konverentsil osalejatele suurep\u00e4rase v\u00f5imaluse oma Eestis viibimist pikendada, kogedes Eesti jaanip\u00e4eva v\u00f5i saades osa \u00fcld- ja noorte tantsupeost Tallinnas juuli\u00a0alguses.<\/p>\n<p style=\"font-weight: 400;\">Konverentsile on oodata ligi 200 valdkonna spetsialisti \u00fcle maailma. Pakkumine konverentsi v\u00f5\u00f5rustamiseks esitati koost\u00f6\u00f6s Publicon PCO-ga <a href=\"https:\/\/www.ecb.ee\/et\/konverentsi-korraldusoiguse-taotlemise-programm\/\">bidding programmi<\/a> toel.<\/p>\n","protected":false},"excerpt":{"rendered":"<p>Tartu \u00dclikooi k\u00e4itumisgeneetika professori Uku Vainiku ning neurops\u00fchhiaatrilise geneetika kaasprofessori Kelli Lehto eestvedamisel v\u00f5ideti Tartusse 2028. aastaks The Annual Meeting of the Behavior Genetics Association. Konkureeriti Berliiniga, keda v\u00f5ideti 54% h\u00e4\u00e4lteenamusega. Peale 2027. aasta konverentsi Minnesotas, USA-s, toimub BGA konverents 2028. aasta juuni l\u00f5pus Tartus. Toimumisaeg annab konverentsil osalejatele suurep\u00e4rase v\u00f5imaluse oma Eestis viibimist pikendada, [&hellip;]<\/p>\n","protected":false},"author":8,"featured_media":15854,"comment_status":"closed","ping_status":"closed","sticky":false,"template":"","format":"standard","meta":{"_acf_changed":false,"footnotes":""},"categories":[189],"tags":[],"class_list":["post-41786","post","type-post","status-publish","format-standard","has-post-thumbnail","hentry","category-uudised"],"acf":[],"yoast_head":"<!-- This site is optimized with the Yoast SEO plugin v27.5 - https:\/\/yoast.com\/product\/yoast-seo-wordpress\/ -->\n<title>Eesti geeniteadus pildil \u2013 Tartu \u00dclikool v\u00f5\u00f5rustab 2028. aastal k\u00e4itumisgeneetika assotsiatsiooni aastakonverentsi - Estonian Convention Bureau<\/title>\n<meta name=\"robots\" content=\"index, follow, max-snippet:-1, max-image-preview:large, max-video-preview:-1\" \/>\n<link rel=\"canonical\" href=\"https:\/\/www.ecb.ee\/et\/uudised\/eesti-geeniteadus-pildil-tartu-ulikool-voorustab-2028-aastal-kaitumisgeneetika-assotsiatsiooni-aastakonverentsi\/\" \/>\n<meta property=\"og:locale\" content=\"et_EE\" \/>\n<meta property=\"og:type\" content=\"article\" \/>\n<meta property=\"og:title\" content=\"Eesti geeniteadus pildil \u2013 Tartu \u00dclikool v\u00f5\u00f5rustab 2028. aastal k\u00e4itumisgeneetika assotsiatsiooni aastakonverentsi - Estonian Convention Bureau\" \/>\n<meta property=\"og:description\" content=\"Tartu \u00dclikooi k\u00e4itumisgeneetika professori Uku Vainiku ning neurops\u00fchhiaatrilise geneetika kaasprofessori Kelli Lehto eestvedamisel v\u00f5ideti Tartusse 2028. aastaks The Annual Meeting of the Behavior Genetics Association. Konkureeriti Berliiniga, keda v\u00f5ideti 54% h\u00e4\u00e4lteenamusega. Peale 2027. aasta konverentsi Minnesotas, USA-s, toimub BGA konverents 2028. aasta juuni l\u00f5pus Tartus. Toimumisaeg annab konverentsil osalejatele suurep\u00e4rase v\u00f5imaluse oma Eestis viibimist pikendada, [&hellip;]\" \/>\n<meta property=\"og:url\" content=\"https:\/\/www.ecb.ee\/et\/uudised\/eesti-geeniteadus-pildil-tartu-ulikool-voorustab-2028-aastal-kaitumisgeneetika-assotsiatsiooni-aastakonverentsi\/\" \/>\n<meta property=\"og:site_name\" content=\"Estonian Convention Bureau\" \/>\n<meta property=\"article:published_time\" content=\"2025-08-07T06:36:08+00:00\" \/>\n<meta property=\"og:image\" content=\"https:\/\/www.ecb.ee\/wp-content\/uploads\/2021\/01\/tartu-4-header-1596x433-1.png\" \/>\n\t<meta property=\"og:image:width\" content=\"1596\" \/>\n\t<meta property=\"og:image:height\" content=\"433\" \/>\n\t<meta property=\"og:image:type\" content=\"image\/png\" \/>\n<meta name=\"author\" content=\"K\u00fclli Teimann\" \/>\n<meta name=\"twitter:card\" content=\"summary_large_image\" \/>\n<meta name=\"twitter:label1\" content=\"Written by\" \/>\n\t<meta name=\"twitter:data1\" content=\"K\u00fclli Teimann\" \/>\n\t<meta name=\"twitter:label2\" content=\"Est. reading time\" \/>\n\t<meta name=\"twitter:data2\" content=\"1 minut\" \/>\n<script type=\"application\/ld+json\" class=\"yoast-schema-graph\">{\"@context\":\"https:\\\/\\\/schema.org\",\"@graph\":[{\"@type\":\"Article\",\"@id\":\"https:\\\/\\\/www.ecb.ee\\\/et\\\/uudised\\\/eesti-geeniteadus-pildil-tartu-ulikool-voorustab-2028-aastal-kaitumisgeneetika-assotsiatsiooni-aastakonverentsi\\\/#article\",\"isPartOf\":{\"@id\":\"https:\\\/\\\/www.ecb.ee\\\/et\\\/uudised\\\/eesti-geeniteadus-pildil-tartu-ulikool-voorustab-2028-aastal-kaitumisgeneetika-assotsiatsiooni-aastakonverentsi\\\/\"},\"author\":{\"name\":\"K\u00fclli Teimann\",\"@id\":\"https:\\\/\\\/www.ecb.ee\\\/#\\\/schema\\\/person\\\/8d4c582cf848d2d15c16507839a679a7\"},\"headline\":\"Eesti geeniteadus pildil \u2013 Tartu \u00dclikool v\u00f5\u00f5rustab 2028. aastal k\u00e4itumisgeneetika assotsiatsiooni aastakonverentsi\",\"datePublished\":\"2025-08-07T06:36:08+00:00\",\"mainEntityOfPage\":{\"@id\":\"https:\\\/\\\/www.ecb.ee\\\/et\\\/uudised\\\/eesti-geeniteadus-pildil-tartu-ulikool-voorustab-2028-aastal-kaitumisgeneetika-assotsiatsiooni-aastakonverentsi\\\/\"},\"wordCount\":106,\"publisher\":{\"@id\":\"https:\\\/\\\/www.ecb.ee\\\/#organization\"},\"image\":{\"@id\":\"https:\\\/\\\/www.ecb.ee\\\/et\\\/uudised\\\/eesti-geeniteadus-pildil-tartu-ulikool-voorustab-2028-aastal-kaitumisgeneetika-assotsiatsiooni-aastakonverentsi\\\/#primaryimage\"},\"thumbnailUrl\":\"https:\\\/\\\/www.ecb.ee\\\/wp-content\\\/uploads\\\/2021\\\/01\\\/tartu-4-header-1596x433-1.png\",\"articleSection\":[\"Uudised\"],\"inLanguage\":\"et\"},{\"@type\":\"WebPage\",\"@id\":\"https:\\\/\\\/www.ecb.ee\\\/et\\\/uudised\\\/eesti-geeniteadus-pildil-tartu-ulikool-voorustab-2028-aastal-kaitumisgeneetika-assotsiatsiooni-aastakonverentsi\\\/\",\"url\":\"https:\\\/\\\/www.ecb.ee\\\/et\\\/uudised\\\/eesti-geeniteadus-pildil-tartu-ulikool-voorustab-2028-aastal-kaitumisgeneetika-assotsiatsiooni-aastakonverentsi\\\/\",\"name\":\"Eesti geeniteadus pildil \u2013 Tartu \u00dclikool v\u00f5\u00f5rustab 2028. aastal k\u00e4itumisgeneetika assotsiatsiooni aastakonverentsi - Estonian Convention Bureau\",\"isPartOf\":{\"@id\":\"https:\\\/\\\/www.ecb.ee\\\/#website\"},\"primaryImageOfPage\":{\"@id\":\"https:\\\/\\\/www.ecb.ee\\\/et\\\/uudised\\\/eesti-geeniteadus-pildil-tartu-ulikool-voorustab-2028-aastal-kaitumisgeneetika-assotsiatsiooni-aastakonverentsi\\\/#primaryimage\"},\"image\":{\"@id\":\"https:\\\/\\\/www.ecb.ee\\\/et\\\/uudised\\\/eesti-geeniteadus-pildil-tartu-ulikool-voorustab-2028-aastal-kaitumisgeneetika-assotsiatsiooni-aastakonverentsi\\\/#primaryimage\"},\"thumbnailUrl\":\"https:\\\/\\\/www.ecb.ee\\\/wp-content\\\/uploads\\\/2021\\\/01\\\/tartu-4-header-1596x433-1.png\",\"datePublished\":\"2025-08-07T06:36:08+00:00\",\"breadcrumb\":{\"@id\":\"https:\\\/\\\/www.ecb.ee\\\/et\\\/uudised\\\/eesti-geeniteadus-pildil-tartu-ulikool-voorustab-2028-aastal-kaitumisgeneetika-assotsiatsiooni-aastakonverentsi\\\/#breadcrumb\"},\"inLanguage\":\"et\",\"potentialAction\":[{\"@type\":\"ReadAction\",\"target\":[\"https:\\\/\\\/www.ecb.ee\\\/et\\\/uudised\\\/eesti-geeniteadus-pildil-tartu-ulikool-voorustab-2028-aastal-kaitumisgeneetika-assotsiatsiooni-aastakonverentsi\\\/\"]}]},{\"@type\":\"ImageObject\",\"inLanguage\":\"et\",\"@id\":\"https:\\\/\\\/www.ecb.ee\\\/et\\\/uudised\\\/eesti-geeniteadus-pildil-tartu-ulikool-voorustab-2028-aastal-kaitumisgeneetika-assotsiatsiooni-aastakonverentsi\\\/#primaryimage\",\"url\":\"https:\\\/\\\/www.ecb.ee\\\/wp-content\\\/uploads\\\/2021\\\/01\\\/tartu-4-header-1596x433-1.png\",\"contentUrl\":\"https:\\\/\\\/www.ecb.ee\\\/wp-content\\\/uploads\\\/2021\\\/01\\\/tartu-4-header-1596x433-1.png\",\"width\":1596,\"height\":433},{\"@type\":\"BreadcrumbList\",\"@id\":\"https:\\\/\\\/www.ecb.ee\\\/et\\\/uudised\\\/eesti-geeniteadus-pildil-tartu-ulikool-voorustab-2028-aastal-kaitumisgeneetika-assotsiatsiooni-aastakonverentsi\\\/#breadcrumb\",\"itemListElement\":[{\"@type\":\"ListItem\",\"position\":1,\"name\":\"Home\",\"item\":\"https:\\\/\\\/www.ecb.ee\\\/et\\\/\"},{\"@type\":\"ListItem\",\"position\":2,\"name\":\"Eesti geeniteadus pildil \u2013 Tartu \u00dclikool v\u00f5\u00f5rustab 2028. aastal k\u00e4itumisgeneetika assotsiatsiooni aastakonverentsi\"}]},{\"@type\":\"WebSite\",\"@id\":\"https:\\\/\\\/www.ecb.ee\\\/#website\",\"url\":\"https:\\\/\\\/www.ecb.ee\\\/\",\"name\":\"Estonian Convention Bureau\",\"description\":\"\",\"publisher\":{\"@id\":\"https:\\\/\\\/www.ecb.ee\\\/#organization\"},\"potentialAction\":[{\"@type\":\"SearchAction\",\"target\":{\"@type\":\"EntryPoint\",\"urlTemplate\":\"https:\\\/\\\/www.ecb.ee\\\/?s={search_term_string}\"},\"query-input\":{\"@type\":\"PropertyValueSpecification\",\"valueRequired\":true,\"valueName\":\"search_term_string\"}}],\"inLanguage\":\"et\"},{\"@type\":\"Organization\",\"@id\":\"https:\\\/\\\/www.ecb.ee\\\/#organization\",\"name\":\"Estonian Convention Bureau\",\"url\":\"https:\\\/\\\/www.ecb.ee\\\/\",\"logo\":{\"@type\":\"ImageObject\",\"inLanguage\":\"et\",\"@id\":\"https:\\\/\\\/www.ecb.ee\\\/#\\\/schema\\\/logo\\\/image\\\/\",\"url\":\"https:\\\/\\\/www.ecb.ee\\\/wp-content\\\/uploads\\\/2020\\\/12\\\/site_logo.svg\",\"contentUrl\":\"https:\\\/\\\/www.ecb.ee\\\/wp-content\\\/uploads\\\/2020\\\/12\\\/site_logo.svg\",\"caption\":\"Estonian Convention Bureau\"},\"image\":{\"@id\":\"https:\\\/\\\/www.ecb.ee\\\/#\\\/schema\\\/logo\\\/image\\\/\"}},{\"@type\":\"Person\",\"@id\":\"https:\\\/\\\/www.ecb.ee\\\/#\\\/schema\\\/person\\\/8d4c582cf848d2d15c16507839a679a7\",\"name\":\"K\u00fclli Teimann\",\"image\":{\"@type\":\"ImageObject\",\"inLanguage\":\"et\",\"@id\":\"https:\\\/\\\/secure.gravatar.com\\\/avatar\\\/f7abf41808c4b46a10032174348a5af7a3a9b6acdb4b3e5b14ea9ce5300706c5?s=96&d=mm&r=g\",\"url\":\"https:\\\/\\\/secure.gravatar.com\\\/avatar\\\/f7abf41808c4b46a10032174348a5af7a3a9b6acdb4b3e5b14ea9ce5300706c5?s=96&d=mm&r=g\",\"contentUrl\":\"https:\\\/\\\/secure.gravatar.com\\\/avatar\\\/f7abf41808c4b46a10032174348a5af7a3a9b6acdb4b3e5b14ea9ce5300706c5?s=96&d=mm&r=g\",\"caption\":\"K\u00fclli Teimann\"},\"sameAs\":[\"http:\\\/\\\/www.ecb.ee\"],\"url\":\"https:\\\/\\\/www.ecb.ee\\\/et\\\/author\\\/kylli\\\/\"}]}<\/script>\n<!-- \/ Yoast SEO plugin. -->","yoast_head_json":{"title":"Eesti geeniteadus pildil \u2013 Tartu \u00dclikool v\u00f5\u00f5rustab 2028. aastal k\u00e4itumisgeneetika assotsiatsiooni aastakonverentsi - Estonian Convention Bureau","robots":{"index":"index","follow":"follow","max-snippet":"max-snippet:-1","max-image-preview":"max-image-preview:large","max-video-preview":"max-video-preview:-1"},"canonical":"https:\/\/www.ecb.ee\/et\/uudised\/eesti-geeniteadus-pildil-tartu-ulikool-voorustab-2028-aastal-kaitumisgeneetika-assotsiatsiooni-aastakonverentsi\/","og_locale":"et_EE","og_type":"article","og_title":"Eesti geeniteadus pildil \u2013 Tartu \u00dclikool v\u00f5\u00f5rustab 2028. aastal k\u00e4itumisgeneetika assotsiatsiooni aastakonverentsi - Estonian Convention Bureau","og_description":"Tartu \u00dclikooi k\u00e4itumisgeneetika professori Uku Vainiku ning neurops\u00fchhiaatrilise geneetika kaasprofessori Kelli Lehto eestvedamisel v\u00f5ideti Tartusse 2028. aastaks The Annual Meeting of the Behavior Genetics Association. Konkureeriti Berliiniga, keda v\u00f5ideti 54% h\u00e4\u00e4lteenamusega. Peale 2027. aasta konverentsi Minnesotas, USA-s, toimub BGA konverents 2028. aasta juuni l\u00f5pus Tartus. Toimumisaeg annab konverentsil osalejatele suurep\u00e4rase v\u00f5imaluse oma Eestis viibimist pikendada, [&hellip;]","og_url":"https:\/\/www.ecb.ee\/et\/uudised\/eesti-geeniteadus-pildil-tartu-ulikool-voorustab-2028-aastal-kaitumisgeneetika-assotsiatsiooni-aastakonverentsi\/","og_site_name":"Estonian Convention Bureau","article_published_time":"2025-08-07T06:36:08+00:00","og_image":[{"width":1596,"height":433,"url":"https:\/\/www.ecb.ee\/wp-content\/uploads\/2021\/01\/tartu-4-header-1596x433-1.png","type":"image\/png"}],"author":"K\u00fclli Teimann","twitter_card":"summary_large_image","twitter_misc":{"Written by":"K\u00fclli Teimann","Est. reading time":"1 minut"},"schema":{"@context":"https:\/\/schema.org","@graph":[{"@type":"Article","@id":"https:\/\/www.ecb.ee\/et\/uudised\/eesti-geeniteadus-pildil-tartu-ulikool-voorustab-2028-aastal-kaitumisgeneetika-assotsiatsiooni-aastakonverentsi\/#article","isPartOf":{"@id":"https:\/\/www.ecb.ee\/et\/uudised\/eesti-geeniteadus-pildil-tartu-ulikool-voorustab-2028-aastal-kaitumisgeneetika-assotsiatsiooni-aastakonverentsi\/"},"author":{"name":"K\u00fclli Teimann","@id":"https:\/\/www.ecb.ee\/#\/schema\/person\/8d4c582cf848d2d15c16507839a679a7"},"headline":"Eesti geeniteadus pildil \u2013 Tartu \u00dclikool v\u00f5\u00f5rustab 2028. aastal k\u00e4itumisgeneetika assotsiatsiooni aastakonverentsi","datePublished":"2025-08-07T06:36:08+00:00","mainEntityOfPage":{"@id":"https:\/\/www.ecb.ee\/et\/uudised\/eesti-geeniteadus-pildil-tartu-ulikool-voorustab-2028-aastal-kaitumisgeneetika-assotsiatsiooni-aastakonverentsi\/"},"wordCount":106,"publisher":{"@id":"https:\/\/www.ecb.ee\/#organization"},"image":{"@id":"https:\/\/www.ecb.ee\/et\/uudised\/eesti-geeniteadus-pildil-tartu-ulikool-voorustab-2028-aastal-kaitumisgeneetika-assotsiatsiooni-aastakonverentsi\/#primaryimage"},"thumbnailUrl":"https:\/\/www.ecb.ee\/wp-content\/uploads\/2021\/01\/tartu-4-header-1596x433-1.png","articleSection":["Uudised"],"inLanguage":"et"},{"@type":"WebPage","@id":"https:\/\/www.ecb.ee\/et\/uudised\/eesti-geeniteadus-pildil-tartu-ulikool-voorustab-2028-aastal-kaitumisgeneetika-assotsiatsiooni-aastakonverentsi\/","url":"https:\/\/www.ecb.ee\/et\/uudised\/eesti-geeniteadus-pildil-tartu-ulikool-voorustab-2028-aastal-kaitumisgeneetika-assotsiatsiooni-aastakonverentsi\/","name":"Eesti geeniteadus pildil \u2013 Tartu \u00dclikool v\u00f5\u00f5rustab 2028. aastal k\u00e4itumisgeneetika assotsiatsiooni aastakonverentsi - Estonian Convention Bureau","isPartOf":{"@id":"https:\/\/www.ecb.ee\/#website"},"primaryImageOfPage":{"@id":"https:\/\/www.ecb.ee\/et\/uudised\/eesti-geeniteadus-pildil-tartu-ulikool-voorustab-2028-aastal-kaitumisgeneetika-assotsiatsiooni-aastakonverentsi\/#primaryimage"},"image":{"@id":"https:\/\/www.ecb.ee\/et\/uudised\/eesti-geeniteadus-pildil-tartu-ulikool-voorustab-2028-aastal-kaitumisgeneetika-assotsiatsiooni-aastakonverentsi\/#primaryimage"},"thumbnailUrl":"https:\/\/www.ecb.ee\/wp-content\/uploads\/2021\/01\/tartu-4-header-1596x433-1.png","datePublished":"2025-08-07T06:36:08+00:00","breadcrumb":{"@id":"https:\/\/www.ecb.ee\/et\/uudised\/eesti-geeniteadus-pildil-tartu-ulikool-voorustab-2028-aastal-kaitumisgeneetika-assotsiatsiooni-aastakonverentsi\/#breadcrumb"},"inLanguage":"et","potentialAction":[{"@type":"ReadAction","target":["https:\/\/www.ecb.ee\/et\/uudised\/eesti-geeniteadus-pildil-tartu-ulikool-voorustab-2028-aastal-kaitumisgeneetika-assotsiatsiooni-aastakonverentsi\/"]}]},{"@type":"ImageObject","inLanguage":"et","@id":"https:\/\/www.ecb.ee\/et\/uudised\/eesti-geeniteadus-pildil-tartu-ulikool-voorustab-2028-aastal-kaitumisgeneetika-assotsiatsiooni-aastakonverentsi\/#primaryimage","url":"https:\/\/www.ecb.ee\/wp-content\/uploads\/2021\/01\/tartu-4-header-1596x433-1.png","contentUrl":"https:\/\/www.ecb.ee\/wp-content\/uploads\/2021\/01\/tartu-4-header-1596x433-1.png","width":1596,"height":433},{"@type":"BreadcrumbList","@id":"https:\/\/www.ecb.ee\/et\/uudised\/eesti-geeniteadus-pildil-tartu-ulikool-voorustab-2028-aastal-kaitumisgeneetika-assotsiatsiooni-aastakonverentsi\/#breadcrumb","itemListElement":[{"@type":"ListItem","position":1,"name":"Home","item":"https:\/\/www.ecb.ee\/et\/"},{"@type":"ListItem","position":2,"name":"Eesti geeniteadus pildil \u2013 Tartu \u00dclikool v\u00f5\u00f5rustab 2028. aastal k\u00e4itumisgeneetika assotsiatsiooni aastakonverentsi"}]},{"@type":"WebSite","@id":"https:\/\/www.ecb.ee\/#website","url":"https:\/\/www.ecb.ee\/","name":"Estonian Convention Bureau","description":"","publisher":{"@id":"https:\/\/www.ecb.ee\/#organization"},"potentialAction":[{"@type":"SearchAction","target":{"@type":"EntryPoint","urlTemplate":"https:\/\/www.ecb.ee\/?s={search_term_string}"},"query-input":{"@type":"PropertyValueSpecification","valueRequired":true,"valueName":"search_term_string"}}],"inLanguage":"et"},{"@type":"Organization","@id":"https:\/\/www.ecb.ee\/#organization","name":"Estonian Convention Bureau","url":"https:\/\/www.ecb.ee\/","logo":{"@type":"ImageObject","inLanguage":"et","@id":"https:\/\/www.ecb.ee\/#\/schema\/logo\/image\/","url":"https:\/\/www.ecb.ee\/wp-content\/uploads\/2020\/12\/site_logo.svg","contentUrl":"https:\/\/www.ecb.ee\/wp-content\/uploads\/2020\/12\/site_logo.svg","caption":"Estonian Convention Bureau"},"image":{"@id":"https:\/\/www.ecb.ee\/#\/schema\/logo\/image\/"}},{"@type":"Person","@id":"https:\/\/www.ecb.ee\/#\/schema\/person\/8d4c582cf848d2d15c16507839a679a7","name":"K\u00fclli Teimann","image":{"@type":"ImageObject","inLanguage":"et","@id":"https:\/\/secure.gravatar.com\/avatar\/f7abf41808c4b46a10032174348a5af7a3a9b6acdb4b3e5b14ea9ce5300706c5?s=96&d=mm&r=g","url":"https:\/\/secure.gravatar.com\/avatar\/f7abf41808c4b46a10032174348a5af7a3a9b6acdb4b3e5b14ea9ce5300706c5?s=96&d=mm&r=g","contentUrl":"https:\/\/secure.gravatar.com\/avatar\/f7abf41808c4b46a10032174348a5af7a3a9b6acdb4b3e5b14ea9ce5300706c5?s=96&d=mm&r=g","caption":"K\u00fclli Teimann"},"sameAs":["http:\/\/www.ecb.ee"],"url":"https:\/\/www.ecb.ee\/et\/author\/kylli\/"}]}},"_links":{"self":[{"href":"https:\/\/www.ecb.ee\/et\/wp-json\/wp\/v2\/posts\/41786","targetHints":{"allow":["GET"]}}],"collection":[{"href":"https:\/\/www.ecb.ee\/et\/wp-json\/wp\/v2\/posts"}],"about":[{"href":"https:\/\/www.ecb.ee\/et\/wp-json\/wp\/v2\/types\/post"}],"author":[{"embeddable":true,"href":"https:\/\/www.ecb.ee\/et\/wp-json\/wp\/v2\/users\/8"}],"replies":[{"embeddable":true,"href":"https:\/\/www.ecb.ee\/et\/wp-json\/wp\/v2\/comments?post=41786"}],"version-history":[{"count":1,"href":"https:\/\/www.ecb.ee\/et\/wp-json\/wp\/v2\/posts\/41786\/revisions"}],"predecessor-version":[{"id":41787,"href":"https:\/\/www.ecb.ee\/et\/wp-json\/wp\/v2\/posts\/41786\/revisions\/41787"}],"wp:featuredmedia":[{"embeddable":true,"href":"https:\/\/www.ecb.ee\/et\/wp-json\/wp\/v2\/media\/15854"}],"wp:attachment":[{"href":"https:\/\/www.ecb.ee\/et\/wp-json\/wp\/v2\/media?parent=41786"}],"wp:term":[{"taxonomy":"category","embeddable":true,"href":"https:\/\/www.ecb.ee\/et\/wp-json\/wp\/v2\/categories?post=41786"},{"taxonomy":"post_tag","embeddable":true,"href":"https:\/\/www.ecb.ee\/et\/wp-json\/wp\/v2\/tags?post=41786"}],"curies":[{"name":"wp","href":"https:\/\/api.w.org\/{rel}","templated":true}]}}