{"id":41589,"date":"2025-07-02T10:09:49","date_gmt":"2025-07-02T10:09:49","guid":{"rendered":"https:\/\/www.ecb.ee\/?p=41589"},"modified":"2025-07-02T10:09:49","modified_gmt":"2025-07-02T10:09:49","slug":"tartus-toimunud-konverents-valiti-euroopa-parimate-hulka","status":"publish","type":"post","link":"https:\/\/www.ecb.ee\/et\/uudised\/tartus-toimunud-konverents-valiti-euroopa-parimate-hulka\/","title":{"rendered":"Tartus toimunud konverents valiti Euroopa parimate hulka"},"content":{"rendered":"<div class=\"intro\">\n<p>4.\u20138. juunil Taanis Herningis toimunud JCI Euroopa konverentsil 2025 valiti v\u00e4lja parimad projektid, mille eesm\u00e4rk on luua \u00fchiskonnas pikaajalist positiivset muutust. Sadade kandidaatide seast p\u00e4lvis auhinna k\u00fcmme silmapaistvamat projekti. Nende hulka kuulus ka Tartus toimunud JCI Baltic Conference 2024, mis sai tiitli \u201cBest Inter-Organization Collaboration Project\u201d.<\/p>\n<\/div>\n<p dir=\"ltr\">Auhinnatud rahvusvaheline arengu- ja \u00e4rikonverents toimus 19.\u201322. septembril 2024 ning t\u00f5i Tartusse ligi 200 osalejat 15 riigist. Kolme teemap\u00e4eva jooksul keskenduti piirideta \u00e4rimaailmale, rahvusvaheliste meeskondade toimimisele ja isiklikule heaolule.<\/p>\n<p dir=\"ltr\">\u201eSee auhind on tunnustus kogu tiimile,\u00a0kes ligi kahe aasta jooksul oma vaba aja arvelt sellesse projekti panustasid.\u00a0Mul on siiralt hea meel, et saime konverentsi kaudu t\u00f5sta nii Eesti kui ka Tartu n\u00e4htavust ja tuntust rahvusvahelisel tasandil. Eesti on JCI-s tuntud oma k\u00f5rgetasemelise konverentsikorralduse poolest \u2013 vanemad liikmed meenutavad endiselt vaimustusega 2006. ja 2019. aastal Tallinnas toimunud suurs\u00fcndmusi. N\u00fc\u00fcd v\u00f5ib \u00f6elda, et ka Tartu on end sel alal maailmakaardile kirjutanud,\u201d \u00fctles projektijuht ja JCI Toomem\u00e4e liige Anne Rebenits.<\/p>\n<p dir=\"ltr\">Konverents eristus sarnastest s\u00fcndmustest l\u00e4bim\u00f5eldud ja kestlike lahenduste poolest. N\u00e4iteks k\u00e4isid konverentsil osalejad l\u00f5unatamas Tartus p\u00e4evapakkumisi serveerivates restoranides, mis aitas v\u00e4ltida tellimistoitlustusega sageli kaasnevat toidu \u00fclej\u00e4\u00e4ki. Programmis olid ka ettev\u00f5ttek\u00fclastused ning v\u00e4lisk\u00fclalistele m\u00f5eldes korraldati\u00a0siinsete v\u00f5\u00f5rustajate kodus\u00a0eriline \u00f5htus\u00f6\u00f6k kohalike roogadega.<\/p>\n<p dir=\"ltr\">Konverents kuulus Euroopa kultuuripealinn Tartu 2024 lisaprogrammi ning selle toimumist toetas SA Kodaniku\u00fchiskonna Sihtkapital.<\/p>\n<p dir=\"ltr\">JCI (Junior Chamber International)\u00a0on rahvusvaheline organisatsioon, mis \u00fchendab 18\u201340-aastaseid ettev\u00f5tlikke noori, kes soovivad arendada ennast juhina, edendada rahvusvahelist koost\u00f6\u00f6d ja panustada positiivselt kogukonna arengusse. Lisainfo:<a title=\"https:\/\/www.jci.ee\" href=\"https:\/\/www.jci.ee\/\" data-auth=\"NotApplicable\" data-linkindex=\"0\">\u00a0<\/a><a title=\"http:\/\/jci.ee\" href=\"http:\/\/jci.ee\/\" data-auth=\"NotApplicable\" data-linkindex=\"1\">jci.ee<\/a><\/p>\n","protected":false},"excerpt":{"rendered":"<p>4.\u20138. juunil Taanis Herningis toimunud JCI Euroopa konverentsil 2025 valiti v\u00e4lja parimad projektid, mille eesm\u00e4rk on luua \u00fchiskonnas pikaajalist positiivset muutust. Sadade kandidaatide seast p\u00e4lvis auhinna k\u00fcmme silmapaistvamat projekti. Nende hulka kuulus ka Tartus toimunud JCI Baltic Conference 2024, mis sai tiitli \u201cBest Inter-Organization Collaboration Project\u201d. Auhinnatud rahvusvaheline arengu- ja \u00e4rikonverents toimus 19.\u201322. septembril 2024 [&hellip;]<\/p>\n","protected":false},"author":4,"featured_media":41590,"comment_status":"closed","ping_status":"closed","sticky":false,"template":"","format":"standard","meta":{"_acf_changed":false,"footnotes":""},"categories":[189],"tags":[],"class_list":["post-41589","post","type-post","status-publish","format-standard","has-post-thumbnail","hentry","category-uudised"],"acf":[],"yoast_head":"<!-- This site is optimized with the Yoast SEO plugin v27.5 - https:\/\/yoast.com\/product\/yoast-seo-wordpress\/ -->\n<title>Tartus toimunud konverents valiti Euroopa parimate hulka - Estonian Convention Bureau<\/title>\n<meta name=\"robots\" content=\"index, follow, max-snippet:-1, max-image-preview:large, max-video-preview:-1\" \/>\n<link rel=\"canonical\" href=\"https:\/\/www.ecb.ee\/et\/uudised\/tartus-toimunud-konverents-valiti-euroopa-parimate-hulka\/\" \/>\n<meta property=\"og:locale\" content=\"et_EE\" \/>\n<meta property=\"og:type\" content=\"article\" \/>\n<meta property=\"og:title\" content=\"Tartus toimunud konverents valiti Euroopa parimate hulka - Estonian Convention Bureau\" \/>\n<meta property=\"og:description\" content=\"4.\u20138. juunil Taanis Herningis toimunud JCI Euroopa konverentsil 2025 valiti v\u00e4lja parimad projektid, mille eesm\u00e4rk on luua \u00fchiskonnas pikaajalist positiivset muutust. Sadade kandidaatide seast p\u00e4lvis auhinna k\u00fcmme silmapaistvamat projekti. Nende hulka kuulus ka Tartus toimunud JCI Baltic Conference 2024, mis sai tiitli \u201cBest Inter-Organization Collaboration Project\u201d. Auhinnatud rahvusvaheline arengu- ja \u00e4rikonverents toimus 19.\u201322. septembril 2024 [&hellip;]\" \/>\n<meta property=\"og:url\" content=\"https:\/\/www.ecb.ee\/et\/uudised\/tartus-toimunud-konverents-valiti-euroopa-parimate-hulka\/\" \/>\n<meta property=\"og:site_name\" content=\"Estonian Convention Bureau\" \/>\n<meta property=\"article:published_time\" content=\"2025-07-02T10:09:49+00:00\" \/>\n<meta property=\"og:image\" content=\"https:\/\/www.ecb.ee\/wp-content\/uploads\/2025\/07\/JCI-Estonia.jpeg\" \/>\n\t<meta property=\"og:image:width\" content=\"1500\" \/>\n\t<meta property=\"og:image:height\" content=\"1000\" \/>\n\t<meta property=\"og:image:type\" content=\"image\/jpeg\" \/>\n<meta name=\"author\" content=\"Riine Tiigi\" \/>\n<meta name=\"twitter:card\" content=\"summary_large_image\" \/>\n<meta name=\"twitter:label1\" content=\"Written by\" \/>\n\t<meta name=\"twitter:data1\" content=\"Riine Tiigi\" \/>\n\t<meta name=\"twitter:label2\" content=\"Est. reading time\" \/>\n\t<meta name=\"twitter:data2\" content=\"2 minutit\" \/>\n<script type=\"application\/ld+json\" class=\"yoast-schema-graph\">{\"@context\":\"https:\\\/\\\/schema.org\",\"@graph\":[{\"@type\":\"Article\",\"@id\":\"https:\\\/\\\/www.ecb.ee\\\/et\\\/uudised\\\/tartus-toimunud-konverents-valiti-euroopa-parimate-hulka\\\/#article\",\"isPartOf\":{\"@id\":\"https:\\\/\\\/www.ecb.ee\\\/et\\\/uudised\\\/tartus-toimunud-konverents-valiti-euroopa-parimate-hulka\\\/\"},\"author\":{\"name\":\"Riine Tiigi\",\"@id\":\"https:\\\/\\\/www.ecb.ee\\\/#\\\/schema\\\/person\\\/683a06848cf0a690b2ba233665cb719f\"},\"headline\":\"Tartus toimunud konverents valiti Euroopa parimate hulka\",\"datePublished\":\"2025-07-02T10:09:49+00:00\",\"mainEntityOfPage\":{\"@id\":\"https:\\\/\\\/www.ecb.ee\\\/et\\\/uudised\\\/tartus-toimunud-konverents-valiti-euroopa-parimate-hulka\\\/\"},\"wordCount\":265,\"publisher\":{\"@id\":\"https:\\\/\\\/www.ecb.ee\\\/#organization\"},\"image\":{\"@id\":\"https:\\\/\\\/www.ecb.ee\\\/et\\\/uudised\\\/tartus-toimunud-konverents-valiti-euroopa-parimate-hulka\\\/#primaryimage\"},\"thumbnailUrl\":\"https:\\\/\\\/www.ecb.ee\\\/wp-content\\\/uploads\\\/2025\\\/07\\\/JCI-Estonia.jpeg\",\"articleSection\":[\"Uudised\"],\"inLanguage\":\"et\"},{\"@type\":\"WebPage\",\"@id\":\"https:\\\/\\\/www.ecb.ee\\\/et\\\/uudised\\\/tartus-toimunud-konverents-valiti-euroopa-parimate-hulka\\\/\",\"url\":\"https:\\\/\\\/www.ecb.ee\\\/et\\\/uudised\\\/tartus-toimunud-konverents-valiti-euroopa-parimate-hulka\\\/\",\"name\":\"Tartus toimunud konverents valiti Euroopa parimate hulka - Estonian Convention Bureau\",\"isPartOf\":{\"@id\":\"https:\\\/\\\/www.ecb.ee\\\/#website\"},\"primaryImageOfPage\":{\"@id\":\"https:\\\/\\\/www.ecb.ee\\\/et\\\/uudised\\\/tartus-toimunud-konverents-valiti-euroopa-parimate-hulka\\\/#primaryimage\"},\"image\":{\"@id\":\"https:\\\/\\\/www.ecb.ee\\\/et\\\/uudised\\\/tartus-toimunud-konverents-valiti-euroopa-parimate-hulka\\\/#primaryimage\"},\"thumbnailUrl\":\"https:\\\/\\\/www.ecb.ee\\\/wp-content\\\/uploads\\\/2025\\\/07\\\/JCI-Estonia.jpeg\",\"datePublished\":\"2025-07-02T10:09:49+00:00\",\"breadcrumb\":{\"@id\":\"https:\\\/\\\/www.ecb.ee\\\/et\\\/uudised\\\/tartus-toimunud-konverents-valiti-euroopa-parimate-hulka\\\/#breadcrumb\"},\"inLanguage\":\"et\",\"potentialAction\":[{\"@type\":\"ReadAction\",\"target\":[\"https:\\\/\\\/www.ecb.ee\\\/et\\\/uudised\\\/tartus-toimunud-konverents-valiti-euroopa-parimate-hulka\\\/\"]}]},{\"@type\":\"ImageObject\",\"inLanguage\":\"et\",\"@id\":\"https:\\\/\\\/www.ecb.ee\\\/et\\\/uudised\\\/tartus-toimunud-konverents-valiti-euroopa-parimate-hulka\\\/#primaryimage\",\"url\":\"https:\\\/\\\/www.ecb.ee\\\/wp-content\\\/uploads\\\/2025\\\/07\\\/JCI-Estonia.jpeg\",\"contentUrl\":\"https:\\\/\\\/www.ecb.ee\\\/wp-content\\\/uploads\\\/2025\\\/07\\\/JCI-Estonia.jpeg\",\"width\":1500,\"height\":1000},{\"@type\":\"BreadcrumbList\",\"@id\":\"https:\\\/\\\/www.ecb.ee\\\/et\\\/uudised\\\/tartus-toimunud-konverents-valiti-euroopa-parimate-hulka\\\/#breadcrumb\",\"itemListElement\":[{\"@type\":\"ListItem\",\"position\":1,\"name\":\"Home\",\"item\":\"https:\\\/\\\/www.ecb.ee\\\/et\\\/\"},{\"@type\":\"ListItem\",\"position\":2,\"name\":\"Tartus toimunud konverents valiti Euroopa parimate hulka\"}]},{\"@type\":\"WebSite\",\"@id\":\"https:\\\/\\\/www.ecb.ee\\\/#website\",\"url\":\"https:\\\/\\\/www.ecb.ee\\\/\",\"name\":\"Estonian Convention Bureau\",\"description\":\"\",\"publisher\":{\"@id\":\"https:\\\/\\\/www.ecb.ee\\\/#organization\"},\"potentialAction\":[{\"@type\":\"SearchAction\",\"target\":{\"@type\":\"EntryPoint\",\"urlTemplate\":\"https:\\\/\\\/www.ecb.ee\\\/?s={search_term_string}\"},\"query-input\":{\"@type\":\"PropertyValueSpecification\",\"valueRequired\":true,\"valueName\":\"search_term_string\"}}],\"inLanguage\":\"et\"},{\"@type\":\"Organization\",\"@id\":\"https:\\\/\\\/www.ecb.ee\\\/#organization\",\"name\":\"Estonian Convention Bureau\",\"url\":\"https:\\\/\\\/www.ecb.ee\\\/\",\"logo\":{\"@type\":\"ImageObject\",\"inLanguage\":\"et\",\"@id\":\"https:\\\/\\\/www.ecb.ee\\\/#\\\/schema\\\/logo\\\/image\\\/\",\"url\":\"https:\\\/\\\/www.ecb.ee\\\/wp-content\\\/uploads\\\/2020\\\/12\\\/site_logo.svg\",\"contentUrl\":\"https:\\\/\\\/www.ecb.ee\\\/wp-content\\\/uploads\\\/2020\\\/12\\\/site_logo.svg\",\"caption\":\"Estonian Convention Bureau\"},\"image\":{\"@id\":\"https:\\\/\\\/www.ecb.ee\\\/#\\\/schema\\\/logo\\\/image\\\/\"}},{\"@type\":\"Person\",\"@id\":\"https:\\\/\\\/www.ecb.ee\\\/#\\\/schema\\\/person\\\/683a06848cf0a690b2ba233665cb719f\",\"name\":\"Riine Tiigi\",\"image\":{\"@type\":\"ImageObject\",\"inLanguage\":\"et\",\"@id\":\"https:\\\/\\\/secure.gravatar.com\\\/avatar\\\/d86339875b83b6a9394fce703248189388335d81fba6ca62f59bc61cc7a0ae31?s=96&d=mm&r=g\",\"url\":\"https:\\\/\\\/secure.gravatar.com\\\/avatar\\\/d86339875b83b6a9394fce703248189388335d81fba6ca62f59bc61cc7a0ae31?s=96&d=mm&r=g\",\"contentUrl\":\"https:\\\/\\\/secure.gravatar.com\\\/avatar\\\/d86339875b83b6a9394fce703248189388335d81fba6ca62f59bc61cc7a0ae31?s=96&d=mm&r=g\",\"caption\":\"Riine Tiigi\"},\"url\":\"https:\\\/\\\/www.ecb.ee\\\/et\\\/author\\\/riine\\\/\"}]}<\/script>\n<!-- \/ Yoast SEO plugin. -->","yoast_head_json":{"title":"Tartus toimunud konverents valiti Euroopa parimate hulka - Estonian Convention Bureau","robots":{"index":"index","follow":"follow","max-snippet":"max-snippet:-1","max-image-preview":"max-image-preview:large","max-video-preview":"max-video-preview:-1"},"canonical":"https:\/\/www.ecb.ee\/et\/uudised\/tartus-toimunud-konverents-valiti-euroopa-parimate-hulka\/","og_locale":"et_EE","og_type":"article","og_title":"Tartus toimunud konverents valiti Euroopa parimate hulka - Estonian Convention Bureau","og_description":"4.\u20138. juunil Taanis Herningis toimunud JCI Euroopa konverentsil 2025 valiti v\u00e4lja parimad projektid, mille eesm\u00e4rk on luua \u00fchiskonnas pikaajalist positiivset muutust. Sadade kandidaatide seast p\u00e4lvis auhinna k\u00fcmme silmapaistvamat projekti. Nende hulka kuulus ka Tartus toimunud JCI Baltic Conference 2024, mis sai tiitli \u201cBest Inter-Organization Collaboration Project\u201d. Auhinnatud rahvusvaheline arengu- ja \u00e4rikonverents toimus 19.\u201322. septembril 2024 [&hellip;]","og_url":"https:\/\/www.ecb.ee\/et\/uudised\/tartus-toimunud-konverents-valiti-euroopa-parimate-hulka\/","og_site_name":"Estonian Convention Bureau","article_published_time":"2025-07-02T10:09:49+00:00","og_image":[{"width":1500,"height":1000,"url":"https:\/\/www.ecb.ee\/wp-content\/uploads\/2025\/07\/JCI-Estonia.jpeg","type":"image\/jpeg"}],"author":"Riine Tiigi","twitter_card":"summary_large_image","twitter_misc":{"Written by":"Riine Tiigi","Est. reading time":"2 minutit"},"schema":{"@context":"https:\/\/schema.org","@graph":[{"@type":"Article","@id":"https:\/\/www.ecb.ee\/et\/uudised\/tartus-toimunud-konverents-valiti-euroopa-parimate-hulka\/#article","isPartOf":{"@id":"https:\/\/www.ecb.ee\/et\/uudised\/tartus-toimunud-konverents-valiti-euroopa-parimate-hulka\/"},"author":{"name":"Riine Tiigi","@id":"https:\/\/www.ecb.ee\/#\/schema\/person\/683a06848cf0a690b2ba233665cb719f"},"headline":"Tartus toimunud konverents valiti Euroopa parimate hulka","datePublished":"2025-07-02T10:09:49+00:00","mainEntityOfPage":{"@id":"https:\/\/www.ecb.ee\/et\/uudised\/tartus-toimunud-konverents-valiti-euroopa-parimate-hulka\/"},"wordCount":265,"publisher":{"@id":"https:\/\/www.ecb.ee\/#organization"},"image":{"@id":"https:\/\/www.ecb.ee\/et\/uudised\/tartus-toimunud-konverents-valiti-euroopa-parimate-hulka\/#primaryimage"},"thumbnailUrl":"https:\/\/www.ecb.ee\/wp-content\/uploads\/2025\/07\/JCI-Estonia.jpeg","articleSection":["Uudised"],"inLanguage":"et"},{"@type":"WebPage","@id":"https:\/\/www.ecb.ee\/et\/uudised\/tartus-toimunud-konverents-valiti-euroopa-parimate-hulka\/","url":"https:\/\/www.ecb.ee\/et\/uudised\/tartus-toimunud-konverents-valiti-euroopa-parimate-hulka\/","name":"Tartus toimunud konverents valiti Euroopa parimate hulka - Estonian Convention Bureau","isPartOf":{"@id":"https:\/\/www.ecb.ee\/#website"},"primaryImageOfPage":{"@id":"https:\/\/www.ecb.ee\/et\/uudised\/tartus-toimunud-konverents-valiti-euroopa-parimate-hulka\/#primaryimage"},"image":{"@id":"https:\/\/www.ecb.ee\/et\/uudised\/tartus-toimunud-konverents-valiti-euroopa-parimate-hulka\/#primaryimage"},"thumbnailUrl":"https:\/\/www.ecb.ee\/wp-content\/uploads\/2025\/07\/JCI-Estonia.jpeg","datePublished":"2025-07-02T10:09:49+00:00","breadcrumb":{"@id":"https:\/\/www.ecb.ee\/et\/uudised\/tartus-toimunud-konverents-valiti-euroopa-parimate-hulka\/#breadcrumb"},"inLanguage":"et","potentialAction":[{"@type":"ReadAction","target":["https:\/\/www.ecb.ee\/et\/uudised\/tartus-toimunud-konverents-valiti-euroopa-parimate-hulka\/"]}]},{"@type":"ImageObject","inLanguage":"et","@id":"https:\/\/www.ecb.ee\/et\/uudised\/tartus-toimunud-konverents-valiti-euroopa-parimate-hulka\/#primaryimage","url":"https:\/\/www.ecb.ee\/wp-content\/uploads\/2025\/07\/JCI-Estonia.jpeg","contentUrl":"https:\/\/www.ecb.ee\/wp-content\/uploads\/2025\/07\/JCI-Estonia.jpeg","width":1500,"height":1000},{"@type":"BreadcrumbList","@id":"https:\/\/www.ecb.ee\/et\/uudised\/tartus-toimunud-konverents-valiti-euroopa-parimate-hulka\/#breadcrumb","itemListElement":[{"@type":"ListItem","position":1,"name":"Home","item":"https:\/\/www.ecb.ee\/et\/"},{"@type":"ListItem","position":2,"name":"Tartus toimunud konverents valiti Euroopa parimate hulka"}]},{"@type":"WebSite","@id":"https:\/\/www.ecb.ee\/#website","url":"https:\/\/www.ecb.ee\/","name":"Estonian Convention Bureau","description":"","publisher":{"@id":"https:\/\/www.ecb.ee\/#organization"},"potentialAction":[{"@type":"SearchAction","target":{"@type":"EntryPoint","urlTemplate":"https:\/\/www.ecb.ee\/?s={search_term_string}"},"query-input":{"@type":"PropertyValueSpecification","valueRequired":true,"valueName":"search_term_string"}}],"inLanguage":"et"},{"@type":"Organization","@id":"https:\/\/www.ecb.ee\/#organization","name":"Estonian Convention Bureau","url":"https:\/\/www.ecb.ee\/","logo":{"@type":"ImageObject","inLanguage":"et","@id":"https:\/\/www.ecb.ee\/#\/schema\/logo\/image\/","url":"https:\/\/www.ecb.ee\/wp-content\/uploads\/2020\/12\/site_logo.svg","contentUrl":"https:\/\/www.ecb.ee\/wp-content\/uploads\/2020\/12\/site_logo.svg","caption":"Estonian Convention Bureau"},"image":{"@id":"https:\/\/www.ecb.ee\/#\/schema\/logo\/image\/"}},{"@type":"Person","@id":"https:\/\/www.ecb.ee\/#\/schema\/person\/683a06848cf0a690b2ba233665cb719f","name":"Riine Tiigi","image":{"@type":"ImageObject","inLanguage":"et","@id":"https:\/\/secure.gravatar.com\/avatar\/d86339875b83b6a9394fce703248189388335d81fba6ca62f59bc61cc7a0ae31?s=96&d=mm&r=g","url":"https:\/\/secure.gravatar.com\/avatar\/d86339875b83b6a9394fce703248189388335d81fba6ca62f59bc61cc7a0ae31?s=96&d=mm&r=g","contentUrl":"https:\/\/secure.gravatar.com\/avatar\/d86339875b83b6a9394fce703248189388335d81fba6ca62f59bc61cc7a0ae31?s=96&d=mm&r=g","caption":"Riine Tiigi"},"url":"https:\/\/www.ecb.ee\/et\/author\/riine\/"}]}},"_links":{"self":[{"href":"https:\/\/www.ecb.ee\/et\/wp-json\/wp\/v2\/posts\/41589","targetHints":{"allow":["GET"]}}],"collection":[{"href":"https:\/\/www.ecb.ee\/et\/wp-json\/wp\/v2\/posts"}],"about":[{"href":"https:\/\/www.ecb.ee\/et\/wp-json\/wp\/v2\/types\/post"}],"author":[{"embeddable":true,"href":"https:\/\/www.ecb.ee\/et\/wp-json\/wp\/v2\/users\/4"}],"replies":[{"embeddable":true,"href":"https:\/\/www.ecb.ee\/et\/wp-json\/wp\/v2\/comments?post=41589"}],"version-history":[{"count":1,"href":"https:\/\/www.ecb.ee\/et\/wp-json\/wp\/v2\/posts\/41589\/revisions"}],"predecessor-version":[{"id":41593,"href":"https:\/\/www.ecb.ee\/et\/wp-json\/wp\/v2\/posts\/41589\/revisions\/41593"}],"wp:featuredmedia":[{"embeddable":true,"href":"https:\/\/www.ecb.ee\/et\/wp-json\/wp\/v2\/media\/41590"}],"wp:attachment":[{"href":"https:\/\/www.ecb.ee\/et\/wp-json\/wp\/v2\/media?parent=41589"}],"wp:term":[{"taxonomy":"category","embeddable":true,"href":"https:\/\/www.ecb.ee\/et\/wp-json\/wp\/v2\/categories?post=41589"},{"taxonomy":"post_tag","embeddable":true,"href":"https:\/\/www.ecb.ee\/et\/wp-json\/wp\/v2\/tags?post=41589"}],"curies":[{"name":"wp","href":"https:\/\/api.w.org\/{rel}","templated":true}]}}