{"id":41149,"date":"2025-05-29T11:27:37","date_gmt":"2025-05-29T11:27:37","guid":{"rendered":"https:\/\/www.ecb.ee\/?p=41149"},"modified":"2025-05-29T11:27:37","modified_gmt":"2025-05-29T11:27:37","slug":"riigi-toetatud-konverentsid-toovad-eestisse-sel-ja-tuleval-aastal-3500-valisdelegaati-ule-maailma","status":"publish","type":"post","link":"https:\/\/www.ecb.ee\/et\/uudised\/riigi-toetatud-konverentsid-toovad-eestisse-sel-ja-tuleval-aastal-3500-valisdelegaati-ule-maailma\/","title":{"rendered":"Riigi toetatud konverentsid toovad Eestisse sel ja tuleval aastal 3500 v\u00e4lisdelegaati \u00fcle maailma"},"content":{"rendered":"<p style=\"font-weight: 400;\"><strong>Ettev\u00f5tluse ja Innovatsiooni Sihtasutus (EIS) rahastas 11 Eestis korraldatava tippkonverentsi korraldamist. Nii sel kui j\u00e4rgmisel aastal toimuvaid konverentse toetati kokku 302<\/strong><strong>\u202f000 euroga, kuid Eesti majandusse toovad need tulu seitsmekordselt ehk <\/strong><strong>\u00fcle 2 miljoni euro.<\/strong><\/p>\n<p style=\"font-weight: 400;\">\n<p style=\"font-weight: 400;\">Tuge rahvusvaheliste tipp\u00fcrituste korraldamiseks said Eesti Maa\u00fclikool, Tartu \u00dclikool, MT\u00dc sTARTUpDay, MT\u00dc Sillam\u00e4e Lastekaitse \u00dching, MT\u00dc Eesti Lugemis\u00fching, O\u00dc PLMF Arts Management, O\u00dc Impact Week, MT\u00dc Eesti Aktuaaride Liit, MT\u00dc Eesti Turbaliit ning O\u00dc Publicon, kes sai toetust kahe rahvusvahelise konverentsi korraldamiseks.<\/p>\n<p style=\"font-weight: 400;\">\n<p style=\"font-weight: 400;\">Kokku toovad \u00fcksteist konverentsi Eestisse \u00fcmmarguselt 3500 v\u00e4lisdelegaati. Toetust saanud konverentsidest tervelt kuus toimub Tartus ning Toilas ja P\u00e4rnus kummaski \u00fcks. Kolme rahvusvahelise konverentsi korralduskohaks on Tallinn.<\/p>\n<p style=\"font-weight: 400;\">\n<p style=\"font-weight: 400;\">EISi turismijuht <strong>Anneli Lepp <\/strong>s\u00f5nas, et rahvusvahelistest konverentsidest t\u00f5useb Eestile v\u00e4hemalt kolmekordset kasu: \u201cTeadusasutused, erialaliidud ja ettev\u00f5tted v\u00f5idavad uutest teadmistest ja koost\u00f6\u00f6v\u00f5imalustest, turismisektor saab rahalist tulu ning Eesti tervikuna v\u00f5idab tuntust ja head mainet rahvusvaheliste tipps\u00fcndmuste toimumiskohana.\u201c<\/p>\n<p style=\"font-weight: 400;\">\n<p style=\"font-weight: 400;\">Lisaks on tegu on \u00fche rentaablima turismiharuga. \u201cOleme konverentsituriste p\u00f5hjalikult uurinud ning andmed n\u00e4itavad, et Eestisse konverentsile saabuv v\u00e4lisdelegaat peatub siin keskmiselt 3-6 \u00f6\u00f6d ning kulutab \u00fche reisiga enam kui 1000 eurot ehk umbes kolm korda rohkem kui keskmine puhkusele tulev turist. Samuti andis uuring kinnitust, et positiivse konverentsikogemuse j\u00e4rel tahetakse edaspidigi Eestisse reisida,\u201d selgitas turismijuht.<\/p>\n<p style=\"font-weight: 400;\">\n<p style=\"font-weight: 400;\">Esimest korda Baltimaades toimuv klassikalise muusika tippkonverents IAMA annab Eestile suurep\u00e4rase v\u00f5imaluse kultuurieksporti kasvatada. \u201e35. IAMA konverentsi korraldamine on Eesti muusikavaldkonnale strateegiliselt oluline, sest suurendab huvi meie artistide, heliloojate ja kollektiivide vastu,\u201c m\u00e4rkis konverentsi eestvedaja, PLMF Arts Managementi direktor\u202f<strong>Leelo Lehtla.<\/strong><\/p>\n<p style=\"font-weight: 400;\">\n<p style=\"font-weight: 400;\">Tartu \u00dclikool korraldab toetuse abil rahvusvahelist noorteadlaste teaduskonverentsi. \u00dclikooli loodusteadusliku hariduse teadur <strong>Moonika Teppo<\/strong>\u00a0s\u00f5nas, et Eestisse saabub v\u00e4lisriikidest ligi 300 haridusteadlast ning konverents meelitab ka tulevikus Eestisse rohkem nii teadlasi kui ka tudengeid.<\/p>\n<p style=\"font-weight: 400;\">Kokku on EIS Euroopa Liidu struktuurivahendite abiga toetanud enam kui 140 konverentsi toimumist ligi 3,5 mln euroga. Arvestades konverentsidelegaatide keskmist viibimise aega ja keskmist kulutust, on need Eesti majandusele tulu toonud hinnanguliselt \u00fcle 20 miljoni euro.<\/p>\n<p style=\"font-weight: 400;\">Euroopa Liidu struktuurivahenditest kaasrahastatud toetus on m\u00f5eldud rahvusvaheliste erialaste tipps\u00fcndmuste v\u00e4listurundus- ja korralduskuludeks. Konverentsiprogramm peab h\u00f5lmama v\u00e4hemalt kaht p\u00e4eva ning Tallinnas toimuvale konverentsile peab saabuma v\u00e4hemalt 200 v\u00e4lisosalejat, mujale Eestisse v\u00e4hemalt 100. L\u00e4vendid on erinevad, et motiveerida konverentside korraldamist ka v\u00e4ljaspool pealinna. Toetuse m\u00e4\u00e4r on 70 protsenti, millele lisandub taotleja omafinantseering.<\/p>\n<p>Allikas: <a href=\"https:\/\/eis.ee\/riigi-toetatud-konverentsid-toovad-eestisse-sel-ja-tuleval-aastal-3500-valisdelegaati-ule-maailma\/\" target=\"_blank\" rel=\"noopener\">EIS<\/a><\/p>\n<p style=\"font-weight: 400;\">\n","protected":false},"excerpt":{"rendered":"<p>Ettev\u00f5tluse ja Innovatsiooni Sihtasutus (EIS) rahastas 11 Eestis korraldatava tippkonverentsi korraldamist. Nii sel kui j\u00e4rgmisel aastal toimuvaid konverentse toetati kokku 302\u202f000 euroga, kuid Eesti majandusse toovad need tulu seitsmekordselt ehk \u00fcle 2 miljoni euro. Tuge rahvusvaheliste tipp\u00fcrituste korraldamiseks said Eesti Maa\u00fclikool, Tartu \u00dclikool, MT\u00dc sTARTUpDay, MT\u00dc Sillam\u00e4e Lastekaitse \u00dching, MT\u00dc Eesti Lugemis\u00fching, O\u00dc PLMF Arts [&hellip;]<\/p>\n","protected":false},"author":4,"featured_media":37804,"comment_status":"closed","ping_status":"closed","sticky":false,"template":"","format":"standard","meta":{"_acf_changed":false,"footnotes":""},"categories":[189],"tags":[],"class_list":["post-41149","post","type-post","status-publish","format-standard","has-post-thumbnail","hentry","category-uudised"],"acf":[],"yoast_head":"<!-- This site is optimized with the Yoast SEO plugin v27.5 - https:\/\/yoast.com\/product\/yoast-seo-wordpress\/ -->\n<title>Riigi toetatud konverentsid toovad Eestisse sel ja tuleval aastal 3500 v\u00e4lisdelegaati \u00fcle maailma - Estonian Convention Bureau<\/title>\n<meta name=\"robots\" content=\"index, follow, max-snippet:-1, max-image-preview:large, max-video-preview:-1\" \/>\n<link rel=\"canonical\" href=\"https:\/\/www.ecb.ee\/et\/uudised\/riigi-toetatud-konverentsid-toovad-eestisse-sel-ja-tuleval-aastal-3500-valisdelegaati-ule-maailma\/\" \/>\n<meta property=\"og:locale\" content=\"et_EE\" \/>\n<meta property=\"og:type\" content=\"article\" \/>\n<meta property=\"og:title\" content=\"Riigi toetatud konverentsid toovad Eestisse sel ja tuleval aastal 3500 v\u00e4lisdelegaati \u00fcle maailma - Estonian Convention Bureau\" \/>\n<meta property=\"og:description\" content=\"Ettev\u00f5tluse ja Innovatsiooni Sihtasutus (EIS) rahastas 11 Eestis korraldatava tippkonverentsi korraldamist. Nii sel kui j\u00e4rgmisel aastal toimuvaid konverentse toetati kokku 302\u202f000 euroga, kuid Eesti majandusse toovad need tulu seitsmekordselt ehk \u00fcle 2 miljoni euro. Tuge rahvusvaheliste tipp\u00fcrituste korraldamiseks said Eesti Maa\u00fclikool, Tartu \u00dclikool, MT\u00dc sTARTUpDay, MT\u00dc Sillam\u00e4e Lastekaitse \u00dching, MT\u00dc Eesti Lugemis\u00fching, O\u00dc PLMF Arts [&hellip;]\" \/>\n<meta property=\"og:url\" content=\"https:\/\/www.ecb.ee\/et\/uudised\/riigi-toetatud-konverentsid-toovad-eestisse-sel-ja-tuleval-aastal-3500-valisdelegaati-ule-maailma\/\" \/>\n<meta property=\"og:site_name\" content=\"Estonian Convention Bureau\" \/>\n<meta property=\"article:published_time\" content=\"2025-05-29T11:27:37+00:00\" \/>\n<meta property=\"og:image\" content=\"https:\/\/www.ecb.ee\/wp-content\/uploads\/2024\/10\/252869-friends-walking-in-tallinn-old-town-viru-street.jpg\" \/>\n\t<meta property=\"og:image:width\" content=\"1682\" \/>\n\t<meta property=\"og:image:height\" content=\"600\" \/>\n\t<meta property=\"og:image:type\" content=\"image\/jpeg\" \/>\n<meta name=\"author\" content=\"Riine Tiigi\" \/>\n<meta name=\"twitter:card\" content=\"summary_large_image\" \/>\n<meta name=\"twitter:label1\" content=\"Written by\" \/>\n\t<meta name=\"twitter:data1\" content=\"Riine Tiigi\" \/>\n\t<meta name=\"twitter:label2\" content=\"Est. reading time\" \/>\n\t<meta name=\"twitter:data2\" content=\"2 minutit\" \/>\n<script type=\"application\/ld+json\" class=\"yoast-schema-graph\">{\"@context\":\"https:\\\/\\\/schema.org\",\"@graph\":[{\"@type\":\"Article\",\"@id\":\"https:\\\/\\\/www.ecb.ee\\\/et\\\/uudised\\\/riigi-toetatud-konverentsid-toovad-eestisse-sel-ja-tuleval-aastal-3500-valisdelegaati-ule-maailma\\\/#article\",\"isPartOf\":{\"@id\":\"https:\\\/\\\/www.ecb.ee\\\/et\\\/uudised\\\/riigi-toetatud-konverentsid-toovad-eestisse-sel-ja-tuleval-aastal-3500-valisdelegaati-ule-maailma\\\/\"},\"author\":{\"name\":\"Riine Tiigi\",\"@id\":\"https:\\\/\\\/www.ecb.ee\\\/#\\\/schema\\\/person\\\/683a06848cf0a690b2ba233665cb719f\"},\"headline\":\"Riigi toetatud konverentsid toovad Eestisse sel ja tuleval aastal 3500 v\u00e4lisdelegaati \u00fcle maailma\",\"datePublished\":\"2025-05-29T11:27:37+00:00\",\"mainEntityOfPage\":{\"@id\":\"https:\\\/\\\/www.ecb.ee\\\/et\\\/uudised\\\/riigi-toetatud-konverentsid-toovad-eestisse-sel-ja-tuleval-aastal-3500-valisdelegaati-ule-maailma\\\/\"},\"wordCount\":398,\"publisher\":{\"@id\":\"https:\\\/\\\/www.ecb.ee\\\/#organization\"},\"image\":{\"@id\":\"https:\\\/\\\/www.ecb.ee\\\/et\\\/uudised\\\/riigi-toetatud-konverentsid-toovad-eestisse-sel-ja-tuleval-aastal-3500-valisdelegaati-ule-maailma\\\/#primaryimage\"},\"thumbnailUrl\":\"https:\\\/\\\/www.ecb.ee\\\/wp-content\\\/uploads\\\/2024\\\/10\\\/252869-friends-walking-in-tallinn-old-town-viru-street.jpg\",\"articleSection\":[\"Uudised\"],\"inLanguage\":\"et\"},{\"@type\":\"WebPage\",\"@id\":\"https:\\\/\\\/www.ecb.ee\\\/et\\\/uudised\\\/riigi-toetatud-konverentsid-toovad-eestisse-sel-ja-tuleval-aastal-3500-valisdelegaati-ule-maailma\\\/\",\"url\":\"https:\\\/\\\/www.ecb.ee\\\/et\\\/uudised\\\/riigi-toetatud-konverentsid-toovad-eestisse-sel-ja-tuleval-aastal-3500-valisdelegaati-ule-maailma\\\/\",\"name\":\"Riigi toetatud konverentsid toovad Eestisse sel ja tuleval aastal 3500 v\u00e4lisdelegaati \u00fcle maailma - Estonian Convention Bureau\",\"isPartOf\":{\"@id\":\"https:\\\/\\\/www.ecb.ee\\\/#website\"},\"primaryImageOfPage\":{\"@id\":\"https:\\\/\\\/www.ecb.ee\\\/et\\\/uudised\\\/riigi-toetatud-konverentsid-toovad-eestisse-sel-ja-tuleval-aastal-3500-valisdelegaati-ule-maailma\\\/#primaryimage\"},\"image\":{\"@id\":\"https:\\\/\\\/www.ecb.ee\\\/et\\\/uudised\\\/riigi-toetatud-konverentsid-toovad-eestisse-sel-ja-tuleval-aastal-3500-valisdelegaati-ule-maailma\\\/#primaryimage\"},\"thumbnailUrl\":\"https:\\\/\\\/www.ecb.ee\\\/wp-content\\\/uploads\\\/2024\\\/10\\\/252869-friends-walking-in-tallinn-old-town-viru-street.jpg\",\"datePublished\":\"2025-05-29T11:27:37+00:00\",\"breadcrumb\":{\"@id\":\"https:\\\/\\\/www.ecb.ee\\\/et\\\/uudised\\\/riigi-toetatud-konverentsid-toovad-eestisse-sel-ja-tuleval-aastal-3500-valisdelegaati-ule-maailma\\\/#breadcrumb\"},\"inLanguage\":\"et\",\"potentialAction\":[{\"@type\":\"ReadAction\",\"target\":[\"https:\\\/\\\/www.ecb.ee\\\/et\\\/uudised\\\/riigi-toetatud-konverentsid-toovad-eestisse-sel-ja-tuleval-aastal-3500-valisdelegaati-ule-maailma\\\/\"]}]},{\"@type\":\"ImageObject\",\"inLanguage\":\"et\",\"@id\":\"https:\\\/\\\/www.ecb.ee\\\/et\\\/uudised\\\/riigi-toetatud-konverentsid-toovad-eestisse-sel-ja-tuleval-aastal-3500-valisdelegaati-ule-maailma\\\/#primaryimage\",\"url\":\"https:\\\/\\\/www.ecb.ee\\\/wp-content\\\/uploads\\\/2024\\\/10\\\/252869-friends-walking-in-tallinn-old-town-viru-street.jpg\",\"contentUrl\":\"https:\\\/\\\/www.ecb.ee\\\/wp-content\\\/uploads\\\/2024\\\/10\\\/252869-friends-walking-in-tallinn-old-town-viru-street.jpg\",\"width\":1682,\"height\":600},{\"@type\":\"BreadcrumbList\",\"@id\":\"https:\\\/\\\/www.ecb.ee\\\/et\\\/uudised\\\/riigi-toetatud-konverentsid-toovad-eestisse-sel-ja-tuleval-aastal-3500-valisdelegaati-ule-maailma\\\/#breadcrumb\",\"itemListElement\":[{\"@type\":\"ListItem\",\"position\":1,\"name\":\"Home\",\"item\":\"https:\\\/\\\/www.ecb.ee\\\/et\\\/\"},{\"@type\":\"ListItem\",\"position\":2,\"name\":\"Riigi toetatud konverentsid toovad Eestisse sel ja tuleval aastal 3500 v\u00e4lisdelegaati \u00fcle maailma\"}]},{\"@type\":\"WebSite\",\"@id\":\"https:\\\/\\\/www.ecb.ee\\\/#website\",\"url\":\"https:\\\/\\\/www.ecb.ee\\\/\",\"name\":\"Estonian Convention Bureau\",\"description\":\"\",\"publisher\":{\"@id\":\"https:\\\/\\\/www.ecb.ee\\\/#organization\"},\"potentialAction\":[{\"@type\":\"SearchAction\",\"target\":{\"@type\":\"EntryPoint\",\"urlTemplate\":\"https:\\\/\\\/www.ecb.ee\\\/?s={search_term_string}\"},\"query-input\":{\"@type\":\"PropertyValueSpecification\",\"valueRequired\":true,\"valueName\":\"search_term_string\"}}],\"inLanguage\":\"et\"},{\"@type\":\"Organization\",\"@id\":\"https:\\\/\\\/www.ecb.ee\\\/#organization\",\"name\":\"Estonian Convention Bureau\",\"url\":\"https:\\\/\\\/www.ecb.ee\\\/\",\"logo\":{\"@type\":\"ImageObject\",\"inLanguage\":\"et\",\"@id\":\"https:\\\/\\\/www.ecb.ee\\\/#\\\/schema\\\/logo\\\/image\\\/\",\"url\":\"https:\\\/\\\/www.ecb.ee\\\/wp-content\\\/uploads\\\/2020\\\/12\\\/site_logo.svg\",\"contentUrl\":\"https:\\\/\\\/www.ecb.ee\\\/wp-content\\\/uploads\\\/2020\\\/12\\\/site_logo.svg\",\"caption\":\"Estonian Convention Bureau\"},\"image\":{\"@id\":\"https:\\\/\\\/www.ecb.ee\\\/#\\\/schema\\\/logo\\\/image\\\/\"}},{\"@type\":\"Person\",\"@id\":\"https:\\\/\\\/www.ecb.ee\\\/#\\\/schema\\\/person\\\/683a06848cf0a690b2ba233665cb719f\",\"name\":\"Riine Tiigi\",\"image\":{\"@type\":\"ImageObject\",\"inLanguage\":\"et\",\"@id\":\"https:\\\/\\\/secure.gravatar.com\\\/avatar\\\/d86339875b83b6a9394fce703248189388335d81fba6ca62f59bc61cc7a0ae31?s=96&d=mm&r=g\",\"url\":\"https:\\\/\\\/secure.gravatar.com\\\/avatar\\\/d86339875b83b6a9394fce703248189388335d81fba6ca62f59bc61cc7a0ae31?s=96&d=mm&r=g\",\"contentUrl\":\"https:\\\/\\\/secure.gravatar.com\\\/avatar\\\/d86339875b83b6a9394fce703248189388335d81fba6ca62f59bc61cc7a0ae31?s=96&d=mm&r=g\",\"caption\":\"Riine Tiigi\"},\"url\":\"https:\\\/\\\/www.ecb.ee\\\/et\\\/author\\\/riine\\\/\"}]}<\/script>\n<!-- \/ Yoast SEO plugin. -->","yoast_head_json":{"title":"Riigi toetatud konverentsid toovad Eestisse sel ja tuleval aastal 3500 v\u00e4lisdelegaati \u00fcle maailma - Estonian Convention Bureau","robots":{"index":"index","follow":"follow","max-snippet":"max-snippet:-1","max-image-preview":"max-image-preview:large","max-video-preview":"max-video-preview:-1"},"canonical":"https:\/\/www.ecb.ee\/et\/uudised\/riigi-toetatud-konverentsid-toovad-eestisse-sel-ja-tuleval-aastal-3500-valisdelegaati-ule-maailma\/","og_locale":"et_EE","og_type":"article","og_title":"Riigi toetatud konverentsid toovad Eestisse sel ja tuleval aastal 3500 v\u00e4lisdelegaati \u00fcle maailma - Estonian Convention Bureau","og_description":"Ettev\u00f5tluse ja Innovatsiooni Sihtasutus (EIS) rahastas 11 Eestis korraldatava tippkonverentsi korraldamist. Nii sel kui j\u00e4rgmisel aastal toimuvaid konverentse toetati kokku 302\u202f000 euroga, kuid Eesti majandusse toovad need tulu seitsmekordselt ehk \u00fcle 2 miljoni euro. Tuge rahvusvaheliste tipp\u00fcrituste korraldamiseks said Eesti Maa\u00fclikool, Tartu \u00dclikool, MT\u00dc sTARTUpDay, MT\u00dc Sillam\u00e4e Lastekaitse \u00dching, MT\u00dc Eesti Lugemis\u00fching, O\u00dc PLMF Arts [&hellip;]","og_url":"https:\/\/www.ecb.ee\/et\/uudised\/riigi-toetatud-konverentsid-toovad-eestisse-sel-ja-tuleval-aastal-3500-valisdelegaati-ule-maailma\/","og_site_name":"Estonian Convention Bureau","article_published_time":"2025-05-29T11:27:37+00:00","og_image":[{"width":1682,"height":600,"url":"https:\/\/www.ecb.ee\/wp-content\/uploads\/2024\/10\/252869-friends-walking-in-tallinn-old-town-viru-street.jpg","type":"image\/jpeg"}],"author":"Riine Tiigi","twitter_card":"summary_large_image","twitter_misc":{"Written by":"Riine Tiigi","Est. reading time":"2 minutit"},"schema":{"@context":"https:\/\/schema.org","@graph":[{"@type":"Article","@id":"https:\/\/www.ecb.ee\/et\/uudised\/riigi-toetatud-konverentsid-toovad-eestisse-sel-ja-tuleval-aastal-3500-valisdelegaati-ule-maailma\/#article","isPartOf":{"@id":"https:\/\/www.ecb.ee\/et\/uudised\/riigi-toetatud-konverentsid-toovad-eestisse-sel-ja-tuleval-aastal-3500-valisdelegaati-ule-maailma\/"},"author":{"name":"Riine Tiigi","@id":"https:\/\/www.ecb.ee\/#\/schema\/person\/683a06848cf0a690b2ba233665cb719f"},"headline":"Riigi toetatud konverentsid toovad Eestisse sel ja tuleval aastal 3500 v\u00e4lisdelegaati \u00fcle maailma","datePublished":"2025-05-29T11:27:37+00:00","mainEntityOfPage":{"@id":"https:\/\/www.ecb.ee\/et\/uudised\/riigi-toetatud-konverentsid-toovad-eestisse-sel-ja-tuleval-aastal-3500-valisdelegaati-ule-maailma\/"},"wordCount":398,"publisher":{"@id":"https:\/\/www.ecb.ee\/#organization"},"image":{"@id":"https:\/\/www.ecb.ee\/et\/uudised\/riigi-toetatud-konverentsid-toovad-eestisse-sel-ja-tuleval-aastal-3500-valisdelegaati-ule-maailma\/#primaryimage"},"thumbnailUrl":"https:\/\/www.ecb.ee\/wp-content\/uploads\/2024\/10\/252869-friends-walking-in-tallinn-old-town-viru-street.jpg","articleSection":["Uudised"],"inLanguage":"et"},{"@type":"WebPage","@id":"https:\/\/www.ecb.ee\/et\/uudised\/riigi-toetatud-konverentsid-toovad-eestisse-sel-ja-tuleval-aastal-3500-valisdelegaati-ule-maailma\/","url":"https:\/\/www.ecb.ee\/et\/uudised\/riigi-toetatud-konverentsid-toovad-eestisse-sel-ja-tuleval-aastal-3500-valisdelegaati-ule-maailma\/","name":"Riigi toetatud konverentsid toovad Eestisse sel ja tuleval aastal 3500 v\u00e4lisdelegaati \u00fcle maailma - Estonian Convention Bureau","isPartOf":{"@id":"https:\/\/www.ecb.ee\/#website"},"primaryImageOfPage":{"@id":"https:\/\/www.ecb.ee\/et\/uudised\/riigi-toetatud-konverentsid-toovad-eestisse-sel-ja-tuleval-aastal-3500-valisdelegaati-ule-maailma\/#primaryimage"},"image":{"@id":"https:\/\/www.ecb.ee\/et\/uudised\/riigi-toetatud-konverentsid-toovad-eestisse-sel-ja-tuleval-aastal-3500-valisdelegaati-ule-maailma\/#primaryimage"},"thumbnailUrl":"https:\/\/www.ecb.ee\/wp-content\/uploads\/2024\/10\/252869-friends-walking-in-tallinn-old-town-viru-street.jpg","datePublished":"2025-05-29T11:27:37+00:00","breadcrumb":{"@id":"https:\/\/www.ecb.ee\/et\/uudised\/riigi-toetatud-konverentsid-toovad-eestisse-sel-ja-tuleval-aastal-3500-valisdelegaati-ule-maailma\/#breadcrumb"},"inLanguage":"et","potentialAction":[{"@type":"ReadAction","target":["https:\/\/www.ecb.ee\/et\/uudised\/riigi-toetatud-konverentsid-toovad-eestisse-sel-ja-tuleval-aastal-3500-valisdelegaati-ule-maailma\/"]}]},{"@type":"ImageObject","inLanguage":"et","@id":"https:\/\/www.ecb.ee\/et\/uudised\/riigi-toetatud-konverentsid-toovad-eestisse-sel-ja-tuleval-aastal-3500-valisdelegaati-ule-maailma\/#primaryimage","url":"https:\/\/www.ecb.ee\/wp-content\/uploads\/2024\/10\/252869-friends-walking-in-tallinn-old-town-viru-street.jpg","contentUrl":"https:\/\/www.ecb.ee\/wp-content\/uploads\/2024\/10\/252869-friends-walking-in-tallinn-old-town-viru-street.jpg","width":1682,"height":600},{"@type":"BreadcrumbList","@id":"https:\/\/www.ecb.ee\/et\/uudised\/riigi-toetatud-konverentsid-toovad-eestisse-sel-ja-tuleval-aastal-3500-valisdelegaati-ule-maailma\/#breadcrumb","itemListElement":[{"@type":"ListItem","position":1,"name":"Home","item":"https:\/\/www.ecb.ee\/et\/"},{"@type":"ListItem","position":2,"name":"Riigi toetatud konverentsid toovad Eestisse sel ja tuleval aastal 3500 v\u00e4lisdelegaati \u00fcle maailma"}]},{"@type":"WebSite","@id":"https:\/\/www.ecb.ee\/#website","url":"https:\/\/www.ecb.ee\/","name":"Estonian Convention Bureau","description":"","publisher":{"@id":"https:\/\/www.ecb.ee\/#organization"},"potentialAction":[{"@type":"SearchAction","target":{"@type":"EntryPoint","urlTemplate":"https:\/\/www.ecb.ee\/?s={search_term_string}"},"query-input":{"@type":"PropertyValueSpecification","valueRequired":true,"valueName":"search_term_string"}}],"inLanguage":"et"},{"@type":"Organization","@id":"https:\/\/www.ecb.ee\/#organization","name":"Estonian Convention Bureau","url":"https:\/\/www.ecb.ee\/","logo":{"@type":"ImageObject","inLanguage":"et","@id":"https:\/\/www.ecb.ee\/#\/schema\/logo\/image\/","url":"https:\/\/www.ecb.ee\/wp-content\/uploads\/2020\/12\/site_logo.svg","contentUrl":"https:\/\/www.ecb.ee\/wp-content\/uploads\/2020\/12\/site_logo.svg","caption":"Estonian Convention Bureau"},"image":{"@id":"https:\/\/www.ecb.ee\/#\/schema\/logo\/image\/"}},{"@type":"Person","@id":"https:\/\/www.ecb.ee\/#\/schema\/person\/683a06848cf0a690b2ba233665cb719f","name":"Riine Tiigi","image":{"@type":"ImageObject","inLanguage":"et","@id":"https:\/\/secure.gravatar.com\/avatar\/d86339875b83b6a9394fce703248189388335d81fba6ca62f59bc61cc7a0ae31?s=96&d=mm&r=g","url":"https:\/\/secure.gravatar.com\/avatar\/d86339875b83b6a9394fce703248189388335d81fba6ca62f59bc61cc7a0ae31?s=96&d=mm&r=g","contentUrl":"https:\/\/secure.gravatar.com\/avatar\/d86339875b83b6a9394fce703248189388335d81fba6ca62f59bc61cc7a0ae31?s=96&d=mm&r=g","caption":"Riine Tiigi"},"url":"https:\/\/www.ecb.ee\/et\/author\/riine\/"}]}},"_links":{"self":[{"href":"https:\/\/www.ecb.ee\/et\/wp-json\/wp\/v2\/posts\/41149","targetHints":{"allow":["GET"]}}],"collection":[{"href":"https:\/\/www.ecb.ee\/et\/wp-json\/wp\/v2\/posts"}],"about":[{"href":"https:\/\/www.ecb.ee\/et\/wp-json\/wp\/v2\/types\/post"}],"author":[{"embeddable":true,"href":"https:\/\/www.ecb.ee\/et\/wp-json\/wp\/v2\/users\/4"}],"replies":[{"embeddable":true,"href":"https:\/\/www.ecb.ee\/et\/wp-json\/wp\/v2\/comments?post=41149"}],"version-history":[{"count":1,"href":"https:\/\/www.ecb.ee\/et\/wp-json\/wp\/v2\/posts\/41149\/revisions"}],"predecessor-version":[{"id":41150,"href":"https:\/\/www.ecb.ee\/et\/wp-json\/wp\/v2\/posts\/41149\/revisions\/41150"}],"wp:featuredmedia":[{"embeddable":true,"href":"https:\/\/www.ecb.ee\/et\/wp-json\/wp\/v2\/media\/37804"}],"wp:attachment":[{"href":"https:\/\/www.ecb.ee\/et\/wp-json\/wp\/v2\/media?parent=41149"}],"wp:term":[{"taxonomy":"category","embeddable":true,"href":"https:\/\/www.ecb.ee\/et\/wp-json\/wp\/v2\/categories?post=41149"},{"taxonomy":"post_tag","embeddable":true,"href":"https:\/\/www.ecb.ee\/et\/wp-json\/wp\/v2\/tags?post=41149"}],"curies":[{"name":"wp","href":"https:\/\/api.w.org\/{rel}","templated":true}]}}