{"id":39956,"date":"2025-02-20T12:27:48","date_gmt":"2025-02-20T12:27:48","guid":{"rendered":"https:\/\/www.ecb.ee\/?p=39956"},"modified":"2025-02-20T12:27:48","modified_gmt":"2025-02-20T12:27:48","slug":"tallinna-konverentsitoetuse-taiendav-taotlusvoor-avatud","status":"publish","type":"post","link":"https:\/\/www.ecb.ee\/et\/uudised\/tallinna-konverentsitoetuse-taiendav-taotlusvoor-avatud\/","title":{"rendered":"Tallinna konverentsitoetuse t\u00e4iendav taotlusvoor avatud"},"content":{"rendered":"<p style=\"font-weight: 400;\">Tallinn avas t\u00e4iendava taotlusvooru rahvusvahelise konverentsi toetuse saamiseks 2025. aastaks. <strong>Taotluste esitamise t\u00e4htaeg on 31. m\u00e4rts 2025.<\/strong><\/p>\n<p style=\"font-weight: 400;\">Toetuse eesm\u00e4rk on suurendada Tallinna tuntust konverentsisihtkohana, tuua linna rohkem v\u00e4lisosalejaid ning hajutada turismi hooajalisust.<\/p>\n<p style=\"font-weight: 400;\">Toetust saavad taotleda era- ja avalik-\u00f5iguslikud juriidilised isikud, kelle korraldatav konverents vastab kehtestatud tingimustele. Enne taotluse esitamist pakub Tallinna turismiosakond eelnevat n\u00f5ustamist. Taotlemine toimub ainult projektitoetuse infos\u00fcsteemi kaudu.<\/p>\n<p style=\"font-weight: 400;\">Loe l\u00e4hemalt toetuse tingimustest ja k\u00fcsi vajadusel n\u00f5u:<\/p>\n<p style=\"font-weight: 400;\"><a href=\"https:\/\/www.tallinn.ee\/et\/teenused\/rahvusvahelise-konverentsi-toetus\">https:\/\/www.tallinn.ee\/et\/teenused\/rahvusvahelise-konverentsi-toetus<\/a><\/p>\n<p style=\"font-weight: 400;\"><a href=\"https:\/\/www.visittallinn.ee\/est\/professionaal\/konverentsiturism\/konverentsitoetus\/%C3%BCldinfo\">https:\/\/www.visittallinn.ee\/est\/professionaal\/konverentsiturism\/konverentsitoetus\/%C3%BCldinfo<\/a><\/p>\n","protected":false},"excerpt":{"rendered":"<p>Tallinn avas t\u00e4iendava taotlusvooru rahvusvahelise konverentsi toetuse saamiseks 2025. aastaks. Taotluste esitamise t\u00e4htaeg on 31. m\u00e4rts 2025. Toetuse eesm\u00e4rk on suurendada Tallinna tuntust konverentsisihtkohana, tuua linna rohkem v\u00e4lisosalejaid ning hajutada turismi hooajalisust. Toetust saavad taotleda era- ja avalik-\u00f5iguslikud juriidilised isikud, kelle korraldatav konverents vastab kehtestatud tingimustele. Enne taotluse esitamist pakub Tallinna turismiosakond eelnevat n\u00f5ustamist. Taotlemine [&hellip;]<\/p>\n","protected":false},"author":4,"featured_media":39957,"comment_status":"closed","ping_status":"closed","sticky":false,"template":"","format":"standard","meta":{"_acf_changed":false,"footnotes":""},"categories":[189],"tags":[],"class_list":["post-39956","post","type-post","status-publish","format-standard","has-post-thumbnail","hentry","category-uudised"],"acf":[],"yoast_head":"<!-- This site is optimized with the Yoast SEO plugin v27.5 - https:\/\/yoast.com\/product\/yoast-seo-wordpress\/ -->\n<title>Tallinna konverentsitoetuse t\u00e4iendav taotlusvoor avatud - Estonian Convention Bureau<\/title>\n<meta name=\"robots\" content=\"index, follow, max-snippet:-1, max-image-preview:large, max-video-preview:-1\" \/>\n<link rel=\"canonical\" href=\"https:\/\/www.ecb.ee\/et\/uudised\/tallinna-konverentsitoetuse-taiendav-taotlusvoor-avatud\/\" \/>\n<meta property=\"og:locale\" content=\"et_EE\" \/>\n<meta property=\"og:type\" content=\"article\" \/>\n<meta property=\"og:title\" content=\"Tallinna konverentsitoetuse t\u00e4iendav taotlusvoor avatud - Estonian Convention Bureau\" \/>\n<meta property=\"og:description\" content=\"Tallinn avas t\u00e4iendava taotlusvooru rahvusvahelise konverentsi toetuse saamiseks 2025. aastaks. Taotluste esitamise t\u00e4htaeg on 31. m\u00e4rts 2025. Toetuse eesm\u00e4rk on suurendada Tallinna tuntust konverentsisihtkohana, tuua linna rohkem v\u00e4lisosalejaid ning hajutada turismi hooajalisust. Toetust saavad taotleda era- ja avalik-\u00f5iguslikud juriidilised isikud, kelle korraldatav konverents vastab kehtestatud tingimustele. Enne taotluse esitamist pakub Tallinna turismiosakond eelnevat n\u00f5ustamist. Taotlemine [&hellip;]\" \/>\n<meta property=\"og:url\" content=\"https:\/\/www.ecb.ee\/et\/uudised\/tallinna-konverentsitoetuse-taiendav-taotlusvoor-avatud\/\" \/>\n<meta property=\"og:site_name\" content=\"Estonian Convention Bureau\" \/>\n<meta property=\"article:published_time\" content=\"2025-02-20T12:27:48+00:00\" \/>\n<meta property=\"og:image\" content=\"https:\/\/www.ecb.ee\/wp-content\/uploads\/2025\/02\/252900-group-of-business-people-walking-outdoor-web-version-1920px.jpg\" \/>\n\t<meta property=\"og:image:width\" content=\"1920\" \/>\n\t<meta property=\"og:image:height\" content=\"1280\" \/>\n\t<meta property=\"og:image:type\" content=\"image\/jpeg\" \/>\n<meta name=\"author\" content=\"Riine Tiigi\" \/>\n<meta name=\"twitter:card\" content=\"summary_large_image\" \/>\n<meta name=\"twitter:label1\" content=\"Written by\" \/>\n\t<meta name=\"twitter:data1\" content=\"Riine Tiigi\" \/>\n\t<meta name=\"twitter:label2\" content=\"Est. reading time\" \/>\n\t<meta name=\"twitter:data2\" content=\"1 minut\" \/>\n<script type=\"application\/ld+json\" class=\"yoast-schema-graph\">{\"@context\":\"https:\\\/\\\/schema.org\",\"@graph\":[{\"@type\":\"Article\",\"@id\":\"https:\\\/\\\/www.ecb.ee\\\/et\\\/uudised\\\/tallinna-konverentsitoetuse-taiendav-taotlusvoor-avatud\\\/#article\",\"isPartOf\":{\"@id\":\"https:\\\/\\\/www.ecb.ee\\\/et\\\/uudised\\\/tallinna-konverentsitoetuse-taiendav-taotlusvoor-avatud\\\/\"},\"author\":{\"name\":\"Riine Tiigi\",\"@id\":\"https:\\\/\\\/www.ecb.ee\\\/#\\\/schema\\\/person\\\/683a06848cf0a690b2ba233665cb719f\"},\"headline\":\"Tallinna konverentsitoetuse t\u00e4iendav taotlusvoor avatud\",\"datePublished\":\"2025-02-20T12:27:48+00:00\",\"mainEntityOfPage\":{\"@id\":\"https:\\\/\\\/www.ecb.ee\\\/et\\\/uudised\\\/tallinna-konverentsitoetuse-taiendav-taotlusvoor-avatud\\\/\"},\"wordCount\":99,\"publisher\":{\"@id\":\"https:\\\/\\\/www.ecb.ee\\\/#organization\"},\"image\":{\"@id\":\"https:\\\/\\\/www.ecb.ee\\\/et\\\/uudised\\\/tallinna-konverentsitoetuse-taiendav-taotlusvoor-avatud\\\/#primaryimage\"},\"thumbnailUrl\":\"https:\\\/\\\/www.ecb.ee\\\/wp-content\\\/uploads\\\/2025\\\/02\\\/252900-group-of-business-people-walking-outdoor-web-version-1920px.jpg\",\"articleSection\":[\"Uudised\"],\"inLanguage\":\"et\"},{\"@type\":\"WebPage\",\"@id\":\"https:\\\/\\\/www.ecb.ee\\\/et\\\/uudised\\\/tallinna-konverentsitoetuse-taiendav-taotlusvoor-avatud\\\/\",\"url\":\"https:\\\/\\\/www.ecb.ee\\\/et\\\/uudised\\\/tallinna-konverentsitoetuse-taiendav-taotlusvoor-avatud\\\/\",\"name\":\"Tallinna konverentsitoetuse t\u00e4iendav taotlusvoor avatud - Estonian Convention Bureau\",\"isPartOf\":{\"@id\":\"https:\\\/\\\/www.ecb.ee\\\/#website\"},\"primaryImageOfPage\":{\"@id\":\"https:\\\/\\\/www.ecb.ee\\\/et\\\/uudised\\\/tallinna-konverentsitoetuse-taiendav-taotlusvoor-avatud\\\/#primaryimage\"},\"image\":{\"@id\":\"https:\\\/\\\/www.ecb.ee\\\/et\\\/uudised\\\/tallinna-konverentsitoetuse-taiendav-taotlusvoor-avatud\\\/#primaryimage\"},\"thumbnailUrl\":\"https:\\\/\\\/www.ecb.ee\\\/wp-content\\\/uploads\\\/2025\\\/02\\\/252900-group-of-business-people-walking-outdoor-web-version-1920px.jpg\",\"datePublished\":\"2025-02-20T12:27:48+00:00\",\"breadcrumb\":{\"@id\":\"https:\\\/\\\/www.ecb.ee\\\/et\\\/uudised\\\/tallinna-konverentsitoetuse-taiendav-taotlusvoor-avatud\\\/#breadcrumb\"},\"inLanguage\":\"et\",\"potentialAction\":[{\"@type\":\"ReadAction\",\"target\":[\"https:\\\/\\\/www.ecb.ee\\\/et\\\/uudised\\\/tallinna-konverentsitoetuse-taiendav-taotlusvoor-avatud\\\/\"]}]},{\"@type\":\"ImageObject\",\"inLanguage\":\"et\",\"@id\":\"https:\\\/\\\/www.ecb.ee\\\/et\\\/uudised\\\/tallinna-konverentsitoetuse-taiendav-taotlusvoor-avatud\\\/#primaryimage\",\"url\":\"https:\\\/\\\/www.ecb.ee\\\/wp-content\\\/uploads\\\/2025\\\/02\\\/252900-group-of-business-people-walking-outdoor-web-version-1920px.jpg\",\"contentUrl\":\"https:\\\/\\\/www.ecb.ee\\\/wp-content\\\/uploads\\\/2025\\\/02\\\/252900-group-of-business-people-walking-outdoor-web-version-1920px.jpg\",\"width\":1920,\"height\":1280},{\"@type\":\"BreadcrumbList\",\"@id\":\"https:\\\/\\\/www.ecb.ee\\\/et\\\/uudised\\\/tallinna-konverentsitoetuse-taiendav-taotlusvoor-avatud\\\/#breadcrumb\",\"itemListElement\":[{\"@type\":\"ListItem\",\"position\":1,\"name\":\"Home\",\"item\":\"https:\\\/\\\/www.ecb.ee\\\/et\\\/\"},{\"@type\":\"ListItem\",\"position\":2,\"name\":\"Tallinna konverentsitoetuse t\u00e4iendav taotlusvoor avatud\"}]},{\"@type\":\"WebSite\",\"@id\":\"https:\\\/\\\/www.ecb.ee\\\/#website\",\"url\":\"https:\\\/\\\/www.ecb.ee\\\/\",\"name\":\"Estonian Convention Bureau\",\"description\":\"\",\"publisher\":{\"@id\":\"https:\\\/\\\/www.ecb.ee\\\/#organization\"},\"potentialAction\":[{\"@type\":\"SearchAction\",\"target\":{\"@type\":\"EntryPoint\",\"urlTemplate\":\"https:\\\/\\\/www.ecb.ee\\\/?s={search_term_string}\"},\"query-input\":{\"@type\":\"PropertyValueSpecification\",\"valueRequired\":true,\"valueName\":\"search_term_string\"}}],\"inLanguage\":\"et\"},{\"@type\":\"Organization\",\"@id\":\"https:\\\/\\\/www.ecb.ee\\\/#organization\",\"name\":\"Estonian Convention Bureau\",\"url\":\"https:\\\/\\\/www.ecb.ee\\\/\",\"logo\":{\"@type\":\"ImageObject\",\"inLanguage\":\"et\",\"@id\":\"https:\\\/\\\/www.ecb.ee\\\/#\\\/schema\\\/logo\\\/image\\\/\",\"url\":\"https:\\\/\\\/www.ecb.ee\\\/wp-content\\\/uploads\\\/2020\\\/12\\\/site_logo.svg\",\"contentUrl\":\"https:\\\/\\\/www.ecb.ee\\\/wp-content\\\/uploads\\\/2020\\\/12\\\/site_logo.svg\",\"caption\":\"Estonian Convention Bureau\"},\"image\":{\"@id\":\"https:\\\/\\\/www.ecb.ee\\\/#\\\/schema\\\/logo\\\/image\\\/\"}},{\"@type\":\"Person\",\"@id\":\"https:\\\/\\\/www.ecb.ee\\\/#\\\/schema\\\/person\\\/683a06848cf0a690b2ba233665cb719f\",\"name\":\"Riine Tiigi\",\"image\":{\"@type\":\"ImageObject\",\"inLanguage\":\"et\",\"@id\":\"https:\\\/\\\/secure.gravatar.com\\\/avatar\\\/d86339875b83b6a9394fce703248189388335d81fba6ca62f59bc61cc7a0ae31?s=96&d=mm&r=g\",\"url\":\"https:\\\/\\\/secure.gravatar.com\\\/avatar\\\/d86339875b83b6a9394fce703248189388335d81fba6ca62f59bc61cc7a0ae31?s=96&d=mm&r=g\",\"contentUrl\":\"https:\\\/\\\/secure.gravatar.com\\\/avatar\\\/d86339875b83b6a9394fce703248189388335d81fba6ca62f59bc61cc7a0ae31?s=96&d=mm&r=g\",\"caption\":\"Riine Tiigi\"},\"url\":\"https:\\\/\\\/www.ecb.ee\\\/et\\\/author\\\/riine\\\/\"}]}<\/script>\n<!-- \/ Yoast SEO plugin. -->","yoast_head_json":{"title":"Tallinna konverentsitoetuse t\u00e4iendav taotlusvoor avatud - Estonian Convention Bureau","robots":{"index":"index","follow":"follow","max-snippet":"max-snippet:-1","max-image-preview":"max-image-preview:large","max-video-preview":"max-video-preview:-1"},"canonical":"https:\/\/www.ecb.ee\/et\/uudised\/tallinna-konverentsitoetuse-taiendav-taotlusvoor-avatud\/","og_locale":"et_EE","og_type":"article","og_title":"Tallinna konverentsitoetuse t\u00e4iendav taotlusvoor avatud - Estonian Convention Bureau","og_description":"Tallinn avas t\u00e4iendava taotlusvooru rahvusvahelise konverentsi toetuse saamiseks 2025. aastaks. Taotluste esitamise t\u00e4htaeg on 31. m\u00e4rts 2025. Toetuse eesm\u00e4rk on suurendada Tallinna tuntust konverentsisihtkohana, tuua linna rohkem v\u00e4lisosalejaid ning hajutada turismi hooajalisust. Toetust saavad taotleda era- ja avalik-\u00f5iguslikud juriidilised isikud, kelle korraldatav konverents vastab kehtestatud tingimustele. Enne taotluse esitamist pakub Tallinna turismiosakond eelnevat n\u00f5ustamist. Taotlemine [&hellip;]","og_url":"https:\/\/www.ecb.ee\/et\/uudised\/tallinna-konverentsitoetuse-taiendav-taotlusvoor-avatud\/","og_site_name":"Estonian Convention Bureau","article_published_time":"2025-02-20T12:27:48+00:00","og_image":[{"width":1920,"height":1280,"url":"https:\/\/www.ecb.ee\/wp-content\/uploads\/2025\/02\/252900-group-of-business-people-walking-outdoor-web-version-1920px.jpg","type":"image\/jpeg"}],"author":"Riine Tiigi","twitter_card":"summary_large_image","twitter_misc":{"Written by":"Riine Tiigi","Est. reading time":"1 minut"},"schema":{"@context":"https:\/\/schema.org","@graph":[{"@type":"Article","@id":"https:\/\/www.ecb.ee\/et\/uudised\/tallinna-konverentsitoetuse-taiendav-taotlusvoor-avatud\/#article","isPartOf":{"@id":"https:\/\/www.ecb.ee\/et\/uudised\/tallinna-konverentsitoetuse-taiendav-taotlusvoor-avatud\/"},"author":{"name":"Riine Tiigi","@id":"https:\/\/www.ecb.ee\/#\/schema\/person\/683a06848cf0a690b2ba233665cb719f"},"headline":"Tallinna konverentsitoetuse t\u00e4iendav taotlusvoor avatud","datePublished":"2025-02-20T12:27:48+00:00","mainEntityOfPage":{"@id":"https:\/\/www.ecb.ee\/et\/uudised\/tallinna-konverentsitoetuse-taiendav-taotlusvoor-avatud\/"},"wordCount":99,"publisher":{"@id":"https:\/\/www.ecb.ee\/#organization"},"image":{"@id":"https:\/\/www.ecb.ee\/et\/uudised\/tallinna-konverentsitoetuse-taiendav-taotlusvoor-avatud\/#primaryimage"},"thumbnailUrl":"https:\/\/www.ecb.ee\/wp-content\/uploads\/2025\/02\/252900-group-of-business-people-walking-outdoor-web-version-1920px.jpg","articleSection":["Uudised"],"inLanguage":"et"},{"@type":"WebPage","@id":"https:\/\/www.ecb.ee\/et\/uudised\/tallinna-konverentsitoetuse-taiendav-taotlusvoor-avatud\/","url":"https:\/\/www.ecb.ee\/et\/uudised\/tallinna-konverentsitoetuse-taiendav-taotlusvoor-avatud\/","name":"Tallinna konverentsitoetuse t\u00e4iendav taotlusvoor avatud - Estonian Convention Bureau","isPartOf":{"@id":"https:\/\/www.ecb.ee\/#website"},"primaryImageOfPage":{"@id":"https:\/\/www.ecb.ee\/et\/uudised\/tallinna-konverentsitoetuse-taiendav-taotlusvoor-avatud\/#primaryimage"},"image":{"@id":"https:\/\/www.ecb.ee\/et\/uudised\/tallinna-konverentsitoetuse-taiendav-taotlusvoor-avatud\/#primaryimage"},"thumbnailUrl":"https:\/\/www.ecb.ee\/wp-content\/uploads\/2025\/02\/252900-group-of-business-people-walking-outdoor-web-version-1920px.jpg","datePublished":"2025-02-20T12:27:48+00:00","breadcrumb":{"@id":"https:\/\/www.ecb.ee\/et\/uudised\/tallinna-konverentsitoetuse-taiendav-taotlusvoor-avatud\/#breadcrumb"},"inLanguage":"et","potentialAction":[{"@type":"ReadAction","target":["https:\/\/www.ecb.ee\/et\/uudised\/tallinna-konverentsitoetuse-taiendav-taotlusvoor-avatud\/"]}]},{"@type":"ImageObject","inLanguage":"et","@id":"https:\/\/www.ecb.ee\/et\/uudised\/tallinna-konverentsitoetuse-taiendav-taotlusvoor-avatud\/#primaryimage","url":"https:\/\/www.ecb.ee\/wp-content\/uploads\/2025\/02\/252900-group-of-business-people-walking-outdoor-web-version-1920px.jpg","contentUrl":"https:\/\/www.ecb.ee\/wp-content\/uploads\/2025\/02\/252900-group-of-business-people-walking-outdoor-web-version-1920px.jpg","width":1920,"height":1280},{"@type":"BreadcrumbList","@id":"https:\/\/www.ecb.ee\/et\/uudised\/tallinna-konverentsitoetuse-taiendav-taotlusvoor-avatud\/#breadcrumb","itemListElement":[{"@type":"ListItem","position":1,"name":"Home","item":"https:\/\/www.ecb.ee\/et\/"},{"@type":"ListItem","position":2,"name":"Tallinna konverentsitoetuse t\u00e4iendav taotlusvoor avatud"}]},{"@type":"WebSite","@id":"https:\/\/www.ecb.ee\/#website","url":"https:\/\/www.ecb.ee\/","name":"Estonian Convention Bureau","description":"","publisher":{"@id":"https:\/\/www.ecb.ee\/#organization"},"potentialAction":[{"@type":"SearchAction","target":{"@type":"EntryPoint","urlTemplate":"https:\/\/www.ecb.ee\/?s={search_term_string}"},"query-input":{"@type":"PropertyValueSpecification","valueRequired":true,"valueName":"search_term_string"}}],"inLanguage":"et"},{"@type":"Organization","@id":"https:\/\/www.ecb.ee\/#organization","name":"Estonian Convention Bureau","url":"https:\/\/www.ecb.ee\/","logo":{"@type":"ImageObject","inLanguage":"et","@id":"https:\/\/www.ecb.ee\/#\/schema\/logo\/image\/","url":"https:\/\/www.ecb.ee\/wp-content\/uploads\/2020\/12\/site_logo.svg","contentUrl":"https:\/\/www.ecb.ee\/wp-content\/uploads\/2020\/12\/site_logo.svg","caption":"Estonian Convention Bureau"},"image":{"@id":"https:\/\/www.ecb.ee\/#\/schema\/logo\/image\/"}},{"@type":"Person","@id":"https:\/\/www.ecb.ee\/#\/schema\/person\/683a06848cf0a690b2ba233665cb719f","name":"Riine Tiigi","image":{"@type":"ImageObject","inLanguage":"et","@id":"https:\/\/secure.gravatar.com\/avatar\/d86339875b83b6a9394fce703248189388335d81fba6ca62f59bc61cc7a0ae31?s=96&d=mm&r=g","url":"https:\/\/secure.gravatar.com\/avatar\/d86339875b83b6a9394fce703248189388335d81fba6ca62f59bc61cc7a0ae31?s=96&d=mm&r=g","contentUrl":"https:\/\/secure.gravatar.com\/avatar\/d86339875b83b6a9394fce703248189388335d81fba6ca62f59bc61cc7a0ae31?s=96&d=mm&r=g","caption":"Riine Tiigi"},"url":"https:\/\/www.ecb.ee\/et\/author\/riine\/"}]}},"_links":{"self":[{"href":"https:\/\/www.ecb.ee\/et\/wp-json\/wp\/v2\/posts\/39956","targetHints":{"allow":["GET"]}}],"collection":[{"href":"https:\/\/www.ecb.ee\/et\/wp-json\/wp\/v2\/posts"}],"about":[{"href":"https:\/\/www.ecb.ee\/et\/wp-json\/wp\/v2\/types\/post"}],"author":[{"embeddable":true,"href":"https:\/\/www.ecb.ee\/et\/wp-json\/wp\/v2\/users\/4"}],"replies":[{"embeddable":true,"href":"https:\/\/www.ecb.ee\/et\/wp-json\/wp\/v2\/comments?post=39956"}],"version-history":[{"count":1,"href":"https:\/\/www.ecb.ee\/et\/wp-json\/wp\/v2\/posts\/39956\/revisions"}],"predecessor-version":[{"id":39960,"href":"https:\/\/www.ecb.ee\/et\/wp-json\/wp\/v2\/posts\/39956\/revisions\/39960"}],"wp:featuredmedia":[{"embeddable":true,"href":"https:\/\/www.ecb.ee\/et\/wp-json\/wp\/v2\/media\/39957"}],"wp:attachment":[{"href":"https:\/\/www.ecb.ee\/et\/wp-json\/wp\/v2\/media?parent=39956"}],"wp:term":[{"taxonomy":"category","embeddable":true,"href":"https:\/\/www.ecb.ee\/et\/wp-json\/wp\/v2\/categories?post=39956"},{"taxonomy":"post_tag","embeddable":true,"href":"https:\/\/www.ecb.ee\/et\/wp-json\/wp\/v2\/tags?post=39956"}],"curies":[{"name":"wp","href":"https:\/\/api.w.org\/{rel}","templated":true}]}}