{"id":39887,"date":"2025-02-13T13:45:09","date_gmt":"2025-02-13T13:45:09","guid":{"rendered":"https:\/\/www.ecb.ee\/?p=39887"},"modified":"2025-02-13T13:46:16","modified_gmt":"2025-02-13T13:46:16","slug":"kunagine-kultuurikatla-gaasitorn-on-saanud-uue-elu-hubase-ja-omanaolise-sundmuspaigana","status":"publish","type":"post","link":"https:\/\/www.ecb.ee\/et\/uudised\/kunagine-kultuurikatla-gaasitorn-on-saanud-uue-elu-hubase-ja-omanaolise-sundmuspaigana\/","title":{"rendered":"Kunagine Kultuurikatla Gaasitorn on saanud uue elu hubase ja oman\u00e4olise s\u00fcndmuspaigana"},"content":{"rendered":"<p>Kultuurikatla s\u00fcndmusruumide sekka on lisandunud eriline 360-kraadine, \u00fcmar, 4-korruseline hoone, mis asub Kultuurikatla tagumises sisehoovis, vaid 45 sammu kaugusel peamajast.\u00a0\u00d5uetorn \u00fchendab endas t\u00f6\u00f6stusarhitektuuri v\u00f5lu ja kaasaegsed v\u00f5imalused, olles ideaalne koht seminarideks, koolitusteks, pidulikeks vastuv\u00f5ttudeks v\u00f5i stuudiokontsertideks.<\/p>\n<p>Mahutab kuni 80 k\u00fclalist.\u00a0Kahel tasapinnal paiknev p\u00f5hisaal (kokku 255 m\u00b2, millest\u00a0saalipind\u00a0160 m\u00b2 ja r\u00f5du 95 m\u00b2), privaatne stuudio 2. korrusel (90 m\u00b2), garderoob ning mugavustega WC-d 1. korrusel 70 m\u00b2.\u00a0Saalis on statsionaarne heli- ja videotehnika, konverentsitoolid ja lauad ehk \u201castu ruumi ja alusta s\u00fcndmust\u201d lahendusega.<\/p>\n<p>Lisainfo <a href=\"https:\/\/kultuurikatel.ee\/ruumid\/ouetorn-2\/\">Kultuurikatla kodulehelt<\/a><\/p>\n<div id='gallery-1' class='gallery galleryid-39887 gallery-columns-2 gallery-size-full'><figure class='gallery-item'>\n\t\t\t<div class='gallery-icon portrait'>\n\t\t\t\t<a href='https:\/\/www.ecb.ee\/et\/uudised\/kunagine-kultuurikatla-gaasitorn-on-saanud-uue-elu-hubase-ja-omanaolise-sundmuspaigana\/attachment\/ouetorn1\/'><img loading=\"lazy\" decoding=\"async\" width=\"1126\" height=\"1500\" src=\"https:\/\/www.ecb.ee\/wp-content\/uploads\/2025\/02\/Ouetorn1.jpg\" class=\"attachment-full size-full\" alt=\"\" srcset=\"https:\/\/www.ecb.ee\/wp-content\/uploads\/2025\/02\/Ouetorn1.jpg 1126w, https:\/\/www.ecb.ee\/wp-content\/uploads\/2025\/02\/Ouetorn1-225x300.jpg 225w, https:\/\/www.ecb.ee\/wp-content\/uploads\/2025\/02\/Ouetorn1-769x1024.jpg 769w, https:\/\/www.ecb.ee\/wp-content\/uploads\/2025\/02\/Ouetorn1-768x1023.jpg 768w\" sizes=\"auto, (max-width: 1126px) 100vw, 1126px\" \/><\/a>\n\t\t\t<\/div><\/figure><figure class='gallery-item'>\n\t\t\t<div class='gallery-icon landscape'>\n\t\t\t\t<a href='https:\/\/www.ecb.ee\/et\/uudised\/kunagine-kultuurikatla-gaasitorn-on-saanud-uue-elu-hubase-ja-omanaolise-sundmuspaigana\/attachment\/kultuurikatel-2024-ouetorn-small-2500px-dsc9013\/'><img loading=\"lazy\" decoding=\"async\" width=\"2500\" height=\"1667\" src=\"https:\/\/www.ecb.ee\/wp-content\/uploads\/2025\/02\/kultuurikatel-2024-ouetorn-small-2500px-DSC9013.jpg\" class=\"attachment-full size-full\" alt=\"\" srcset=\"https:\/\/www.ecb.ee\/wp-content\/uploads\/2025\/02\/kultuurikatel-2024-ouetorn-small-2500px-DSC9013.jpg 2500w, https:\/\/www.ecb.ee\/wp-content\/uploads\/2025\/02\/kultuurikatel-2024-ouetorn-small-2500px-DSC9013-300x200.jpg 300w, https:\/\/www.ecb.ee\/wp-content\/uploads\/2025\/02\/kultuurikatel-2024-ouetorn-small-2500px-DSC9013-1024x683.jpg 1024w, https:\/\/www.ecb.ee\/wp-content\/uploads\/2025\/02\/kultuurikatel-2024-ouetorn-small-2500px-DSC9013-768x512.jpg 768w, https:\/\/www.ecb.ee\/wp-content\/uploads\/2025\/02\/kultuurikatel-2024-ouetorn-small-2500px-DSC9013-1536x1024.jpg 1536w, https:\/\/www.ecb.ee\/wp-content\/uploads\/2025\/02\/kultuurikatel-2024-ouetorn-small-2500px-DSC9013-2048x1366.jpg 2048w, https:\/\/www.ecb.ee\/wp-content\/uploads\/2025\/02\/kultuurikatel-2024-ouetorn-small-2500px-DSC9013-1200x800.jpg 1200w, https:\/\/www.ecb.ee\/wp-content\/uploads\/2025\/02\/kultuurikatel-2024-ouetorn-small-2500px-DSC9013-1980x1320.jpg 1980w\" sizes=\"auto, (max-width: 2500px) 100vw, 2500px\" \/><\/a>\n\t\t\t<\/div><\/figure><figure class='gallery-item'>\n\t\t\t<div class='gallery-icon landscape'>\n\t\t\t\t<a href='https:\/\/www.ecb.ee\/et\/uudised\/kunagine-kultuurikatla-gaasitorn-on-saanud-uue-elu-hubase-ja-omanaolise-sundmuspaigana\/attachment\/kultuurikatel-2024-ouetorn-small-2500px-dsc90372\/'><img loading=\"lazy\" decoding=\"async\" width=\"2500\" height=\"1667\" src=\"https:\/\/www.ecb.ee\/wp-content\/uploads\/2025\/02\/kultuurikatel-2024-ouetorn-small-2500px-DSC90372.jpg\" class=\"attachment-full size-full\" alt=\"\" srcset=\"https:\/\/www.ecb.ee\/wp-content\/uploads\/2025\/02\/kultuurikatel-2024-ouetorn-small-2500px-DSC90372.jpg 2500w, https:\/\/www.ecb.ee\/wp-content\/uploads\/2025\/02\/kultuurikatel-2024-ouetorn-small-2500px-DSC90372-300x200.jpg 300w, https:\/\/www.ecb.ee\/wp-content\/uploads\/2025\/02\/kultuurikatel-2024-ouetorn-small-2500px-DSC90372-1024x683.jpg 1024w, https:\/\/www.ecb.ee\/wp-content\/uploads\/2025\/02\/kultuurikatel-2024-ouetorn-small-2500px-DSC90372-768x512.jpg 768w, https:\/\/www.ecb.ee\/wp-content\/uploads\/2025\/02\/kultuurikatel-2024-ouetorn-small-2500px-DSC90372-1536x1024.jpg 1536w, https:\/\/www.ecb.ee\/wp-content\/uploads\/2025\/02\/kultuurikatel-2024-ouetorn-small-2500px-DSC90372-2048x1366.jpg 2048w, https:\/\/www.ecb.ee\/wp-content\/uploads\/2025\/02\/kultuurikatel-2024-ouetorn-small-2500px-DSC90372-1200x800.jpg 1200w, https:\/\/www.ecb.ee\/wp-content\/uploads\/2025\/02\/kultuurikatel-2024-ouetorn-small-2500px-DSC90372-1980x1320.jpg 1980w\" sizes=\"auto, (max-width: 2500px) 100vw, 2500px\" \/><\/a>\n\t\t\t<\/div><\/figure><figure class='gallery-item'>\n\t\t\t<div class='gallery-icon landscape'>\n\t\t\t\t<a href='https:\/\/www.ecb.ee\/et\/uudised\/kunagine-kultuurikatla-gaasitorn-on-saanud-uue-elu-hubase-ja-omanaolise-sundmuspaigana\/attachment\/kultuurikatel-2024-ouetorn-torn-small-2500px-dsc90434\/'><img loading=\"lazy\" decoding=\"async\" width=\"2500\" height=\"1479\" src=\"https:\/\/www.ecb.ee\/wp-content\/uploads\/2025\/02\/kultuurikatel-2024-ouetorn-torn-small-2500px-DSC90434.jpg\" class=\"attachment-full size-full\" alt=\"\" srcset=\"https:\/\/www.ecb.ee\/wp-content\/uploads\/2025\/02\/kultuurikatel-2024-ouetorn-torn-small-2500px-DSC90434.jpg 2500w, https:\/\/www.ecb.ee\/wp-content\/uploads\/2025\/02\/kultuurikatel-2024-ouetorn-torn-small-2500px-DSC90434-300x177.jpg 300w, https:\/\/www.ecb.ee\/wp-content\/uploads\/2025\/02\/kultuurikatel-2024-ouetorn-torn-small-2500px-DSC90434-1024x606.jpg 1024w, https:\/\/www.ecb.ee\/wp-content\/uploads\/2025\/02\/kultuurikatel-2024-ouetorn-torn-small-2500px-DSC90434-768x454.jpg 768w, https:\/\/www.ecb.ee\/wp-content\/uploads\/2025\/02\/kultuurikatel-2024-ouetorn-torn-small-2500px-DSC90434-1536x909.jpg 1536w, https:\/\/www.ecb.ee\/wp-content\/uploads\/2025\/02\/kultuurikatel-2024-ouetorn-torn-small-2500px-DSC90434-2048x1212.jpg 2048w, https:\/\/www.ecb.ee\/wp-content\/uploads\/2025\/02\/kultuurikatel-2024-ouetorn-torn-small-2500px-DSC90434-1200x710.jpg 1200w, https:\/\/www.ecb.ee\/wp-content\/uploads\/2025\/02\/kultuurikatel-2024-ouetorn-torn-small-2500px-DSC90434-1980x1171.jpg 1980w\" sizes=\"auto, (max-width: 2500px) 100vw, 2500px\" \/><\/a>\n\t\t\t<\/div><\/figure>\n\t\t<\/div>\n\n<p>&nbsp;<\/p>\n","protected":false},"excerpt":{"rendered":"<p>Kultuurikatla s\u00fcndmusruumide sekka on lisandunud eriline 360-kraadine, \u00fcmar, 4-korruseline hoone, mis asub Kultuurikatla tagumises sisehoovis, vaid 45 sammu kaugusel peamajast.\u00a0\u00d5uetorn \u00fchendab endas t\u00f6\u00f6stusarhitektuuri v\u00f5lu ja kaasaegsed v\u00f5imalused, olles ideaalne koht seminarideks, koolitusteks, pidulikeks vastuv\u00f5ttudeks v\u00f5i stuudiokontsertideks. Mahutab kuni 80 k\u00fclalist.\u00a0Kahel tasapinnal paiknev p\u00f5hisaal (kokku 255 m\u00b2, millest\u00a0saalipind\u00a0160 m\u00b2 ja r\u00f5du 95 m\u00b2), privaatne stuudio 2. [&hellip;]<\/p>\n","protected":false},"author":4,"featured_media":39897,"comment_status":"closed","ping_status":"closed","sticky":false,"template":"","format":"standard","meta":{"_acf_changed":false,"footnotes":""},"categories":[189],"tags":[],"class_list":["post-39887","post","type-post","status-publish","format-standard","has-post-thumbnail","hentry","category-uudised"],"acf":[],"yoast_head":"<!-- This site is optimized with the Yoast SEO plugin v27.5 - https:\/\/yoast.com\/product\/yoast-seo-wordpress\/ -->\n<title>Kunagine Kultuurikatla Gaasitorn on saanud uue elu hubase ja oman\u00e4olise s\u00fcndmuspaigana - Estonian Convention Bureau<\/title>\n<meta name=\"robots\" content=\"index, follow, max-snippet:-1, max-image-preview:large, max-video-preview:-1\" \/>\n<link rel=\"canonical\" href=\"https:\/\/www.ecb.ee\/et\/uudised\/kunagine-kultuurikatla-gaasitorn-on-saanud-uue-elu-hubase-ja-omanaolise-sundmuspaigana\/\" \/>\n<meta property=\"og:locale\" content=\"et_EE\" \/>\n<meta property=\"og:type\" content=\"article\" \/>\n<meta property=\"og:title\" content=\"Kunagine Kultuurikatla Gaasitorn on saanud uue elu hubase ja oman\u00e4olise s\u00fcndmuspaigana - Estonian Convention Bureau\" \/>\n<meta property=\"og:description\" content=\"Kultuurikatla s\u00fcndmusruumide sekka on lisandunud eriline 360-kraadine, \u00fcmar, 4-korruseline hoone, mis asub Kultuurikatla tagumises sisehoovis, vaid 45 sammu kaugusel peamajast.\u00a0\u00d5uetorn \u00fchendab endas t\u00f6\u00f6stusarhitektuuri v\u00f5lu ja kaasaegsed v\u00f5imalused, olles ideaalne koht seminarideks, koolitusteks, pidulikeks vastuv\u00f5ttudeks v\u00f5i stuudiokontsertideks. Mahutab kuni 80 k\u00fclalist.\u00a0Kahel tasapinnal paiknev p\u00f5hisaal (kokku 255 m\u00b2, millest\u00a0saalipind\u00a0160 m\u00b2 ja r\u00f5du 95 m\u00b2), privaatne stuudio 2. [&hellip;]\" \/>\n<meta property=\"og:url\" content=\"https:\/\/www.ecb.ee\/et\/uudised\/kunagine-kultuurikatla-gaasitorn-on-saanud-uue-elu-hubase-ja-omanaolise-sundmuspaigana\/\" \/>\n<meta property=\"og:site_name\" content=\"Estonian Convention Bureau\" \/>\n<meta property=\"article:published_time\" content=\"2025-02-13T13:45:09+00:00\" \/>\n<meta property=\"article:modified_time\" content=\"2025-02-13T13:46:16+00:00\" \/>\n<meta property=\"og:image\" content=\"https:\/\/www.ecb.ee\/wp-content\/uploads\/2025\/02\/Ouetorn1.jpg\" \/>\n\t<meta property=\"og:image:width\" content=\"1126\" \/>\n\t<meta property=\"og:image:height\" content=\"1500\" \/>\n\t<meta property=\"og:image:type\" content=\"image\/jpeg\" \/>\n<meta name=\"author\" content=\"Riine Tiigi\" \/>\n<meta name=\"twitter:card\" content=\"summary_large_image\" \/>\n<meta name=\"twitter:label1\" content=\"Written by\" \/>\n\t<meta name=\"twitter:data1\" content=\"Riine Tiigi\" \/>\n\t<meta name=\"twitter:label2\" content=\"Est. reading time\" \/>\n\t<meta name=\"twitter:data2\" content=\"1 minut\" \/>\n<script type=\"application\/ld+json\" class=\"yoast-schema-graph\">{\"@context\":\"https:\\\/\\\/schema.org\",\"@graph\":[{\"@type\":\"Article\",\"@id\":\"https:\\\/\\\/www.ecb.ee\\\/et\\\/uudised\\\/kunagine-kultuurikatla-gaasitorn-on-saanud-uue-elu-hubase-ja-omanaolise-sundmuspaigana\\\/#article\",\"isPartOf\":{\"@id\":\"https:\\\/\\\/www.ecb.ee\\\/et\\\/uudised\\\/kunagine-kultuurikatla-gaasitorn-on-saanud-uue-elu-hubase-ja-omanaolise-sundmuspaigana\\\/\"},\"author\":{\"name\":\"Riine Tiigi\",\"@id\":\"https:\\\/\\\/www.ecb.ee\\\/#\\\/schema\\\/person\\\/683a06848cf0a690b2ba233665cb719f\"},\"headline\":\"Kunagine Kultuurikatla Gaasitorn on saanud uue elu hubase ja oman\u00e4olise s\u00fcndmuspaigana\",\"datePublished\":\"2025-02-13T13:45:09+00:00\",\"dateModified\":\"2025-02-13T13:46:16+00:00\",\"mainEntityOfPage\":{\"@id\":\"https:\\\/\\\/www.ecb.ee\\\/et\\\/uudised\\\/kunagine-kultuurikatla-gaasitorn-on-saanud-uue-elu-hubase-ja-omanaolise-sundmuspaigana\\\/\"},\"wordCount\":109,\"publisher\":{\"@id\":\"https:\\\/\\\/www.ecb.ee\\\/#organization\"},\"image\":{\"@id\":\"https:\\\/\\\/www.ecb.ee\\\/et\\\/uudised\\\/kunagine-kultuurikatla-gaasitorn-on-saanud-uue-elu-hubase-ja-omanaolise-sundmuspaigana\\\/#primaryimage\"},\"thumbnailUrl\":\"https:\\\/\\\/www.ecb.ee\\\/wp-content\\\/uploads\\\/2025\\\/02\\\/Ouetorn1.jpg\",\"articleSection\":[\"Uudised\"],\"inLanguage\":\"et\"},{\"@type\":\"WebPage\",\"@id\":\"https:\\\/\\\/www.ecb.ee\\\/et\\\/uudised\\\/kunagine-kultuurikatla-gaasitorn-on-saanud-uue-elu-hubase-ja-omanaolise-sundmuspaigana\\\/\",\"url\":\"https:\\\/\\\/www.ecb.ee\\\/et\\\/uudised\\\/kunagine-kultuurikatla-gaasitorn-on-saanud-uue-elu-hubase-ja-omanaolise-sundmuspaigana\\\/\",\"name\":\"Kunagine Kultuurikatla Gaasitorn on saanud uue elu hubase ja oman\u00e4olise s\u00fcndmuspaigana - Estonian Convention Bureau\",\"isPartOf\":{\"@id\":\"https:\\\/\\\/www.ecb.ee\\\/#website\"},\"primaryImageOfPage\":{\"@id\":\"https:\\\/\\\/www.ecb.ee\\\/et\\\/uudised\\\/kunagine-kultuurikatla-gaasitorn-on-saanud-uue-elu-hubase-ja-omanaolise-sundmuspaigana\\\/#primaryimage\"},\"image\":{\"@id\":\"https:\\\/\\\/www.ecb.ee\\\/et\\\/uudised\\\/kunagine-kultuurikatla-gaasitorn-on-saanud-uue-elu-hubase-ja-omanaolise-sundmuspaigana\\\/#primaryimage\"},\"thumbnailUrl\":\"https:\\\/\\\/www.ecb.ee\\\/wp-content\\\/uploads\\\/2025\\\/02\\\/Ouetorn1.jpg\",\"datePublished\":\"2025-02-13T13:45:09+00:00\",\"dateModified\":\"2025-02-13T13:46:16+00:00\",\"breadcrumb\":{\"@id\":\"https:\\\/\\\/www.ecb.ee\\\/et\\\/uudised\\\/kunagine-kultuurikatla-gaasitorn-on-saanud-uue-elu-hubase-ja-omanaolise-sundmuspaigana\\\/#breadcrumb\"},\"inLanguage\":\"et\",\"potentialAction\":[{\"@type\":\"ReadAction\",\"target\":[\"https:\\\/\\\/www.ecb.ee\\\/et\\\/uudised\\\/kunagine-kultuurikatla-gaasitorn-on-saanud-uue-elu-hubase-ja-omanaolise-sundmuspaigana\\\/\"]}]},{\"@type\":\"ImageObject\",\"inLanguage\":\"et\",\"@id\":\"https:\\\/\\\/www.ecb.ee\\\/et\\\/uudised\\\/kunagine-kultuurikatla-gaasitorn-on-saanud-uue-elu-hubase-ja-omanaolise-sundmuspaigana\\\/#primaryimage\",\"url\":\"https:\\\/\\\/www.ecb.ee\\\/wp-content\\\/uploads\\\/2025\\\/02\\\/Ouetorn1.jpg\",\"contentUrl\":\"https:\\\/\\\/www.ecb.ee\\\/wp-content\\\/uploads\\\/2025\\\/02\\\/Ouetorn1.jpg\",\"width\":1126,\"height\":1500},{\"@type\":\"BreadcrumbList\",\"@id\":\"https:\\\/\\\/www.ecb.ee\\\/et\\\/uudised\\\/kunagine-kultuurikatla-gaasitorn-on-saanud-uue-elu-hubase-ja-omanaolise-sundmuspaigana\\\/#breadcrumb\",\"itemListElement\":[{\"@type\":\"ListItem\",\"position\":1,\"name\":\"Home\",\"item\":\"https:\\\/\\\/www.ecb.ee\\\/et\\\/\"},{\"@type\":\"ListItem\",\"position\":2,\"name\":\"Kunagine Kultuurikatla Gaasitorn on saanud uue elu hubase ja oman\u00e4olise s\u00fcndmuspaigana\"}]},{\"@type\":\"WebSite\",\"@id\":\"https:\\\/\\\/www.ecb.ee\\\/#website\",\"url\":\"https:\\\/\\\/www.ecb.ee\\\/\",\"name\":\"Estonian Convention Bureau\",\"description\":\"\",\"publisher\":{\"@id\":\"https:\\\/\\\/www.ecb.ee\\\/#organization\"},\"potentialAction\":[{\"@type\":\"SearchAction\",\"target\":{\"@type\":\"EntryPoint\",\"urlTemplate\":\"https:\\\/\\\/www.ecb.ee\\\/?s={search_term_string}\"},\"query-input\":{\"@type\":\"PropertyValueSpecification\",\"valueRequired\":true,\"valueName\":\"search_term_string\"}}],\"inLanguage\":\"et\"},{\"@type\":\"Organization\",\"@id\":\"https:\\\/\\\/www.ecb.ee\\\/#organization\",\"name\":\"Estonian Convention Bureau\",\"url\":\"https:\\\/\\\/www.ecb.ee\\\/\",\"logo\":{\"@type\":\"ImageObject\",\"inLanguage\":\"et\",\"@id\":\"https:\\\/\\\/www.ecb.ee\\\/#\\\/schema\\\/logo\\\/image\\\/\",\"url\":\"https:\\\/\\\/www.ecb.ee\\\/wp-content\\\/uploads\\\/2020\\\/12\\\/site_logo.svg\",\"contentUrl\":\"https:\\\/\\\/www.ecb.ee\\\/wp-content\\\/uploads\\\/2020\\\/12\\\/site_logo.svg\",\"caption\":\"Estonian Convention Bureau\"},\"image\":{\"@id\":\"https:\\\/\\\/www.ecb.ee\\\/#\\\/schema\\\/logo\\\/image\\\/\"}},{\"@type\":\"Person\",\"@id\":\"https:\\\/\\\/www.ecb.ee\\\/#\\\/schema\\\/person\\\/683a06848cf0a690b2ba233665cb719f\",\"name\":\"Riine Tiigi\",\"image\":{\"@type\":\"ImageObject\",\"inLanguage\":\"et\",\"@id\":\"https:\\\/\\\/secure.gravatar.com\\\/avatar\\\/d86339875b83b6a9394fce703248189388335d81fba6ca62f59bc61cc7a0ae31?s=96&d=mm&r=g\",\"url\":\"https:\\\/\\\/secure.gravatar.com\\\/avatar\\\/d86339875b83b6a9394fce703248189388335d81fba6ca62f59bc61cc7a0ae31?s=96&d=mm&r=g\",\"contentUrl\":\"https:\\\/\\\/secure.gravatar.com\\\/avatar\\\/d86339875b83b6a9394fce703248189388335d81fba6ca62f59bc61cc7a0ae31?s=96&d=mm&r=g\",\"caption\":\"Riine Tiigi\"},\"url\":\"https:\\\/\\\/www.ecb.ee\\\/et\\\/author\\\/riine\\\/\"}]}<\/script>\n<!-- \/ Yoast SEO plugin. -->","yoast_head_json":{"title":"Kunagine Kultuurikatla Gaasitorn on saanud uue elu hubase ja oman\u00e4olise s\u00fcndmuspaigana - Estonian Convention Bureau","robots":{"index":"index","follow":"follow","max-snippet":"max-snippet:-1","max-image-preview":"max-image-preview:large","max-video-preview":"max-video-preview:-1"},"canonical":"https:\/\/www.ecb.ee\/et\/uudised\/kunagine-kultuurikatla-gaasitorn-on-saanud-uue-elu-hubase-ja-omanaolise-sundmuspaigana\/","og_locale":"et_EE","og_type":"article","og_title":"Kunagine Kultuurikatla Gaasitorn on saanud uue elu hubase ja oman\u00e4olise s\u00fcndmuspaigana - Estonian Convention Bureau","og_description":"Kultuurikatla s\u00fcndmusruumide sekka on lisandunud eriline 360-kraadine, \u00fcmar, 4-korruseline hoone, mis asub Kultuurikatla tagumises sisehoovis, vaid 45 sammu kaugusel peamajast.\u00a0\u00d5uetorn \u00fchendab endas t\u00f6\u00f6stusarhitektuuri v\u00f5lu ja kaasaegsed v\u00f5imalused, olles ideaalne koht seminarideks, koolitusteks, pidulikeks vastuv\u00f5ttudeks v\u00f5i stuudiokontsertideks. Mahutab kuni 80 k\u00fclalist.\u00a0Kahel tasapinnal paiknev p\u00f5hisaal (kokku 255 m\u00b2, millest\u00a0saalipind\u00a0160 m\u00b2 ja r\u00f5du 95 m\u00b2), privaatne stuudio 2. [&hellip;]","og_url":"https:\/\/www.ecb.ee\/et\/uudised\/kunagine-kultuurikatla-gaasitorn-on-saanud-uue-elu-hubase-ja-omanaolise-sundmuspaigana\/","og_site_name":"Estonian Convention Bureau","article_published_time":"2025-02-13T13:45:09+00:00","article_modified_time":"2025-02-13T13:46:16+00:00","og_image":[{"width":1126,"height":1500,"url":"https:\/\/www.ecb.ee\/wp-content\/uploads\/2025\/02\/Ouetorn1.jpg","type":"image\/jpeg"}],"author":"Riine Tiigi","twitter_card":"summary_large_image","twitter_misc":{"Written by":"Riine Tiigi","Est. reading time":"1 minut"},"schema":{"@context":"https:\/\/schema.org","@graph":[{"@type":"Article","@id":"https:\/\/www.ecb.ee\/et\/uudised\/kunagine-kultuurikatla-gaasitorn-on-saanud-uue-elu-hubase-ja-omanaolise-sundmuspaigana\/#article","isPartOf":{"@id":"https:\/\/www.ecb.ee\/et\/uudised\/kunagine-kultuurikatla-gaasitorn-on-saanud-uue-elu-hubase-ja-omanaolise-sundmuspaigana\/"},"author":{"name":"Riine Tiigi","@id":"https:\/\/www.ecb.ee\/#\/schema\/person\/683a06848cf0a690b2ba233665cb719f"},"headline":"Kunagine Kultuurikatla Gaasitorn on saanud uue elu hubase ja oman\u00e4olise s\u00fcndmuspaigana","datePublished":"2025-02-13T13:45:09+00:00","dateModified":"2025-02-13T13:46:16+00:00","mainEntityOfPage":{"@id":"https:\/\/www.ecb.ee\/et\/uudised\/kunagine-kultuurikatla-gaasitorn-on-saanud-uue-elu-hubase-ja-omanaolise-sundmuspaigana\/"},"wordCount":109,"publisher":{"@id":"https:\/\/www.ecb.ee\/#organization"},"image":{"@id":"https:\/\/www.ecb.ee\/et\/uudised\/kunagine-kultuurikatla-gaasitorn-on-saanud-uue-elu-hubase-ja-omanaolise-sundmuspaigana\/#primaryimage"},"thumbnailUrl":"https:\/\/www.ecb.ee\/wp-content\/uploads\/2025\/02\/Ouetorn1.jpg","articleSection":["Uudised"],"inLanguage":"et"},{"@type":"WebPage","@id":"https:\/\/www.ecb.ee\/et\/uudised\/kunagine-kultuurikatla-gaasitorn-on-saanud-uue-elu-hubase-ja-omanaolise-sundmuspaigana\/","url":"https:\/\/www.ecb.ee\/et\/uudised\/kunagine-kultuurikatla-gaasitorn-on-saanud-uue-elu-hubase-ja-omanaolise-sundmuspaigana\/","name":"Kunagine Kultuurikatla Gaasitorn on saanud uue elu hubase ja oman\u00e4olise s\u00fcndmuspaigana - Estonian Convention Bureau","isPartOf":{"@id":"https:\/\/www.ecb.ee\/#website"},"primaryImageOfPage":{"@id":"https:\/\/www.ecb.ee\/et\/uudised\/kunagine-kultuurikatla-gaasitorn-on-saanud-uue-elu-hubase-ja-omanaolise-sundmuspaigana\/#primaryimage"},"image":{"@id":"https:\/\/www.ecb.ee\/et\/uudised\/kunagine-kultuurikatla-gaasitorn-on-saanud-uue-elu-hubase-ja-omanaolise-sundmuspaigana\/#primaryimage"},"thumbnailUrl":"https:\/\/www.ecb.ee\/wp-content\/uploads\/2025\/02\/Ouetorn1.jpg","datePublished":"2025-02-13T13:45:09+00:00","dateModified":"2025-02-13T13:46:16+00:00","breadcrumb":{"@id":"https:\/\/www.ecb.ee\/et\/uudised\/kunagine-kultuurikatla-gaasitorn-on-saanud-uue-elu-hubase-ja-omanaolise-sundmuspaigana\/#breadcrumb"},"inLanguage":"et","potentialAction":[{"@type":"ReadAction","target":["https:\/\/www.ecb.ee\/et\/uudised\/kunagine-kultuurikatla-gaasitorn-on-saanud-uue-elu-hubase-ja-omanaolise-sundmuspaigana\/"]}]},{"@type":"ImageObject","inLanguage":"et","@id":"https:\/\/www.ecb.ee\/et\/uudised\/kunagine-kultuurikatla-gaasitorn-on-saanud-uue-elu-hubase-ja-omanaolise-sundmuspaigana\/#primaryimage","url":"https:\/\/www.ecb.ee\/wp-content\/uploads\/2025\/02\/Ouetorn1.jpg","contentUrl":"https:\/\/www.ecb.ee\/wp-content\/uploads\/2025\/02\/Ouetorn1.jpg","width":1126,"height":1500},{"@type":"BreadcrumbList","@id":"https:\/\/www.ecb.ee\/et\/uudised\/kunagine-kultuurikatla-gaasitorn-on-saanud-uue-elu-hubase-ja-omanaolise-sundmuspaigana\/#breadcrumb","itemListElement":[{"@type":"ListItem","position":1,"name":"Home","item":"https:\/\/www.ecb.ee\/et\/"},{"@type":"ListItem","position":2,"name":"Kunagine Kultuurikatla Gaasitorn on saanud uue elu hubase ja oman\u00e4olise s\u00fcndmuspaigana"}]},{"@type":"WebSite","@id":"https:\/\/www.ecb.ee\/#website","url":"https:\/\/www.ecb.ee\/","name":"Estonian Convention Bureau","description":"","publisher":{"@id":"https:\/\/www.ecb.ee\/#organization"},"potentialAction":[{"@type":"SearchAction","target":{"@type":"EntryPoint","urlTemplate":"https:\/\/www.ecb.ee\/?s={search_term_string}"},"query-input":{"@type":"PropertyValueSpecification","valueRequired":true,"valueName":"search_term_string"}}],"inLanguage":"et"},{"@type":"Organization","@id":"https:\/\/www.ecb.ee\/#organization","name":"Estonian Convention Bureau","url":"https:\/\/www.ecb.ee\/","logo":{"@type":"ImageObject","inLanguage":"et","@id":"https:\/\/www.ecb.ee\/#\/schema\/logo\/image\/","url":"https:\/\/www.ecb.ee\/wp-content\/uploads\/2020\/12\/site_logo.svg","contentUrl":"https:\/\/www.ecb.ee\/wp-content\/uploads\/2020\/12\/site_logo.svg","caption":"Estonian Convention Bureau"},"image":{"@id":"https:\/\/www.ecb.ee\/#\/schema\/logo\/image\/"}},{"@type":"Person","@id":"https:\/\/www.ecb.ee\/#\/schema\/person\/683a06848cf0a690b2ba233665cb719f","name":"Riine Tiigi","image":{"@type":"ImageObject","inLanguage":"et","@id":"https:\/\/secure.gravatar.com\/avatar\/d86339875b83b6a9394fce703248189388335d81fba6ca62f59bc61cc7a0ae31?s=96&d=mm&r=g","url":"https:\/\/secure.gravatar.com\/avatar\/d86339875b83b6a9394fce703248189388335d81fba6ca62f59bc61cc7a0ae31?s=96&d=mm&r=g","contentUrl":"https:\/\/secure.gravatar.com\/avatar\/d86339875b83b6a9394fce703248189388335d81fba6ca62f59bc61cc7a0ae31?s=96&d=mm&r=g","caption":"Riine Tiigi"},"url":"https:\/\/www.ecb.ee\/et\/author\/riine\/"}]}},"_links":{"self":[{"href":"https:\/\/www.ecb.ee\/et\/wp-json\/wp\/v2\/posts\/39887","targetHints":{"allow":["GET"]}}],"collection":[{"href":"https:\/\/www.ecb.ee\/et\/wp-json\/wp\/v2\/posts"}],"about":[{"href":"https:\/\/www.ecb.ee\/et\/wp-json\/wp\/v2\/types\/post"}],"author":[{"embeddable":true,"href":"https:\/\/www.ecb.ee\/et\/wp-json\/wp\/v2\/users\/4"}],"replies":[{"embeddable":true,"href":"https:\/\/www.ecb.ee\/et\/wp-json\/wp\/v2\/comments?post=39887"}],"version-history":[{"count":1,"href":"https:\/\/www.ecb.ee\/et\/wp-json\/wp\/v2\/posts\/39887\/revisions"}],"predecessor-version":[{"id":39900,"href":"https:\/\/www.ecb.ee\/et\/wp-json\/wp\/v2\/posts\/39887\/revisions\/39900"}],"wp:featuredmedia":[{"embeddable":true,"href":"https:\/\/www.ecb.ee\/et\/wp-json\/wp\/v2\/media\/39897"}],"wp:attachment":[{"href":"https:\/\/www.ecb.ee\/et\/wp-json\/wp\/v2\/media?parent=39887"}],"wp:term":[{"taxonomy":"category","embeddable":true,"href":"https:\/\/www.ecb.ee\/et\/wp-json\/wp\/v2\/categories?post=39887"},{"taxonomy":"post_tag","embeddable":true,"href":"https:\/\/www.ecb.ee\/et\/wp-json\/wp\/v2\/tags?post=39887"}],"curies":[{"name":"wp","href":"https:\/\/api.w.org\/{rel}","templated":true}]}}