{"id":39045,"date":"2025-01-13T12:46:43","date_gmt":"2025-01-13T12:46:43","guid":{"rendered":"https:\/\/www.ecb.ee\/?p=39045"},"modified":"2025-01-14T08:07:31","modified_gmt":"2025-01-14T08:07:31","slug":"tartu-ulikooli-muuseum-valge-saal-labis-uuenduskuuri","status":"publish","type":"post","link":"https:\/\/www.ecb.ee\/et\/uudised\/tartu-ulikooli-muuseum-valge-saal-labis-uuenduskuuri\/","title":{"rendered":"Tartu \u00fclikooli muuseum valge saal l\u00e4bis uuenduskuuri"},"content":{"rendered":"<p><strong>Tartu \u00dclikooli muuseumi kolmandal korrusel asuv valge saal on \u00fcks \u00fclikooli t\u00e4htsamaid esindussaale, mis v\u00f5imaldab korraldada mitmesuguseid \u00fcritusi, n\u00e4iteks kontserte, konverentse, teatrietendusi, juubeleid ja pulmi.\u00a0<\/strong><\/p>\n<p>Valge saal on osa kunagise toomkiriku kooriruumist, mis on tuntud uhkete l\u00fchtrite, kaunite r\u00f5dude ja suursuguste keskaegsete piilarite poolest.<\/p>\n<p>Novembris j\u00f5udis l\u00f5pule Tartu \u00dclikooli muuseumi valge saali uuenduskuur, mille k\u00e4igus toodi interj\u00f6\u00f6ri tagasi Leila P\u00e4rtelpoja kujundatud biidermeierstiilis toolid ning kaasajastati presiidiumilaud ja k\u00f5nepult. N\u00fc\u00fcdsest on saalis ka rohkete v\u00f5imalustega konverentsitehnika, mis rahuldab ka n\u00f5udlikuma \u00fcritusekorraldaja vajadused.<\/p>\n<p>Valge saal mahutab teatristiilis paigutatuna 110, laudade-toolidega 150 ja ilma istekohtadeta 250 inimest. Ettekannete tegemiseks on saalis 98\u201d LCD<span lang=\"ET\">&#8211;<\/span>ekraan, esitluspult ning erinevad mikrofonid. Uus heli- ja valguslahendus v\u00f5imaldab luua hubas<span lang=\"ET\">e<\/span>\u00a0atmosf\u00e4\u00e4ri ning pidada ettekandeid<span lang=\"ET\">\u00a0ka<\/span>\u00a0veebi\u00a0teel, soodustades \u00fcrituste kestlikku korraldamist.<\/p>\n<p>Vaata lisainfot broneerimise ja hindade kohta <a href=\"https:\/\/muuseum.ut.ee\/et\/sisu\/valge-saal\">muuseumi kodulehelt<\/a><\/p>\n<p><em>Foto autor: Andres Tennus<\/em><\/p>\n<div id='gallery-1' class='gallery galleryid-39045 gallery-columns-1 gallery-size-full'><figure class='gallery-item'>\n\t\t\t<div class='gallery-icon landscape'>\n\t\t\t\t<a href='https:\/\/www.ecb.ee\/et\/uudised\/tartu-ulikooli-muuseum-valge-saal-labis-uuenduskuuri\/attachment\/university-of-tartu-white-hall-compressed\/'><img loading=\"lazy\" decoding=\"async\" width=\"2560\" height=\"1707\" src=\"https:\/\/www.ecb.ee\/wp-content\/uploads\/2025\/01\/University-of-Tartu-White-Hall-Compressed--scaled.jpg\" class=\"attachment-full size-full\" alt=\"University of Tartu White Hall\" srcset=\"https:\/\/www.ecb.ee\/wp-content\/uploads\/2025\/01\/University-of-Tartu-White-Hall-Compressed--scaled.jpg 2560w, https:\/\/www.ecb.ee\/wp-content\/uploads\/2025\/01\/University-of-Tartu-White-Hall-Compressed--300x200.jpg 300w, https:\/\/www.ecb.ee\/wp-content\/uploads\/2025\/01\/University-of-Tartu-White-Hall-Compressed--1024x683.jpg 1024w, https:\/\/www.ecb.ee\/wp-content\/uploads\/2025\/01\/University-of-Tartu-White-Hall-Compressed--768x512.jpg 768w, https:\/\/www.ecb.ee\/wp-content\/uploads\/2025\/01\/University-of-Tartu-White-Hall-Compressed--1536x1024.jpg 1536w, https:\/\/www.ecb.ee\/wp-content\/uploads\/2025\/01\/University-of-Tartu-White-Hall-Compressed--2048x1366.jpg 2048w, https:\/\/www.ecb.ee\/wp-content\/uploads\/2025\/01\/University-of-Tartu-White-Hall-Compressed--1200x800.jpg 1200w, https:\/\/www.ecb.ee\/wp-content\/uploads\/2025\/01\/University-of-Tartu-White-Hall-Compressed--1980x1320.jpg 1980w\" sizes=\"auto, (max-width: 2560px) 100vw, 2560px\" \/><\/a>\n\t\t\t<\/div><\/figure>\n\t\t<\/div>\n\n","protected":false},"excerpt":{"rendered":"<p>Tartu \u00dclikooli muuseumi kolmandal korrusel asuv valge saal on \u00fcks \u00fclikooli t\u00e4htsamaid esindussaale, mis v\u00f5imaldab korraldada mitmesuguseid \u00fcritusi, n\u00e4iteks kontserte, konverentse, teatrietendusi, juubeleid ja pulmi.\u00a0 Valge saal on osa kunagise toomkiriku kooriruumist, mis on tuntud uhkete l\u00fchtrite, kaunite r\u00f5dude ja suursuguste keskaegsete piilarite poolest. Novembris j\u00f5udis l\u00f5pule Tartu \u00dclikooli muuseumi valge saali uuenduskuur, mille k\u00e4igus [&hellip;]<\/p>\n","protected":false},"author":4,"featured_media":39054,"comment_status":"closed","ping_status":"closed","sticky":false,"template":"","format":"standard","meta":{"_acf_changed":false,"footnotes":""},"categories":[189],"tags":[],"class_list":["post-39045","post","type-post","status-publish","format-standard","has-post-thumbnail","hentry","category-uudised"],"acf":[],"yoast_head":"<!-- This site is optimized with the Yoast SEO plugin v27.5 - https:\/\/yoast.com\/product\/yoast-seo-wordpress\/ -->\n<title>Tartu \u00fclikooli muuseum valge saal l\u00e4bis uuenduskuuri - Estonian Convention Bureau<\/title>\n<meta name=\"robots\" content=\"index, follow, max-snippet:-1, max-image-preview:large, max-video-preview:-1\" \/>\n<link rel=\"canonical\" href=\"https:\/\/www.ecb.ee\/et\/uudised\/tartu-ulikooli-muuseum-valge-saal-labis-uuenduskuuri\/\" \/>\n<meta property=\"og:locale\" content=\"et_EE\" \/>\n<meta property=\"og:type\" content=\"article\" \/>\n<meta property=\"og:title\" content=\"Tartu \u00fclikooli muuseum valge saal l\u00e4bis uuenduskuuri - Estonian Convention Bureau\" \/>\n<meta property=\"og:description\" content=\"Tartu \u00dclikooli muuseumi kolmandal korrusel asuv valge saal on \u00fcks \u00fclikooli t\u00e4htsamaid esindussaale, mis v\u00f5imaldab korraldada mitmesuguseid \u00fcritusi, n\u00e4iteks kontserte, konverentse, teatrietendusi, juubeleid ja pulmi.\u00a0 Valge saal on osa kunagise toomkiriku kooriruumist, mis on tuntud uhkete l\u00fchtrite, kaunite r\u00f5dude ja suursuguste keskaegsete piilarite poolest. Novembris j\u00f5udis l\u00f5pule Tartu \u00dclikooli muuseumi valge saali uuenduskuur, mille k\u00e4igus [&hellip;]\" \/>\n<meta property=\"og:url\" content=\"https:\/\/www.ecb.ee\/et\/uudised\/tartu-ulikooli-muuseum-valge-saal-labis-uuenduskuuri\/\" \/>\n<meta property=\"og:site_name\" content=\"Estonian Convention Bureau\" \/>\n<meta property=\"article:published_time\" content=\"2025-01-13T12:46:43+00:00\" \/>\n<meta property=\"article:modified_time\" content=\"2025-01-14T08:07:31+00:00\" \/>\n<meta property=\"og:image\" content=\"https:\/\/www.ecb.ee\/wp-content\/uploads\/2025\/01\/University-of-Tartu-White-Hall-Compressed--scaled.jpg\" \/>\n\t<meta property=\"og:image:width\" content=\"2560\" \/>\n\t<meta property=\"og:image:height\" content=\"1707\" \/>\n\t<meta property=\"og:image:type\" content=\"image\/jpeg\" \/>\n<meta name=\"author\" content=\"Riine Tiigi\" \/>\n<meta name=\"twitter:card\" content=\"summary_large_image\" \/>\n<meta name=\"twitter:label1\" content=\"Written by\" \/>\n\t<meta name=\"twitter:data1\" content=\"Riine Tiigi\" \/>\n\t<meta name=\"twitter:label2\" content=\"Est. reading time\" \/>\n\t<meta name=\"twitter:data2\" content=\"1 minut\" \/>\n<script type=\"application\/ld+json\" class=\"yoast-schema-graph\">{\"@context\":\"https:\\\/\\\/schema.org\",\"@graph\":[{\"@type\":\"Article\",\"@id\":\"https:\\\/\\\/www.ecb.ee\\\/et\\\/uudised\\\/tartu-ulikooli-muuseum-valge-saal-labis-uuenduskuuri\\\/#article\",\"isPartOf\":{\"@id\":\"https:\\\/\\\/www.ecb.ee\\\/et\\\/uudised\\\/tartu-ulikooli-muuseum-valge-saal-labis-uuenduskuuri\\\/\"},\"author\":{\"name\":\"Riine Tiigi\",\"@id\":\"https:\\\/\\\/www.ecb.ee\\\/#\\\/schema\\\/person\\\/683a06848cf0a690b2ba233665cb719f\"},\"headline\":\"Tartu \u00fclikooli muuseum valge saal l\u00e4bis uuenduskuuri\",\"datePublished\":\"2025-01-13T12:46:43+00:00\",\"dateModified\":\"2025-01-14T08:07:31+00:00\",\"mainEntityOfPage\":{\"@id\":\"https:\\\/\\\/www.ecb.ee\\\/et\\\/uudised\\\/tartu-ulikooli-muuseum-valge-saal-labis-uuenduskuuri\\\/\"},\"wordCount\":159,\"publisher\":{\"@id\":\"https:\\\/\\\/www.ecb.ee\\\/#organization\"},\"image\":{\"@id\":\"https:\\\/\\\/www.ecb.ee\\\/et\\\/uudised\\\/tartu-ulikooli-muuseum-valge-saal-labis-uuenduskuuri\\\/#primaryimage\"},\"thumbnailUrl\":\"https:\\\/\\\/www.ecb.ee\\\/wp-content\\\/uploads\\\/2025\\\/01\\\/University-of-Tartu-White-Hall-Compressed--scaled.jpg\",\"articleSection\":[\"Uudised\"],\"inLanguage\":\"et\"},{\"@type\":\"WebPage\",\"@id\":\"https:\\\/\\\/www.ecb.ee\\\/et\\\/uudised\\\/tartu-ulikooli-muuseum-valge-saal-labis-uuenduskuuri\\\/\",\"url\":\"https:\\\/\\\/www.ecb.ee\\\/et\\\/uudised\\\/tartu-ulikooli-muuseum-valge-saal-labis-uuenduskuuri\\\/\",\"name\":\"Tartu \u00fclikooli muuseum valge saal l\u00e4bis uuenduskuuri - Estonian Convention Bureau\",\"isPartOf\":{\"@id\":\"https:\\\/\\\/www.ecb.ee\\\/#website\"},\"primaryImageOfPage\":{\"@id\":\"https:\\\/\\\/www.ecb.ee\\\/et\\\/uudised\\\/tartu-ulikooli-muuseum-valge-saal-labis-uuenduskuuri\\\/#primaryimage\"},\"image\":{\"@id\":\"https:\\\/\\\/www.ecb.ee\\\/et\\\/uudised\\\/tartu-ulikooli-muuseum-valge-saal-labis-uuenduskuuri\\\/#primaryimage\"},\"thumbnailUrl\":\"https:\\\/\\\/www.ecb.ee\\\/wp-content\\\/uploads\\\/2025\\\/01\\\/University-of-Tartu-White-Hall-Compressed--scaled.jpg\",\"datePublished\":\"2025-01-13T12:46:43+00:00\",\"dateModified\":\"2025-01-14T08:07:31+00:00\",\"breadcrumb\":{\"@id\":\"https:\\\/\\\/www.ecb.ee\\\/et\\\/uudised\\\/tartu-ulikooli-muuseum-valge-saal-labis-uuenduskuuri\\\/#breadcrumb\"},\"inLanguage\":\"et\",\"potentialAction\":[{\"@type\":\"ReadAction\",\"target\":[\"https:\\\/\\\/www.ecb.ee\\\/et\\\/uudised\\\/tartu-ulikooli-muuseum-valge-saal-labis-uuenduskuuri\\\/\"]}]},{\"@type\":\"ImageObject\",\"inLanguage\":\"et\",\"@id\":\"https:\\\/\\\/www.ecb.ee\\\/et\\\/uudised\\\/tartu-ulikooli-muuseum-valge-saal-labis-uuenduskuuri\\\/#primaryimage\",\"url\":\"https:\\\/\\\/www.ecb.ee\\\/wp-content\\\/uploads\\\/2025\\\/01\\\/University-of-Tartu-White-Hall-Compressed--scaled.jpg\",\"contentUrl\":\"https:\\\/\\\/www.ecb.ee\\\/wp-content\\\/uploads\\\/2025\\\/01\\\/University-of-Tartu-White-Hall-Compressed--scaled.jpg\",\"width\":2560,\"height\":1707,\"caption\":\"University of Tartu White Hall\"},{\"@type\":\"BreadcrumbList\",\"@id\":\"https:\\\/\\\/www.ecb.ee\\\/et\\\/uudised\\\/tartu-ulikooli-muuseum-valge-saal-labis-uuenduskuuri\\\/#breadcrumb\",\"itemListElement\":[{\"@type\":\"ListItem\",\"position\":1,\"name\":\"Home\",\"item\":\"https:\\\/\\\/www.ecb.ee\\\/et\\\/\"},{\"@type\":\"ListItem\",\"position\":2,\"name\":\"Tartu \u00fclikooli muuseum valge saal l\u00e4bis uuenduskuuri\"}]},{\"@type\":\"WebSite\",\"@id\":\"https:\\\/\\\/www.ecb.ee\\\/#website\",\"url\":\"https:\\\/\\\/www.ecb.ee\\\/\",\"name\":\"Estonian Convention Bureau\",\"description\":\"\",\"publisher\":{\"@id\":\"https:\\\/\\\/www.ecb.ee\\\/#organization\"},\"potentialAction\":[{\"@type\":\"SearchAction\",\"target\":{\"@type\":\"EntryPoint\",\"urlTemplate\":\"https:\\\/\\\/www.ecb.ee\\\/?s={search_term_string}\"},\"query-input\":{\"@type\":\"PropertyValueSpecification\",\"valueRequired\":true,\"valueName\":\"search_term_string\"}}],\"inLanguage\":\"et\"},{\"@type\":\"Organization\",\"@id\":\"https:\\\/\\\/www.ecb.ee\\\/#organization\",\"name\":\"Estonian Convention Bureau\",\"url\":\"https:\\\/\\\/www.ecb.ee\\\/\",\"logo\":{\"@type\":\"ImageObject\",\"inLanguage\":\"et\",\"@id\":\"https:\\\/\\\/www.ecb.ee\\\/#\\\/schema\\\/logo\\\/image\\\/\",\"url\":\"https:\\\/\\\/www.ecb.ee\\\/wp-content\\\/uploads\\\/2020\\\/12\\\/site_logo.svg\",\"contentUrl\":\"https:\\\/\\\/www.ecb.ee\\\/wp-content\\\/uploads\\\/2020\\\/12\\\/site_logo.svg\",\"caption\":\"Estonian Convention Bureau\"},\"image\":{\"@id\":\"https:\\\/\\\/www.ecb.ee\\\/#\\\/schema\\\/logo\\\/image\\\/\"}},{\"@type\":\"Person\",\"@id\":\"https:\\\/\\\/www.ecb.ee\\\/#\\\/schema\\\/person\\\/683a06848cf0a690b2ba233665cb719f\",\"name\":\"Riine Tiigi\",\"image\":{\"@type\":\"ImageObject\",\"inLanguage\":\"et\",\"@id\":\"https:\\\/\\\/secure.gravatar.com\\\/avatar\\\/d86339875b83b6a9394fce703248189388335d81fba6ca62f59bc61cc7a0ae31?s=96&d=mm&r=g\",\"url\":\"https:\\\/\\\/secure.gravatar.com\\\/avatar\\\/d86339875b83b6a9394fce703248189388335d81fba6ca62f59bc61cc7a0ae31?s=96&d=mm&r=g\",\"contentUrl\":\"https:\\\/\\\/secure.gravatar.com\\\/avatar\\\/d86339875b83b6a9394fce703248189388335d81fba6ca62f59bc61cc7a0ae31?s=96&d=mm&r=g\",\"caption\":\"Riine Tiigi\"},\"url\":\"https:\\\/\\\/www.ecb.ee\\\/et\\\/author\\\/riine\\\/\"}]}<\/script>\n<!-- \/ Yoast SEO plugin. -->","yoast_head_json":{"title":"Tartu \u00fclikooli muuseum valge saal l\u00e4bis uuenduskuuri - Estonian Convention Bureau","robots":{"index":"index","follow":"follow","max-snippet":"max-snippet:-1","max-image-preview":"max-image-preview:large","max-video-preview":"max-video-preview:-1"},"canonical":"https:\/\/www.ecb.ee\/et\/uudised\/tartu-ulikooli-muuseum-valge-saal-labis-uuenduskuuri\/","og_locale":"et_EE","og_type":"article","og_title":"Tartu \u00fclikooli muuseum valge saal l\u00e4bis uuenduskuuri - Estonian Convention Bureau","og_description":"Tartu \u00dclikooli muuseumi kolmandal korrusel asuv valge saal on \u00fcks \u00fclikooli t\u00e4htsamaid esindussaale, mis v\u00f5imaldab korraldada mitmesuguseid \u00fcritusi, n\u00e4iteks kontserte, konverentse, teatrietendusi, juubeleid ja pulmi.\u00a0 Valge saal on osa kunagise toomkiriku kooriruumist, mis on tuntud uhkete l\u00fchtrite, kaunite r\u00f5dude ja suursuguste keskaegsete piilarite poolest. Novembris j\u00f5udis l\u00f5pule Tartu \u00dclikooli muuseumi valge saali uuenduskuur, mille k\u00e4igus [&hellip;]","og_url":"https:\/\/www.ecb.ee\/et\/uudised\/tartu-ulikooli-muuseum-valge-saal-labis-uuenduskuuri\/","og_site_name":"Estonian Convention Bureau","article_published_time":"2025-01-13T12:46:43+00:00","article_modified_time":"2025-01-14T08:07:31+00:00","og_image":[{"width":2560,"height":1707,"url":"https:\/\/www.ecb.ee\/wp-content\/uploads\/2025\/01\/University-of-Tartu-White-Hall-Compressed--scaled.jpg","type":"image\/jpeg"}],"author":"Riine Tiigi","twitter_card":"summary_large_image","twitter_misc":{"Written by":"Riine Tiigi","Est. reading time":"1 minut"},"schema":{"@context":"https:\/\/schema.org","@graph":[{"@type":"Article","@id":"https:\/\/www.ecb.ee\/et\/uudised\/tartu-ulikooli-muuseum-valge-saal-labis-uuenduskuuri\/#article","isPartOf":{"@id":"https:\/\/www.ecb.ee\/et\/uudised\/tartu-ulikooli-muuseum-valge-saal-labis-uuenduskuuri\/"},"author":{"name":"Riine Tiigi","@id":"https:\/\/www.ecb.ee\/#\/schema\/person\/683a06848cf0a690b2ba233665cb719f"},"headline":"Tartu \u00fclikooli muuseum valge saal l\u00e4bis uuenduskuuri","datePublished":"2025-01-13T12:46:43+00:00","dateModified":"2025-01-14T08:07:31+00:00","mainEntityOfPage":{"@id":"https:\/\/www.ecb.ee\/et\/uudised\/tartu-ulikooli-muuseum-valge-saal-labis-uuenduskuuri\/"},"wordCount":159,"publisher":{"@id":"https:\/\/www.ecb.ee\/#organization"},"image":{"@id":"https:\/\/www.ecb.ee\/et\/uudised\/tartu-ulikooli-muuseum-valge-saal-labis-uuenduskuuri\/#primaryimage"},"thumbnailUrl":"https:\/\/www.ecb.ee\/wp-content\/uploads\/2025\/01\/University-of-Tartu-White-Hall-Compressed--scaled.jpg","articleSection":["Uudised"],"inLanguage":"et"},{"@type":"WebPage","@id":"https:\/\/www.ecb.ee\/et\/uudised\/tartu-ulikooli-muuseum-valge-saal-labis-uuenduskuuri\/","url":"https:\/\/www.ecb.ee\/et\/uudised\/tartu-ulikooli-muuseum-valge-saal-labis-uuenduskuuri\/","name":"Tartu \u00fclikooli muuseum valge saal l\u00e4bis uuenduskuuri - Estonian Convention Bureau","isPartOf":{"@id":"https:\/\/www.ecb.ee\/#website"},"primaryImageOfPage":{"@id":"https:\/\/www.ecb.ee\/et\/uudised\/tartu-ulikooli-muuseum-valge-saal-labis-uuenduskuuri\/#primaryimage"},"image":{"@id":"https:\/\/www.ecb.ee\/et\/uudised\/tartu-ulikooli-muuseum-valge-saal-labis-uuenduskuuri\/#primaryimage"},"thumbnailUrl":"https:\/\/www.ecb.ee\/wp-content\/uploads\/2025\/01\/University-of-Tartu-White-Hall-Compressed--scaled.jpg","datePublished":"2025-01-13T12:46:43+00:00","dateModified":"2025-01-14T08:07:31+00:00","breadcrumb":{"@id":"https:\/\/www.ecb.ee\/et\/uudised\/tartu-ulikooli-muuseum-valge-saal-labis-uuenduskuuri\/#breadcrumb"},"inLanguage":"et","potentialAction":[{"@type":"ReadAction","target":["https:\/\/www.ecb.ee\/et\/uudised\/tartu-ulikooli-muuseum-valge-saal-labis-uuenduskuuri\/"]}]},{"@type":"ImageObject","inLanguage":"et","@id":"https:\/\/www.ecb.ee\/et\/uudised\/tartu-ulikooli-muuseum-valge-saal-labis-uuenduskuuri\/#primaryimage","url":"https:\/\/www.ecb.ee\/wp-content\/uploads\/2025\/01\/University-of-Tartu-White-Hall-Compressed--scaled.jpg","contentUrl":"https:\/\/www.ecb.ee\/wp-content\/uploads\/2025\/01\/University-of-Tartu-White-Hall-Compressed--scaled.jpg","width":2560,"height":1707,"caption":"University of Tartu White Hall"},{"@type":"BreadcrumbList","@id":"https:\/\/www.ecb.ee\/et\/uudised\/tartu-ulikooli-muuseum-valge-saal-labis-uuenduskuuri\/#breadcrumb","itemListElement":[{"@type":"ListItem","position":1,"name":"Home","item":"https:\/\/www.ecb.ee\/et\/"},{"@type":"ListItem","position":2,"name":"Tartu \u00fclikooli muuseum valge saal l\u00e4bis uuenduskuuri"}]},{"@type":"WebSite","@id":"https:\/\/www.ecb.ee\/#website","url":"https:\/\/www.ecb.ee\/","name":"Estonian Convention Bureau","description":"","publisher":{"@id":"https:\/\/www.ecb.ee\/#organization"},"potentialAction":[{"@type":"SearchAction","target":{"@type":"EntryPoint","urlTemplate":"https:\/\/www.ecb.ee\/?s={search_term_string}"},"query-input":{"@type":"PropertyValueSpecification","valueRequired":true,"valueName":"search_term_string"}}],"inLanguage":"et"},{"@type":"Organization","@id":"https:\/\/www.ecb.ee\/#organization","name":"Estonian Convention Bureau","url":"https:\/\/www.ecb.ee\/","logo":{"@type":"ImageObject","inLanguage":"et","@id":"https:\/\/www.ecb.ee\/#\/schema\/logo\/image\/","url":"https:\/\/www.ecb.ee\/wp-content\/uploads\/2020\/12\/site_logo.svg","contentUrl":"https:\/\/www.ecb.ee\/wp-content\/uploads\/2020\/12\/site_logo.svg","caption":"Estonian Convention Bureau"},"image":{"@id":"https:\/\/www.ecb.ee\/#\/schema\/logo\/image\/"}},{"@type":"Person","@id":"https:\/\/www.ecb.ee\/#\/schema\/person\/683a06848cf0a690b2ba233665cb719f","name":"Riine Tiigi","image":{"@type":"ImageObject","inLanguage":"et","@id":"https:\/\/secure.gravatar.com\/avatar\/d86339875b83b6a9394fce703248189388335d81fba6ca62f59bc61cc7a0ae31?s=96&d=mm&r=g","url":"https:\/\/secure.gravatar.com\/avatar\/d86339875b83b6a9394fce703248189388335d81fba6ca62f59bc61cc7a0ae31?s=96&d=mm&r=g","contentUrl":"https:\/\/secure.gravatar.com\/avatar\/d86339875b83b6a9394fce703248189388335d81fba6ca62f59bc61cc7a0ae31?s=96&d=mm&r=g","caption":"Riine Tiigi"},"url":"https:\/\/www.ecb.ee\/et\/author\/riine\/"}]}},"_links":{"self":[{"href":"https:\/\/www.ecb.ee\/et\/wp-json\/wp\/v2\/posts\/39045","targetHints":{"allow":["GET"]}}],"collection":[{"href":"https:\/\/www.ecb.ee\/et\/wp-json\/wp\/v2\/posts"}],"about":[{"href":"https:\/\/www.ecb.ee\/et\/wp-json\/wp\/v2\/types\/post"}],"author":[{"embeddable":true,"href":"https:\/\/www.ecb.ee\/et\/wp-json\/wp\/v2\/users\/4"}],"replies":[{"embeddable":true,"href":"https:\/\/www.ecb.ee\/et\/wp-json\/wp\/v2\/comments?post=39045"}],"version-history":[{"count":4,"href":"https:\/\/www.ecb.ee\/et\/wp-json\/wp\/v2\/posts\/39045\/revisions"}],"predecessor-version":[{"id":39058,"href":"https:\/\/www.ecb.ee\/et\/wp-json\/wp\/v2\/posts\/39045\/revisions\/39058"}],"wp:featuredmedia":[{"embeddable":true,"href":"https:\/\/www.ecb.ee\/et\/wp-json\/wp\/v2\/media\/39054"}],"wp:attachment":[{"href":"https:\/\/www.ecb.ee\/et\/wp-json\/wp\/v2\/media?parent=39045"}],"wp:term":[{"taxonomy":"category","embeddable":true,"href":"https:\/\/www.ecb.ee\/et\/wp-json\/wp\/v2\/categories?post=39045"},{"taxonomy":"post_tag","embeddable":true,"href":"https:\/\/www.ecb.ee\/et\/wp-json\/wp\/v2\/tags?post=39045"}],"curies":[{"name":"wp","href":"https:\/\/api.w.org\/{rel}","templated":true}]}}