{"id":38365,"date":"2024-12-03T10:02:58","date_gmt":"2024-12-03T10:02:58","guid":{"rendered":"https:\/\/www.ecb.ee\/?p=38365"},"modified":"2024-12-03T10:10:01","modified_gmt":"2024-12-03T10:10:01","slug":"varvi-teletorn-oma-varvidesse","status":"publish","type":"post","link":"https:\/\/www.ecb.ee\/et\/uudised\/varvi-teletorn-oma-varvidesse\/","title":{"rendered":"V\u00e4rvi Teletorn oma v\u00e4rvidesse!"},"content":{"rendered":"<h3>V\u00e4rviline s\u00f5num Tallinna Teletornist\u00a0valguse j\u00f5ul!<\/h3>\n<p>Kas teadsid, et <a href=\"https:\/\/teletorn.ee\/\" target=\"_blank\" rel=\"noopener\">Tallinna Teletorn<\/a>i saab valgustada eri v\u00e4rvides, et toetada olulisi algatusi, t\u00e4histada t\u00e4htp\u00e4evi v\u00f5i jagada olulist s\u00f5numit?<\/p>\n<p>Teletorn on toonud t\u00e4helepanu olulistele teemadele, n\u00e4iteks valgustanud torni roosaks rinnav\u00e4hi teadlikkuse t\u00f5stmise kuul v\u00f5i siniseks rahvusvahelisel diabeedip\u00e4eval. Samuti \u00f5nnitletakse muidugi naabreid nende rahvusp\u00fchadel \u2013 n\u00e4iteks Soome sini-valgeks<\/p>\n<p>N\u00fc\u00fcd saad ka Sina kasutada Teletorni valgusj\u00f5udu:<\/p>\n<ul>\n<li>Ettev\u00f5tetele ja organisatsioonidele sotsiaalsete algatuste v\u00f5i t\u00e4htp\u00e4evade t\u00e4histamiseks.<\/li>\n<li>Riikide ja kogukondade t\u00e4htp\u00e4evadele, et jagada oma r\u00f5\u00f5mu ja tunnustust.<\/li>\n<\/ul>\n<p>S\u00f5num on kaugele n\u00e4htav! Valgustus loob erakordse ja emotsionaalse elamuse, mis j\u00e4\u00e4b inimestele meelde.<\/p>\n<p>V\u00f5ta Teletorni tiimiga \u00fchendust ja looge koos silmapaisev valguslahendus, mis aitab teie s\u00f5numi s\u00e4rama panna!<\/p>\n<p>Teletornis s\u00fcndmuste korraldamise v\u00f5imalustega saate l\u00e4hemalt tutvuda <a href=\"https:\/\/teletorn.ee\/teletorni-sundmused\/korralda-sundmus\/\" target=\"_blank\" rel=\"noopener\">siit<\/a><\/p>\n<div id='gallery-1' class='gallery galleryid-38365 gallery-columns-2 gallery-size-full'><figure class='gallery-item'>\n\t\t\t<div class='gallery-icon landscape'>\n\t\t\t\t<a href='https:\/\/www.ecb.ee\/et\/uudised\/varvi-teletorn-oma-varvidesse\/attachment\/20241112_torn-oranz_tiiu-vilbrant\/'><img loading=\"lazy\" decoding=\"async\" width=\"2560\" height=\"2560\" src=\"https:\/\/www.ecb.ee\/wp-content\/uploads\/2024\/12\/20241112_torn-oranz_Tiiu-Vilbrant-scaled.jpg\" class=\"attachment-full size-full\" alt=\"\" srcset=\"https:\/\/www.ecb.ee\/wp-content\/uploads\/2024\/12\/20241112_torn-oranz_Tiiu-Vilbrant-scaled.jpg 2560w, https:\/\/www.ecb.ee\/wp-content\/uploads\/2024\/12\/20241112_torn-oranz_Tiiu-Vilbrant-300x300.jpg 300w, https:\/\/www.ecb.ee\/wp-content\/uploads\/2024\/12\/20241112_torn-oranz_Tiiu-Vilbrant-1024x1024.jpg 1024w, https:\/\/www.ecb.ee\/wp-content\/uploads\/2024\/12\/20241112_torn-oranz_Tiiu-Vilbrant-150x150.jpg 150w, https:\/\/www.ecb.ee\/wp-content\/uploads\/2024\/12\/20241112_torn-oranz_Tiiu-Vilbrant-768x768.jpg 768w, https:\/\/www.ecb.ee\/wp-content\/uploads\/2024\/12\/20241112_torn-oranz_Tiiu-Vilbrant-1536x1536.jpg 1536w, https:\/\/www.ecb.ee\/wp-content\/uploads\/2024\/12\/20241112_torn-oranz_Tiiu-Vilbrant-2048x2048.jpg 2048w, https:\/\/www.ecb.ee\/wp-content\/uploads\/2024\/12\/20241112_torn-oranz_Tiiu-Vilbrant-1200x1200.jpg 1200w, https:\/\/www.ecb.ee\/wp-content\/uploads\/2024\/12\/20241112_torn-oranz_Tiiu-Vilbrant-1980x1980.jpg 1980w\" sizes=\"auto, (max-width: 2560px) 100vw, 2560px\" \/><\/a>\n\t\t\t<\/div><\/figure><figure class='gallery-item'>\n\t\t\t<div class='gallery-icon landscape'>\n\t\t\t\t<a href='https:\/\/www.ecb.ee\/et\/uudised\/varvi-teletorn-oma-varvidesse\/attachment\/20241112_torn-lilla_tiiu-vilbrant\/'><img loading=\"lazy\" decoding=\"async\" width=\"2560\" height=\"2560\" src=\"https:\/\/www.ecb.ee\/wp-content\/uploads\/2024\/12\/20241112_torn-lilla_Tiiu-Vilbrant-scaled.jpg\" class=\"attachment-full size-full\" alt=\"Tallinn TV Tower\" srcset=\"https:\/\/www.ecb.ee\/wp-content\/uploads\/2024\/12\/20241112_torn-lilla_Tiiu-Vilbrant-scaled.jpg 2560w, https:\/\/www.ecb.ee\/wp-content\/uploads\/2024\/12\/20241112_torn-lilla_Tiiu-Vilbrant-300x300.jpg 300w, https:\/\/www.ecb.ee\/wp-content\/uploads\/2024\/12\/20241112_torn-lilla_Tiiu-Vilbrant-1024x1024.jpg 1024w, https:\/\/www.ecb.ee\/wp-content\/uploads\/2024\/12\/20241112_torn-lilla_Tiiu-Vilbrant-150x150.jpg 150w, https:\/\/www.ecb.ee\/wp-content\/uploads\/2024\/12\/20241112_torn-lilla_Tiiu-Vilbrant-768x768.jpg 768w, https:\/\/www.ecb.ee\/wp-content\/uploads\/2024\/12\/20241112_torn-lilla_Tiiu-Vilbrant-1536x1536.jpg 1536w, https:\/\/www.ecb.ee\/wp-content\/uploads\/2024\/12\/20241112_torn-lilla_Tiiu-Vilbrant-2048x2048.jpg 2048w, https:\/\/www.ecb.ee\/wp-content\/uploads\/2024\/12\/20241112_torn-lilla_Tiiu-Vilbrant-1200x1200.jpg 1200w, https:\/\/www.ecb.ee\/wp-content\/uploads\/2024\/12\/20241112_torn-lilla_Tiiu-Vilbrant-1980x1980.jpg 1980w\" sizes=\"auto, (max-width: 2560px) 100vw, 2560px\" \/><\/a>\n\t\t\t<\/div><\/figure>\n\t\t<\/div>\n\n<p>&nbsp;<\/p>\n<p>&nbsp;<\/p>\n","protected":false},"excerpt":{"rendered":"<p>V\u00e4rviline s\u00f5num Tallinna Teletornist\u00a0valguse j\u00f5ul! Kas teadsid, et Tallinna Teletorni saab valgustada eri v\u00e4rvides, et toetada olulisi algatusi, t\u00e4histada t\u00e4htp\u00e4evi v\u00f5i jagada olulist s\u00f5numit? Teletorn on toonud t\u00e4helepanu olulistele teemadele, n\u00e4iteks valgustanud torni roosaks rinnav\u00e4hi teadlikkuse t\u00f5stmise kuul v\u00f5i siniseks rahvusvahelisel diabeedip\u00e4eval. Samuti \u00f5nnitletakse muidugi naabreid nende rahvusp\u00fchadel \u2013 n\u00e4iteks Soome sini-valgeks N\u00fc\u00fcd saad ka [&hellip;]<\/p>\n","protected":false},"author":4,"featured_media":38369,"comment_status":"closed","ping_status":"closed","sticky":false,"template":"","format":"standard","meta":{"_acf_changed":false,"footnotes":""},"categories":[189],"tags":[],"class_list":["post-38365","post","type-post","status-publish","format-standard","has-post-thumbnail","hentry","category-uudised"],"acf":[],"yoast_head":"<!-- This site is optimized with the Yoast SEO plugin v27.5 - https:\/\/yoast.com\/product\/yoast-seo-wordpress\/ -->\n<title>V\u00e4rvi Teletorn oma v\u00e4rvidesse! - Estonian Convention Bureau<\/title>\n<meta name=\"robots\" content=\"index, follow, max-snippet:-1, max-image-preview:large, max-video-preview:-1\" \/>\n<link rel=\"canonical\" href=\"https:\/\/www.ecb.ee\/et\/uudised\/varvi-teletorn-oma-varvidesse\/\" \/>\n<meta property=\"og:locale\" content=\"et_EE\" \/>\n<meta property=\"og:type\" content=\"article\" \/>\n<meta property=\"og:title\" content=\"V\u00e4rvi Teletorn oma v\u00e4rvidesse! - Estonian Convention Bureau\" \/>\n<meta property=\"og:description\" content=\"V\u00e4rviline s\u00f5num Tallinna Teletornist\u00a0valguse j\u00f5ul! Kas teadsid, et Tallinna Teletorni saab valgustada eri v\u00e4rvides, et toetada olulisi algatusi, t\u00e4histada t\u00e4htp\u00e4evi v\u00f5i jagada olulist s\u00f5numit? Teletorn on toonud t\u00e4helepanu olulistele teemadele, n\u00e4iteks valgustanud torni roosaks rinnav\u00e4hi teadlikkuse t\u00f5stmise kuul v\u00f5i siniseks rahvusvahelisel diabeedip\u00e4eval. Samuti \u00f5nnitletakse muidugi naabreid nende rahvusp\u00fchadel \u2013 n\u00e4iteks Soome sini-valgeks N\u00fc\u00fcd saad ka [&hellip;]\" \/>\n<meta property=\"og:url\" content=\"https:\/\/www.ecb.ee\/et\/uudised\/varvi-teletorn-oma-varvidesse\/\" \/>\n<meta property=\"og:site_name\" content=\"Estonian Convention Bureau\" \/>\n<meta property=\"article:published_time\" content=\"2024-12-03T10:02:58+00:00\" \/>\n<meta property=\"article:modified_time\" content=\"2024-12-03T10:10:01+00:00\" \/>\n<meta property=\"og:image\" content=\"https:\/\/www.ecb.ee\/wp-content\/uploads\/2024\/12\/20241112_torn-lilla_Tiiu-Vilbrant-scaled.jpg\" \/>\n\t<meta property=\"og:image:width\" content=\"2560\" \/>\n\t<meta property=\"og:image:height\" content=\"2560\" \/>\n\t<meta property=\"og:image:type\" content=\"image\/jpeg\" \/>\n<meta name=\"author\" content=\"Riine Tiigi\" \/>\n<meta name=\"twitter:card\" content=\"summary_large_image\" \/>\n<meta name=\"twitter:label1\" content=\"Written by\" \/>\n\t<meta name=\"twitter:data1\" content=\"Riine Tiigi\" \/>\n\t<meta name=\"twitter:label2\" content=\"Est. reading time\" \/>\n\t<meta name=\"twitter:data2\" content=\"1 minut\" \/>\n<script type=\"application\/ld+json\" class=\"yoast-schema-graph\">{\"@context\":\"https:\\\/\\\/schema.org\",\"@graph\":[{\"@type\":\"Article\",\"@id\":\"https:\\\/\\\/www.ecb.ee\\\/et\\\/uudised\\\/varvi-teletorn-oma-varvidesse\\\/#article\",\"isPartOf\":{\"@id\":\"https:\\\/\\\/www.ecb.ee\\\/et\\\/uudised\\\/varvi-teletorn-oma-varvidesse\\\/\"},\"author\":{\"name\":\"Riine Tiigi\",\"@id\":\"https:\\\/\\\/www.ecb.ee\\\/#\\\/schema\\\/person\\\/683a06848cf0a690b2ba233665cb719f\"},\"headline\":\"V\u00e4rvi Teletorn oma v\u00e4rvidesse!\",\"datePublished\":\"2024-12-03T10:02:58+00:00\",\"dateModified\":\"2024-12-03T10:10:01+00:00\",\"mainEntityOfPage\":{\"@id\":\"https:\\\/\\\/www.ecb.ee\\\/et\\\/uudised\\\/varvi-teletorn-oma-varvidesse\\\/\"},\"wordCount\":163,\"publisher\":{\"@id\":\"https:\\\/\\\/www.ecb.ee\\\/#organization\"},\"image\":{\"@id\":\"https:\\\/\\\/www.ecb.ee\\\/et\\\/uudised\\\/varvi-teletorn-oma-varvidesse\\\/#primaryimage\"},\"thumbnailUrl\":\"https:\\\/\\\/www.ecb.ee\\\/wp-content\\\/uploads\\\/2024\\\/12\\\/20241112_torn-lilla_Tiiu-Vilbrant-scaled.jpg\",\"articleSection\":[\"Uudised\"],\"inLanguage\":\"et\"},{\"@type\":\"WebPage\",\"@id\":\"https:\\\/\\\/www.ecb.ee\\\/et\\\/uudised\\\/varvi-teletorn-oma-varvidesse\\\/\",\"url\":\"https:\\\/\\\/www.ecb.ee\\\/et\\\/uudised\\\/varvi-teletorn-oma-varvidesse\\\/\",\"name\":\"V\u00e4rvi Teletorn oma v\u00e4rvidesse! - Estonian Convention Bureau\",\"isPartOf\":{\"@id\":\"https:\\\/\\\/www.ecb.ee\\\/#website\"},\"primaryImageOfPage\":{\"@id\":\"https:\\\/\\\/www.ecb.ee\\\/et\\\/uudised\\\/varvi-teletorn-oma-varvidesse\\\/#primaryimage\"},\"image\":{\"@id\":\"https:\\\/\\\/www.ecb.ee\\\/et\\\/uudised\\\/varvi-teletorn-oma-varvidesse\\\/#primaryimage\"},\"thumbnailUrl\":\"https:\\\/\\\/www.ecb.ee\\\/wp-content\\\/uploads\\\/2024\\\/12\\\/20241112_torn-lilla_Tiiu-Vilbrant-scaled.jpg\",\"datePublished\":\"2024-12-03T10:02:58+00:00\",\"dateModified\":\"2024-12-03T10:10:01+00:00\",\"breadcrumb\":{\"@id\":\"https:\\\/\\\/www.ecb.ee\\\/et\\\/uudised\\\/varvi-teletorn-oma-varvidesse\\\/#breadcrumb\"},\"inLanguage\":\"et\",\"potentialAction\":[{\"@type\":\"ReadAction\",\"target\":[\"https:\\\/\\\/www.ecb.ee\\\/et\\\/uudised\\\/varvi-teletorn-oma-varvidesse\\\/\"]}]},{\"@type\":\"ImageObject\",\"inLanguage\":\"et\",\"@id\":\"https:\\\/\\\/www.ecb.ee\\\/et\\\/uudised\\\/varvi-teletorn-oma-varvidesse\\\/#primaryimage\",\"url\":\"https:\\\/\\\/www.ecb.ee\\\/wp-content\\\/uploads\\\/2024\\\/12\\\/20241112_torn-lilla_Tiiu-Vilbrant-scaled.jpg\",\"contentUrl\":\"https:\\\/\\\/www.ecb.ee\\\/wp-content\\\/uploads\\\/2024\\\/12\\\/20241112_torn-lilla_Tiiu-Vilbrant-scaled.jpg\",\"width\":2560,\"height\":2560,\"caption\":\"Tallinn TV Tower\"},{\"@type\":\"BreadcrumbList\",\"@id\":\"https:\\\/\\\/www.ecb.ee\\\/et\\\/uudised\\\/varvi-teletorn-oma-varvidesse\\\/#breadcrumb\",\"itemListElement\":[{\"@type\":\"ListItem\",\"position\":1,\"name\":\"Home\",\"item\":\"https:\\\/\\\/www.ecb.ee\\\/et\\\/\"},{\"@type\":\"ListItem\",\"position\":2,\"name\":\"V\u00e4rvi Teletorn oma v\u00e4rvidesse!\"}]},{\"@type\":\"WebSite\",\"@id\":\"https:\\\/\\\/www.ecb.ee\\\/#website\",\"url\":\"https:\\\/\\\/www.ecb.ee\\\/\",\"name\":\"Estonian Convention Bureau\",\"description\":\"\",\"publisher\":{\"@id\":\"https:\\\/\\\/www.ecb.ee\\\/#organization\"},\"potentialAction\":[{\"@type\":\"SearchAction\",\"target\":{\"@type\":\"EntryPoint\",\"urlTemplate\":\"https:\\\/\\\/www.ecb.ee\\\/?s={search_term_string}\"},\"query-input\":{\"@type\":\"PropertyValueSpecification\",\"valueRequired\":true,\"valueName\":\"search_term_string\"}}],\"inLanguage\":\"et\"},{\"@type\":\"Organization\",\"@id\":\"https:\\\/\\\/www.ecb.ee\\\/#organization\",\"name\":\"Estonian Convention Bureau\",\"url\":\"https:\\\/\\\/www.ecb.ee\\\/\",\"logo\":{\"@type\":\"ImageObject\",\"inLanguage\":\"et\",\"@id\":\"https:\\\/\\\/www.ecb.ee\\\/#\\\/schema\\\/logo\\\/image\\\/\",\"url\":\"https:\\\/\\\/www.ecb.ee\\\/wp-content\\\/uploads\\\/2020\\\/12\\\/site_logo.svg\",\"contentUrl\":\"https:\\\/\\\/www.ecb.ee\\\/wp-content\\\/uploads\\\/2020\\\/12\\\/site_logo.svg\",\"caption\":\"Estonian Convention Bureau\"},\"image\":{\"@id\":\"https:\\\/\\\/www.ecb.ee\\\/#\\\/schema\\\/logo\\\/image\\\/\"}},{\"@type\":\"Person\",\"@id\":\"https:\\\/\\\/www.ecb.ee\\\/#\\\/schema\\\/person\\\/683a06848cf0a690b2ba233665cb719f\",\"name\":\"Riine Tiigi\",\"image\":{\"@type\":\"ImageObject\",\"inLanguage\":\"et\",\"@id\":\"https:\\\/\\\/secure.gravatar.com\\\/avatar\\\/d86339875b83b6a9394fce703248189388335d81fba6ca62f59bc61cc7a0ae31?s=96&d=mm&r=g\",\"url\":\"https:\\\/\\\/secure.gravatar.com\\\/avatar\\\/d86339875b83b6a9394fce703248189388335d81fba6ca62f59bc61cc7a0ae31?s=96&d=mm&r=g\",\"contentUrl\":\"https:\\\/\\\/secure.gravatar.com\\\/avatar\\\/d86339875b83b6a9394fce703248189388335d81fba6ca62f59bc61cc7a0ae31?s=96&d=mm&r=g\",\"caption\":\"Riine Tiigi\"},\"url\":\"https:\\\/\\\/www.ecb.ee\\\/et\\\/author\\\/riine\\\/\"}]}<\/script>\n<!-- \/ Yoast SEO plugin. -->","yoast_head_json":{"title":"V\u00e4rvi Teletorn oma v\u00e4rvidesse! - Estonian Convention Bureau","robots":{"index":"index","follow":"follow","max-snippet":"max-snippet:-1","max-image-preview":"max-image-preview:large","max-video-preview":"max-video-preview:-1"},"canonical":"https:\/\/www.ecb.ee\/et\/uudised\/varvi-teletorn-oma-varvidesse\/","og_locale":"et_EE","og_type":"article","og_title":"V\u00e4rvi Teletorn oma v\u00e4rvidesse! - Estonian Convention Bureau","og_description":"V\u00e4rviline s\u00f5num Tallinna Teletornist\u00a0valguse j\u00f5ul! Kas teadsid, et Tallinna Teletorni saab valgustada eri v\u00e4rvides, et toetada olulisi algatusi, t\u00e4histada t\u00e4htp\u00e4evi v\u00f5i jagada olulist s\u00f5numit? Teletorn on toonud t\u00e4helepanu olulistele teemadele, n\u00e4iteks valgustanud torni roosaks rinnav\u00e4hi teadlikkuse t\u00f5stmise kuul v\u00f5i siniseks rahvusvahelisel diabeedip\u00e4eval. Samuti \u00f5nnitletakse muidugi naabreid nende rahvusp\u00fchadel \u2013 n\u00e4iteks Soome sini-valgeks N\u00fc\u00fcd saad ka [&hellip;]","og_url":"https:\/\/www.ecb.ee\/et\/uudised\/varvi-teletorn-oma-varvidesse\/","og_site_name":"Estonian Convention Bureau","article_published_time":"2024-12-03T10:02:58+00:00","article_modified_time":"2024-12-03T10:10:01+00:00","og_image":[{"width":2560,"height":2560,"url":"https:\/\/www.ecb.ee\/wp-content\/uploads\/2024\/12\/20241112_torn-lilla_Tiiu-Vilbrant-scaled.jpg","type":"image\/jpeg"}],"author":"Riine Tiigi","twitter_card":"summary_large_image","twitter_misc":{"Written by":"Riine Tiigi","Est. reading time":"1 minut"},"schema":{"@context":"https:\/\/schema.org","@graph":[{"@type":"Article","@id":"https:\/\/www.ecb.ee\/et\/uudised\/varvi-teletorn-oma-varvidesse\/#article","isPartOf":{"@id":"https:\/\/www.ecb.ee\/et\/uudised\/varvi-teletorn-oma-varvidesse\/"},"author":{"name":"Riine Tiigi","@id":"https:\/\/www.ecb.ee\/#\/schema\/person\/683a06848cf0a690b2ba233665cb719f"},"headline":"V\u00e4rvi Teletorn oma v\u00e4rvidesse!","datePublished":"2024-12-03T10:02:58+00:00","dateModified":"2024-12-03T10:10:01+00:00","mainEntityOfPage":{"@id":"https:\/\/www.ecb.ee\/et\/uudised\/varvi-teletorn-oma-varvidesse\/"},"wordCount":163,"publisher":{"@id":"https:\/\/www.ecb.ee\/#organization"},"image":{"@id":"https:\/\/www.ecb.ee\/et\/uudised\/varvi-teletorn-oma-varvidesse\/#primaryimage"},"thumbnailUrl":"https:\/\/www.ecb.ee\/wp-content\/uploads\/2024\/12\/20241112_torn-lilla_Tiiu-Vilbrant-scaled.jpg","articleSection":["Uudised"],"inLanguage":"et"},{"@type":"WebPage","@id":"https:\/\/www.ecb.ee\/et\/uudised\/varvi-teletorn-oma-varvidesse\/","url":"https:\/\/www.ecb.ee\/et\/uudised\/varvi-teletorn-oma-varvidesse\/","name":"V\u00e4rvi Teletorn oma v\u00e4rvidesse! - Estonian Convention Bureau","isPartOf":{"@id":"https:\/\/www.ecb.ee\/#website"},"primaryImageOfPage":{"@id":"https:\/\/www.ecb.ee\/et\/uudised\/varvi-teletorn-oma-varvidesse\/#primaryimage"},"image":{"@id":"https:\/\/www.ecb.ee\/et\/uudised\/varvi-teletorn-oma-varvidesse\/#primaryimage"},"thumbnailUrl":"https:\/\/www.ecb.ee\/wp-content\/uploads\/2024\/12\/20241112_torn-lilla_Tiiu-Vilbrant-scaled.jpg","datePublished":"2024-12-03T10:02:58+00:00","dateModified":"2024-12-03T10:10:01+00:00","breadcrumb":{"@id":"https:\/\/www.ecb.ee\/et\/uudised\/varvi-teletorn-oma-varvidesse\/#breadcrumb"},"inLanguage":"et","potentialAction":[{"@type":"ReadAction","target":["https:\/\/www.ecb.ee\/et\/uudised\/varvi-teletorn-oma-varvidesse\/"]}]},{"@type":"ImageObject","inLanguage":"et","@id":"https:\/\/www.ecb.ee\/et\/uudised\/varvi-teletorn-oma-varvidesse\/#primaryimage","url":"https:\/\/www.ecb.ee\/wp-content\/uploads\/2024\/12\/20241112_torn-lilla_Tiiu-Vilbrant-scaled.jpg","contentUrl":"https:\/\/www.ecb.ee\/wp-content\/uploads\/2024\/12\/20241112_torn-lilla_Tiiu-Vilbrant-scaled.jpg","width":2560,"height":2560,"caption":"Tallinn TV Tower"},{"@type":"BreadcrumbList","@id":"https:\/\/www.ecb.ee\/et\/uudised\/varvi-teletorn-oma-varvidesse\/#breadcrumb","itemListElement":[{"@type":"ListItem","position":1,"name":"Home","item":"https:\/\/www.ecb.ee\/et\/"},{"@type":"ListItem","position":2,"name":"V\u00e4rvi Teletorn oma v\u00e4rvidesse!"}]},{"@type":"WebSite","@id":"https:\/\/www.ecb.ee\/#website","url":"https:\/\/www.ecb.ee\/","name":"Estonian Convention Bureau","description":"","publisher":{"@id":"https:\/\/www.ecb.ee\/#organization"},"potentialAction":[{"@type":"SearchAction","target":{"@type":"EntryPoint","urlTemplate":"https:\/\/www.ecb.ee\/?s={search_term_string}"},"query-input":{"@type":"PropertyValueSpecification","valueRequired":true,"valueName":"search_term_string"}}],"inLanguage":"et"},{"@type":"Organization","@id":"https:\/\/www.ecb.ee\/#organization","name":"Estonian Convention Bureau","url":"https:\/\/www.ecb.ee\/","logo":{"@type":"ImageObject","inLanguage":"et","@id":"https:\/\/www.ecb.ee\/#\/schema\/logo\/image\/","url":"https:\/\/www.ecb.ee\/wp-content\/uploads\/2020\/12\/site_logo.svg","contentUrl":"https:\/\/www.ecb.ee\/wp-content\/uploads\/2020\/12\/site_logo.svg","caption":"Estonian Convention Bureau"},"image":{"@id":"https:\/\/www.ecb.ee\/#\/schema\/logo\/image\/"}},{"@type":"Person","@id":"https:\/\/www.ecb.ee\/#\/schema\/person\/683a06848cf0a690b2ba233665cb719f","name":"Riine Tiigi","image":{"@type":"ImageObject","inLanguage":"et","@id":"https:\/\/secure.gravatar.com\/avatar\/d86339875b83b6a9394fce703248189388335d81fba6ca62f59bc61cc7a0ae31?s=96&d=mm&r=g","url":"https:\/\/secure.gravatar.com\/avatar\/d86339875b83b6a9394fce703248189388335d81fba6ca62f59bc61cc7a0ae31?s=96&d=mm&r=g","contentUrl":"https:\/\/secure.gravatar.com\/avatar\/d86339875b83b6a9394fce703248189388335d81fba6ca62f59bc61cc7a0ae31?s=96&d=mm&r=g","caption":"Riine Tiigi"},"url":"https:\/\/www.ecb.ee\/et\/author\/riine\/"}]}},"_links":{"self":[{"href":"https:\/\/www.ecb.ee\/et\/wp-json\/wp\/v2\/posts\/38365","targetHints":{"allow":["GET"]}}],"collection":[{"href":"https:\/\/www.ecb.ee\/et\/wp-json\/wp\/v2\/posts"}],"about":[{"href":"https:\/\/www.ecb.ee\/et\/wp-json\/wp\/v2\/types\/post"}],"author":[{"embeddable":true,"href":"https:\/\/www.ecb.ee\/et\/wp-json\/wp\/v2\/users\/4"}],"replies":[{"embeddable":true,"href":"https:\/\/www.ecb.ee\/et\/wp-json\/wp\/v2\/comments?post=38365"}],"version-history":[{"count":5,"href":"https:\/\/www.ecb.ee\/et\/wp-json\/wp\/v2\/posts\/38365\/revisions"}],"predecessor-version":[{"id":38376,"href":"https:\/\/www.ecb.ee\/et\/wp-json\/wp\/v2\/posts\/38365\/revisions\/38376"}],"wp:featuredmedia":[{"embeddable":true,"href":"https:\/\/www.ecb.ee\/et\/wp-json\/wp\/v2\/media\/38369"}],"wp:attachment":[{"href":"https:\/\/www.ecb.ee\/et\/wp-json\/wp\/v2\/media?parent=38365"}],"wp:term":[{"taxonomy":"category","embeddable":true,"href":"https:\/\/www.ecb.ee\/et\/wp-json\/wp\/v2\/categories?post=38365"},{"taxonomy":"post_tag","embeddable":true,"href":"https:\/\/www.ecb.ee\/et\/wp-json\/wp\/v2\/tags?post=38365"}],"curies":[{"name":"wp","href":"https:\/\/api.w.org\/{rel}","templated":true}]}}