{"id":36749,"date":"2024-08-01T12:26:04","date_gmt":"2024-08-01T12:26:04","guid":{"rendered":"https:\/\/www.ecb.ee\/?p=36749"},"modified":"2024-08-01T12:26:04","modified_gmt":"2024-08-01T12:26:04","slug":"tallinnas-toimub-ulemaailmne-reservvaelaste-kogunemine","status":"publish","type":"post","link":"https:\/\/www.ecb.ee\/et\/uudised\/tallinnas-toimub-ulemaailmne-reservvaelaste-kogunemine\/","title":{"rendered":"Tallinnas toimub \u00fclemaailmne reservv\u00e4elaste kogunemine"},"content":{"rendered":"<p>Sellel n\u00e4dalal Tallinnas toimuv rahvusvaheline reservohvitseride kogunemine toob kokku pea 700 reservv\u00e4elast 28 riigist.\u00a0 \u00a0Lisaks NATO ja partnerriikide reservohvitseridele saabuvad Eestisse osalejad L\u00f5una-Aafrika Vabariigist, Tuneesiast ja Botswanast.<\/p>\n<p>\u201eJ\u00e4tkuv s\u00f5jategevus Ukrainas on n\u00e4idanud, et ilma reservv\u00e4elasteta t\u00e4na s\u00f5da ei peeta. Reservv\u00e4elased v\u00f5tavad vajadusel \u00fcle r\u00fchmade ja kompaniide juhtimise ning on valmis t\u00e4itma tegevv\u00e4elaste \u00fclesandeid. Arusaam teiste riikide reservv\u00e4gede v\u00f5imekustest ja t\u00f6\u00f6p\u00f5him\u00f5tetest aitab meil vajadusel kiiresti \u00fckstest toetada,\u201c \u00fctles kogunemist korraldava rahvusvahelise reservohvitseride organisatsiooni CIOR president kolonelleitnant Toomas Luman. \u201cReservv\u00e4elaste panus on valdav k\u00fcber- ja infooperatsioonides, s\u00f5ja\u00f5iguses, s\u00f5jameditsiinis ja paljud teistes valdkondades, kus on v\u00f5rdselt olulised nii erialased kui ka s\u00f5jalised teadmised,\u201c lisas ta.<\/p>\n<p>Kogunemise raames kohtub CIORi \u00f5iguskomitee Eesti riigiprokuratuuri ja teiste \u00f5iguskaitseasutuste esindajatega, kellega arutab s\u00f5jakuritegude uurimise k\u00fcsimusi Ukrainas. Meditsiiniohvitseride seminar k\u00e4sitleb meditsiiniabi andmist lahinguolukorras toetudes viimastele Ukraina kogemustele. Oma koost\u00f6\u00f6\u00f5ppused viivad l\u00e4bi k\u00fcberv\u00e4elased ja tsiviil-s\u00f5jalise koost\u00f6\u00f6 ohvitserid.<\/p>\n<p>Kogunemise osa on traditsiooniliselt s\u00f5jav\u00e4eline mitmev\u00f5istlus, kus militaarsportlased v\u00f5tavad m\u00f5\u00f5tu laskmises, orienteerumises, s\u00f5ja\u00f5iguses ja meditsiinis ning l\u00e4bivad takistusrajad maal ja vees. Samuti panustab CIOR igal aastal reserv- ja tegevv\u00e4elaste inglise ning prantsuse keele parendamisse keelekursuste korraldamisega.<\/p>\n<p>Eesti on olnud CIORi juhtriik alates 2022. aastast. \u201eEesti eesistumine langes aega, mil Ukrainas on k\u00e4imas t\u00e4iemahuline s\u00f5da. Oleme jaganud rahvusvahelise reservv\u00e4elaste kogukonnaga Eesti kogemust reservv\u00e4e arendamisel ning juhtinud t\u00e4helepanu Ukrainas toimuvale reservv\u00e4e\u00a0 vaatekohast,\u201c \u00fctles CIORi peasekret\u00e4r major Andre Lilleleht.\u00a0 Algaval kongressil annab Eesti juhtimise \u00fcle P\u00f5hjamaade \u00fchendpresidentuurile, mis juhib CIORi j\u00e4rgmised kaks aastat.<\/p>\n<p>1948. aastal loodud rahvusvahelisse reservohvitseride organisatsiooni kuuluvad t\u00e4na 28 NATO liikmesriigi ja kuue assotsieerunud riigi esindajad. CIOR esindab reservv\u00e4elasi NATO s\u00f5jalises komitees ja n\u00f5ustab NATOt reservv\u00e4gede k\u00fcsimustes. Eesti \u00fchines CIORiga 1999. aastal. 1997. aastal loodud Eesti reservohvitseride kogu \u00fchendab pea 400 reservohvitseri ja allohvitseri ning peab oma eesm\u00e4rgiks kaitsetahte kasvatamist ja riigikaitse toetamist.<\/p>\n<p>Allikas: <a href=\"https:\/\/mil.ee\/uudised\/tallinnas-algab-ulemaailmne-reservvaelaste-kogunemine\/\" target=\"_blank\" rel=\"noopener\">Eesti Kaitsev\u00e4gi<\/a><\/p>\n<div id='gallery-1' class='gallery galleryid-36749 gallery-columns-1 gallery-size-full'><figure class='gallery-item'>\n\t\t\t<div class='gallery-icon landscape'>\n\t\t\t\t<a href='https:\/\/www.ecb.ee\/et\/uudised\/tallinnas-toimub-ulemaailmne-reservvaelaste-kogunemine\/attachment\/cior\/'><img loading=\"lazy\" decoding=\"async\" width=\"792\" height=\"528\" src=\"https:\/\/www.ecb.ee\/wp-content\/uploads\/2024\/08\/CIOR.jpg\" class=\"attachment-full size-full\" alt=\"\" srcset=\"https:\/\/www.ecb.ee\/wp-content\/uploads\/2024\/08\/CIOR.jpg 792w, https:\/\/www.ecb.ee\/wp-content\/uploads\/2024\/08\/CIOR-300x200.jpg 300w, https:\/\/www.ecb.ee\/wp-content\/uploads\/2024\/08\/CIOR-768x512.jpg 768w\" sizes=\"auto, (max-width: 792px) 100vw, 792px\" \/><\/a>\n\t\t\t<\/div><\/figure>\n\t\t<\/div>\n\n","protected":false},"excerpt":{"rendered":"<p>Sellel n\u00e4dalal Tallinnas toimuv rahvusvaheline reservohvitseride kogunemine toob kokku pea 700 reservv\u00e4elast 28 riigist.\u00a0 \u00a0Lisaks NATO ja partnerriikide reservohvitseridele saabuvad Eestisse osalejad L\u00f5una-Aafrika Vabariigist, Tuneesiast ja Botswanast. \u201eJ\u00e4tkuv s\u00f5jategevus Ukrainas on n\u00e4idanud, et ilma reservv\u00e4elasteta t\u00e4na s\u00f5da ei peeta. Reservv\u00e4elased v\u00f5tavad vajadusel \u00fcle r\u00fchmade ja kompaniide juhtimise ning on valmis t\u00e4itma tegevv\u00e4elaste \u00fclesandeid. Arusaam teiste [&hellip;]<\/p>\n","protected":false},"author":4,"featured_media":36755,"comment_status":"closed","ping_status":"closed","sticky":false,"template":"","format":"standard","meta":{"_acf_changed":false,"footnotes":""},"categories":[189],"tags":[],"class_list":["post-36749","post","type-post","status-publish","format-standard","has-post-thumbnail","hentry","category-uudised"],"acf":[],"yoast_head":"<!-- This site is optimized with the Yoast SEO plugin v27.5 - https:\/\/yoast.com\/product\/yoast-seo-wordpress\/ -->\n<title>Tallinnas toimub \u00fclemaailmne reservv\u00e4elaste kogunemine - Estonian Convention Bureau<\/title>\n<meta name=\"robots\" content=\"index, follow, max-snippet:-1, max-image-preview:large, max-video-preview:-1\" \/>\n<link rel=\"canonical\" href=\"https:\/\/www.ecb.ee\/et\/uudised\/tallinnas-toimub-ulemaailmne-reservvaelaste-kogunemine\/\" \/>\n<meta property=\"og:locale\" content=\"et_EE\" \/>\n<meta property=\"og:type\" content=\"article\" \/>\n<meta property=\"og:title\" content=\"Tallinnas toimub \u00fclemaailmne reservv\u00e4elaste kogunemine - Estonian Convention Bureau\" \/>\n<meta property=\"og:description\" content=\"Sellel n\u00e4dalal Tallinnas toimuv rahvusvaheline reservohvitseride kogunemine toob kokku pea 700 reservv\u00e4elast 28 riigist.\u00a0 \u00a0Lisaks NATO ja partnerriikide reservohvitseridele saabuvad Eestisse osalejad L\u00f5una-Aafrika Vabariigist, Tuneesiast ja Botswanast. \u201eJ\u00e4tkuv s\u00f5jategevus Ukrainas on n\u00e4idanud, et ilma reservv\u00e4elasteta t\u00e4na s\u00f5da ei peeta. Reservv\u00e4elased v\u00f5tavad vajadusel \u00fcle r\u00fchmade ja kompaniide juhtimise ning on valmis t\u00e4itma tegevv\u00e4elaste \u00fclesandeid. Arusaam teiste [&hellip;]\" \/>\n<meta property=\"og:url\" content=\"https:\/\/www.ecb.ee\/et\/uudised\/tallinnas-toimub-ulemaailmne-reservvaelaste-kogunemine\/\" \/>\n<meta property=\"og:site_name\" content=\"Estonian Convention Bureau\" \/>\n<meta property=\"article:published_time\" content=\"2024-08-01T12:26:04+00:00\" \/>\n<meta property=\"og:image\" content=\"https:\/\/www.ecb.ee\/wp-content\/uploads\/2024\/08\/CIOR.jpg\" \/>\n\t<meta property=\"og:image:width\" content=\"792\" \/>\n\t<meta property=\"og:image:height\" content=\"528\" \/>\n\t<meta property=\"og:image:type\" content=\"image\/jpeg\" \/>\n<meta name=\"author\" content=\"Riine Tiigi\" \/>\n<meta name=\"twitter:card\" content=\"summary_large_image\" \/>\n<meta name=\"twitter:label1\" content=\"Written by\" \/>\n\t<meta name=\"twitter:data1\" content=\"Riine Tiigi\" \/>\n\t<meta name=\"twitter:label2\" content=\"Est. reading time\" \/>\n\t<meta name=\"twitter:data2\" content=\"2 minutit\" \/>\n<script type=\"application\/ld+json\" class=\"yoast-schema-graph\">{\"@context\":\"https:\\\/\\\/schema.org\",\"@graph\":[{\"@type\":\"Article\",\"@id\":\"https:\\\/\\\/www.ecb.ee\\\/et\\\/uudised\\\/tallinnas-toimub-ulemaailmne-reservvaelaste-kogunemine\\\/#article\",\"isPartOf\":{\"@id\":\"https:\\\/\\\/www.ecb.ee\\\/et\\\/uudised\\\/tallinnas-toimub-ulemaailmne-reservvaelaste-kogunemine\\\/\"},\"author\":{\"name\":\"Riine Tiigi\",\"@id\":\"https:\\\/\\\/www.ecb.ee\\\/#\\\/schema\\\/person\\\/683a06848cf0a690b2ba233665cb719f\"},\"headline\":\"Tallinnas toimub \u00fclemaailmne reservv\u00e4elaste kogunemine\",\"datePublished\":\"2024-08-01T12:26:04+00:00\",\"mainEntityOfPage\":{\"@id\":\"https:\\\/\\\/www.ecb.ee\\\/et\\\/uudised\\\/tallinnas-toimub-ulemaailmne-reservvaelaste-kogunemine\\\/\"},\"wordCount\":348,\"publisher\":{\"@id\":\"https:\\\/\\\/www.ecb.ee\\\/#organization\"},\"image\":{\"@id\":\"https:\\\/\\\/www.ecb.ee\\\/et\\\/uudised\\\/tallinnas-toimub-ulemaailmne-reservvaelaste-kogunemine\\\/#primaryimage\"},\"thumbnailUrl\":\"https:\\\/\\\/www.ecb.ee\\\/wp-content\\\/uploads\\\/2024\\\/08\\\/CIOR.jpg\",\"articleSection\":[\"Uudised\"],\"inLanguage\":\"et\"},{\"@type\":\"WebPage\",\"@id\":\"https:\\\/\\\/www.ecb.ee\\\/et\\\/uudised\\\/tallinnas-toimub-ulemaailmne-reservvaelaste-kogunemine\\\/\",\"url\":\"https:\\\/\\\/www.ecb.ee\\\/et\\\/uudised\\\/tallinnas-toimub-ulemaailmne-reservvaelaste-kogunemine\\\/\",\"name\":\"Tallinnas toimub \u00fclemaailmne reservv\u00e4elaste kogunemine - Estonian Convention Bureau\",\"isPartOf\":{\"@id\":\"https:\\\/\\\/www.ecb.ee\\\/#website\"},\"primaryImageOfPage\":{\"@id\":\"https:\\\/\\\/www.ecb.ee\\\/et\\\/uudised\\\/tallinnas-toimub-ulemaailmne-reservvaelaste-kogunemine\\\/#primaryimage\"},\"image\":{\"@id\":\"https:\\\/\\\/www.ecb.ee\\\/et\\\/uudised\\\/tallinnas-toimub-ulemaailmne-reservvaelaste-kogunemine\\\/#primaryimage\"},\"thumbnailUrl\":\"https:\\\/\\\/www.ecb.ee\\\/wp-content\\\/uploads\\\/2024\\\/08\\\/CIOR.jpg\",\"datePublished\":\"2024-08-01T12:26:04+00:00\",\"breadcrumb\":{\"@id\":\"https:\\\/\\\/www.ecb.ee\\\/et\\\/uudised\\\/tallinnas-toimub-ulemaailmne-reservvaelaste-kogunemine\\\/#breadcrumb\"},\"inLanguage\":\"et\",\"potentialAction\":[{\"@type\":\"ReadAction\",\"target\":[\"https:\\\/\\\/www.ecb.ee\\\/et\\\/uudised\\\/tallinnas-toimub-ulemaailmne-reservvaelaste-kogunemine\\\/\"]}]},{\"@type\":\"ImageObject\",\"inLanguage\":\"et\",\"@id\":\"https:\\\/\\\/www.ecb.ee\\\/et\\\/uudised\\\/tallinnas-toimub-ulemaailmne-reservvaelaste-kogunemine\\\/#primaryimage\",\"url\":\"https:\\\/\\\/www.ecb.ee\\\/wp-content\\\/uploads\\\/2024\\\/08\\\/CIOR.jpg\",\"contentUrl\":\"https:\\\/\\\/www.ecb.ee\\\/wp-content\\\/uploads\\\/2024\\\/08\\\/CIOR.jpg\",\"width\":792,\"height\":528},{\"@type\":\"BreadcrumbList\",\"@id\":\"https:\\\/\\\/www.ecb.ee\\\/et\\\/uudised\\\/tallinnas-toimub-ulemaailmne-reservvaelaste-kogunemine\\\/#breadcrumb\",\"itemListElement\":[{\"@type\":\"ListItem\",\"position\":1,\"name\":\"Home\",\"item\":\"https:\\\/\\\/www.ecb.ee\\\/et\\\/\"},{\"@type\":\"ListItem\",\"position\":2,\"name\":\"Tallinnas toimub \u00fclemaailmne reservv\u00e4elaste kogunemine\"}]},{\"@type\":\"WebSite\",\"@id\":\"https:\\\/\\\/www.ecb.ee\\\/#website\",\"url\":\"https:\\\/\\\/www.ecb.ee\\\/\",\"name\":\"Estonian Convention Bureau\",\"description\":\"\",\"publisher\":{\"@id\":\"https:\\\/\\\/www.ecb.ee\\\/#organization\"},\"potentialAction\":[{\"@type\":\"SearchAction\",\"target\":{\"@type\":\"EntryPoint\",\"urlTemplate\":\"https:\\\/\\\/www.ecb.ee\\\/?s={search_term_string}\"},\"query-input\":{\"@type\":\"PropertyValueSpecification\",\"valueRequired\":true,\"valueName\":\"search_term_string\"}}],\"inLanguage\":\"et\"},{\"@type\":\"Organization\",\"@id\":\"https:\\\/\\\/www.ecb.ee\\\/#organization\",\"name\":\"Estonian Convention Bureau\",\"url\":\"https:\\\/\\\/www.ecb.ee\\\/\",\"logo\":{\"@type\":\"ImageObject\",\"inLanguage\":\"et\",\"@id\":\"https:\\\/\\\/www.ecb.ee\\\/#\\\/schema\\\/logo\\\/image\\\/\",\"url\":\"https:\\\/\\\/www.ecb.ee\\\/wp-content\\\/uploads\\\/2020\\\/12\\\/site_logo.svg\",\"contentUrl\":\"https:\\\/\\\/www.ecb.ee\\\/wp-content\\\/uploads\\\/2020\\\/12\\\/site_logo.svg\",\"caption\":\"Estonian Convention Bureau\"},\"image\":{\"@id\":\"https:\\\/\\\/www.ecb.ee\\\/#\\\/schema\\\/logo\\\/image\\\/\"}},{\"@type\":\"Person\",\"@id\":\"https:\\\/\\\/www.ecb.ee\\\/#\\\/schema\\\/person\\\/683a06848cf0a690b2ba233665cb719f\",\"name\":\"Riine Tiigi\",\"image\":{\"@type\":\"ImageObject\",\"inLanguage\":\"et\",\"@id\":\"https:\\\/\\\/secure.gravatar.com\\\/avatar\\\/d86339875b83b6a9394fce703248189388335d81fba6ca62f59bc61cc7a0ae31?s=96&d=mm&r=g\",\"url\":\"https:\\\/\\\/secure.gravatar.com\\\/avatar\\\/d86339875b83b6a9394fce703248189388335d81fba6ca62f59bc61cc7a0ae31?s=96&d=mm&r=g\",\"contentUrl\":\"https:\\\/\\\/secure.gravatar.com\\\/avatar\\\/d86339875b83b6a9394fce703248189388335d81fba6ca62f59bc61cc7a0ae31?s=96&d=mm&r=g\",\"caption\":\"Riine Tiigi\"},\"url\":\"https:\\\/\\\/www.ecb.ee\\\/et\\\/author\\\/riine\\\/\"}]}<\/script>\n<!-- \/ Yoast SEO plugin. -->","yoast_head_json":{"title":"Tallinnas toimub \u00fclemaailmne reservv\u00e4elaste kogunemine - Estonian Convention Bureau","robots":{"index":"index","follow":"follow","max-snippet":"max-snippet:-1","max-image-preview":"max-image-preview:large","max-video-preview":"max-video-preview:-1"},"canonical":"https:\/\/www.ecb.ee\/et\/uudised\/tallinnas-toimub-ulemaailmne-reservvaelaste-kogunemine\/","og_locale":"et_EE","og_type":"article","og_title":"Tallinnas toimub \u00fclemaailmne reservv\u00e4elaste kogunemine - Estonian Convention Bureau","og_description":"Sellel n\u00e4dalal Tallinnas toimuv rahvusvaheline reservohvitseride kogunemine toob kokku pea 700 reservv\u00e4elast 28 riigist.\u00a0 \u00a0Lisaks NATO ja partnerriikide reservohvitseridele saabuvad Eestisse osalejad L\u00f5una-Aafrika Vabariigist, Tuneesiast ja Botswanast. \u201eJ\u00e4tkuv s\u00f5jategevus Ukrainas on n\u00e4idanud, et ilma reservv\u00e4elasteta t\u00e4na s\u00f5da ei peeta. Reservv\u00e4elased v\u00f5tavad vajadusel \u00fcle r\u00fchmade ja kompaniide juhtimise ning on valmis t\u00e4itma tegevv\u00e4elaste \u00fclesandeid. Arusaam teiste [&hellip;]","og_url":"https:\/\/www.ecb.ee\/et\/uudised\/tallinnas-toimub-ulemaailmne-reservvaelaste-kogunemine\/","og_site_name":"Estonian Convention Bureau","article_published_time":"2024-08-01T12:26:04+00:00","og_image":[{"width":792,"height":528,"url":"https:\/\/www.ecb.ee\/wp-content\/uploads\/2024\/08\/CIOR.jpg","type":"image\/jpeg"}],"author":"Riine Tiigi","twitter_card":"summary_large_image","twitter_misc":{"Written by":"Riine Tiigi","Est. reading time":"2 minutit"},"schema":{"@context":"https:\/\/schema.org","@graph":[{"@type":"Article","@id":"https:\/\/www.ecb.ee\/et\/uudised\/tallinnas-toimub-ulemaailmne-reservvaelaste-kogunemine\/#article","isPartOf":{"@id":"https:\/\/www.ecb.ee\/et\/uudised\/tallinnas-toimub-ulemaailmne-reservvaelaste-kogunemine\/"},"author":{"name":"Riine Tiigi","@id":"https:\/\/www.ecb.ee\/#\/schema\/person\/683a06848cf0a690b2ba233665cb719f"},"headline":"Tallinnas toimub \u00fclemaailmne reservv\u00e4elaste kogunemine","datePublished":"2024-08-01T12:26:04+00:00","mainEntityOfPage":{"@id":"https:\/\/www.ecb.ee\/et\/uudised\/tallinnas-toimub-ulemaailmne-reservvaelaste-kogunemine\/"},"wordCount":348,"publisher":{"@id":"https:\/\/www.ecb.ee\/#organization"},"image":{"@id":"https:\/\/www.ecb.ee\/et\/uudised\/tallinnas-toimub-ulemaailmne-reservvaelaste-kogunemine\/#primaryimage"},"thumbnailUrl":"https:\/\/www.ecb.ee\/wp-content\/uploads\/2024\/08\/CIOR.jpg","articleSection":["Uudised"],"inLanguage":"et"},{"@type":"WebPage","@id":"https:\/\/www.ecb.ee\/et\/uudised\/tallinnas-toimub-ulemaailmne-reservvaelaste-kogunemine\/","url":"https:\/\/www.ecb.ee\/et\/uudised\/tallinnas-toimub-ulemaailmne-reservvaelaste-kogunemine\/","name":"Tallinnas toimub \u00fclemaailmne reservv\u00e4elaste kogunemine - Estonian Convention Bureau","isPartOf":{"@id":"https:\/\/www.ecb.ee\/#website"},"primaryImageOfPage":{"@id":"https:\/\/www.ecb.ee\/et\/uudised\/tallinnas-toimub-ulemaailmne-reservvaelaste-kogunemine\/#primaryimage"},"image":{"@id":"https:\/\/www.ecb.ee\/et\/uudised\/tallinnas-toimub-ulemaailmne-reservvaelaste-kogunemine\/#primaryimage"},"thumbnailUrl":"https:\/\/www.ecb.ee\/wp-content\/uploads\/2024\/08\/CIOR.jpg","datePublished":"2024-08-01T12:26:04+00:00","breadcrumb":{"@id":"https:\/\/www.ecb.ee\/et\/uudised\/tallinnas-toimub-ulemaailmne-reservvaelaste-kogunemine\/#breadcrumb"},"inLanguage":"et","potentialAction":[{"@type":"ReadAction","target":["https:\/\/www.ecb.ee\/et\/uudised\/tallinnas-toimub-ulemaailmne-reservvaelaste-kogunemine\/"]}]},{"@type":"ImageObject","inLanguage":"et","@id":"https:\/\/www.ecb.ee\/et\/uudised\/tallinnas-toimub-ulemaailmne-reservvaelaste-kogunemine\/#primaryimage","url":"https:\/\/www.ecb.ee\/wp-content\/uploads\/2024\/08\/CIOR.jpg","contentUrl":"https:\/\/www.ecb.ee\/wp-content\/uploads\/2024\/08\/CIOR.jpg","width":792,"height":528},{"@type":"BreadcrumbList","@id":"https:\/\/www.ecb.ee\/et\/uudised\/tallinnas-toimub-ulemaailmne-reservvaelaste-kogunemine\/#breadcrumb","itemListElement":[{"@type":"ListItem","position":1,"name":"Home","item":"https:\/\/www.ecb.ee\/et\/"},{"@type":"ListItem","position":2,"name":"Tallinnas toimub \u00fclemaailmne reservv\u00e4elaste kogunemine"}]},{"@type":"WebSite","@id":"https:\/\/www.ecb.ee\/#website","url":"https:\/\/www.ecb.ee\/","name":"Estonian Convention Bureau","description":"","publisher":{"@id":"https:\/\/www.ecb.ee\/#organization"},"potentialAction":[{"@type":"SearchAction","target":{"@type":"EntryPoint","urlTemplate":"https:\/\/www.ecb.ee\/?s={search_term_string}"},"query-input":{"@type":"PropertyValueSpecification","valueRequired":true,"valueName":"search_term_string"}}],"inLanguage":"et"},{"@type":"Organization","@id":"https:\/\/www.ecb.ee\/#organization","name":"Estonian Convention Bureau","url":"https:\/\/www.ecb.ee\/","logo":{"@type":"ImageObject","inLanguage":"et","@id":"https:\/\/www.ecb.ee\/#\/schema\/logo\/image\/","url":"https:\/\/www.ecb.ee\/wp-content\/uploads\/2020\/12\/site_logo.svg","contentUrl":"https:\/\/www.ecb.ee\/wp-content\/uploads\/2020\/12\/site_logo.svg","caption":"Estonian Convention Bureau"},"image":{"@id":"https:\/\/www.ecb.ee\/#\/schema\/logo\/image\/"}},{"@type":"Person","@id":"https:\/\/www.ecb.ee\/#\/schema\/person\/683a06848cf0a690b2ba233665cb719f","name":"Riine Tiigi","image":{"@type":"ImageObject","inLanguage":"et","@id":"https:\/\/secure.gravatar.com\/avatar\/d86339875b83b6a9394fce703248189388335d81fba6ca62f59bc61cc7a0ae31?s=96&d=mm&r=g","url":"https:\/\/secure.gravatar.com\/avatar\/d86339875b83b6a9394fce703248189388335d81fba6ca62f59bc61cc7a0ae31?s=96&d=mm&r=g","contentUrl":"https:\/\/secure.gravatar.com\/avatar\/d86339875b83b6a9394fce703248189388335d81fba6ca62f59bc61cc7a0ae31?s=96&d=mm&r=g","caption":"Riine Tiigi"},"url":"https:\/\/www.ecb.ee\/et\/author\/riine\/"}]}},"_links":{"self":[{"href":"https:\/\/www.ecb.ee\/et\/wp-json\/wp\/v2\/posts\/36749","targetHints":{"allow":["GET"]}}],"collection":[{"href":"https:\/\/www.ecb.ee\/et\/wp-json\/wp\/v2\/posts"}],"about":[{"href":"https:\/\/www.ecb.ee\/et\/wp-json\/wp\/v2\/types\/post"}],"author":[{"embeddable":true,"href":"https:\/\/www.ecb.ee\/et\/wp-json\/wp\/v2\/users\/4"}],"replies":[{"embeddable":true,"href":"https:\/\/www.ecb.ee\/et\/wp-json\/wp\/v2\/comments?post=36749"}],"version-history":[{"count":1,"href":"https:\/\/www.ecb.ee\/et\/wp-json\/wp\/v2\/posts\/36749\/revisions"}],"predecessor-version":[{"id":36758,"href":"https:\/\/www.ecb.ee\/et\/wp-json\/wp\/v2\/posts\/36749\/revisions\/36758"}],"wp:featuredmedia":[{"embeddable":true,"href":"https:\/\/www.ecb.ee\/et\/wp-json\/wp\/v2\/media\/36755"}],"wp:attachment":[{"href":"https:\/\/www.ecb.ee\/et\/wp-json\/wp\/v2\/media?parent=36749"}],"wp:term":[{"taxonomy":"category","embeddable":true,"href":"https:\/\/www.ecb.ee\/et\/wp-json\/wp\/v2\/categories?post=36749"},{"taxonomy":"post_tag","embeddable":true,"href":"https:\/\/www.ecb.ee\/et\/wp-json\/wp\/v2\/tags?post=36749"}],"curies":[{"name":"wp","href":"https:\/\/api.w.org\/{rel}","templated":true}]}}