{"id":36549,"date":"2024-07-03T13:17:29","date_gmt":"2024-07-03T13:17:29","guid":{"rendered":"https:\/\/www.ecb.ee\/?p=36549"},"modified":"2024-07-04T08:27:58","modified_gmt":"2024-07-04T08:27:58","slug":"jargmine-laanemere-maade-kirjaoskuskonverents-toimub-eestis","status":"publish","type":"post","link":"https:\/\/www.ecb.ee\/et\/uudised\/jargmine-laanemere-maade-kirjaoskuskonverents-toimub-eestis\/","title":{"rendered":"J\u00e4rgmine L\u00e4\u00e4nemere maade kirjaoskuskonverents toimub Eestis"},"content":{"rendered":"<p>Juuni l\u00f5pus Kreetal toimunud Federation of European Literacy Associations Euroopa konverentsi raames toimunud \u00fcldkogul otsustati, et j\u00e4rgmise konverentsi toimumiskoht on Eesti. Eesti Lugemis\u00fchingul on au v\u00f5\u00f5rustada 6th Baltic Sea Conference on Literacy Tallinnas 4.-7.oktoobril 2025.<\/p>\n<p>F\u00f6deratsioon (literacyeurope.org) on ligi 30 Euroopa riigi kirjaoskuse organisatsioonide v\u00f5rgustik, mis koondab erinevaid kogemusi, keeli, projekte ja tegevusi kirjaoskuse edendamiseks k\u00f5igil haridustasemetel. Muuhulgas korraldatakse igal paarisaastal Euroopa Kirjaoskuskonverentse ja vaheaastal regionaalseid konverentse, mis sisult ja korralduselt on \u00fclemaailmse osalejaskonnaga.<\/p>\n<p>Eestis toimuva konverentsi teema \u201eLiteracy Environments. Environmental Literacy\u201c keskendub lugemise-kirjutamisoskuse kujunemist ja arengut toetavale keskkonnale selle f\u00fc\u00fcsilises, vaimses ja sotsiaalses t\u00e4henduses ja keskkondlikule kirjaoskusele-keskkonnakirjaoskusele.<br \/>\nKonverents toimub koost\u00f6\u00f6s Tartu ja Tallinna \u00dclikooliga viimase ruumides.\u00a0 Konverentsi satelliit\u00fcritus on T\u00dc Narva Kolled\u017eis toimuv \u00f5ues\u00f5ppekonverents ja kaasnevate \u00fcritustena on planeeritud osalejate tutvumine Eesti haridusasutuste ja loodusharidusv\u00f5imalustega.<\/p>\n<p>Konverentsile on oodatud valdkonna huvilised kogu maailmast.<\/p>\n<p>Konverentsi korraldus\u00f5iguse taotlemine toimus bidding programmi toel, mille kohta saab l\u00e4hemalt lugeda <a href=\"https:\/\/www.ecb.ee\/et\/korraldajale\/konverentsi-korraldusoiguse-taotlemine\/\">siit<\/a>. Esitlust ja videot, mida tutvustati FELA \u00fcldkogule, n\u00e4idati hiljem Euroopa Kirjaoskuskonverentsil ligi 300-le osalejale 40-st riigist.<\/p>\n<p>Konverentsi Eestis korraldamise otsust toetasid Eesti suurep\u00e4rased PISA uuringute tulemused ja Lugemis\u00fchingu senine hea t\u00f6\u00f6 projektide ja konverentside korraldamisel, millega saab tutvuda <a href=\"https:\/\/youtu.be\/M1f_Z8JEps0\">videos<\/a>.<\/p>\n<p>Lisainfo: <a href=\"https:\/\/onlineexpo.com\/en\/6bscl\/\">https:\/\/onlineexpo.com\/en\/6bscl\/<\/a><\/p>\n","protected":false},"excerpt":{"rendered":"<p>Juuni l\u00f5pus Kreetal toimunud Federation of European Literacy Associations Euroopa konverentsi raames toimunud \u00fcldkogul otsustati, et j\u00e4rgmise konverentsi toimumiskoht on Eesti. Eesti Lugemis\u00fchingul on au v\u00f5\u00f5rustada 6th Baltic Sea Conference on Literacy Tallinnas 4.-7.oktoobril 2025. F\u00f6deratsioon (literacyeurope.org) on ligi 30 Euroopa riigi kirjaoskuse organisatsioonide v\u00f5rgustik, mis koondab erinevaid kogemusi, keeli, projekte ja tegevusi kirjaoskuse edendamiseks [&hellip;]<\/p>\n","protected":false},"author":8,"featured_media":36550,"comment_status":"closed","ping_status":"closed","sticky":false,"template":"","format":"standard","meta":{"_acf_changed":false,"footnotes":""},"categories":[189],"tags":[],"class_list":["post-36549","post","type-post","status-publish","format-standard","has-post-thumbnail","hentry","category-uudised"],"acf":[],"yoast_head":"<!-- This site is optimized with the Yoast SEO plugin v27.5 - https:\/\/yoast.com\/product\/yoast-seo-wordpress\/ -->\n<title>J\u00e4rgmine L\u00e4\u00e4nemere maade kirjaoskuskonverents toimub Eestis - Estonian Convention Bureau<\/title>\n<meta name=\"robots\" content=\"index, follow, max-snippet:-1, max-image-preview:large, max-video-preview:-1\" \/>\n<link rel=\"canonical\" href=\"https:\/\/www.ecb.ee\/et\/uudised\/jargmine-laanemere-maade-kirjaoskuskonverents-toimub-eestis\/\" \/>\n<meta property=\"og:locale\" content=\"et_EE\" \/>\n<meta property=\"og:type\" content=\"article\" \/>\n<meta property=\"og:title\" content=\"J\u00e4rgmine L\u00e4\u00e4nemere maade kirjaoskuskonverents toimub Eestis - Estonian Convention Bureau\" \/>\n<meta property=\"og:description\" content=\"Juuni l\u00f5pus Kreetal toimunud Federation of European Literacy Associations Euroopa konverentsi raames toimunud \u00fcldkogul otsustati, et j\u00e4rgmise konverentsi toimumiskoht on Eesti. Eesti Lugemis\u00fchingul on au v\u00f5\u00f5rustada 6th Baltic Sea Conference on Literacy Tallinnas 4.-7.oktoobril 2025. F\u00f6deratsioon (literacyeurope.org) on ligi 30 Euroopa riigi kirjaoskuse organisatsioonide v\u00f5rgustik, mis koondab erinevaid kogemusi, keeli, projekte ja tegevusi kirjaoskuse edendamiseks [&hellip;]\" \/>\n<meta property=\"og:url\" content=\"https:\/\/www.ecb.ee\/et\/uudised\/jargmine-laanemere-maade-kirjaoskuskonverents-toimub-eestis\/\" \/>\n<meta property=\"og:site_name\" content=\"Estonian Convention Bureau\" \/>\n<meta property=\"article:published_time\" content=\"2024-07-03T13:17:29+00:00\" \/>\n<meta property=\"article:modified_time\" content=\"2024-07-04T08:27:58+00:00\" \/>\n<meta property=\"og:image\" content=\"https:\/\/www.ecb.ee\/wp-content\/uploads\/2024\/07\/FELA-konverents.jpeg\" \/>\n\t<meta property=\"og:image:width\" content=\"1016\" \/>\n\t<meta property=\"og:image:height\" content=\"1016\" \/>\n\t<meta property=\"og:image:type\" content=\"image\/jpeg\" \/>\n<meta name=\"author\" content=\"K\u00fclli Teimann\" \/>\n<meta name=\"twitter:card\" content=\"summary_large_image\" \/>\n<meta name=\"twitter:label1\" content=\"Written by\" \/>\n\t<meta name=\"twitter:data1\" content=\"K\u00fclli Teimann\" \/>\n\t<meta name=\"twitter:label2\" content=\"Est. reading time\" \/>\n\t<meta name=\"twitter:data2\" content=\"2 minutit\" \/>\n<script type=\"application\/ld+json\" class=\"yoast-schema-graph\">{\"@context\":\"https:\\\/\\\/schema.org\",\"@graph\":[{\"@type\":\"Article\",\"@id\":\"https:\\\/\\\/www.ecb.ee\\\/et\\\/uudised\\\/jargmine-laanemere-maade-kirjaoskuskonverents-toimub-eestis\\\/#article\",\"isPartOf\":{\"@id\":\"https:\\\/\\\/www.ecb.ee\\\/et\\\/uudised\\\/jargmine-laanemere-maade-kirjaoskuskonverents-toimub-eestis\\\/\"},\"author\":{\"name\":\"K\u00fclli Teimann\",\"@id\":\"https:\\\/\\\/www.ecb.ee\\\/#\\\/schema\\\/person\\\/8d4c582cf848d2d15c16507839a679a7\"},\"headline\":\"J\u00e4rgmine L\u00e4\u00e4nemere maade kirjaoskuskonverents toimub Eestis\",\"datePublished\":\"2024-07-03T13:17:29+00:00\",\"dateModified\":\"2024-07-04T08:27:58+00:00\",\"mainEntityOfPage\":{\"@id\":\"https:\\\/\\\/www.ecb.ee\\\/et\\\/uudised\\\/jargmine-laanemere-maade-kirjaoskuskonverents-toimub-eestis\\\/\"},\"wordCount\":218,\"publisher\":{\"@id\":\"https:\\\/\\\/www.ecb.ee\\\/#organization\"},\"image\":{\"@id\":\"https:\\\/\\\/www.ecb.ee\\\/et\\\/uudised\\\/jargmine-laanemere-maade-kirjaoskuskonverents-toimub-eestis\\\/#primaryimage\"},\"thumbnailUrl\":\"https:\\\/\\\/www.ecb.ee\\\/wp-content\\\/uploads\\\/2024\\\/07\\\/FELA-konverents.jpeg\",\"articleSection\":[\"Uudised\"],\"inLanguage\":\"et\"},{\"@type\":\"WebPage\",\"@id\":\"https:\\\/\\\/www.ecb.ee\\\/et\\\/uudised\\\/jargmine-laanemere-maade-kirjaoskuskonverents-toimub-eestis\\\/\",\"url\":\"https:\\\/\\\/www.ecb.ee\\\/et\\\/uudised\\\/jargmine-laanemere-maade-kirjaoskuskonverents-toimub-eestis\\\/\",\"name\":\"J\u00e4rgmine L\u00e4\u00e4nemere maade kirjaoskuskonverents toimub Eestis - Estonian Convention Bureau\",\"isPartOf\":{\"@id\":\"https:\\\/\\\/www.ecb.ee\\\/#website\"},\"primaryImageOfPage\":{\"@id\":\"https:\\\/\\\/www.ecb.ee\\\/et\\\/uudised\\\/jargmine-laanemere-maade-kirjaoskuskonverents-toimub-eestis\\\/#primaryimage\"},\"image\":{\"@id\":\"https:\\\/\\\/www.ecb.ee\\\/et\\\/uudised\\\/jargmine-laanemere-maade-kirjaoskuskonverents-toimub-eestis\\\/#primaryimage\"},\"thumbnailUrl\":\"https:\\\/\\\/www.ecb.ee\\\/wp-content\\\/uploads\\\/2024\\\/07\\\/FELA-konverents.jpeg\",\"datePublished\":\"2024-07-03T13:17:29+00:00\",\"dateModified\":\"2024-07-04T08:27:58+00:00\",\"breadcrumb\":{\"@id\":\"https:\\\/\\\/www.ecb.ee\\\/et\\\/uudised\\\/jargmine-laanemere-maade-kirjaoskuskonverents-toimub-eestis\\\/#breadcrumb\"},\"inLanguage\":\"et\",\"potentialAction\":[{\"@type\":\"ReadAction\",\"target\":[\"https:\\\/\\\/www.ecb.ee\\\/et\\\/uudised\\\/jargmine-laanemere-maade-kirjaoskuskonverents-toimub-eestis\\\/\"]}]},{\"@type\":\"ImageObject\",\"inLanguage\":\"et\",\"@id\":\"https:\\\/\\\/www.ecb.ee\\\/et\\\/uudised\\\/jargmine-laanemere-maade-kirjaoskuskonverents-toimub-eestis\\\/#primaryimage\",\"url\":\"https:\\\/\\\/www.ecb.ee\\\/wp-content\\\/uploads\\\/2024\\\/07\\\/FELA-konverents.jpeg\",\"contentUrl\":\"https:\\\/\\\/www.ecb.ee\\\/wp-content\\\/uploads\\\/2024\\\/07\\\/FELA-konverents.jpeg\",\"width\":1016,\"height\":1016},{\"@type\":\"BreadcrumbList\",\"@id\":\"https:\\\/\\\/www.ecb.ee\\\/et\\\/uudised\\\/jargmine-laanemere-maade-kirjaoskuskonverents-toimub-eestis\\\/#breadcrumb\",\"itemListElement\":[{\"@type\":\"ListItem\",\"position\":1,\"name\":\"Home\",\"item\":\"https:\\\/\\\/www.ecb.ee\\\/et\\\/\"},{\"@type\":\"ListItem\",\"position\":2,\"name\":\"J\u00e4rgmine L\u00e4\u00e4nemere maade kirjaoskuskonverents toimub Eestis\"}]},{\"@type\":\"WebSite\",\"@id\":\"https:\\\/\\\/www.ecb.ee\\\/#website\",\"url\":\"https:\\\/\\\/www.ecb.ee\\\/\",\"name\":\"Estonian Convention Bureau\",\"description\":\"\",\"publisher\":{\"@id\":\"https:\\\/\\\/www.ecb.ee\\\/#organization\"},\"potentialAction\":[{\"@type\":\"SearchAction\",\"target\":{\"@type\":\"EntryPoint\",\"urlTemplate\":\"https:\\\/\\\/www.ecb.ee\\\/?s={search_term_string}\"},\"query-input\":{\"@type\":\"PropertyValueSpecification\",\"valueRequired\":true,\"valueName\":\"search_term_string\"}}],\"inLanguage\":\"et\"},{\"@type\":\"Organization\",\"@id\":\"https:\\\/\\\/www.ecb.ee\\\/#organization\",\"name\":\"Estonian Convention Bureau\",\"url\":\"https:\\\/\\\/www.ecb.ee\\\/\",\"logo\":{\"@type\":\"ImageObject\",\"inLanguage\":\"et\",\"@id\":\"https:\\\/\\\/www.ecb.ee\\\/#\\\/schema\\\/logo\\\/image\\\/\",\"url\":\"https:\\\/\\\/www.ecb.ee\\\/wp-content\\\/uploads\\\/2020\\\/12\\\/site_logo.svg\",\"contentUrl\":\"https:\\\/\\\/www.ecb.ee\\\/wp-content\\\/uploads\\\/2020\\\/12\\\/site_logo.svg\",\"caption\":\"Estonian Convention Bureau\"},\"image\":{\"@id\":\"https:\\\/\\\/www.ecb.ee\\\/#\\\/schema\\\/logo\\\/image\\\/\"}},{\"@type\":\"Person\",\"@id\":\"https:\\\/\\\/www.ecb.ee\\\/#\\\/schema\\\/person\\\/8d4c582cf848d2d15c16507839a679a7\",\"name\":\"K\u00fclli Teimann\",\"image\":{\"@type\":\"ImageObject\",\"inLanguage\":\"et\",\"@id\":\"https:\\\/\\\/secure.gravatar.com\\\/avatar\\\/f7abf41808c4b46a10032174348a5af7a3a9b6acdb4b3e5b14ea9ce5300706c5?s=96&d=mm&r=g\",\"url\":\"https:\\\/\\\/secure.gravatar.com\\\/avatar\\\/f7abf41808c4b46a10032174348a5af7a3a9b6acdb4b3e5b14ea9ce5300706c5?s=96&d=mm&r=g\",\"contentUrl\":\"https:\\\/\\\/secure.gravatar.com\\\/avatar\\\/f7abf41808c4b46a10032174348a5af7a3a9b6acdb4b3e5b14ea9ce5300706c5?s=96&d=mm&r=g\",\"caption\":\"K\u00fclli Teimann\"},\"sameAs\":[\"http:\\\/\\\/www.ecb.ee\"],\"url\":\"https:\\\/\\\/www.ecb.ee\\\/et\\\/author\\\/kylli\\\/\"}]}<\/script>\n<!-- \/ Yoast SEO plugin. -->","yoast_head_json":{"title":"J\u00e4rgmine L\u00e4\u00e4nemere maade kirjaoskuskonverents toimub Eestis - Estonian Convention Bureau","robots":{"index":"index","follow":"follow","max-snippet":"max-snippet:-1","max-image-preview":"max-image-preview:large","max-video-preview":"max-video-preview:-1"},"canonical":"https:\/\/www.ecb.ee\/et\/uudised\/jargmine-laanemere-maade-kirjaoskuskonverents-toimub-eestis\/","og_locale":"et_EE","og_type":"article","og_title":"J\u00e4rgmine L\u00e4\u00e4nemere maade kirjaoskuskonverents toimub Eestis - Estonian Convention Bureau","og_description":"Juuni l\u00f5pus Kreetal toimunud Federation of European Literacy Associations Euroopa konverentsi raames toimunud \u00fcldkogul otsustati, et j\u00e4rgmise konverentsi toimumiskoht on Eesti. Eesti Lugemis\u00fchingul on au v\u00f5\u00f5rustada 6th Baltic Sea Conference on Literacy Tallinnas 4.-7.oktoobril 2025. F\u00f6deratsioon (literacyeurope.org) on ligi 30 Euroopa riigi kirjaoskuse organisatsioonide v\u00f5rgustik, mis koondab erinevaid kogemusi, keeli, projekte ja tegevusi kirjaoskuse edendamiseks [&hellip;]","og_url":"https:\/\/www.ecb.ee\/et\/uudised\/jargmine-laanemere-maade-kirjaoskuskonverents-toimub-eestis\/","og_site_name":"Estonian Convention Bureau","article_published_time":"2024-07-03T13:17:29+00:00","article_modified_time":"2024-07-04T08:27:58+00:00","og_image":[{"width":1016,"height":1016,"url":"https:\/\/www.ecb.ee\/wp-content\/uploads\/2024\/07\/FELA-konverents.jpeg","type":"image\/jpeg"}],"author":"K\u00fclli Teimann","twitter_card":"summary_large_image","twitter_misc":{"Written by":"K\u00fclli Teimann","Est. reading time":"2 minutit"},"schema":{"@context":"https:\/\/schema.org","@graph":[{"@type":"Article","@id":"https:\/\/www.ecb.ee\/et\/uudised\/jargmine-laanemere-maade-kirjaoskuskonverents-toimub-eestis\/#article","isPartOf":{"@id":"https:\/\/www.ecb.ee\/et\/uudised\/jargmine-laanemere-maade-kirjaoskuskonverents-toimub-eestis\/"},"author":{"name":"K\u00fclli Teimann","@id":"https:\/\/www.ecb.ee\/#\/schema\/person\/8d4c582cf848d2d15c16507839a679a7"},"headline":"J\u00e4rgmine L\u00e4\u00e4nemere maade kirjaoskuskonverents toimub Eestis","datePublished":"2024-07-03T13:17:29+00:00","dateModified":"2024-07-04T08:27:58+00:00","mainEntityOfPage":{"@id":"https:\/\/www.ecb.ee\/et\/uudised\/jargmine-laanemere-maade-kirjaoskuskonverents-toimub-eestis\/"},"wordCount":218,"publisher":{"@id":"https:\/\/www.ecb.ee\/#organization"},"image":{"@id":"https:\/\/www.ecb.ee\/et\/uudised\/jargmine-laanemere-maade-kirjaoskuskonverents-toimub-eestis\/#primaryimage"},"thumbnailUrl":"https:\/\/www.ecb.ee\/wp-content\/uploads\/2024\/07\/FELA-konverents.jpeg","articleSection":["Uudised"],"inLanguage":"et"},{"@type":"WebPage","@id":"https:\/\/www.ecb.ee\/et\/uudised\/jargmine-laanemere-maade-kirjaoskuskonverents-toimub-eestis\/","url":"https:\/\/www.ecb.ee\/et\/uudised\/jargmine-laanemere-maade-kirjaoskuskonverents-toimub-eestis\/","name":"J\u00e4rgmine L\u00e4\u00e4nemere maade kirjaoskuskonverents toimub Eestis - Estonian Convention Bureau","isPartOf":{"@id":"https:\/\/www.ecb.ee\/#website"},"primaryImageOfPage":{"@id":"https:\/\/www.ecb.ee\/et\/uudised\/jargmine-laanemere-maade-kirjaoskuskonverents-toimub-eestis\/#primaryimage"},"image":{"@id":"https:\/\/www.ecb.ee\/et\/uudised\/jargmine-laanemere-maade-kirjaoskuskonverents-toimub-eestis\/#primaryimage"},"thumbnailUrl":"https:\/\/www.ecb.ee\/wp-content\/uploads\/2024\/07\/FELA-konverents.jpeg","datePublished":"2024-07-03T13:17:29+00:00","dateModified":"2024-07-04T08:27:58+00:00","breadcrumb":{"@id":"https:\/\/www.ecb.ee\/et\/uudised\/jargmine-laanemere-maade-kirjaoskuskonverents-toimub-eestis\/#breadcrumb"},"inLanguage":"et","potentialAction":[{"@type":"ReadAction","target":["https:\/\/www.ecb.ee\/et\/uudised\/jargmine-laanemere-maade-kirjaoskuskonverents-toimub-eestis\/"]}]},{"@type":"ImageObject","inLanguage":"et","@id":"https:\/\/www.ecb.ee\/et\/uudised\/jargmine-laanemere-maade-kirjaoskuskonverents-toimub-eestis\/#primaryimage","url":"https:\/\/www.ecb.ee\/wp-content\/uploads\/2024\/07\/FELA-konverents.jpeg","contentUrl":"https:\/\/www.ecb.ee\/wp-content\/uploads\/2024\/07\/FELA-konverents.jpeg","width":1016,"height":1016},{"@type":"BreadcrumbList","@id":"https:\/\/www.ecb.ee\/et\/uudised\/jargmine-laanemere-maade-kirjaoskuskonverents-toimub-eestis\/#breadcrumb","itemListElement":[{"@type":"ListItem","position":1,"name":"Home","item":"https:\/\/www.ecb.ee\/et\/"},{"@type":"ListItem","position":2,"name":"J\u00e4rgmine L\u00e4\u00e4nemere maade kirjaoskuskonverents toimub Eestis"}]},{"@type":"WebSite","@id":"https:\/\/www.ecb.ee\/#website","url":"https:\/\/www.ecb.ee\/","name":"Estonian Convention Bureau","description":"","publisher":{"@id":"https:\/\/www.ecb.ee\/#organization"},"potentialAction":[{"@type":"SearchAction","target":{"@type":"EntryPoint","urlTemplate":"https:\/\/www.ecb.ee\/?s={search_term_string}"},"query-input":{"@type":"PropertyValueSpecification","valueRequired":true,"valueName":"search_term_string"}}],"inLanguage":"et"},{"@type":"Organization","@id":"https:\/\/www.ecb.ee\/#organization","name":"Estonian Convention Bureau","url":"https:\/\/www.ecb.ee\/","logo":{"@type":"ImageObject","inLanguage":"et","@id":"https:\/\/www.ecb.ee\/#\/schema\/logo\/image\/","url":"https:\/\/www.ecb.ee\/wp-content\/uploads\/2020\/12\/site_logo.svg","contentUrl":"https:\/\/www.ecb.ee\/wp-content\/uploads\/2020\/12\/site_logo.svg","caption":"Estonian Convention Bureau"},"image":{"@id":"https:\/\/www.ecb.ee\/#\/schema\/logo\/image\/"}},{"@type":"Person","@id":"https:\/\/www.ecb.ee\/#\/schema\/person\/8d4c582cf848d2d15c16507839a679a7","name":"K\u00fclli Teimann","image":{"@type":"ImageObject","inLanguage":"et","@id":"https:\/\/secure.gravatar.com\/avatar\/f7abf41808c4b46a10032174348a5af7a3a9b6acdb4b3e5b14ea9ce5300706c5?s=96&d=mm&r=g","url":"https:\/\/secure.gravatar.com\/avatar\/f7abf41808c4b46a10032174348a5af7a3a9b6acdb4b3e5b14ea9ce5300706c5?s=96&d=mm&r=g","contentUrl":"https:\/\/secure.gravatar.com\/avatar\/f7abf41808c4b46a10032174348a5af7a3a9b6acdb4b3e5b14ea9ce5300706c5?s=96&d=mm&r=g","caption":"K\u00fclli Teimann"},"sameAs":["http:\/\/www.ecb.ee"],"url":"https:\/\/www.ecb.ee\/et\/author\/kylli\/"}]}},"_links":{"self":[{"href":"https:\/\/www.ecb.ee\/et\/wp-json\/wp\/v2\/posts\/36549","targetHints":{"allow":["GET"]}}],"collection":[{"href":"https:\/\/www.ecb.ee\/et\/wp-json\/wp\/v2\/posts"}],"about":[{"href":"https:\/\/www.ecb.ee\/et\/wp-json\/wp\/v2\/types\/post"}],"author":[{"embeddable":true,"href":"https:\/\/www.ecb.ee\/et\/wp-json\/wp\/v2\/users\/8"}],"replies":[{"embeddable":true,"href":"https:\/\/www.ecb.ee\/et\/wp-json\/wp\/v2\/comments?post=36549"}],"version-history":[{"count":2,"href":"https:\/\/www.ecb.ee\/et\/wp-json\/wp\/v2\/posts\/36549\/revisions"}],"predecessor-version":[{"id":36555,"href":"https:\/\/www.ecb.ee\/et\/wp-json\/wp\/v2\/posts\/36549\/revisions\/36555"}],"wp:featuredmedia":[{"embeddable":true,"href":"https:\/\/www.ecb.ee\/et\/wp-json\/wp\/v2\/media\/36550"}],"wp:attachment":[{"href":"https:\/\/www.ecb.ee\/et\/wp-json\/wp\/v2\/media?parent=36549"}],"wp:term":[{"taxonomy":"category","embeddable":true,"href":"https:\/\/www.ecb.ee\/et\/wp-json\/wp\/v2\/categories?post=36549"},{"taxonomy":"post_tag","embeddable":true,"href":"https:\/\/www.ecb.ee\/et\/wp-json\/wp\/v2\/tags?post=36549"}],"curies":[{"name":"wp","href":"https:\/\/api.w.org\/{rel}","templated":true}]}}