{"id":31622,"date":"2023-12-04T10:46:12","date_gmt":"2023-12-04T10:46:12","guid":{"rendered":"https:\/\/www.ecb.ee\/?p=31622"},"modified":"2023-12-12T08:22:40","modified_gmt":"2023-12-12T08:22:40","slug":"tallinna-koige-keskkonnasobralikum-konverents-sellel-aastal-tostis-fookusesse-jatkusuutlikud-konverentsilahendused","status":"publish","type":"post","link":"https:\/\/www.ecb.ee\/et\/blog-et\/tallinna-koige-keskkonnasobralikum-konverents-sellel-aastal-tostis-fookusesse-jatkusuutlikud-konverentsilahendused\/","title":{"rendered":"TALLINNA  K\u00d5IGE KESKKONNAS\u00d5BRALIKUM KONVERENTS SELLEL AASTAL T\u00d5STIS FOOKUSESSE J\u00c4TKUSUUTLIKUD KONVERENTSILAHENDUSED"},"content":{"rendered":"<p><span data-contrast=\"none\">Reisisihtkohtade j\u00e4tkusuutlikkuse hindamise ja arendamise toetamisega tegeleva <a href=\"https:\/\/www.greendestinations.org\/gd-2023-estonia\/?utm_source=emailoctopus&amp;utm_medium=email&amp;utm_campaign=Green%20Destinations%20Newsletter%20March%202023\" target=\"_blank\" rel=\"noopener\">Green Destinations organisatsiooni iga-aastane konverents<\/a> toimus sel aastal oktoobrikuises Tallinnas \u2013 Euroopa 2023.a. rohelises pealinnas. Eestisse kogunes j\u00e4tkusuutliku turismi lahendusi otsima ja parimaid kogemuslugusid vahetama 260 osalejat rohkem kui 40 riigist. Konverentsi korraldasid <a href=\"https:\/\/visittallinn.ee\/est\/k%C3%BClastaja\" target=\"_blank\" rel=\"noopener\"><em>Visit Tallinn<\/em><\/a> ja <a href=\"https:\/\/www.puhkaeestis.ee\/et?_ga=2.201302125.298407661.1701684903-80046519.1701684903\" target=\"_blank\" rel=\"noopener\"><em>Visit Estonia<\/em><\/a>.\u00a0<\/span><span data-ccp-props=\"{}\">\u00a0<\/span><\/p>\n<p><span data-contrast=\"none\">Kui juba organisatsiooni nimetus \u00fctleb \u201eGreen Destinations\u201c, siis loomulikult oli tegemist ka v\u00e4ga keskkonnas\u00f5bralikult korraldatud konverentsiga, et olla suunan\u00e4itajaks k\u00f5igile \u00fcrituskorraldajatele. Uurisime <\/span><i><span data-contrast=\"none\">Visit Tallinna projektijuhilt<\/span><\/i> <span data-contrast=\"none\">Hele L\u00f5hmuselt milliseid j\u00e4tkusuutlikke lahendusi selle konverentsi puhul kasutati \u00fcrituse keskkonnajalaj\u00e4lje minimeerimiseks.<\/span><span data-ccp-props=\"{}\">\u00a0<\/span><\/p>\n<h3><b><span data-contrast=\"none\">Konverentsi toimumispaik<\/span><\/b><span data-ccp-props=\"{}\">\u00a0<\/span><\/h3>\n<p><img loading=\"lazy\" decoding=\"async\" class=\"alignnone size-full wp-image-31673\" src=\"https:\/\/www.ecb.ee\/wp-content\/uploads\/2023\/12\/10102023_16.43_Rasmus-Kooskora_5625.jpg\" alt=\"\" width=\"1200\" height=\"450\" srcset=\"https:\/\/www.ecb.ee\/wp-content\/uploads\/2023\/12\/10102023_16.43_Rasmus-Kooskora_5625.jpg 1200w, https:\/\/www.ecb.ee\/wp-content\/uploads\/2023\/12\/10102023_16.43_Rasmus-Kooskora_5625-300x113.jpg 300w, https:\/\/www.ecb.ee\/wp-content\/uploads\/2023\/12\/10102023_16.43_Rasmus-Kooskora_5625-1024x384.jpg 1024w, https:\/\/www.ecb.ee\/wp-content\/uploads\/2023\/12\/10102023_16.43_Rasmus-Kooskora_5625-768x288.jpg 768w\" sizes=\"auto, (max-width: 1200px) 100vw, 1200px\" \/><\/p>\n<p><span data-contrast=\"none\">Konverentsi toimumiskohaks sai valitud Tallinna Sadama <a href=\"https:\/\/www.ecb.ee\/et\/ruum\/tallinna-sadama-kruiisiterminal\/\" target=\"_blank\" rel=\"noopener\">Kruiisitermina<\/a>l, kuna tegemist on \u00fche k\u00f5ige keskkonnas\u00f5bralikuma ehitisega Tallinnas. <\/span><span data-contrast=\"none\">2021.a. suvel avatud <\/span><span data-contrast=\"auto\">Kruiisiterminal ehitati\u00a0 keskkonda ja j\u00e4tkusuutlikkust silmas pidades ja projekti rahastas INTERREG programm \u201cGreen Cruise Port \u2013 Sustainable Development of Cruise Port Locations\u201d (2016-2019). Standardina kasutatakse Kruiisiterminalis rohelist energiat, energiat toodavad P\u00f5hjamaade kliimale kohandatud p\u00e4ikesepaneelid ning hoonet k\u00fctab\/jahutab soojuspumba abiga mereenergia. Ruumid on p\u00e4evavalgusega, tagatud on pr\u00fcgi sorteerimine ning joogiveekraanid osalejatele, korraldaja k\u00e4sutuses on elektroonilised ekraanid info jagamiseks. Selle aasta suvest kannab Kruiisiterminal ka rahvusvahelist \u00f6kom\u00e4rgist <em>Green Key<\/em>.\u00a0<\/span><span data-ccp-props=\"{}\">\u00a0<\/span><\/p>\n<h3><b><span data-contrast=\"auto\">Keskkonnas\u00f5bralik toitlustus<\/span><\/b><span data-ccp-props=\"{}\">\u00a0<\/span><\/h3>\n<p><img loading=\"lazy\" decoding=\"async\" class=\"alignnone size-full wp-image-31679\" src=\"https:\/\/www.ecb.ee\/wp-content\/uploads\/2023\/12\/10102023_13.04_Rasmus-Kooskora_5148.jpg\" alt=\"\" width=\"1200\" height=\"500\" srcset=\"https:\/\/www.ecb.ee\/wp-content\/uploads\/2023\/12\/10102023_13.04_Rasmus-Kooskora_5148.jpg 1200w, https:\/\/www.ecb.ee\/wp-content\/uploads\/2023\/12\/10102023_13.04_Rasmus-Kooskora_5148-300x125.jpg 300w, https:\/\/www.ecb.ee\/wp-content\/uploads\/2023\/12\/10102023_13.04_Rasmus-Kooskora_5148-1024x427.jpg 1024w, https:\/\/www.ecb.ee\/wp-content\/uploads\/2023\/12\/10102023_13.04_Rasmus-Kooskora_5148-768x320.jpg 768w\" sizes=\"auto, (max-width: 1200px) 100vw, 1200px\" \/><\/p>\n<p><span data-contrast=\"none\">Toitlustuspartneriks oli seekord <a href=\"https:\/\/www.ecb.ee\/et\/firma\/pohjala-catering\/\" target=\"_blank\" rel=\"noopener\">P\u00f5hjala Catering<\/a>. Loomulikult p\u00f6\u00f6rati ka toidu- ja joogivalikutes suurt t\u00e4helepanu j\u00e4tkusuutlikkusele. Toitlustuse keskkonna jalaj\u00e4lje v\u00e4hendamise suurim v\u00e4ljakutse ja v\u00f5imalus on taimse toidu pakkumine, mist\u00f5ttu pakuti 2-p\u00e4evasel \u00fcritusel 100% ulatuses taimetoitu. L\u00f5unas\u00f6\u00f6gilaual juhendas s\u00f6\u00f6jaid nutikas tahvelarvuti, kus kuvati kogu toiduga seonduv info. Rahvusvaheliste k\u00fclastajate jaoks on selline Eesti ja kohaliku toidu loo jutustamine olulise v\u00e4\u00e4rtusega.\u00a0<\/span><span data-ccp-props=\"{}\">\u00a0<\/span><\/p>\n<p><span data-ccp-props=\"{}\">\u00a0<\/span><span data-contrast=\"none\">Toidupakkumise p\u00f6\u00f6rati suurt t\u00e4helepanu ka toidukoguste optimeerimisele, et v\u00e4hendada \u00fclej\u00e4\u00e4ke. Toitu valmistati ca. 10% v\u00e4hem kui oli registreeritud osalejaid. Eraldi eesm\u00e4rk oli kasutada kohalikku toorainet v\u00f5i mahetoodangut. N\u00f5gesepestoga tagliatelle, kirkerherne pallid dipikastmega, kukeseenekaste jpt taimsed s\u00f6\u00f6gid olid maitsvad ja toitvad.\u00a0<\/span><span data-ccp-props=\"{}\">\u00a0<\/span><span data-contrast=\"none\">Suureks hitiks osutusid eesti \u00f5unad \u2013 mida kulus 35 kg. Joogiks pakuti \u00f5iglase (Fairtrade) kaubanduse kohvi ja teed, et n\u00e4idata, et seisame p\u00f5llumeeste \u00f5iguse ja v\u00f5rdsuse eest.\u00a0<\/span><span data-ccp-props=\"{}\">\u00a0<\/span><\/p>\n<p><span data-contrast=\"none\">Kogu \u00fcrituse v\u00e4ltel ei kasutatud \u00fchekordseid n\u00f5usid, eelistati pakendamata toite ja v\u00e4lditi v\u00e4ikepakendeid. Toidu \u00fclej\u00e4\u00e4gi viis \u00e4ra <a href=\"https:\/\/fudloop.ee\/\" target=\"_blank\" rel=\"noopener\">Fudloop<\/a> ning tekkinud toiduj\u00e4\u00e4tmed ca. 7 kg sorteeriti ja suunati ringlusse.\u00a0\u00a0<\/span><span data-contrast=\"none\">Kruiisiterminalis oli v\u00f5imalik t\u00e4ita oma joogipudelit, mille palusime t\u00e4iendavalt osalejatel ise kaasa v\u00f5tta.\u00a0<\/span><span data-ccp-props=\"{}\">\u00a0<\/span><\/p>\n<p><span data-contrast=\"auto\">Konverentsi pidulik \u00f5htus\u00f6\u00f6k toimus <a href=\"https:\/\/www.ecb.ee\/et\/ruum\/eesti-meremuuseumi-lennusadam\/\" target=\"_blank\" rel=\"noopener\">Lennusadamas<\/a>. Keskkonnas\u00f5braliku \u00f5htus\u00f6\u00f6gi pakkus Lennusadama toitlustaja MARU catering. MARU cateringi pakkumise tegemise eelduseks olid samad n\u00f5uded, mis ka p\u00e4evasele toitlustajale. K\u00fcll aga pakuti \u00f5htu<\/span><span data-contrast=\"none\">s\u00f6\u00f6gil 50% ulatuses nii kala kui linnuliha 50%. Tellija \u2013 <em>Visit Tallinn<\/em> eelistas hooajalist, kodumaist ja mahetoodangut, kus v\u00f5imalik, kohvi ja tee peab olema p\u00e4rit \u00f5iglasest kaubandusest (Fairtrade). \u00dcritusel <\/span><span data-contrast=\"none\">ei kasutatud plastikust joogik\u00f5rsi ega serveerimisel fooliumit. Eelistasime pakkuda eestimaiste alkoholitootjate valikut ning toreda pop-up baari organiseeris d\u017einnitootja TOHI.\u00a0<\/span><span data-ccp-props=\"{}\">\u00a0<\/span><\/p>\n<h3><b><span data-contrast=\"none\">Materjalide tootmist v\u00e4lditi<\/span><\/b><span data-ccp-props=\"{}\">\u00a0<\/span><\/h3>\n<p><span data-contrast=\"none\">Kas m\u00e4letate veel neid aegu, kus igale konverentsil osalejale anti igal konverentsilt n\u00e4ppu ka konverentsikott?\u00a0 <\/span><span data-contrast=\"none\">Loomulikult midagi sellist selle konverentsi puhul enam ei tehtud, ainukese materjalina toodeti konverentsi tarbeks osalejate kaelakaardid. Printimisel kasutati \u00f6koloogilist ja sertifitseeritud paberit. Kogu \u00fcrituse info, nii ajakava kui esinejad, oli saadaval konverentsi kodulehel ja toimumiskoha elektroonilistel ekraanidel. Delegaatide b\u00fcllet\u00e4n oli allalaetav QR-koodiga. \u00dcritus korraldati Rohelise pealinna programmi raames ja sellest tulenevalt taasakasutasime juba valmis fotoseinu.\u00a0<\/span><span data-ccp-props=\"{}\">\u00a0<\/span><\/p>\n<h3><b><span data-contrast=\"none\">Ruumide dekoratsioonid<\/span><\/b><span data-ccp-props=\"{}\">\u00a0<\/span><\/h3>\n<p><img loading=\"lazy\" decoding=\"async\" class=\"alignnone size-full wp-image-31677\" src=\"https:\/\/www.ecb.ee\/wp-content\/uploads\/2023\/12\/10102023_13.08_Rasmus-Kooskora_5175.jpg\" alt=\"\" width=\"1200\" height=\"400\" srcset=\"https:\/\/www.ecb.ee\/wp-content\/uploads\/2023\/12\/10102023_13.08_Rasmus-Kooskora_5175.jpg 1200w, https:\/\/www.ecb.ee\/wp-content\/uploads\/2023\/12\/10102023_13.08_Rasmus-Kooskora_5175-300x100.jpg 300w, https:\/\/www.ecb.ee\/wp-content\/uploads\/2023\/12\/10102023_13.08_Rasmus-Kooskora_5175-1024x341.jpg 1024w, https:\/\/www.ecb.ee\/wp-content\/uploads\/2023\/12\/10102023_13.08_Rasmus-Kooskora_5175-768x256.jpg 768w\" sizes=\"auto, (max-width: 1200px) 100vw, 1200px\" \/><\/p>\n<p><span data-contrast=\"none\">Kruiisiterminali p\u00f5hjamaiselt modernlistikud ruumid ei vaja palju ekstra dekoreerimist. V\u00e4hesel m\u00e4\u00e4ral kasutati ainult korduvkasutatavaid dekoratsioone, ei toodetud \u00fchtegi roll up-I ega b\u00e4nnerit.\u00a0<\/span><span data-ccp-props=\"{}\">\u00a0<\/span><\/p>\n<h3><b><span data-contrast=\"none\">J\u00e4tkusuutlik transpordi valik<\/span><\/b><span data-ccp-props=\"{}\">\u00a0<\/span><\/h3>\n<p><span data-contrast=\"none\">Tallinn v\u00f5imaldab juba mitmendat aastat\u00a0 <\/span><span data-contrast=\"none\">erinevate rahvusvaheliste \u00fcrituste (konverentsid, kultuuri- ja spordi\u00fcritused) delegaatidele\u202f<\/span><a href=\"https:\/\/visittallinn.ee\/est\/professionaal\/konverentsiturism\/lisaks\/praktilised-t%C3%B6%C3%B6vahendid\/tasuta-transport\"><span data-contrast=\"none\">tasuta \u00fchistransporti<\/span><\/a><span data-contrast=\"none\">. Ka selle konverentsi osalejaid julgustati saabuma kohale kas \u00fchistransporti kasutades, jalgrattal v\u00f5i jala, transfeere hotellidest ei korraldatud. Paljud osalejad kiitsid m\u00f5nusat hommikust v\u00e4rskendavat jalutusk\u00e4iku.\u00a0<\/span><span data-ccp-props=\"{}\">\u00a0<\/span><\/p>\n<h3><b><span data-contrast=\"none\">Konverentsi keskkonnajalaj\u00e4lje m\u00f5\u00f5tmine<\/span><\/b><span data-ccp-props=\"{}\">\u00a0<\/span><\/h3>\n<p><img loading=\"lazy\" decoding=\"async\" class=\"alignnone size-full wp-image-31675\" src=\"https:\/\/www.ecb.ee\/wp-content\/uploads\/2023\/12\/10102023_15.45_Rasmus-Kooskora_5522.jpg\" alt=\"\" width=\"1200\" height=\"400\" srcset=\"https:\/\/www.ecb.ee\/wp-content\/uploads\/2023\/12\/10102023_15.45_Rasmus-Kooskora_5522.jpg 1200w, https:\/\/www.ecb.ee\/wp-content\/uploads\/2023\/12\/10102023_15.45_Rasmus-Kooskora_5522-300x100.jpg 300w, https:\/\/www.ecb.ee\/wp-content\/uploads\/2023\/12\/10102023_15.45_Rasmus-Kooskora_5522-1024x341.jpg 1024w, https:\/\/www.ecb.ee\/wp-content\/uploads\/2023\/12\/10102023_15.45_Rasmus-Kooskora_5522-768x256.jpg 768w\" sizes=\"auto, (max-width: 1200px) 100vw, 1200px\" \/><\/p>\n<p><span data-contrast=\"none\">Loomulikult m\u00f5\u00f5deti selle konverentsi puhul ka <\/span><b><span data-contrast=\"none\">\u00fcrituse keskkonnajalaj\u00e4lge<\/span><\/b><span data-contrast=\"none\">, partneriks taani ettev\u00f5te <a href=\"https:\/\/www.klimascore.com\/en\/\" target=\"_blank\" rel=\"noopener\">ClimateScore<\/a>. <\/span><span data-contrast=\"none\">ClimateScore pakub p\u00f5hjalikku eluts\u00fckli hindamise t\u00f6\u00f6riista, mis arvutab t\u00e4pselt nii meie k\u00fclaliste kui ka \u00fcrituse tervikuna tekitatud CO2 m\u00f5ju.\u00a0<\/span><span data-ccp-props=\"{}\">\u00a0<\/span><\/p>\n<p><span data-contrast=\"none\">\u00dcrituse keskkonna jalaj\u00e4lje m\u00f5\u00f5tmine koosneb peamiselt viiest komponendist, nendeks on <\/span><b><span data-contrast=\"none\">transport<\/span><\/b><span data-contrast=\"none\"> (mis tavaliselt moodustab \u00fcrituse jalaj\u00e4ljest suurima osa, arvutatakse kokku nii osalejate, esinejate, personali kui kauba transport); <\/span><b><span data-contrast=\"none\">toitlustus<\/span><\/b><span data-contrast=\"none\"> (k\u00f5ik toidud, joogid), <\/span><b><span data-contrast=\"none\">energiatarve<\/span><\/b><span data-contrast=\"none\">; k\u00f5ik <\/span><b><span data-contrast=\"none\">materjalid<\/span><\/b><span data-contrast=\"none\"> mida sa toodad v\u00f5i ostad \u00fcrituse tarbeks; <\/span><b><span data-contrast=\"none\">j\u00e4\u00e4tmed<\/span><\/b><span data-contrast=\"none\">, mis tvaliselt \u00fcllatusena inimestele moodustavad k\u00f5ige v\u00e4iksema osa \u00fcrituse jalaj\u00e4ljest ja <\/span><b><span data-contrast=\"none\">vee tarbimine<\/span><\/b><span data-contrast=\"none\">. Suurim jaljaj\u00e4je tekitamise tegur on tavaliselt \u00fcrituste puhul transport, moodustades keskmiselt 65 \u2013 85 % k\u00f5ikidest heiteteguritest, kui arvestada, et enamik osalejaid saabub lennukiga.<\/span><span data-ccp-props=\"{}\">\u00a0<\/span><\/p>\n<p><span data-contrast=\"none\">Antud konverents\u00a0 sai s\u00fcsinikujalaj\u00e4lje kokkuhoiul tulemuseks k\u00fcmnepalliskaalal hiilgava 9,5, mis n\u00e4itab, et konverents korraldati peaaegu nii keskkonahoidlikult kui v\u00f5imalik.\u00a0<\/span><span data-ccp-props=\"{}\">\u00a0<\/span><\/p>\n<h3><b><span data-contrast=\"none\">Osalejate teavitus keskkonna-alastest tegevustest<\/span><\/b><span data-ccp-props=\"{}\">\u00a0<\/span><\/h3>\n<p><span data-contrast=\"none\">Ka konverentsi delegate teavitati tegevustest, mis on ette v\u00f5etud jalaj\u00e4lje v\u00e4hendamiseks. Selles kasutati <a href=\"https:\/\/www.tripdoodler.com\/\" target=\"_blank\" rel=\"noopener\">Tripdoodler<\/a>-I keskkonnas loodud spetsiaalset rakendust.<\/span><span data-ccp-props=\"{}\"> Ka konverentsi kodulehelt sai lugeda <a href=\"https:\/\/www.greendestinations.org\/gd-2023-estonia\/event-sustainability\/\" target=\"_blank\" rel=\"noopener\">keskkonnas\u00e4\u00e4stlike p\u00f5him\u00f5tete kohta<\/a>.<\/span><\/p>\n<h3><b><span data-contrast=\"none\">Korralduspartneri valik<\/span><\/b><span data-ccp-props=\"{}\">\u00a0<\/span><\/h3>\n<p><span data-contrast=\"none\">Konverentsi aitas korraldada \u00fcritusturundusfirma Jolos, kes on juba mitmeid aastad keskkonnas\u00e4\u00e4stlike \u00fcrituste teemaga tegelenud<\/span><span data-ccp-props=\"{}\"> ja t\u00f6\u00f6tanud v\u00e4lja ka oma <a href=\"https:\/\/jolos.eu\/sustainability\/\" target=\"_blank\" rel=\"noopener\">p\u00f5him\u00f5tted<\/a>.<\/span><\/p>\n<h3><b><span data-contrast=\"none\">Soovitused, millele t\u00e4helepanu p\u00f6\u00f6rata<\/span><\/b><span data-ccp-props=\"{}\">\u00a0<\/span><\/h3>\n<p>K\u00fcsisime Helelt ka soovitusi, mida \u00fcrituse korraldamisel arvestada. Tema s\u00f5nul on\u00a0<span data-contrast=\"none\">v\u00e4ga olulised m\u00f5jutajad keskkonnas\u00e4\u00e4stliku \u00fcrituse korralduse puhul\u00a0 koht ja toit. &#8220;Meil on Tallinnas juba mitmed \u00fcrituskorralduskohad ja hotellid sertifitseeritud, mist\u00f5ttu konverentsikohal on juba mitmed keskkonnaalased n\u00f5uded kirjas s\u00f5lmitavas lepingus. Toidu puhul on kindlasti k\u00f5ige m\u00f5istlikum s\u00e4\u00e4st sellest kui toitlustajaga vaadata \u00fcle kogu men\u00fc\u00fc, see ka l\u00e4bi proovida ning optimeerida toidukoguseid.&#8221;<\/span><\/p>\n<h3><b><span data-contrast=\"none\">Millised olid suurimad v\u00e4ljakutsed?<\/span><\/b><span data-ccp-props=\"{}\">\u00a0<\/span><\/h3>\n<p><span data-contrast=\"none\">Hele: <\/span><span data-ccp-props=\"{}\">\u00a0&#8220;<\/span><span data-contrast=\"none\">Suurimaks v\u00e4ljakutseks oli publik ja see kuidas saada publik hindama tehtud pingutust. See sujus aga \u00fcllatavalt h\u00e4sti, ainukeseks v\u00e4ljakutseks oli Kruiisiterminali \u00fcmbruses toimuvad ehitust\u00f6\u00f6d ning kohaviidad, mida oleks pidanud olema rohkem.<\/span><span data-ccp-props=\"{}\">&#8220;<\/span><\/p>\n<p><em>Fotod: Rasmus Kooskora<\/em><\/p>\n<p>&nbsp;<\/p>\n<p><span data-ccp-props=\"{}\">\u00a0<\/span><\/p>\n<p>&nbsp;<\/p>\n","protected":false},"excerpt":{"rendered":"<p>Reisisihtkohtade j\u00e4tkusuutlikkuse hindamise ja arendamise toetamisega tegeleva Green Destinations organisatsiooni iga-aastane konverents toimus sel aastal oktoobrikuises Tallinnas \u2013 Euroopa 2023.a. rohelises pealinnas. Eestisse kogunes j\u00e4tkusuutliku turismi lahendusi otsima ja parimaid kogemuslugusid vahetama 260 osalejat rohkem kui 40 riigist. Konverentsi korraldasid Visit Tallinn ja Visit Estonia.\u00a0\u00a0 Kui juba organisatsiooni nimetus \u00fctleb \u201eGreen Destinations\u201c, siis loomulikult oli [&hellip;]<\/p>\n","protected":false},"author":4,"featured_media":31724,"comment_status":"closed","ping_status":"closed","sticky":false,"template":"","format":"standard","meta":{"_acf_changed":false,"footnotes":""},"categories":[190,185],"tags":[],"class_list":["post-31622","post","type-post","status-publish","format-standard","has-post-thumbnail","hentry","category-blog-et","category-konverentsid"],"acf":[],"yoast_head":"<!-- This site is optimized with the Yoast SEO plugin v27.5 - https:\/\/yoast.com\/product\/yoast-seo-wordpress\/ -->\n<title>TALLINNA K\u00d5IGE KESKKONNAS\u00d5BRALIKUM KONVERENTS SELLEL AASTAL T\u00d5STIS FOOKUSESSE J\u00c4TKUSUUTLIKUD KONVERENTSILAHENDUSED - Estonian Convention Bureau<\/title>\n<meta name=\"robots\" content=\"index, follow, max-snippet:-1, max-image-preview:large, max-video-preview:-1\" \/>\n<link rel=\"canonical\" href=\"https:\/\/www.ecb.ee\/et\/blog-et\/tallinna-koige-keskkonnasobralikum-konverents-sellel-aastal-tostis-fookusesse-jatkusuutlikud-konverentsilahendused\/\" \/>\n<meta property=\"og:locale\" content=\"et_EE\" \/>\n<meta property=\"og:type\" content=\"article\" \/>\n<meta property=\"og:title\" content=\"TALLINNA K\u00d5IGE KESKKONNAS\u00d5BRALIKUM KONVERENTS SELLEL AASTAL T\u00d5STIS FOOKUSESSE J\u00c4TKUSUUTLIKUD KONVERENTSILAHENDUSED - Estonian Convention Bureau\" \/>\n<meta property=\"og:description\" content=\"Reisisihtkohtade j\u00e4tkusuutlikkuse hindamise ja arendamise toetamisega tegeleva Green Destinations organisatsiooni iga-aastane konverents toimus sel aastal oktoobrikuises Tallinnas \u2013 Euroopa 2023.a. rohelises pealinnas. Eestisse kogunes j\u00e4tkusuutliku turismi lahendusi otsima ja parimaid kogemuslugusid vahetama 260 osalejat rohkem kui 40 riigist. Konverentsi korraldasid Visit Tallinn ja Visit Estonia.\u00a0\u00a0 Kui juba organisatsiooni nimetus \u00fctleb \u201eGreen Destinations\u201c, siis loomulikult oli [&hellip;]\" \/>\n<meta property=\"og:url\" content=\"https:\/\/www.ecb.ee\/et\/blog-et\/tallinna-koige-keskkonnasobralikum-konverents-sellel-aastal-tostis-fookusesse-jatkusuutlikud-konverentsilahendused\/\" \/>\n<meta property=\"og:site_name\" content=\"Estonian Convention Bureau\" \/>\n<meta property=\"article:published_time\" content=\"2023-12-04T10:46:12+00:00\" \/>\n<meta property=\"article:modified_time\" content=\"2023-12-12T08:22:40+00:00\" \/>\n<meta property=\"og:image\" content=\"https:\/\/www.ecb.ee\/wp-content\/uploads\/2023\/12\/Green-Destinations1-scaled.jpg\" \/>\n\t<meta property=\"og:image:width\" content=\"2560\" \/>\n\t<meta property=\"og:image:height\" content=\"1707\" \/>\n\t<meta property=\"og:image:type\" content=\"image\/jpeg\" \/>\n<meta name=\"author\" content=\"Riine Tiigi\" \/>\n<meta name=\"twitter:card\" content=\"summary_large_image\" \/>\n<meta name=\"twitter:label1\" content=\"Written by\" \/>\n\t<meta name=\"twitter:data1\" content=\"Riine Tiigi\" \/>\n\t<meta name=\"twitter:label2\" content=\"Est. reading time\" \/>\n\t<meta name=\"twitter:data2\" content=\"5 minutit\" \/>\n<script type=\"application\/ld+json\" class=\"yoast-schema-graph\">{\"@context\":\"https:\\\/\\\/schema.org\",\"@graph\":[{\"@type\":\"Article\",\"@id\":\"https:\\\/\\\/www.ecb.ee\\\/et\\\/blog-et\\\/tallinna-koige-keskkonnasobralikum-konverents-sellel-aastal-tostis-fookusesse-jatkusuutlikud-konverentsilahendused\\\/#article\",\"isPartOf\":{\"@id\":\"https:\\\/\\\/www.ecb.ee\\\/et\\\/blog-et\\\/tallinna-koige-keskkonnasobralikum-konverents-sellel-aastal-tostis-fookusesse-jatkusuutlikud-konverentsilahendused\\\/\"},\"author\":{\"name\":\"Riine Tiigi\",\"@id\":\"https:\\\/\\\/www.ecb.ee\\\/#\\\/schema\\\/person\\\/683a06848cf0a690b2ba233665cb719f\"},\"headline\":\"TALLINNA K\u00d5IGE KESKKONNAS\u00d5BRALIKUM KONVERENTS SELLEL AASTAL T\u00d5STIS FOOKUSESSE J\u00c4TKUSUUTLIKUD KONVERENTSILAHENDUSED\",\"datePublished\":\"2023-12-04T10:46:12+00:00\",\"dateModified\":\"2023-12-12T08:22:40+00:00\",\"mainEntityOfPage\":{\"@id\":\"https:\\\/\\\/www.ecb.ee\\\/et\\\/blog-et\\\/tallinna-koige-keskkonnasobralikum-konverents-sellel-aastal-tostis-fookusesse-jatkusuutlikud-konverentsilahendused\\\/\"},\"wordCount\":981,\"publisher\":{\"@id\":\"https:\\\/\\\/www.ecb.ee\\\/#organization\"},\"image\":{\"@id\":\"https:\\\/\\\/www.ecb.ee\\\/et\\\/blog-et\\\/tallinna-koige-keskkonnasobralikum-konverents-sellel-aastal-tostis-fookusesse-jatkusuutlikud-konverentsilahendused\\\/#primaryimage\"},\"thumbnailUrl\":\"https:\\\/\\\/www.ecb.ee\\\/wp-content\\\/uploads\\\/2023\\\/12\\\/Green-Destinations1-scaled.jpg\",\"articleSection\":[\"Blogi\",\"Konverentsid\"],\"inLanguage\":\"et\"},{\"@type\":\"WebPage\",\"@id\":\"https:\\\/\\\/www.ecb.ee\\\/et\\\/blog-et\\\/tallinna-koige-keskkonnasobralikum-konverents-sellel-aastal-tostis-fookusesse-jatkusuutlikud-konverentsilahendused\\\/\",\"url\":\"https:\\\/\\\/www.ecb.ee\\\/et\\\/blog-et\\\/tallinna-koige-keskkonnasobralikum-konverents-sellel-aastal-tostis-fookusesse-jatkusuutlikud-konverentsilahendused\\\/\",\"name\":\"TALLINNA K\u00d5IGE KESKKONNAS\u00d5BRALIKUM KONVERENTS SELLEL AASTAL T\u00d5STIS FOOKUSESSE J\u00c4TKUSUUTLIKUD KONVERENTSILAHENDUSED - Estonian Convention Bureau\",\"isPartOf\":{\"@id\":\"https:\\\/\\\/www.ecb.ee\\\/#website\"},\"primaryImageOfPage\":{\"@id\":\"https:\\\/\\\/www.ecb.ee\\\/et\\\/blog-et\\\/tallinna-koige-keskkonnasobralikum-konverents-sellel-aastal-tostis-fookusesse-jatkusuutlikud-konverentsilahendused\\\/#primaryimage\"},\"image\":{\"@id\":\"https:\\\/\\\/www.ecb.ee\\\/et\\\/blog-et\\\/tallinna-koige-keskkonnasobralikum-konverents-sellel-aastal-tostis-fookusesse-jatkusuutlikud-konverentsilahendused\\\/#primaryimage\"},\"thumbnailUrl\":\"https:\\\/\\\/www.ecb.ee\\\/wp-content\\\/uploads\\\/2023\\\/12\\\/Green-Destinations1-scaled.jpg\",\"datePublished\":\"2023-12-04T10:46:12+00:00\",\"dateModified\":\"2023-12-12T08:22:40+00:00\",\"breadcrumb\":{\"@id\":\"https:\\\/\\\/www.ecb.ee\\\/et\\\/blog-et\\\/tallinna-koige-keskkonnasobralikum-konverents-sellel-aastal-tostis-fookusesse-jatkusuutlikud-konverentsilahendused\\\/#breadcrumb\"},\"inLanguage\":\"et\",\"potentialAction\":[{\"@type\":\"ReadAction\",\"target\":[\"https:\\\/\\\/www.ecb.ee\\\/et\\\/blog-et\\\/tallinna-koige-keskkonnasobralikum-konverents-sellel-aastal-tostis-fookusesse-jatkusuutlikud-konverentsilahendused\\\/\"]}]},{\"@type\":\"ImageObject\",\"inLanguage\":\"et\",\"@id\":\"https:\\\/\\\/www.ecb.ee\\\/et\\\/blog-et\\\/tallinna-koige-keskkonnasobralikum-konverents-sellel-aastal-tostis-fookusesse-jatkusuutlikud-konverentsilahendused\\\/#primaryimage\",\"url\":\"https:\\\/\\\/www.ecb.ee\\\/wp-content\\\/uploads\\\/2023\\\/12\\\/Green-Destinations1-scaled.jpg\",\"contentUrl\":\"https:\\\/\\\/www.ecb.ee\\\/wp-content\\\/uploads\\\/2023\\\/12\\\/Green-Destinations1-scaled.jpg\",\"width\":2560,\"height\":1707},{\"@type\":\"BreadcrumbList\",\"@id\":\"https:\\\/\\\/www.ecb.ee\\\/et\\\/blog-et\\\/tallinna-koige-keskkonnasobralikum-konverents-sellel-aastal-tostis-fookusesse-jatkusuutlikud-konverentsilahendused\\\/#breadcrumb\",\"itemListElement\":[{\"@type\":\"ListItem\",\"position\":1,\"name\":\"Home\",\"item\":\"https:\\\/\\\/www.ecb.ee\\\/et\\\/\"},{\"@type\":\"ListItem\",\"position\":2,\"name\":\"TALLINNA K\u00d5IGE KESKKONNAS\u00d5BRALIKUM KONVERENTS SELLEL AASTAL T\u00d5STIS FOOKUSESSE J\u00c4TKUSUUTLIKUD KONVERENTSILAHENDUSED\"}]},{\"@type\":\"WebSite\",\"@id\":\"https:\\\/\\\/www.ecb.ee\\\/#website\",\"url\":\"https:\\\/\\\/www.ecb.ee\\\/\",\"name\":\"Estonian Convention Bureau\",\"description\":\"\",\"publisher\":{\"@id\":\"https:\\\/\\\/www.ecb.ee\\\/#organization\"},\"potentialAction\":[{\"@type\":\"SearchAction\",\"target\":{\"@type\":\"EntryPoint\",\"urlTemplate\":\"https:\\\/\\\/www.ecb.ee\\\/?s={search_term_string}\"},\"query-input\":{\"@type\":\"PropertyValueSpecification\",\"valueRequired\":true,\"valueName\":\"search_term_string\"}}],\"inLanguage\":\"et\"},{\"@type\":\"Organization\",\"@id\":\"https:\\\/\\\/www.ecb.ee\\\/#organization\",\"name\":\"Estonian Convention Bureau\",\"url\":\"https:\\\/\\\/www.ecb.ee\\\/\",\"logo\":{\"@type\":\"ImageObject\",\"inLanguage\":\"et\",\"@id\":\"https:\\\/\\\/www.ecb.ee\\\/#\\\/schema\\\/logo\\\/image\\\/\",\"url\":\"https:\\\/\\\/www.ecb.ee\\\/wp-content\\\/uploads\\\/2020\\\/12\\\/site_logo.svg\",\"contentUrl\":\"https:\\\/\\\/www.ecb.ee\\\/wp-content\\\/uploads\\\/2020\\\/12\\\/site_logo.svg\",\"caption\":\"Estonian Convention Bureau\"},\"image\":{\"@id\":\"https:\\\/\\\/www.ecb.ee\\\/#\\\/schema\\\/logo\\\/image\\\/\"}},{\"@type\":\"Person\",\"@id\":\"https:\\\/\\\/www.ecb.ee\\\/#\\\/schema\\\/person\\\/683a06848cf0a690b2ba233665cb719f\",\"name\":\"Riine Tiigi\",\"image\":{\"@type\":\"ImageObject\",\"inLanguage\":\"et\",\"@id\":\"https:\\\/\\\/secure.gravatar.com\\\/avatar\\\/d86339875b83b6a9394fce703248189388335d81fba6ca62f59bc61cc7a0ae31?s=96&d=mm&r=g\",\"url\":\"https:\\\/\\\/secure.gravatar.com\\\/avatar\\\/d86339875b83b6a9394fce703248189388335d81fba6ca62f59bc61cc7a0ae31?s=96&d=mm&r=g\",\"contentUrl\":\"https:\\\/\\\/secure.gravatar.com\\\/avatar\\\/d86339875b83b6a9394fce703248189388335d81fba6ca62f59bc61cc7a0ae31?s=96&d=mm&r=g\",\"caption\":\"Riine Tiigi\"},\"url\":\"https:\\\/\\\/www.ecb.ee\\\/et\\\/author\\\/riine\\\/\"}]}<\/script>\n<!-- \/ Yoast SEO plugin. -->","yoast_head_json":{"title":"TALLINNA K\u00d5IGE KESKKONNAS\u00d5BRALIKUM KONVERENTS SELLEL AASTAL T\u00d5STIS FOOKUSESSE J\u00c4TKUSUUTLIKUD KONVERENTSILAHENDUSED - Estonian Convention Bureau","robots":{"index":"index","follow":"follow","max-snippet":"max-snippet:-1","max-image-preview":"max-image-preview:large","max-video-preview":"max-video-preview:-1"},"canonical":"https:\/\/www.ecb.ee\/et\/blog-et\/tallinna-koige-keskkonnasobralikum-konverents-sellel-aastal-tostis-fookusesse-jatkusuutlikud-konverentsilahendused\/","og_locale":"et_EE","og_type":"article","og_title":"TALLINNA K\u00d5IGE KESKKONNAS\u00d5BRALIKUM KONVERENTS SELLEL AASTAL T\u00d5STIS FOOKUSESSE J\u00c4TKUSUUTLIKUD KONVERENTSILAHENDUSED - Estonian Convention Bureau","og_description":"Reisisihtkohtade j\u00e4tkusuutlikkuse hindamise ja arendamise toetamisega tegeleva Green Destinations organisatsiooni iga-aastane konverents toimus sel aastal oktoobrikuises Tallinnas \u2013 Euroopa 2023.a. rohelises pealinnas. Eestisse kogunes j\u00e4tkusuutliku turismi lahendusi otsima ja parimaid kogemuslugusid vahetama 260 osalejat rohkem kui 40 riigist. Konverentsi korraldasid Visit Tallinn ja Visit Estonia.\u00a0\u00a0 Kui juba organisatsiooni nimetus \u00fctleb \u201eGreen Destinations\u201c, siis loomulikult oli [&hellip;]","og_url":"https:\/\/www.ecb.ee\/et\/blog-et\/tallinna-koige-keskkonnasobralikum-konverents-sellel-aastal-tostis-fookusesse-jatkusuutlikud-konverentsilahendused\/","og_site_name":"Estonian Convention Bureau","article_published_time":"2023-12-04T10:46:12+00:00","article_modified_time":"2023-12-12T08:22:40+00:00","og_image":[{"width":2560,"height":1707,"url":"https:\/\/www.ecb.ee\/wp-content\/uploads\/2023\/12\/Green-Destinations1-scaled.jpg","type":"image\/jpeg"}],"author":"Riine Tiigi","twitter_card":"summary_large_image","twitter_misc":{"Written by":"Riine Tiigi","Est. reading time":"5 minutit"},"schema":{"@context":"https:\/\/schema.org","@graph":[{"@type":"Article","@id":"https:\/\/www.ecb.ee\/et\/blog-et\/tallinna-koige-keskkonnasobralikum-konverents-sellel-aastal-tostis-fookusesse-jatkusuutlikud-konverentsilahendused\/#article","isPartOf":{"@id":"https:\/\/www.ecb.ee\/et\/blog-et\/tallinna-koige-keskkonnasobralikum-konverents-sellel-aastal-tostis-fookusesse-jatkusuutlikud-konverentsilahendused\/"},"author":{"name":"Riine Tiigi","@id":"https:\/\/www.ecb.ee\/#\/schema\/person\/683a06848cf0a690b2ba233665cb719f"},"headline":"TALLINNA K\u00d5IGE KESKKONNAS\u00d5BRALIKUM KONVERENTS SELLEL AASTAL T\u00d5STIS FOOKUSESSE J\u00c4TKUSUUTLIKUD KONVERENTSILAHENDUSED","datePublished":"2023-12-04T10:46:12+00:00","dateModified":"2023-12-12T08:22:40+00:00","mainEntityOfPage":{"@id":"https:\/\/www.ecb.ee\/et\/blog-et\/tallinna-koige-keskkonnasobralikum-konverents-sellel-aastal-tostis-fookusesse-jatkusuutlikud-konverentsilahendused\/"},"wordCount":981,"publisher":{"@id":"https:\/\/www.ecb.ee\/#organization"},"image":{"@id":"https:\/\/www.ecb.ee\/et\/blog-et\/tallinna-koige-keskkonnasobralikum-konverents-sellel-aastal-tostis-fookusesse-jatkusuutlikud-konverentsilahendused\/#primaryimage"},"thumbnailUrl":"https:\/\/www.ecb.ee\/wp-content\/uploads\/2023\/12\/Green-Destinations1-scaled.jpg","articleSection":["Blogi","Konverentsid"],"inLanguage":"et"},{"@type":"WebPage","@id":"https:\/\/www.ecb.ee\/et\/blog-et\/tallinna-koige-keskkonnasobralikum-konverents-sellel-aastal-tostis-fookusesse-jatkusuutlikud-konverentsilahendused\/","url":"https:\/\/www.ecb.ee\/et\/blog-et\/tallinna-koige-keskkonnasobralikum-konverents-sellel-aastal-tostis-fookusesse-jatkusuutlikud-konverentsilahendused\/","name":"TALLINNA K\u00d5IGE KESKKONNAS\u00d5BRALIKUM KONVERENTS SELLEL AASTAL T\u00d5STIS FOOKUSESSE J\u00c4TKUSUUTLIKUD KONVERENTSILAHENDUSED - Estonian Convention Bureau","isPartOf":{"@id":"https:\/\/www.ecb.ee\/#website"},"primaryImageOfPage":{"@id":"https:\/\/www.ecb.ee\/et\/blog-et\/tallinna-koige-keskkonnasobralikum-konverents-sellel-aastal-tostis-fookusesse-jatkusuutlikud-konverentsilahendused\/#primaryimage"},"image":{"@id":"https:\/\/www.ecb.ee\/et\/blog-et\/tallinna-koige-keskkonnasobralikum-konverents-sellel-aastal-tostis-fookusesse-jatkusuutlikud-konverentsilahendused\/#primaryimage"},"thumbnailUrl":"https:\/\/www.ecb.ee\/wp-content\/uploads\/2023\/12\/Green-Destinations1-scaled.jpg","datePublished":"2023-12-04T10:46:12+00:00","dateModified":"2023-12-12T08:22:40+00:00","breadcrumb":{"@id":"https:\/\/www.ecb.ee\/et\/blog-et\/tallinna-koige-keskkonnasobralikum-konverents-sellel-aastal-tostis-fookusesse-jatkusuutlikud-konverentsilahendused\/#breadcrumb"},"inLanguage":"et","potentialAction":[{"@type":"ReadAction","target":["https:\/\/www.ecb.ee\/et\/blog-et\/tallinna-koige-keskkonnasobralikum-konverents-sellel-aastal-tostis-fookusesse-jatkusuutlikud-konverentsilahendused\/"]}]},{"@type":"ImageObject","inLanguage":"et","@id":"https:\/\/www.ecb.ee\/et\/blog-et\/tallinna-koige-keskkonnasobralikum-konverents-sellel-aastal-tostis-fookusesse-jatkusuutlikud-konverentsilahendused\/#primaryimage","url":"https:\/\/www.ecb.ee\/wp-content\/uploads\/2023\/12\/Green-Destinations1-scaled.jpg","contentUrl":"https:\/\/www.ecb.ee\/wp-content\/uploads\/2023\/12\/Green-Destinations1-scaled.jpg","width":2560,"height":1707},{"@type":"BreadcrumbList","@id":"https:\/\/www.ecb.ee\/et\/blog-et\/tallinna-koige-keskkonnasobralikum-konverents-sellel-aastal-tostis-fookusesse-jatkusuutlikud-konverentsilahendused\/#breadcrumb","itemListElement":[{"@type":"ListItem","position":1,"name":"Home","item":"https:\/\/www.ecb.ee\/et\/"},{"@type":"ListItem","position":2,"name":"TALLINNA K\u00d5IGE KESKKONNAS\u00d5BRALIKUM KONVERENTS SELLEL AASTAL T\u00d5STIS FOOKUSESSE J\u00c4TKUSUUTLIKUD KONVERENTSILAHENDUSED"}]},{"@type":"WebSite","@id":"https:\/\/www.ecb.ee\/#website","url":"https:\/\/www.ecb.ee\/","name":"Estonian Convention Bureau","description":"","publisher":{"@id":"https:\/\/www.ecb.ee\/#organization"},"potentialAction":[{"@type":"SearchAction","target":{"@type":"EntryPoint","urlTemplate":"https:\/\/www.ecb.ee\/?s={search_term_string}"},"query-input":{"@type":"PropertyValueSpecification","valueRequired":true,"valueName":"search_term_string"}}],"inLanguage":"et"},{"@type":"Organization","@id":"https:\/\/www.ecb.ee\/#organization","name":"Estonian Convention Bureau","url":"https:\/\/www.ecb.ee\/","logo":{"@type":"ImageObject","inLanguage":"et","@id":"https:\/\/www.ecb.ee\/#\/schema\/logo\/image\/","url":"https:\/\/www.ecb.ee\/wp-content\/uploads\/2020\/12\/site_logo.svg","contentUrl":"https:\/\/www.ecb.ee\/wp-content\/uploads\/2020\/12\/site_logo.svg","caption":"Estonian Convention Bureau"},"image":{"@id":"https:\/\/www.ecb.ee\/#\/schema\/logo\/image\/"}},{"@type":"Person","@id":"https:\/\/www.ecb.ee\/#\/schema\/person\/683a06848cf0a690b2ba233665cb719f","name":"Riine Tiigi","image":{"@type":"ImageObject","inLanguage":"et","@id":"https:\/\/secure.gravatar.com\/avatar\/d86339875b83b6a9394fce703248189388335d81fba6ca62f59bc61cc7a0ae31?s=96&d=mm&r=g","url":"https:\/\/secure.gravatar.com\/avatar\/d86339875b83b6a9394fce703248189388335d81fba6ca62f59bc61cc7a0ae31?s=96&d=mm&r=g","contentUrl":"https:\/\/secure.gravatar.com\/avatar\/d86339875b83b6a9394fce703248189388335d81fba6ca62f59bc61cc7a0ae31?s=96&d=mm&r=g","caption":"Riine Tiigi"},"url":"https:\/\/www.ecb.ee\/et\/author\/riine\/"}]}},"_links":{"self":[{"href":"https:\/\/www.ecb.ee\/et\/wp-json\/wp\/v2\/posts\/31622","targetHints":{"allow":["GET"]}}],"collection":[{"href":"https:\/\/www.ecb.ee\/et\/wp-json\/wp\/v2\/posts"}],"about":[{"href":"https:\/\/www.ecb.ee\/et\/wp-json\/wp\/v2\/types\/post"}],"author":[{"embeddable":true,"href":"https:\/\/www.ecb.ee\/et\/wp-json\/wp\/v2\/users\/4"}],"replies":[{"embeddable":true,"href":"https:\/\/www.ecb.ee\/et\/wp-json\/wp\/v2\/comments?post=31622"}],"version-history":[{"count":5,"href":"https:\/\/www.ecb.ee\/et\/wp-json\/wp\/v2\/posts\/31622\/revisions"}],"predecessor-version":[{"id":31758,"href":"https:\/\/www.ecb.ee\/et\/wp-json\/wp\/v2\/posts\/31622\/revisions\/31758"}],"wp:featuredmedia":[{"embeddable":true,"href":"https:\/\/www.ecb.ee\/et\/wp-json\/wp\/v2\/media\/31724"}],"wp:attachment":[{"href":"https:\/\/www.ecb.ee\/et\/wp-json\/wp\/v2\/media?parent=31622"}],"wp:term":[{"taxonomy":"category","embeddable":true,"href":"https:\/\/www.ecb.ee\/et\/wp-json\/wp\/v2\/categories?post=31622"},{"taxonomy":"post_tag","embeddable":true,"href":"https:\/\/www.ecb.ee\/et\/wp-json\/wp\/v2\/tags?post=31622"}],"curies":[{"name":"wp","href":"https:\/\/api.w.org\/{rel}","templated":true}]}}