{"id":22072,"date":"2021-07-13T10:40:25","date_gmt":"2021-07-13T10:40:25","guid":{"rendered":"https:\/\/www.ecb.ee\/?p=22072"},"modified":"2022-03-22T12:20:12","modified_gmt":"2022-03-22T12:20:12","slug":"korralda-uritus-tallinna-roheluses","status":"publish","type":"post","link":"https:\/\/www.ecb.ee\/et\/blog-et\/korralda-uritus-tallinna-roheluses\/","title":{"rendered":"Korralda \u00fcritus Tallinna roheluses"},"content":{"rendered":"<div class=\"external-links\">\n<p>Aina sagedamini soovitakse korraldada \u00fcritusi v\u00e4ljaspool tavap\u00e4raseid konverentsi- ja \u00fcritusruume. Tallinnas on hulgaliselt rohealasid ja \u00fcrituspaiku vabas \u00f5hus, kus korraldada mis tahes \u00fcritus v\u00f5i kohtumine. Palusime headelt kollegidelt Tallinna Konverentsib\u00fcroolt \u00fclevaadet, mis oleks Tallinnas parimad kohad vabas \u00f5hus \u00fcrituse korraldamiseks, nende valik on siin:<\/p>\n<\/div>\n<div class=\"external-links\">\n<h2><a href=\"https:\/\/www.visittallinn.ee\/est\/professionaal\/konverentsiturism\/%C3%BCrituste-korraldamiseks\/konverentsikohad\/252\/tallinna-botaanikaaed\" target=\"_blank\" rel=\"noopener\">Tallinna Botaanikaaed<\/a><\/h2>\n<div id='gallery-1' class='gallery galleryid-22072 gallery-columns-1 gallery-size-full'><figure class='gallery-item'>\n\t\t\t<div class='gallery-icon landscape'>\n\t\t\t\t<a href='https:\/\/www.ecb.ee\/et\/blog-et\/korralda-uritus-tallinna-roheluses\/attachment\/tallinn-botanic-garden-2\/'><img loading=\"lazy\" decoding=\"async\" width=\"2560\" height=\"1707\" src=\"https:\/\/www.ecb.ee\/wp-content\/uploads\/2021\/07\/botaanikaaed_kadi-liis_koppel_2015_6-scaled.jpg\" class=\"attachment-full size-full\" alt=\"\" aria-describedby=\"gallery-1-22057\" srcset=\"https:\/\/www.ecb.ee\/wp-content\/uploads\/2021\/07\/botaanikaaed_kadi-liis_koppel_2015_6-scaled.jpg 2560w, https:\/\/www.ecb.ee\/wp-content\/uploads\/2021\/07\/botaanikaaed_kadi-liis_koppel_2015_6-300x200.jpg 300w, https:\/\/www.ecb.ee\/wp-content\/uploads\/2021\/07\/botaanikaaed_kadi-liis_koppel_2015_6-1024x683.jpg 1024w, https:\/\/www.ecb.ee\/wp-content\/uploads\/2021\/07\/botaanikaaed_kadi-liis_koppel_2015_6-768x512.jpg 768w, https:\/\/www.ecb.ee\/wp-content\/uploads\/2021\/07\/botaanikaaed_kadi-liis_koppel_2015_6-1536x1024.jpg 1536w, https:\/\/www.ecb.ee\/wp-content\/uploads\/2021\/07\/botaanikaaed_kadi-liis_koppel_2015_6-2048x1365.jpg 2048w, https:\/\/www.ecb.ee\/wp-content\/uploads\/2021\/07\/botaanikaaed_kadi-liis_koppel_2015_6-1200x800.jpg 1200w, https:\/\/www.ecb.ee\/wp-content\/uploads\/2021\/07\/botaanikaaed_kadi-liis_koppel_2015_6-1980x1320.jpg 1980w\" sizes=\"auto, (max-width: 2560px) 100vw, 2560px\" \/><\/a>\n\t\t\t<\/div>\n\t\t\t\t<figcaption class='wp-caption-text gallery-caption' id='gallery-1-22057'>\n\t\t\t\t@Kadi-Liis Koppel\n\t\t\t\t<\/figcaption><\/figure>\n\t\t<\/div>\n\n<p>&nbsp;<\/p>\n<p>Imekaunis ja rahulikus Pirita linnaosas asuv botaanikaaed h\u00f5lmab endas tervelt 123 hektarit rohelust. Tallinna botaanikaaed pakub \u00fcritusteks mitmeid ruume koos vajamineva tehnikaga ning lisaks on neil suur maa-ala, mis v\u00f5imaldab korraldada \u00fcritusi vabas \u00f5hus, olgu selleks koosolek, meeskonnakoolitus v\u00f5i pidu.<\/p>\n<h2><a href=\"https:\/\/www.visittallinn.ee\/est\/professionaal\/konverentsiturism\/%C3%BCrituste-korraldamiseks\/konverentsikohad\/253\/tallinna-loomaaed\" target=\"_blank\" rel=\"noopener\">Tallinna loomaaed<\/a><\/h2>\n<div id='gallery-2' class='gallery galleryid-22072 gallery-columns-1 gallery-size-full'><figure class='gallery-item'>\n\t\t\t<div class='gallery-icon landscape'>\n\t\t\t\t<a href='https:\/\/www.ecb.ee\/et\/blog-et\/korralda-uritus-tallinna-roheluses\/attachment\/tallinn-zoo-2\/'><img loading=\"lazy\" decoding=\"async\" width=\"2560\" height=\"1410\" src=\"https:\/\/www.ecb.ee\/wp-content\/uploads\/2021\/07\/dsc05892-scaled.jpg\" class=\"attachment-full size-full\" alt=\"\" aria-describedby=\"gallery-2-22059\" srcset=\"https:\/\/www.ecb.ee\/wp-content\/uploads\/2021\/07\/dsc05892-scaled.jpg 2560w, https:\/\/www.ecb.ee\/wp-content\/uploads\/2021\/07\/dsc05892-300x165.jpg 300w, https:\/\/www.ecb.ee\/wp-content\/uploads\/2021\/07\/dsc05892-1024x564.jpg 1024w, https:\/\/www.ecb.ee\/wp-content\/uploads\/2021\/07\/dsc05892-768x423.jpg 768w, https:\/\/www.ecb.ee\/wp-content\/uploads\/2021\/07\/dsc05892-1536x846.jpg 1536w, https:\/\/www.ecb.ee\/wp-content\/uploads\/2021\/07\/dsc05892-2048x1128.jpg 2048w, https:\/\/www.ecb.ee\/wp-content\/uploads\/2021\/07\/dsc05892-1200x661.jpg 1200w, https:\/\/www.ecb.ee\/wp-content\/uploads\/2021\/07\/dsc05892-1980x1091.jpg 1980w\" sizes=\"auto, (max-width: 2560px) 100vw, 2560px\" \/><\/a>\n\t\t\t<\/div>\n\t\t\t\t<figcaption class='wp-caption-text gallery-caption' id='gallery-2-22059'>\n\t\t\t\t@Marko Leppik\n\t\t\t\t<\/figcaption><\/figure>\n\t\t<\/div>\n\n<p>&nbsp;<\/p>\n<p>Tallinna loomaaed on koduks \u00fcle 400 loomaliigile, kuid on ka suurep\u00e4rane paik \u00fcrituste korraldamiseks. Lisaks t\u00e4isvarustuses konverentsiruumidele pakub loomaaed ka ekskursioone, loenguid ja muid temaatilisi tegevusi, mis lisavad p\u00f5nevust igale \u00fcritusele.<\/p>\n<h2><a href=\"https:\/\/www.visittallinn.ee\/est\/professionaal\/konverentsiturism\/%C3%BCrituste-korraldamiseks\/konverentsikohad\/175273\/tallinna-lauluvaljak\" target=\"_blank\" rel=\"noopener\">Tallinna lauluv\u00e4ljak<\/a><\/h2>\n<div id='gallery-3' class='gallery galleryid-22072 gallery-columns-1 gallery-size-full'><figure class='gallery-item'>\n\t\t\t<div class='gallery-icon landscape'>\n\t\t\t\t<a href='https:\/\/www.ecb.ee\/et\/blog-et\/korralda-uritus-tallinna-roheluses\/attachment\/the-estonian-song-celebration-and-dance-celebration-2\/'><img loading=\"lazy\" decoding=\"async\" width=\"1920\" height=\"1222\" src=\"https:\/\/www.ecb.ee\/wp-content\/uploads\/2021\/07\/The-Estonian-Song-Celebration-and-Dance-Celebration_Jaanus-Ree.jpg\" class=\"attachment-full size-full\" alt=\"\" aria-describedby=\"gallery-3-22061\" srcset=\"https:\/\/www.ecb.ee\/wp-content\/uploads\/2021\/07\/The-Estonian-Song-Celebration-and-Dance-Celebration_Jaanus-Ree.jpg 1920w, https:\/\/www.ecb.ee\/wp-content\/uploads\/2021\/07\/The-Estonian-Song-Celebration-and-Dance-Celebration_Jaanus-Ree-300x191.jpg 300w, https:\/\/www.ecb.ee\/wp-content\/uploads\/2021\/07\/The-Estonian-Song-Celebration-and-Dance-Celebration_Jaanus-Ree-1024x652.jpg 1024w, https:\/\/www.ecb.ee\/wp-content\/uploads\/2021\/07\/The-Estonian-Song-Celebration-and-Dance-Celebration_Jaanus-Ree-768x489.jpg 768w, https:\/\/www.ecb.ee\/wp-content\/uploads\/2021\/07\/The-Estonian-Song-Celebration-and-Dance-Celebration_Jaanus-Ree-1536x978.jpg 1536w, https:\/\/www.ecb.ee\/wp-content\/uploads\/2021\/07\/The-Estonian-Song-Celebration-and-Dance-Celebration_Jaanus-Ree-1200x764.jpg 1200w\" sizes=\"auto, (max-width: 1920px) 100vw, 1920px\" \/><\/a>\n\t\t\t<\/div>\n\t\t\t\t<figcaption class='wp-caption-text gallery-caption' id='gallery-3-22061'>\n\t\t\t\t@Jaanus Ree\n\t\t\t\t<\/figcaption><\/figure>\n\t\t<\/div>\n\n<p>&nbsp;<\/p>\n<p>Tallinna lauluv\u00e4ljak on \u00fcks populaarsemaid \u00fcrituspaiku vaba\u00f5hu\u00fcrituste ja kontsertide pidamiseks, mist\u00f5ttu on neil aastatepikkune kogemus eri t\u00fc\u00fcpi \u00fcrituste korraldamisel. Arvestades, et lauluv\u00e4ljakul on lisaks suurele v\u00e4lisalale ka palju ruumi laulukaare hoones, on tegemist suurep\u00e4rase valikuga aastaringselt suuremate s\u00fcndmuste korraldamiseks.<\/p>\n<h2><a href=\"https:\/\/www.visittallinn.ee\/est\/professionaal\/konverentsiturism\/%C3%BCrituste-korraldamiseks\/konverentsikohad\/174737\/maarjamae-loss--eesti-ajaloomuuseum\" target=\"_blank\" rel=\"noopener\">Maarjam\u00e4e loss<\/a><\/h2>\n<div id='gallery-4' class='gallery galleryid-22072 gallery-columns-1 gallery-size-full'><figure class='gallery-item'>\n\t\t\t<div class='gallery-icon landscape'>\n\t\t\t\t<a href='https:\/\/www.ecb.ee\/et\/blog-et\/korralda-uritus-tallinna-roheluses\/attachment\/maarjamae-2\/'><img loading=\"lazy\" decoding=\"async\" width=\"2560\" height=\"1024\" src=\"https:\/\/www.ecb.ee\/wp-content\/uploads\/2021\/07\/maarjamae_palace_kaupo_kalda_2020_1-scaled.jpg\" class=\"attachment-full size-full\" alt=\"\" aria-describedby=\"gallery-4-22063\" srcset=\"https:\/\/www.ecb.ee\/wp-content\/uploads\/2021\/07\/maarjamae_palace_kaupo_kalda_2020_1-scaled.jpg 2560w, https:\/\/www.ecb.ee\/wp-content\/uploads\/2021\/07\/maarjamae_palace_kaupo_kalda_2020_1-300x120.jpg 300w, https:\/\/www.ecb.ee\/wp-content\/uploads\/2021\/07\/maarjamae_palace_kaupo_kalda_2020_1-1024x410.jpg 1024w, https:\/\/www.ecb.ee\/wp-content\/uploads\/2021\/07\/maarjamae_palace_kaupo_kalda_2020_1-768x307.jpg 768w, https:\/\/www.ecb.ee\/wp-content\/uploads\/2021\/07\/maarjamae_palace_kaupo_kalda_2020_1-1536x614.jpg 1536w, https:\/\/www.ecb.ee\/wp-content\/uploads\/2021\/07\/maarjamae_palace_kaupo_kalda_2020_1-2048x819.jpg 2048w, https:\/\/www.ecb.ee\/wp-content\/uploads\/2021\/07\/maarjamae_palace_kaupo_kalda_2020_1-1200x480.jpg 1200w, https:\/\/www.ecb.ee\/wp-content\/uploads\/2021\/07\/maarjamae_palace_kaupo_kalda_2020_1-1980x792.jpg 1980w\" sizes=\"auto, (max-width: 2560px) 100vw, 2560px\" \/><\/a>\n\t\t\t<\/div>\n\t\t\t\t<figcaption class='wp-caption-text gallery-caption' id='gallery-4-22063'>\n\t\t\t\t@Kaupo Kalda\n\t\t\t\t<\/figcaption><\/figure>\n\t\t<\/div>\n\n<p>&nbsp;<\/p>\n<p>P\u00e4rast p\u00f5hjalikke renoveerimisit\u00f6id avas Maarjam\u00e4e loss taas oma uksed Eesti vabariigi 100. aastap\u00e4evaks. Ajalooline kompleks sisaldab nii arvukaid siseruume \u00fcrituste pidamiseks, kui ka avaraid vaba\u00f5hualasid, mis pakuvad \u00fcrituste korraldamiseks unikaalset ja p\u00f5nevat keskkonda.<\/p>\n<h2><a href=\"https:\/\/www.visittallinn.ee\/est\/professionaal\/konverentsiturism\/%C3%BCrituste-korraldamiseks\/konverentsikohad\/174728\/kadrioru-loss--kadrioru-kunstimuuseum\" target=\"_blank\" rel=\"noopener\">Kadrioru pargi lilleaed<\/a><\/h2>\n<div id='gallery-5' class='gallery galleryid-22072 gallery-columns-1 gallery-size-full'><figure class='gallery-item'>\n\t\t\t<div class='gallery-icon landscape'>\n\t\t\t\t<a href='https:\/\/www.ecb.ee\/et\/blog-et\/korralda-uritus-tallinna-roheluses\/attachment\/kadriorg-palace-2\/'><img loading=\"lazy\" decoding=\"async\" width=\"2560\" height=\"1707\" src=\"https:\/\/www.ecb.ee\/wp-content\/uploads\/2021\/07\/kadriorg_kadi-liis_koppel_2015_1-scaled.jpg\" class=\"attachment-full size-full\" alt=\"\" aria-describedby=\"gallery-5-22065\" srcset=\"https:\/\/www.ecb.ee\/wp-content\/uploads\/2021\/07\/kadriorg_kadi-liis_koppel_2015_1-scaled.jpg 2560w, https:\/\/www.ecb.ee\/wp-content\/uploads\/2021\/07\/kadriorg_kadi-liis_koppel_2015_1-300x200.jpg 300w, https:\/\/www.ecb.ee\/wp-content\/uploads\/2021\/07\/kadriorg_kadi-liis_koppel_2015_1-1024x683.jpg 1024w, https:\/\/www.ecb.ee\/wp-content\/uploads\/2021\/07\/kadriorg_kadi-liis_koppel_2015_1-768x512.jpg 768w, https:\/\/www.ecb.ee\/wp-content\/uploads\/2021\/07\/kadriorg_kadi-liis_koppel_2015_1-1536x1024.jpg 1536w, https:\/\/www.ecb.ee\/wp-content\/uploads\/2021\/07\/kadriorg_kadi-liis_koppel_2015_1-2048x1365.jpg 2048w, https:\/\/www.ecb.ee\/wp-content\/uploads\/2021\/07\/kadriorg_kadi-liis_koppel_2015_1-1200x800.jpg 1200w, https:\/\/www.ecb.ee\/wp-content\/uploads\/2021\/07\/kadriorg_kadi-liis_koppel_2015_1-1980x1320.jpg 1980w\" sizes=\"auto, (max-width: 2560px) 100vw, 2560px\" \/><\/a>\n\t\t\t<\/div>\n\t\t\t\t<figcaption class='wp-caption-text gallery-caption' id='gallery-5-22065'>\n\t\t\t\t@Kadi-Liis Koppel\n\t\t\t\t<\/figcaption><\/figure>\n\t\t<\/div>\n\n<p>&nbsp;<\/p>\n<p>Kadrioru pargis paiknev romantiline lilleaed on v\u00e4li\u00fcritusteks kahtlemata imeline ja seet\u00f5ttu ka populaarne paik. Kaunilt kujundatud aia k\u00f5rval asuv barokkstiilis loss annab ajaloolise ja elegantse h\u00f5ngu nii aiale kui ka igale aias korraldatud \u00fcritusele.<\/p>\n<h2><a href=\"https:\/\/www.visittallinn.ee\/est\/professionaal\/konverentsiturism\/%C3%BCrituste-korraldamiseks\/konverentsikohad\/174739\/eesti-vabaohumuuseum\" target=\"_blank\" rel=\"noopener\">Eesti Vaba\u00f5humuuseum<\/a><\/h2>\n<div id='gallery-6' class='gallery galleryid-22072 gallery-columns-1 gallery-size-full'><figure class='gallery-item'>\n\t\t\t<div class='gallery-icon landscape'>\n\t\t\t\t<a href='https:\/\/www.ecb.ee\/et\/blog-et\/korralda-uritus-tallinna-roheluses\/attachment\/estonian-open-air-museum-at-rocca-al-mare-2\/'><img loading=\"lazy\" decoding=\"async\" width=\"2560\" height=\"1707\" src=\"https:\/\/www.ecb.ee\/wp-content\/uploads\/2021\/07\/105_TT-scaled.jpg\" class=\"attachment-full size-full\" alt=\"\" aria-describedby=\"gallery-6-22067\" srcset=\"https:\/\/www.ecb.ee\/wp-content\/uploads\/2021\/07\/105_TT-scaled.jpg 2560w, https:\/\/www.ecb.ee\/wp-content\/uploads\/2021\/07\/105_TT-300x200.jpg 300w, https:\/\/www.ecb.ee\/wp-content\/uploads\/2021\/07\/105_TT-1024x683.jpg 1024w, https:\/\/www.ecb.ee\/wp-content\/uploads\/2021\/07\/105_TT-768x512.jpg 768w, https:\/\/www.ecb.ee\/wp-content\/uploads\/2021\/07\/105_TT-1536x1024.jpg 1536w, https:\/\/www.ecb.ee\/wp-content\/uploads\/2021\/07\/105_TT-2048x1365.jpg 2048w, https:\/\/www.ecb.ee\/wp-content\/uploads\/2021\/07\/105_TT-1200x800.jpg 1200w, https:\/\/www.ecb.ee\/wp-content\/uploads\/2021\/07\/105_TT-1980x1320.jpg 1980w\" sizes=\"auto, (max-width: 2560px) 100vw, 2560px\" \/><\/a>\n\t\t\t<\/div>\n\t\t\t\t<figcaption class='wp-caption-text gallery-caption' id='gallery-6-22067'>\n\t\t\t\t@Toomas Tuul\n\t\t\t\t<\/figcaption><\/figure>\n\t\t<\/div>\n\n<p>&nbsp;<\/p>\n<p>Eesti vaba\u00f5humuuseum pakub \u00fcrituste pidamiseks erinevaid ajaloolisi hooneid 18.\u201320. sajandist: koolimaja, mitut taluhoonet ja loomulikult Kolu k\u00f5rtsi. Lisaks pakub muuseumi ulatuslik vaba\u00f5huala arvukalt v\u00f5imalusi mitmek\u00fclgsete \u00fcrituste korraldamiseks.<\/p>\n<h2>Lisainfo<\/h2>\n<p>Kui soovite rohkem infot Tallinna konverentsiv\u00f5imaluste kohta, v\u00f5tke julgelt \u00fchendust <a href=\"https:\/\/www.visittallinn.ee\/est\/professionaal\/konverentsiturism\/lisaks\/praktilised-t%C3%B6%C3%B6vahendid\" target=\"_blank\" rel=\"noopener\">Tallinna Konverentsib\u00fcrooga<\/a>!<\/p>\n<\/div>\n","protected":false},"excerpt":{"rendered":"<p>Aina sagedamini soovitakse korraldada \u00fcritusi v\u00e4ljaspool tavap\u00e4raseid konverentsi- ja \u00fcritusruume. Tallinnas on hulgaliselt rohealasid ja \u00fcrituspaiku vabas \u00f5hus, kus korraldada mis tahes \u00fcritus v\u00f5i kohtumine. Palusime headelt kollegidelt Tallinna Konverentsib\u00fcroolt \u00fclevaadet, mis oleks Tallinnas parimad kohad vabas \u00f5hus \u00fcrituse korraldamiseks, nende valik on siin: Tallinna Botaanikaaed &nbsp; Imekaunis ja rahulikus Pirita linnaosas asuv botaanikaaed h\u00f5lmab [&hellip;]<\/p>\n","protected":false},"author":4,"featured_media":22065,"comment_status":"open","ping_status":"open","sticky":false,"template":"","format":"standard","meta":{"_acf_changed":false,"footnotes":""},"categories":[190,185],"tags":[],"class_list":["post-22072","post","type-post","status-publish","format-standard","has-post-thumbnail","hentry","category-blog-et","category-konverentsid"],"acf":[],"yoast_head":"<!-- This site is optimized with the Yoast SEO plugin v27.5 - https:\/\/yoast.com\/product\/yoast-seo-wordpress\/ -->\n<title>Korralda \u00fcritus Tallinna roheluses - Estonian Convention Bureau<\/title>\n<meta name=\"robots\" content=\"index, follow, max-snippet:-1, max-image-preview:large, max-video-preview:-1\" \/>\n<link rel=\"canonical\" href=\"https:\/\/www.ecb.ee\/et\/blog-et\/korralda-uritus-tallinna-roheluses\/\" \/>\n<meta property=\"og:locale\" content=\"et_EE\" \/>\n<meta property=\"og:type\" content=\"article\" \/>\n<meta property=\"og:title\" content=\"Korralda \u00fcritus Tallinna roheluses - Estonian Convention Bureau\" \/>\n<meta property=\"og:description\" content=\"Aina sagedamini soovitakse korraldada \u00fcritusi v\u00e4ljaspool tavap\u00e4raseid konverentsi- ja \u00fcritusruume. Tallinnas on hulgaliselt rohealasid ja \u00fcrituspaiku vabas \u00f5hus, kus korraldada mis tahes \u00fcritus v\u00f5i kohtumine. Palusime headelt kollegidelt Tallinna Konverentsib\u00fcroolt \u00fclevaadet, mis oleks Tallinnas parimad kohad vabas \u00f5hus \u00fcrituse korraldamiseks, nende valik on siin: Tallinna Botaanikaaed &nbsp; Imekaunis ja rahulikus Pirita linnaosas asuv botaanikaaed h\u00f5lmab [&hellip;]\" \/>\n<meta property=\"og:url\" content=\"https:\/\/www.ecb.ee\/et\/blog-et\/korralda-uritus-tallinna-roheluses\/\" \/>\n<meta property=\"og:site_name\" content=\"Estonian Convention Bureau\" \/>\n<meta property=\"article:published_time\" content=\"2021-07-13T10:40:25+00:00\" \/>\n<meta property=\"article:modified_time\" content=\"2022-03-22T12:20:12+00:00\" \/>\n<meta property=\"og:image\" content=\"https:\/\/www.ecb.ee\/wp-content\/uploads\/2021\/07\/kadriorg_kadi-liis_koppel_2015_1-scaled.jpg\" \/>\n\t<meta property=\"og:image:width\" content=\"2560\" \/>\n\t<meta property=\"og:image:height\" content=\"1707\" \/>\n\t<meta property=\"og:image:type\" content=\"image\/jpeg\" \/>\n<meta name=\"author\" content=\"Riine Tiigi\" \/>\n<meta name=\"twitter:card\" content=\"summary_large_image\" \/>\n<meta name=\"twitter:label1\" content=\"Written by\" \/>\n\t<meta name=\"twitter:data1\" content=\"Riine Tiigi\" \/>\n\t<meta name=\"twitter:label2\" content=\"Est. reading time\" \/>\n\t<meta name=\"twitter:data2\" content=\"2 minutit\" \/>\n<script type=\"application\/ld+json\" class=\"yoast-schema-graph\">{\"@context\":\"https:\\\/\\\/schema.org\",\"@graph\":[{\"@type\":\"Article\",\"@id\":\"https:\\\/\\\/www.ecb.ee\\\/et\\\/blog-et\\\/korralda-uritus-tallinna-roheluses\\\/#article\",\"isPartOf\":{\"@id\":\"https:\\\/\\\/www.ecb.ee\\\/et\\\/blog-et\\\/korralda-uritus-tallinna-roheluses\\\/\"},\"author\":{\"name\":\"Riine Tiigi\",\"@id\":\"https:\\\/\\\/www.ecb.ee\\\/#\\\/schema\\\/person\\\/683a06848cf0a690b2ba233665cb719f\"},\"headline\":\"Korralda \u00fcritus Tallinna roheluses\",\"datePublished\":\"2021-07-13T10:40:25+00:00\",\"dateModified\":\"2022-03-22T12:20:12+00:00\",\"mainEntityOfPage\":{\"@id\":\"https:\\\/\\\/www.ecb.ee\\\/et\\\/blog-et\\\/korralda-uritus-tallinna-roheluses\\\/\"},\"wordCount\":352,\"commentCount\":0,\"publisher\":{\"@id\":\"https:\\\/\\\/www.ecb.ee\\\/#organization\"},\"image\":{\"@id\":\"https:\\\/\\\/www.ecb.ee\\\/et\\\/blog-et\\\/korralda-uritus-tallinna-roheluses\\\/#primaryimage\"},\"thumbnailUrl\":\"https:\\\/\\\/www.ecb.ee\\\/wp-content\\\/uploads\\\/2021\\\/07\\\/kadriorg_kadi-liis_koppel_2015_1-scaled.jpg\",\"articleSection\":[\"Blogi\",\"Konverentsid\"],\"inLanguage\":\"et\"},{\"@type\":\"WebPage\",\"@id\":\"https:\\\/\\\/www.ecb.ee\\\/et\\\/blog-et\\\/korralda-uritus-tallinna-roheluses\\\/\",\"url\":\"https:\\\/\\\/www.ecb.ee\\\/et\\\/blog-et\\\/korralda-uritus-tallinna-roheluses\\\/\",\"name\":\"Korralda \u00fcritus Tallinna roheluses - Estonian Convention Bureau\",\"isPartOf\":{\"@id\":\"https:\\\/\\\/www.ecb.ee\\\/#website\"},\"primaryImageOfPage\":{\"@id\":\"https:\\\/\\\/www.ecb.ee\\\/et\\\/blog-et\\\/korralda-uritus-tallinna-roheluses\\\/#primaryimage\"},\"image\":{\"@id\":\"https:\\\/\\\/www.ecb.ee\\\/et\\\/blog-et\\\/korralda-uritus-tallinna-roheluses\\\/#primaryimage\"},\"thumbnailUrl\":\"https:\\\/\\\/www.ecb.ee\\\/wp-content\\\/uploads\\\/2021\\\/07\\\/kadriorg_kadi-liis_koppel_2015_1-scaled.jpg\",\"datePublished\":\"2021-07-13T10:40:25+00:00\",\"dateModified\":\"2022-03-22T12:20:12+00:00\",\"breadcrumb\":{\"@id\":\"https:\\\/\\\/www.ecb.ee\\\/et\\\/blog-et\\\/korralda-uritus-tallinna-roheluses\\\/#breadcrumb\"},\"inLanguage\":\"et\",\"potentialAction\":[{\"@type\":\"ReadAction\",\"target\":[\"https:\\\/\\\/www.ecb.ee\\\/et\\\/blog-et\\\/korralda-uritus-tallinna-roheluses\\\/\"]}]},{\"@type\":\"ImageObject\",\"inLanguage\":\"et\",\"@id\":\"https:\\\/\\\/www.ecb.ee\\\/et\\\/blog-et\\\/korralda-uritus-tallinna-roheluses\\\/#primaryimage\",\"url\":\"https:\\\/\\\/www.ecb.ee\\\/wp-content\\\/uploads\\\/2021\\\/07\\\/kadriorg_kadi-liis_koppel_2015_1-scaled.jpg\",\"contentUrl\":\"https:\\\/\\\/www.ecb.ee\\\/wp-content\\\/uploads\\\/2021\\\/07\\\/kadriorg_kadi-liis_koppel_2015_1-scaled.jpg\",\"width\":2560,\"height\":1707,\"caption\":\"@Kadi-Liis Koppel\"},{\"@type\":\"BreadcrumbList\",\"@id\":\"https:\\\/\\\/www.ecb.ee\\\/et\\\/blog-et\\\/korralda-uritus-tallinna-roheluses\\\/#breadcrumb\",\"itemListElement\":[{\"@type\":\"ListItem\",\"position\":1,\"name\":\"Home\",\"item\":\"https:\\\/\\\/www.ecb.ee\\\/et\\\/\"},{\"@type\":\"ListItem\",\"position\":2,\"name\":\"Korralda \u00fcritus Tallinna roheluses\"}]},{\"@type\":\"WebSite\",\"@id\":\"https:\\\/\\\/www.ecb.ee\\\/#website\",\"url\":\"https:\\\/\\\/www.ecb.ee\\\/\",\"name\":\"Estonian Convention Bureau\",\"description\":\"\",\"publisher\":{\"@id\":\"https:\\\/\\\/www.ecb.ee\\\/#organization\"},\"potentialAction\":[{\"@type\":\"SearchAction\",\"target\":{\"@type\":\"EntryPoint\",\"urlTemplate\":\"https:\\\/\\\/www.ecb.ee\\\/?s={search_term_string}\"},\"query-input\":{\"@type\":\"PropertyValueSpecification\",\"valueRequired\":true,\"valueName\":\"search_term_string\"}}],\"inLanguage\":\"et\"},{\"@type\":\"Organization\",\"@id\":\"https:\\\/\\\/www.ecb.ee\\\/#organization\",\"name\":\"Estonian Convention Bureau\",\"url\":\"https:\\\/\\\/www.ecb.ee\\\/\",\"logo\":{\"@type\":\"ImageObject\",\"inLanguage\":\"et\",\"@id\":\"https:\\\/\\\/www.ecb.ee\\\/#\\\/schema\\\/logo\\\/image\\\/\",\"url\":\"https:\\\/\\\/www.ecb.ee\\\/wp-content\\\/uploads\\\/2020\\\/12\\\/site_logo.svg\",\"contentUrl\":\"https:\\\/\\\/www.ecb.ee\\\/wp-content\\\/uploads\\\/2020\\\/12\\\/site_logo.svg\",\"caption\":\"Estonian Convention Bureau\"},\"image\":{\"@id\":\"https:\\\/\\\/www.ecb.ee\\\/#\\\/schema\\\/logo\\\/image\\\/\"}},{\"@type\":\"Person\",\"@id\":\"https:\\\/\\\/www.ecb.ee\\\/#\\\/schema\\\/person\\\/683a06848cf0a690b2ba233665cb719f\",\"name\":\"Riine Tiigi\",\"image\":{\"@type\":\"ImageObject\",\"inLanguage\":\"et\",\"@id\":\"https:\\\/\\\/secure.gravatar.com\\\/avatar\\\/d86339875b83b6a9394fce703248189388335d81fba6ca62f59bc61cc7a0ae31?s=96&d=mm&r=g\",\"url\":\"https:\\\/\\\/secure.gravatar.com\\\/avatar\\\/d86339875b83b6a9394fce703248189388335d81fba6ca62f59bc61cc7a0ae31?s=96&d=mm&r=g\",\"contentUrl\":\"https:\\\/\\\/secure.gravatar.com\\\/avatar\\\/d86339875b83b6a9394fce703248189388335d81fba6ca62f59bc61cc7a0ae31?s=96&d=mm&r=g\",\"caption\":\"Riine Tiigi\"},\"url\":\"https:\\\/\\\/www.ecb.ee\\\/et\\\/author\\\/riine\\\/\"}]}<\/script>\n<!-- \/ Yoast SEO plugin. -->","yoast_head_json":{"title":"Korralda \u00fcritus Tallinna roheluses - Estonian Convention Bureau","robots":{"index":"index","follow":"follow","max-snippet":"max-snippet:-1","max-image-preview":"max-image-preview:large","max-video-preview":"max-video-preview:-1"},"canonical":"https:\/\/www.ecb.ee\/et\/blog-et\/korralda-uritus-tallinna-roheluses\/","og_locale":"et_EE","og_type":"article","og_title":"Korralda \u00fcritus Tallinna roheluses - Estonian Convention Bureau","og_description":"Aina sagedamini soovitakse korraldada \u00fcritusi v\u00e4ljaspool tavap\u00e4raseid konverentsi- ja \u00fcritusruume. Tallinnas on hulgaliselt rohealasid ja \u00fcrituspaiku vabas \u00f5hus, kus korraldada mis tahes \u00fcritus v\u00f5i kohtumine. Palusime headelt kollegidelt Tallinna Konverentsib\u00fcroolt \u00fclevaadet, mis oleks Tallinnas parimad kohad vabas \u00f5hus \u00fcrituse korraldamiseks, nende valik on siin: Tallinna Botaanikaaed &nbsp; Imekaunis ja rahulikus Pirita linnaosas asuv botaanikaaed h\u00f5lmab [&hellip;]","og_url":"https:\/\/www.ecb.ee\/et\/blog-et\/korralda-uritus-tallinna-roheluses\/","og_site_name":"Estonian Convention Bureau","article_published_time":"2021-07-13T10:40:25+00:00","article_modified_time":"2022-03-22T12:20:12+00:00","og_image":[{"width":2560,"height":1707,"url":"https:\/\/www.ecb.ee\/wp-content\/uploads\/2021\/07\/kadriorg_kadi-liis_koppel_2015_1-scaled.jpg","type":"image\/jpeg"}],"author":"Riine Tiigi","twitter_card":"summary_large_image","twitter_misc":{"Written by":"Riine Tiigi","Est. reading time":"2 minutit"},"schema":{"@context":"https:\/\/schema.org","@graph":[{"@type":"Article","@id":"https:\/\/www.ecb.ee\/et\/blog-et\/korralda-uritus-tallinna-roheluses\/#article","isPartOf":{"@id":"https:\/\/www.ecb.ee\/et\/blog-et\/korralda-uritus-tallinna-roheluses\/"},"author":{"name":"Riine Tiigi","@id":"https:\/\/www.ecb.ee\/#\/schema\/person\/683a06848cf0a690b2ba233665cb719f"},"headline":"Korralda \u00fcritus Tallinna roheluses","datePublished":"2021-07-13T10:40:25+00:00","dateModified":"2022-03-22T12:20:12+00:00","mainEntityOfPage":{"@id":"https:\/\/www.ecb.ee\/et\/blog-et\/korralda-uritus-tallinna-roheluses\/"},"wordCount":352,"commentCount":0,"publisher":{"@id":"https:\/\/www.ecb.ee\/#organization"},"image":{"@id":"https:\/\/www.ecb.ee\/et\/blog-et\/korralda-uritus-tallinna-roheluses\/#primaryimage"},"thumbnailUrl":"https:\/\/www.ecb.ee\/wp-content\/uploads\/2021\/07\/kadriorg_kadi-liis_koppel_2015_1-scaled.jpg","articleSection":["Blogi","Konverentsid"],"inLanguage":"et"},{"@type":"WebPage","@id":"https:\/\/www.ecb.ee\/et\/blog-et\/korralda-uritus-tallinna-roheluses\/","url":"https:\/\/www.ecb.ee\/et\/blog-et\/korralda-uritus-tallinna-roheluses\/","name":"Korralda \u00fcritus Tallinna roheluses - Estonian Convention Bureau","isPartOf":{"@id":"https:\/\/www.ecb.ee\/#website"},"primaryImageOfPage":{"@id":"https:\/\/www.ecb.ee\/et\/blog-et\/korralda-uritus-tallinna-roheluses\/#primaryimage"},"image":{"@id":"https:\/\/www.ecb.ee\/et\/blog-et\/korralda-uritus-tallinna-roheluses\/#primaryimage"},"thumbnailUrl":"https:\/\/www.ecb.ee\/wp-content\/uploads\/2021\/07\/kadriorg_kadi-liis_koppel_2015_1-scaled.jpg","datePublished":"2021-07-13T10:40:25+00:00","dateModified":"2022-03-22T12:20:12+00:00","breadcrumb":{"@id":"https:\/\/www.ecb.ee\/et\/blog-et\/korralda-uritus-tallinna-roheluses\/#breadcrumb"},"inLanguage":"et","potentialAction":[{"@type":"ReadAction","target":["https:\/\/www.ecb.ee\/et\/blog-et\/korralda-uritus-tallinna-roheluses\/"]}]},{"@type":"ImageObject","inLanguage":"et","@id":"https:\/\/www.ecb.ee\/et\/blog-et\/korralda-uritus-tallinna-roheluses\/#primaryimage","url":"https:\/\/www.ecb.ee\/wp-content\/uploads\/2021\/07\/kadriorg_kadi-liis_koppel_2015_1-scaled.jpg","contentUrl":"https:\/\/www.ecb.ee\/wp-content\/uploads\/2021\/07\/kadriorg_kadi-liis_koppel_2015_1-scaled.jpg","width":2560,"height":1707,"caption":"@Kadi-Liis Koppel"},{"@type":"BreadcrumbList","@id":"https:\/\/www.ecb.ee\/et\/blog-et\/korralda-uritus-tallinna-roheluses\/#breadcrumb","itemListElement":[{"@type":"ListItem","position":1,"name":"Home","item":"https:\/\/www.ecb.ee\/et\/"},{"@type":"ListItem","position":2,"name":"Korralda \u00fcritus Tallinna roheluses"}]},{"@type":"WebSite","@id":"https:\/\/www.ecb.ee\/#website","url":"https:\/\/www.ecb.ee\/","name":"Estonian Convention Bureau","description":"","publisher":{"@id":"https:\/\/www.ecb.ee\/#organization"},"potentialAction":[{"@type":"SearchAction","target":{"@type":"EntryPoint","urlTemplate":"https:\/\/www.ecb.ee\/?s={search_term_string}"},"query-input":{"@type":"PropertyValueSpecification","valueRequired":true,"valueName":"search_term_string"}}],"inLanguage":"et"},{"@type":"Organization","@id":"https:\/\/www.ecb.ee\/#organization","name":"Estonian Convention Bureau","url":"https:\/\/www.ecb.ee\/","logo":{"@type":"ImageObject","inLanguage":"et","@id":"https:\/\/www.ecb.ee\/#\/schema\/logo\/image\/","url":"https:\/\/www.ecb.ee\/wp-content\/uploads\/2020\/12\/site_logo.svg","contentUrl":"https:\/\/www.ecb.ee\/wp-content\/uploads\/2020\/12\/site_logo.svg","caption":"Estonian Convention Bureau"},"image":{"@id":"https:\/\/www.ecb.ee\/#\/schema\/logo\/image\/"}},{"@type":"Person","@id":"https:\/\/www.ecb.ee\/#\/schema\/person\/683a06848cf0a690b2ba233665cb719f","name":"Riine Tiigi","image":{"@type":"ImageObject","inLanguage":"et","@id":"https:\/\/secure.gravatar.com\/avatar\/d86339875b83b6a9394fce703248189388335d81fba6ca62f59bc61cc7a0ae31?s=96&d=mm&r=g","url":"https:\/\/secure.gravatar.com\/avatar\/d86339875b83b6a9394fce703248189388335d81fba6ca62f59bc61cc7a0ae31?s=96&d=mm&r=g","contentUrl":"https:\/\/secure.gravatar.com\/avatar\/d86339875b83b6a9394fce703248189388335d81fba6ca62f59bc61cc7a0ae31?s=96&d=mm&r=g","caption":"Riine Tiigi"},"url":"https:\/\/www.ecb.ee\/et\/author\/riine\/"}]}},"_links":{"self":[{"href":"https:\/\/www.ecb.ee\/et\/wp-json\/wp\/v2\/posts\/22072","targetHints":{"allow":["GET"]}}],"collection":[{"href":"https:\/\/www.ecb.ee\/et\/wp-json\/wp\/v2\/posts"}],"about":[{"href":"https:\/\/www.ecb.ee\/et\/wp-json\/wp\/v2\/types\/post"}],"author":[{"embeddable":true,"href":"https:\/\/www.ecb.ee\/et\/wp-json\/wp\/v2\/users\/4"}],"replies":[{"embeddable":true,"href":"https:\/\/www.ecb.ee\/et\/wp-json\/wp\/v2\/comments?post=22072"}],"version-history":[{"count":4,"href":"https:\/\/www.ecb.ee\/et\/wp-json\/wp\/v2\/posts\/22072\/revisions"}],"predecessor-version":[{"id":22088,"href":"https:\/\/www.ecb.ee\/et\/wp-json\/wp\/v2\/posts\/22072\/revisions\/22088"}],"wp:featuredmedia":[{"embeddable":true,"href":"https:\/\/www.ecb.ee\/et\/wp-json\/wp\/v2\/media\/22065"}],"wp:attachment":[{"href":"https:\/\/www.ecb.ee\/et\/wp-json\/wp\/v2\/media?parent=22072"}],"wp:term":[{"taxonomy":"category","embeddable":true,"href":"https:\/\/www.ecb.ee\/et\/wp-json\/wp\/v2\/categories?post=22072"},{"taxonomy":"post_tag","embeddable":true,"href":"https:\/\/www.ecb.ee\/et\/wp-json\/wp\/v2\/tags?post=22072"}],"curies":[{"name":"wp","href":"https:\/\/api.w.org\/{rel}","templated":true}]}}