{"id":18643,"date":"2020-11-01T13:51:53","date_gmt":"2020-11-01T13:51:53","guid":{"rendered":"https:\/\/www.ecb.ee\/?p=18643"},"modified":"2021-02-11T13:53:41","modified_gmt":"2021-02-11T13:53:41","slug":"case-study-eesti-oigusteadlaste-paevade-korraldus-covid-19-tingimustes","status":"publish","type":"post","link":"https:\/\/www.ecb.ee\/et\/blog-et\/case-study-eesti-oigusteadlaste-paevade-korraldus-covid-19-tingimustes\/","title":{"rendered":"CASE STUDY: EESTI \u00d5IGUSTEADLASTE P\u00c4EVADE KORRALDUS COVID-19 TINGIMUSTES"},"content":{"rendered":"<p>Konverentsi- ja \u00fcrituskorraldusfirmal <a href=\"http:\/\/www.ecb.ee\/et\/firma\/publicon\/\" target=\"_blank\" rel=\"noopener noreferrer\">Publiconil<\/a> oli selle aasta oktoobriks korraldus\u00fclesanne: korraldada Tartus <strong>\u00fcle 600 osalejaga <a href=\"https:\/\/iuridicum.ee\/36-oigusteadlaste-paevad\" target=\"_blank\" rel=\"noopener noreferrer\">Eesti \u00d5igusteadlaste P\u00e4evad<\/a><\/strong>. \u00dcritus otsustati korraldada tavap\u00e4rases konverentsiformaadis, rakendades k\u00f5iki m\u00f5istlikke ja p\u00f5hjendatud viiruse levikut t\u00f5kestavaid meetmeid, mis ei v\u00e4hendaks osalejate konverentsielamust. K\u00fcsisime Publiconi partnerilt Mereli Kivilt, kuidas konverents korraldati ja milliseid n\u00f5uandeid nad annaksid oma tiimi poolt teistele konverentsikorraldajatele, kes paregusel ajal \u00fcritusi korraldamas on.<\/p>\n<h3><strong>Mis on COVID-19 ajal teisiti?<\/strong><\/h3>\n<p>Korraldamisprotsessis sai selgeks, et osalejad soovivad endiselt \u00fcritustest f\u00fc\u00fcsiliselt osa v\u00f5tta. Soovivad, et \u00fcrituse k\u00fclastamise kogemus oleks samav\u00e4\u00e4rne varasemaga. Pisut enam kui poole aastaga on paljudel tekkinud nn virtuaalne v\u00e4simus.<\/p>\n<p>Eesti \u00d5igusteadlaste P\u00e4evad on alati olnud kolleegide, kursuse- ja ametikaaslaste kohtumispaik. Sisuliste debattide kuulamise k\u00f5rval on oluline koht saaliv\u00e4lisel suhtlusel. Kui tavaliselt on korraldajate \u00fclesanne soodustada \u00fcritusel kontaktide loomist ja aktiivset suhtlemist, siis COVID-19 ajal on <strong>\u00fclesanne inimesi hajutada<\/strong>.<\/p>\n<p>\u00dche 500+ konverentsi korraldus algab reeglina v\u00e4hemalt aasta enne toimumist \u00fcsna t\u00e4pse l\u00e4hte\u00fclesande p\u00fcstitamisega. COVID-19 ajal peavad korraldajad olema valmis, et <strong>k\u00f5ik v\u00f5ib kuni viimase hetkeni muutuda<\/strong>. Pidevalt pidi t\u00f6\u00f6s olema mitu alternatiivset versiooni. Anal\u00fc\u00fcs, riskide hindamine ja v\u00f5imalike stsenaariumite l\u00e4bim\u00e4ng. Kokkulepped ja valmisolek, et kogu \u00fcritus v\u00f5i m\u00f5ned selle osad tuleb viimasel hetkel \u00e4ra j\u00e4tta. V\u00f5i teha uute reeglite t\u00f5ttu teisiti.<\/p>\n<p>Terviseohutuse tagamine eeldab <strong>korraldusmeeskonnas uusi t\u00e4iendavaid rolle <\/strong>ning <strong>tavap\u00e4rasest rohkem personali<\/strong>. Kaitsemaskide jagamispunktid, hajutatuse n\u00f5uete t\u00e4itmise j\u00e4lgimine, toidu teistmoodi serveerimine, pindade jooksev desinfitseerimine, j\u00e4rjekordade v\u00e4ltimine, positsioonide dubleerimine haigestumise riskiga toimetulemiseks. T\u00f6\u00f6- ja kodukontori kombineerimine, et <strong>\u00fche t\u00f6\u00f6taja haigestumine ei halvaks isolatsioonivajaduse t\u00f5ttu kogu meeskonna t\u00f6\u00f6d<\/strong>. Eesti \u00d5igusteadlaste P\u00e4evadel suurenes Publiconi korraldav meeskond v\u00f5rreldes kahe aasta taguse sama s\u00fcndmusega poole v\u00f5rra.<\/p>\n<h3><strong>Partnerite valik on v\u00f5tmek\u00fcsimus<\/strong><\/h3>\n<p>Kogemuse p\u00f5hjal julgeme \u00f6elda, et kogu konverentsikorralduse valdkonnas on suurenenud osapoolte paindlikkus. Valmisolek teha muudatusi v\u00e4ga l\u00fchikese etteteatamisajaga saab siiski olla v\u00f5imalik vaid usaldusliku koost\u00f6\u00f6 ja l\u00e4bir\u00e4\u00e4kimiste baasilt.<\/p>\n<p>S\u00fcndmuse suurust ja programmi iseloomu arvestades toimusid Eesti \u00d5igusteadlaste P\u00e4evad Tartus kolmes majas paralleelselt \u2013 Vanemuise Kontserdimaja, Dorpati konverentsikeskus ja VSPA konverentsikeskus. Lisaks \u00f5htuste \u00fcrituste toimumiskohad. Korraldamisse kaasasime v\u00f5imalikult palju erinevaid teenusepakkujaid. Logistika ja kommunikatsiooni planeerimise teeb see keerulisemaks ja <strong>tavaolukorras suurendab riske. COVID-19 ajal aga hoopis maandab neid<\/strong> \u2013 kui \u00fche ettev\u00f5tte meeskond n\u00e4iteks haigestumise t\u00f5ttu teenust osutada ei saa, ei halva see kogu s\u00fcndmuse vastavat valdkonda ja asendust on kergem leida.<\/p>\n<p>Eelnevast sama oluliseks pidasime v\u00f5imalikult paljude <strong>firmade kaasamist sotsiaalse vastutustundlikkuse t\u00f5ttu<\/strong>. Suuremal osal \u00fcrituskorraldussektorist on hetkel v\u00e4ga keerulised ajad. T\u00f6\u00f6mahud ja tulud on oluliselt v\u00e4henenud, aga kulud mitte. Erinevate samasisuliste teenusepakkujate kaasamine v\u00f5imaldas t\u00f6\u00f6d saada ja tulu teenida rohkematel firmadel.<\/p>\n<h3><strong>K\u00f5ikv\u00f5imas h\u00fcbriid<\/strong><\/h3>\n<p>\u00dcks <strong>suuremaid riske on esinejad<\/strong>. Ootamatu eneseisolatsiooni j\u00e4\u00e4mise vajadus, v\u00e4lisesinejate puhul igan\u00e4dalaselt <strong>muutuvad reisipiirangud<\/strong>. Seega on isegi 100% kohapealsena plaanitud \u00fcrituse puhul vaja valmis olla h\u00fcbriidlahenduseks.<\/p>\n<p>Eesti \u00d5igusteadlaste P\u00e4evadel langetati ette otsus, et v\u00e4lisesinejad teevad ettekande \u00fcle interneti. Kohalike esinejate seas realiseerusid erinevad stsenaariumid \u2013 panelist, kes ei soovinud terviseturvalisuse t\u00f5ttu kohale tulla; esineja ja panelist, kes teadis n\u00e4dala ette, et v\u00e4lisreisilt saabudes peab eneseisolatsiooni j\u00e4\u00e4ma ning panelist, kellel selgus viimasel hetkel, et viirusekahtluse t\u00f5ttu peab ta j\u00e4\u00e4ma eneseisolatsiooni.\u00a0 K\u00f5igi nende osav\u00f5tt programmist oli siiski v\u00e4ltimatult vajalik. See t\u00e4hendas, et <strong>tehnilise lahenduse valmisolek tulenes mitte teadaolevatest vajadustest, vaid v\u00f5imalikest riskistsenaariumitest<\/strong>.<\/p>\n<p>T\u00e4nas ei saa enam aktsepteerida lahendusi, kus virtuaalne ettekanne t\u00e4hendab \u00fchepoolset monoloogi esineja arvutikaamerasse. <strong>Oluline on interaktsioon<\/strong> moderaatori, vajadusel teiste diskussioonis osalejatega ning tagasipeegeldus saalist. Olime valmis k\u00f5igis konverentsikohtades looma telesilla esinejate ja panelistidega. T\u00e4nu eelnevatele testidele ja juhendmaterjalile tundsid k\u00f5ik seda vajanud esinejad ennast virtuaalseid lahendusi kasutades mugavalt ning loomuliku osana laval toimunud diskussioonist.<\/p>\n<p>Kuigi inimesed igatsevad arvutite tagant v\u00e4lja p\u00e4ris kohtumistele, usume meie Publiconis, et <strong>h\u00fcbriidkonverents on tulnud, et j\u00e4\u00e4da<\/strong>. See aitab ka pandeemia m\u00f6\u00f6dudes maandada esinejatega seotud riske, eriti rahvusvahelistel \u00fcritustel. Samav\u00f5rra teeb see <strong>konverentsi sisu k\u00e4ttesaadavamaks<\/strong> suuremale hulgale sihtgrupist, kes ei saaks t\u00f6\u00f6kohustuste, finantsvahendite puudumise vm takistuste t\u00f5ttu kohale tulla.<\/p>\n<h3><strong>Mis ja kas tagab terviseohutuse?<\/strong><\/h3>\n<p>Vale on v\u00e4ita, et kellegil on t\u00e4na olemas retsept, kuidas v\u00e4listada \u00fcritustel viirusesse nakatumise risk t\u00e4ielikult. R\u00e4\u00e4kida saab riskide maandamisest ning viiruse leviku v\u00f5imalikust piiramisest. Peamiselt l\u00e4htusime neljast tegevussuunast \u2013 <strong>teavitus, hajutatuse tagamine, isikukaitsevahendid ja ruumide puhtus<\/strong>. Korraldajatega koos v\u00f5tsime vastu otsuse, mitte piirduda vaid Terviseameti n\u00f5uete t\u00e4itmisega.<\/p>\n<p>Meie hinnangul aitasid Eesti \u00d5igusteadlaste korraldamisel terviseohutusele kaasa n\u00e4iteks:<\/p>\n<ol>\n<li><strong>50% ruumide t\u00e4ituvus<\/strong><\/li>\n<\/ol>\n<p>\u00dcrituse toimumise ajal kehtis Terviseameti reegel \u2013 siseruumides kuni 750 osalejat, 50% ruumide t\u00e4ituvus, kui ei ole tagatud statsionaarseid istekohtasid. Statsionaarsete istekohtade tagamine on konverentsidel lihtsasti teostatav, aga nendest kinnipidamist osalejate poolt ei ole v\u00f5imalik garanteerida. Seega pidasime osalejatele turvalisemaks piirata ruumide t\u00e4ituvust 50%-ni. Peasaali mittemahtunud osalejatele l\u00f5ime videosilla VSPA konverentsisaaliga. 50% ruumide t\u00e4ituvuse piirangut j\u00e4rgisime kogu s\u00fcndmuse ajal k\u00f5igis toimumiskohtades.<\/p>\n<ol start=\"2\">\n<li><strong>F\u00fc\u00fcsilise kontakti vajaduse minimeerimine<\/strong><\/li>\n<\/ol>\n<p>Sissep\u00e4\u00e4sukontrolli korraldasime digivahenditega, k\u00e4est-k\u00e4tte jaotusmaterjale ei v\u00e4ljastanud ning paberile allkirjasid ei kogunud. Saalis ringik\u00e4iva mikrofoni asemel kasutasime mugavat nutirakendust, mis \u00fchtlasi andis samav\u00e4\u00e4rse v\u00f5imaluse diskussioonis osaleda ka delegaatidele virtuaalkanalites.<\/p>\n<ol start=\"3\">\n<li><strong>Kehatemperatuuri kontroll<\/strong><\/li>\n<\/ol>\n<p>Kui nohu ja k\u00f6ha on v\u00f5imalik tuvastada kergesti nii inimesel endal kui ka k\u00f5rvalseisjal, siis palavikus v\u00f5ib olla ka ilma ise seda teadmata. Kuna palavikku peetakse ka \u00fcheks oluliseks COVID-19 s\u00fcmptomiks, siis tagasime k\u00f5igis toimumiskohtades k\u00f5igi ruumidesse sisenejate kehatemperatuuri m\u00f5\u00f5tmise. Konverentsi peamajas kasutasime professionaalidega mehitatud termokaameraid kahel sissep\u00e4\u00e4sul, et tagada v\u00f5imalikult sujuv ja v\u00e4heh\u00e4iriv protsess.<\/p>\n<ol start=\"4\">\n<li><strong>Maskide jagamine<\/strong><\/li>\n<\/ol>\n<p>Ka maskide kasutamise efektiivsuse \u00fcle vaieldakse pidevalt. Eesti \u00fchiskonnas ei ole maski kandmine siseruumis veel harjumusp\u00e4raseks normiks muutunud. Palju m\u00e4\u00e4rab siin autoriteetide eeskuju. Maski kandmine ei olnud s\u00fcndmusel kohustuslik, aga kes soovis, see sai igal ajahetkel strateegilistest punktidest k\u00f5igis toimumiskohtades meditsiinilise kaitsemaski.<\/p>\n<ol start=\"5\">\n<li><strong>K\u00e4te desinfitseerimispunktid<\/strong><\/li>\n<\/ol>\n<p>Strateegilisi liikumisteid ja peatuspunkte l\u00e4bi planeerides leidsime optimaalsed lahendused kontaktivabadest desinfitseerimisjaamadest antiseptikuga t\u00e4idetud dosaatorpudeliteni. Erinevalt maskidest v\u00f5ib v\u00e4ita, et k\u00e4te pidev h\u00fcgieen on ka meie \u00fchiskonnas saanud harjumusp\u00e4raseks ning kui vahendid on mugavalt ja k\u00e4ttesaadavalt paigutatud, kasutatakse neid aktiivselt.<\/p>\n<ol start=\"6\">\n<li><strong>Kontaktpindade desinfitseerimine ja seadmete dubleerimine<\/strong><\/li>\n<\/ol>\n<p>Pidevalt hoolitses abiliste meeskond ukselinkide, trepik\u00e4epidemete jt k\u00f5rge kontaktsusega pindade desinfitseerimise eest. Tehnilisi vahendeid \u2013 mikrofonid, slaidivahetuspuldid \u2013 planeerisime topelt koguse, et v\u00e4ltida nende ristkasutus ilma vahepealse desinfitseerimiseta.<\/p>\n<ol start=\"7\">\n<li><strong>K\u00f5rgema riskiastmega tegevuste v\u00e4listamine<\/strong><\/li>\n<\/ol>\n<p>Kogu \u00f5htuse programmi \u00e4raj\u00e4tmise asemel otsustati korraldada hajutatud ja l\u00e4bim\u00f5eldud toitlustuslahendusega ning piiratud kestusega \u00f5htus\u00f6\u00f6gid. Osalejad olid Tartusse kokku s\u00f5inud \u00fcle Eesti ning vajasid \u00f5htus\u00f6\u00f6ki nii v\u00f5i teisiti. Ametliku \u00f5htuse programmi \u00e4raj\u00e4tmine oleks sundinud inimesi ise \u00f5htus\u00f6\u00f6giv\u00f5imalusi otsima. Sellega oleks nende erinevate kontaktide arv Tartus viibides kasvanud ning riske ei oleks see v\u00e4hendanud, pigem vastupidi.<\/p>\n<ol start=\"8\">\n<li><strong>H\u00fcbriidkonverentsi formaadi tugi<\/strong><\/li>\n<\/ol>\n<p>Esinejatega seotud riskide maandamise k\u00f5rval teeb konverentsil osalemise v\u00f5imalikuks distantsilt ka delegaatidele. Nii on osalejal kergem kasv\u00f5i viimasel hetkel otsustada, et pisutki kehva enesetunde korral j\u00e4\u00e4b pigem koju, aga saab siiski kogu konverentsi sisust osa.<\/p>\n<h3><strong>Kui siiski korraldada&#8230;?<\/strong><\/h3>\n<p>V\u00e4ga paljud kaaluvad hetkel, kas \u00fcldse \u00fcritusi korraldada v\u00f5i mitte. Otsest keeldu pole ning selle postituse kirjutamise hetkeks ei ole Eestis teada \u00fchtegi konverentsi v\u00f5i koolitust, kust oleks saanud alguse uus COVID-19 kolle. Riskidest samas ei saa ega tohigi m\u00f6\u00f6da vaadata.<\/p>\n<p>Kui siiski korraldada kohapealse osalemisega \u00fcritus, siis meie soovitused:<\/p>\n<ol>\n<li><strong>Leia korralduspartner.<\/strong> Soovitavalt selline, kellel on COVID-19 oludes nii h\u00fcbriid, virtuaal kui 100% kohapealse osalusega \u00fcrituse korraldamise kogemused. Sest arvesta, et pead olema valmis \u00fcrituse formaati k\u00e4igu pealt muutma, kui olukord n\u00f5uab. Hea korralduspartner aitab sul lisaks ka muutuvates oludes s\u00fcndmuse eelarvet tasakaalus hoida.<\/li>\n<li><strong>Eelista toimumiskohta, kus on kehtestatud ohutusprotokoll<\/strong> ning selle t\u00e4itmist on v\u00f5imalik kontrollida. \u00dcks headest n\u00e4idetest (kindlasti mitte ainus) on Radisson hotellide <a href=\"https:\/\/www.radissonhotels.com\/en-us\/social-responsibility\/health-safety\"><em>10-step cleaning and safety protocol for Meetings &amp; Events<\/em><\/a>. V\u00f5i k\u00fcsi seda korralduspartnerilt. Professionaalsed korraldusfirmad on ka ise koostanud ohutusprotokolle, mille t\u00e4itmist nad toimumiskohtadelt n\u00f5uavad ja j\u00e4lgivad.<\/li>\n<li><strong>Arvesta eelarvesse reserv.<\/strong> Selle suurus ei ole universaalne, kuna s\u00f5ltub \u00fcrituse spetsiifikast, aga professionaalne korralduspartner oskab sind aidata. Pead arvestama, et pidevalt muutuv olukord muudab reegleid ning m\u00f5ni neist v\u00f5ib tuua kaasa t\u00e4iendavaid kulusid.<\/li>\n<li><strong>Arvesta kuludega ka siis, kui \u00fcritust ei toimu<\/strong>. Varasemast enam tuleb t\u00e4helepanu p\u00f6\u00f6rata muutmiste ja t\u00fchistamiste tingimustele. Samuti pead arvestama sellega, et hetkeks kui \u00fcrituse toimumine v\u00f5i mittetoimumine l\u00f5plikult selgub, on eri osapooled juba oma t\u00f6\u00f6 \u00e4ra teinud ning neil on \u00f5igustatud ootus tasule. Lepingud ja kirjalikud kokkulepped on n\u00fc\u00fcd olulisemad kui kunagi varem.<\/li>\n<\/ol>\n<p>&nbsp;<\/p>\n<p><em>Kui teiegi vajate korralduspartnerit \u00fcrituse korraldamiseks, v\u00f5tke julgelt Publiconiga \u00fchendust. Kontaktid leiate <a href=\"https:\/\/www.publicon.ee\/kontakt\/\" target=\"_blank\" rel=\"noopener noreferrer\">Publiconi kodulehelt.<\/a><\/em><\/p>\n","protected":false},"excerpt":{"rendered":"<p>Konverentsi- ja \u00fcrituskorraldusfirmal Publiconil oli selle aasta oktoobriks korraldus\u00fclesanne: korraldada Tartus \u00fcle 600 osalejaga Eesti \u00d5igusteadlaste P\u00e4evad. \u00dcritus otsustati korraldada tavap\u00e4rases konverentsiformaadis, rakendades k\u00f5iki m\u00f5istlikke ja p\u00f5hjendatud viiruse levikut t\u00f5kestavaid meetmeid, mis ei v\u00e4hendaks osalejate konverentsielamust. K\u00fcsisime Publiconi partnerilt Mereli Kivilt, kuidas konverents korraldati ja milliseid n\u00f5uandeid nad annaksid oma tiimi poolt teistele konverentsikorraldajatele, kes [&hellip;]<\/p>\n","protected":false},"author":2,"featured_media":18644,"comment_status":"open","ping_status":"open","sticky":false,"template":"","format":"standard","meta":{"_acf_changed":false,"footnotes":""},"categories":[190,157],"tags":[],"class_list":["post-18643","post","type-post","status-publish","format-standard","has-post-thumbnail","hentry","category-blog-et","category-konverentsikorraldus"],"acf":[],"yoast_head":"<!-- This site is optimized with the Yoast SEO plugin v27.5 - https:\/\/yoast.com\/product\/yoast-seo-wordpress\/ -->\n<title>CASE STUDY: EESTI \u00d5IGUSTEADLASTE P\u00c4EVADE KORRALDUS COVID-19 TINGIMUSTES - Estonian Convention Bureau<\/title>\n<meta name=\"robots\" content=\"index, follow, max-snippet:-1, max-image-preview:large, max-video-preview:-1\" \/>\n<link rel=\"canonical\" href=\"https:\/\/www.ecb.ee\/et\/blog-et\/case-study-eesti-oigusteadlaste-paevade-korraldus-covid-19-tingimustes\/\" \/>\n<meta property=\"og:locale\" content=\"et_EE\" \/>\n<meta property=\"og:type\" content=\"article\" \/>\n<meta property=\"og:title\" content=\"CASE STUDY: EESTI \u00d5IGUSTEADLASTE P\u00c4EVADE KORRALDUS COVID-19 TINGIMUSTES - Estonian Convention Bureau\" \/>\n<meta property=\"og:description\" content=\"Konverentsi- ja \u00fcrituskorraldusfirmal Publiconil oli selle aasta oktoobriks korraldus\u00fclesanne: korraldada Tartus \u00fcle 600 osalejaga Eesti \u00d5igusteadlaste P\u00e4evad. \u00dcritus otsustati korraldada tavap\u00e4rases konverentsiformaadis, rakendades k\u00f5iki m\u00f5istlikke ja p\u00f5hjendatud viiruse levikut t\u00f5kestavaid meetmeid, mis ei v\u00e4hendaks osalejate konverentsielamust. K\u00fcsisime Publiconi partnerilt Mereli Kivilt, kuidas konverents korraldati ja milliseid n\u00f5uandeid nad annaksid oma tiimi poolt teistele konverentsikorraldajatele, kes [&hellip;]\" \/>\n<meta property=\"og:url\" content=\"https:\/\/www.ecb.ee\/et\/blog-et\/case-study-eesti-oigusteadlaste-paevade-korraldus-covid-19-tingimustes\/\" \/>\n<meta property=\"og:site_name\" content=\"Estonian Convention Bureau\" \/>\n<meta property=\"article:published_time\" content=\"2020-11-01T13:51:53+00:00\" \/>\n<meta property=\"article:modified_time\" content=\"2021-02-11T13:53:41+00:00\" \/>\n<meta property=\"og:image\" content=\"https:\/\/www.ecb.ee\/wp-content\/uploads\/2021\/02\/Publicon-scaled-1.jpg\" \/>\n\t<meta property=\"og:image:width\" content=\"2560\" \/>\n\t<meta property=\"og:image:height\" content=\"1707\" \/>\n\t<meta property=\"og:image:type\" content=\"image\/jpeg\" \/>\n<meta name=\"author\" content=\"Mikko\" \/>\n<meta name=\"twitter:card\" content=\"summary_large_image\" \/>\n<meta name=\"twitter:label1\" content=\"Written by\" \/>\n\t<meta name=\"twitter:data1\" content=\"Mikko\" \/>\n\t<meta name=\"twitter:label2\" content=\"Est. reading time\" \/>\n\t<meta name=\"twitter:data2\" content=\"6 minutit\" \/>\n<script type=\"application\/ld+json\" class=\"yoast-schema-graph\">{\"@context\":\"https:\\\/\\\/schema.org\",\"@graph\":[{\"@type\":\"Article\",\"@id\":\"https:\\\/\\\/www.ecb.ee\\\/et\\\/blog-et\\\/case-study-eesti-oigusteadlaste-paevade-korraldus-covid-19-tingimustes\\\/#article\",\"isPartOf\":{\"@id\":\"https:\\\/\\\/www.ecb.ee\\\/et\\\/blog-et\\\/case-study-eesti-oigusteadlaste-paevade-korraldus-covid-19-tingimustes\\\/\"},\"author\":{\"name\":\"Mikko\",\"@id\":\"https:\\\/\\\/www.ecb.ee\\\/#\\\/schema\\\/person\\\/a4e26e90af52316d12cb223f312a1b95\"},\"headline\":\"CASE STUDY: EESTI \u00d5IGUSTEADLASTE P\u00c4EVADE KORRALDUS COVID-19 TINGIMUSTES\",\"datePublished\":\"2020-11-01T13:51:53+00:00\",\"dateModified\":\"2021-02-11T13:53:41+00:00\",\"mainEntityOfPage\":{\"@id\":\"https:\\\/\\\/www.ecb.ee\\\/et\\\/blog-et\\\/case-study-eesti-oigusteadlaste-paevade-korraldus-covid-19-tingimustes\\\/\"},\"wordCount\":1487,\"commentCount\":0,\"publisher\":{\"@id\":\"https:\\\/\\\/www.ecb.ee\\\/#organization\"},\"image\":{\"@id\":\"https:\\\/\\\/www.ecb.ee\\\/et\\\/blog-et\\\/case-study-eesti-oigusteadlaste-paevade-korraldus-covid-19-tingimustes\\\/#primaryimage\"},\"thumbnailUrl\":\"https:\\\/\\\/www.ecb.ee\\\/wp-content\\\/uploads\\\/2021\\\/02\\\/Publicon-scaled-1.jpg\",\"articleSection\":[\"Blogi\",\"Konverentsikorraldus\"],\"inLanguage\":\"et\"},{\"@type\":\"WebPage\",\"@id\":\"https:\\\/\\\/www.ecb.ee\\\/et\\\/blog-et\\\/case-study-eesti-oigusteadlaste-paevade-korraldus-covid-19-tingimustes\\\/\",\"url\":\"https:\\\/\\\/www.ecb.ee\\\/et\\\/blog-et\\\/case-study-eesti-oigusteadlaste-paevade-korraldus-covid-19-tingimustes\\\/\",\"name\":\"CASE STUDY: EESTI \u00d5IGUSTEADLASTE P\u00c4EVADE KORRALDUS COVID-19 TINGIMUSTES - Estonian Convention Bureau\",\"isPartOf\":{\"@id\":\"https:\\\/\\\/www.ecb.ee\\\/#website\"},\"primaryImageOfPage\":{\"@id\":\"https:\\\/\\\/www.ecb.ee\\\/et\\\/blog-et\\\/case-study-eesti-oigusteadlaste-paevade-korraldus-covid-19-tingimustes\\\/#primaryimage\"},\"image\":{\"@id\":\"https:\\\/\\\/www.ecb.ee\\\/et\\\/blog-et\\\/case-study-eesti-oigusteadlaste-paevade-korraldus-covid-19-tingimustes\\\/#primaryimage\"},\"thumbnailUrl\":\"https:\\\/\\\/www.ecb.ee\\\/wp-content\\\/uploads\\\/2021\\\/02\\\/Publicon-scaled-1.jpg\",\"datePublished\":\"2020-11-01T13:51:53+00:00\",\"dateModified\":\"2021-02-11T13:53:41+00:00\",\"breadcrumb\":{\"@id\":\"https:\\\/\\\/www.ecb.ee\\\/et\\\/blog-et\\\/case-study-eesti-oigusteadlaste-paevade-korraldus-covid-19-tingimustes\\\/#breadcrumb\"},\"inLanguage\":\"et\",\"potentialAction\":[{\"@type\":\"ReadAction\",\"target\":[\"https:\\\/\\\/www.ecb.ee\\\/et\\\/blog-et\\\/case-study-eesti-oigusteadlaste-paevade-korraldus-covid-19-tingimustes\\\/\"]}]},{\"@type\":\"ImageObject\",\"inLanguage\":\"et\",\"@id\":\"https:\\\/\\\/www.ecb.ee\\\/et\\\/blog-et\\\/case-study-eesti-oigusteadlaste-paevade-korraldus-covid-19-tingimustes\\\/#primaryimage\",\"url\":\"https:\\\/\\\/www.ecb.ee\\\/wp-content\\\/uploads\\\/2021\\\/02\\\/Publicon-scaled-1.jpg\",\"contentUrl\":\"https:\\\/\\\/www.ecb.ee\\\/wp-content\\\/uploads\\\/2021\\\/02\\\/Publicon-scaled-1.jpg\",\"width\":2560,\"height\":1707},{\"@type\":\"BreadcrumbList\",\"@id\":\"https:\\\/\\\/www.ecb.ee\\\/et\\\/blog-et\\\/case-study-eesti-oigusteadlaste-paevade-korraldus-covid-19-tingimustes\\\/#breadcrumb\",\"itemListElement\":[{\"@type\":\"ListItem\",\"position\":1,\"name\":\"Home\",\"item\":\"https:\\\/\\\/www.ecb.ee\\\/et\\\/\"},{\"@type\":\"ListItem\",\"position\":2,\"name\":\"CASE STUDY: EESTI \u00d5IGUSTEADLASTE P\u00c4EVADE KORRALDUS COVID-19 TINGIMUSTES\"}]},{\"@type\":\"WebSite\",\"@id\":\"https:\\\/\\\/www.ecb.ee\\\/#website\",\"url\":\"https:\\\/\\\/www.ecb.ee\\\/\",\"name\":\"Estonian Convention Bureau\",\"description\":\"\",\"publisher\":{\"@id\":\"https:\\\/\\\/www.ecb.ee\\\/#organization\"},\"potentialAction\":[{\"@type\":\"SearchAction\",\"target\":{\"@type\":\"EntryPoint\",\"urlTemplate\":\"https:\\\/\\\/www.ecb.ee\\\/?s={search_term_string}\"},\"query-input\":{\"@type\":\"PropertyValueSpecification\",\"valueRequired\":true,\"valueName\":\"search_term_string\"}}],\"inLanguage\":\"et\"},{\"@type\":\"Organization\",\"@id\":\"https:\\\/\\\/www.ecb.ee\\\/#organization\",\"name\":\"Estonian Convention Bureau\",\"url\":\"https:\\\/\\\/www.ecb.ee\\\/\",\"logo\":{\"@type\":\"ImageObject\",\"inLanguage\":\"et\",\"@id\":\"https:\\\/\\\/www.ecb.ee\\\/#\\\/schema\\\/logo\\\/image\\\/\",\"url\":\"https:\\\/\\\/www.ecb.ee\\\/wp-content\\\/uploads\\\/2020\\\/12\\\/site_logo.svg\",\"contentUrl\":\"https:\\\/\\\/www.ecb.ee\\\/wp-content\\\/uploads\\\/2020\\\/12\\\/site_logo.svg\",\"caption\":\"Estonian Convention Bureau\"},\"image\":{\"@id\":\"https:\\\/\\\/www.ecb.ee\\\/#\\\/schema\\\/logo\\\/image\\\/\"}},{\"@type\":\"Person\",\"@id\":\"https:\\\/\\\/www.ecb.ee\\\/#\\\/schema\\\/person\\\/a4e26e90af52316d12cb223f312a1b95\",\"name\":\"Mikko\",\"image\":{\"@type\":\"ImageObject\",\"inLanguage\":\"et\",\"@id\":\"https:\\\/\\\/secure.gravatar.com\\\/avatar\\\/cc2e166955ec49675e749f9dce21db0cbd2979d4aac4a845bdde35ccb642bc47?s=96&d=mm&r=g\",\"url\":\"https:\\\/\\\/secure.gravatar.com\\\/avatar\\\/cc2e166955ec49675e749f9dce21db0cbd2979d4aac4a845bdde35ccb642bc47?s=96&d=mm&r=g\",\"contentUrl\":\"https:\\\/\\\/secure.gravatar.com\\\/avatar\\\/cc2e166955ec49675e749f9dce21db0cbd2979d4aac4a845bdde35ccb642bc47?s=96&d=mm&r=g\",\"caption\":\"Mikko\"},\"url\":\"https:\\\/\\\/www.ecb.ee\\\/et\\\/author\\\/admin-cd\\\/\"}]}<\/script>\n<!-- \/ Yoast SEO plugin. -->","yoast_head_json":{"title":"CASE STUDY: EESTI \u00d5IGUSTEADLASTE P\u00c4EVADE KORRALDUS COVID-19 TINGIMUSTES - Estonian Convention Bureau","robots":{"index":"index","follow":"follow","max-snippet":"max-snippet:-1","max-image-preview":"max-image-preview:large","max-video-preview":"max-video-preview:-1"},"canonical":"https:\/\/www.ecb.ee\/et\/blog-et\/case-study-eesti-oigusteadlaste-paevade-korraldus-covid-19-tingimustes\/","og_locale":"et_EE","og_type":"article","og_title":"CASE STUDY: EESTI \u00d5IGUSTEADLASTE P\u00c4EVADE KORRALDUS COVID-19 TINGIMUSTES - Estonian Convention Bureau","og_description":"Konverentsi- ja \u00fcrituskorraldusfirmal Publiconil oli selle aasta oktoobriks korraldus\u00fclesanne: korraldada Tartus \u00fcle 600 osalejaga Eesti \u00d5igusteadlaste P\u00e4evad. \u00dcritus otsustati korraldada tavap\u00e4rases konverentsiformaadis, rakendades k\u00f5iki m\u00f5istlikke ja p\u00f5hjendatud viiruse levikut t\u00f5kestavaid meetmeid, mis ei v\u00e4hendaks osalejate konverentsielamust. K\u00fcsisime Publiconi partnerilt Mereli Kivilt, kuidas konverents korraldati ja milliseid n\u00f5uandeid nad annaksid oma tiimi poolt teistele konverentsikorraldajatele, kes [&hellip;]","og_url":"https:\/\/www.ecb.ee\/et\/blog-et\/case-study-eesti-oigusteadlaste-paevade-korraldus-covid-19-tingimustes\/","og_site_name":"Estonian Convention Bureau","article_published_time":"2020-11-01T13:51:53+00:00","article_modified_time":"2021-02-11T13:53:41+00:00","og_image":[{"width":2560,"height":1707,"url":"https:\/\/www.ecb.ee\/wp-content\/uploads\/2021\/02\/Publicon-scaled-1.jpg","type":"image\/jpeg"}],"author":"Mikko","twitter_card":"summary_large_image","twitter_misc":{"Written by":"Mikko","Est. reading time":"6 minutit"},"schema":{"@context":"https:\/\/schema.org","@graph":[{"@type":"Article","@id":"https:\/\/www.ecb.ee\/et\/blog-et\/case-study-eesti-oigusteadlaste-paevade-korraldus-covid-19-tingimustes\/#article","isPartOf":{"@id":"https:\/\/www.ecb.ee\/et\/blog-et\/case-study-eesti-oigusteadlaste-paevade-korraldus-covid-19-tingimustes\/"},"author":{"name":"Mikko","@id":"https:\/\/www.ecb.ee\/#\/schema\/person\/a4e26e90af52316d12cb223f312a1b95"},"headline":"CASE STUDY: EESTI \u00d5IGUSTEADLASTE P\u00c4EVADE KORRALDUS COVID-19 TINGIMUSTES","datePublished":"2020-11-01T13:51:53+00:00","dateModified":"2021-02-11T13:53:41+00:00","mainEntityOfPage":{"@id":"https:\/\/www.ecb.ee\/et\/blog-et\/case-study-eesti-oigusteadlaste-paevade-korraldus-covid-19-tingimustes\/"},"wordCount":1487,"commentCount":0,"publisher":{"@id":"https:\/\/www.ecb.ee\/#organization"},"image":{"@id":"https:\/\/www.ecb.ee\/et\/blog-et\/case-study-eesti-oigusteadlaste-paevade-korraldus-covid-19-tingimustes\/#primaryimage"},"thumbnailUrl":"https:\/\/www.ecb.ee\/wp-content\/uploads\/2021\/02\/Publicon-scaled-1.jpg","articleSection":["Blogi","Konverentsikorraldus"],"inLanguage":"et"},{"@type":"WebPage","@id":"https:\/\/www.ecb.ee\/et\/blog-et\/case-study-eesti-oigusteadlaste-paevade-korraldus-covid-19-tingimustes\/","url":"https:\/\/www.ecb.ee\/et\/blog-et\/case-study-eesti-oigusteadlaste-paevade-korraldus-covid-19-tingimustes\/","name":"CASE STUDY: EESTI \u00d5IGUSTEADLASTE P\u00c4EVADE KORRALDUS COVID-19 TINGIMUSTES - Estonian Convention Bureau","isPartOf":{"@id":"https:\/\/www.ecb.ee\/#website"},"primaryImageOfPage":{"@id":"https:\/\/www.ecb.ee\/et\/blog-et\/case-study-eesti-oigusteadlaste-paevade-korraldus-covid-19-tingimustes\/#primaryimage"},"image":{"@id":"https:\/\/www.ecb.ee\/et\/blog-et\/case-study-eesti-oigusteadlaste-paevade-korraldus-covid-19-tingimustes\/#primaryimage"},"thumbnailUrl":"https:\/\/www.ecb.ee\/wp-content\/uploads\/2021\/02\/Publicon-scaled-1.jpg","datePublished":"2020-11-01T13:51:53+00:00","dateModified":"2021-02-11T13:53:41+00:00","breadcrumb":{"@id":"https:\/\/www.ecb.ee\/et\/blog-et\/case-study-eesti-oigusteadlaste-paevade-korraldus-covid-19-tingimustes\/#breadcrumb"},"inLanguage":"et","potentialAction":[{"@type":"ReadAction","target":["https:\/\/www.ecb.ee\/et\/blog-et\/case-study-eesti-oigusteadlaste-paevade-korraldus-covid-19-tingimustes\/"]}]},{"@type":"ImageObject","inLanguage":"et","@id":"https:\/\/www.ecb.ee\/et\/blog-et\/case-study-eesti-oigusteadlaste-paevade-korraldus-covid-19-tingimustes\/#primaryimage","url":"https:\/\/www.ecb.ee\/wp-content\/uploads\/2021\/02\/Publicon-scaled-1.jpg","contentUrl":"https:\/\/www.ecb.ee\/wp-content\/uploads\/2021\/02\/Publicon-scaled-1.jpg","width":2560,"height":1707},{"@type":"BreadcrumbList","@id":"https:\/\/www.ecb.ee\/et\/blog-et\/case-study-eesti-oigusteadlaste-paevade-korraldus-covid-19-tingimustes\/#breadcrumb","itemListElement":[{"@type":"ListItem","position":1,"name":"Home","item":"https:\/\/www.ecb.ee\/et\/"},{"@type":"ListItem","position":2,"name":"CASE STUDY: EESTI \u00d5IGUSTEADLASTE P\u00c4EVADE KORRALDUS COVID-19 TINGIMUSTES"}]},{"@type":"WebSite","@id":"https:\/\/www.ecb.ee\/#website","url":"https:\/\/www.ecb.ee\/","name":"Estonian Convention Bureau","description":"","publisher":{"@id":"https:\/\/www.ecb.ee\/#organization"},"potentialAction":[{"@type":"SearchAction","target":{"@type":"EntryPoint","urlTemplate":"https:\/\/www.ecb.ee\/?s={search_term_string}"},"query-input":{"@type":"PropertyValueSpecification","valueRequired":true,"valueName":"search_term_string"}}],"inLanguage":"et"},{"@type":"Organization","@id":"https:\/\/www.ecb.ee\/#organization","name":"Estonian Convention Bureau","url":"https:\/\/www.ecb.ee\/","logo":{"@type":"ImageObject","inLanguage":"et","@id":"https:\/\/www.ecb.ee\/#\/schema\/logo\/image\/","url":"https:\/\/www.ecb.ee\/wp-content\/uploads\/2020\/12\/site_logo.svg","contentUrl":"https:\/\/www.ecb.ee\/wp-content\/uploads\/2020\/12\/site_logo.svg","caption":"Estonian Convention Bureau"},"image":{"@id":"https:\/\/www.ecb.ee\/#\/schema\/logo\/image\/"}},{"@type":"Person","@id":"https:\/\/www.ecb.ee\/#\/schema\/person\/a4e26e90af52316d12cb223f312a1b95","name":"Mikko","image":{"@type":"ImageObject","inLanguage":"et","@id":"https:\/\/secure.gravatar.com\/avatar\/cc2e166955ec49675e749f9dce21db0cbd2979d4aac4a845bdde35ccb642bc47?s=96&d=mm&r=g","url":"https:\/\/secure.gravatar.com\/avatar\/cc2e166955ec49675e749f9dce21db0cbd2979d4aac4a845bdde35ccb642bc47?s=96&d=mm&r=g","contentUrl":"https:\/\/secure.gravatar.com\/avatar\/cc2e166955ec49675e749f9dce21db0cbd2979d4aac4a845bdde35ccb642bc47?s=96&d=mm&r=g","caption":"Mikko"},"url":"https:\/\/www.ecb.ee\/et\/author\/admin-cd\/"}]}},"_links":{"self":[{"href":"https:\/\/www.ecb.ee\/et\/wp-json\/wp\/v2\/posts\/18643","targetHints":{"allow":["GET"]}}],"collection":[{"href":"https:\/\/www.ecb.ee\/et\/wp-json\/wp\/v2\/posts"}],"about":[{"href":"https:\/\/www.ecb.ee\/et\/wp-json\/wp\/v2\/types\/post"}],"author":[{"embeddable":true,"href":"https:\/\/www.ecb.ee\/et\/wp-json\/wp\/v2\/users\/2"}],"replies":[{"embeddable":true,"href":"https:\/\/www.ecb.ee\/et\/wp-json\/wp\/v2\/comments?post=18643"}],"version-history":[{"count":1,"href":"https:\/\/www.ecb.ee\/et\/wp-json\/wp\/v2\/posts\/18643\/revisions"}],"predecessor-version":[{"id":18646,"href":"https:\/\/www.ecb.ee\/et\/wp-json\/wp\/v2\/posts\/18643\/revisions\/18646"}],"wp:featuredmedia":[{"embeddable":true,"href":"https:\/\/www.ecb.ee\/et\/wp-json\/wp\/v2\/media\/18644"}],"wp:attachment":[{"href":"https:\/\/www.ecb.ee\/et\/wp-json\/wp\/v2\/media?parent=18643"}],"wp:term":[{"taxonomy":"category","embeddable":true,"href":"https:\/\/www.ecb.ee\/et\/wp-json\/wp\/v2\/categories?post=18643"},{"taxonomy":"post_tag","embeddable":true,"href":"https:\/\/www.ecb.ee\/et\/wp-json\/wp\/v2\/tags?post=18643"}],"curies":[{"name":"wp","href":"https:\/\/api.w.org\/{rel}","templated":true}]}}