{"id":12823,"date":"2020-05-13T12:38:24","date_gmt":"2020-05-13T12:38:24","guid":{"rendered":"https:\/\/www.ecb.ee\/mis-on-tark-tartu\/"},"modified":"2021-02-09T20:53:29","modified_gmt":"2021-02-09T20:53:29","slug":"mis-on-tark-tartu","status":"publish","type":"post","link":"https:\/\/www.ecb.ee\/et\/blog-et\/konverentsikorraldus\/mis-on-tark-tartu\/","title":{"rendered":"Mis on TARK TARTU?"},"content":{"rendered":"<h3><strong>Heade m\u00f5tete linnast Tartust on saanud tark linn &#8211; kas m\u00f5tted on endiselt head?<\/strong><\/h3>\n<p>Head m\u00f5tted on Tartus endiselt alles, me lihtsalt realiseerime neid m\u00f5tteid targalt. Samal ajal kui mitmel pool maailmas k\u00e4ib linnade \u201ev\u00f5idurelvastumine\u201c erinevate tehnoloogiliste lahenduste n\u00e4ol, vaatame meie veidi suuremat pilti &#8211; Tartus on alati olulisel kohal olnud inimene &#8211; olgu selleks siis p\u00f5line kohalik elanik, tudeng, ettev\u00f5tja v\u00f5i k\u00fclaline v\u00f5\u00f5rsilt, ja nii j\u00e4\u00e4b see ka edaspidi. Seet\u00f5ttu on tark Tartu pigem m\u00f5tteviis, mis aitab meil kujundada parima elu- ja ettev\u00f5tluskeskkonna oma inimestele \u2013 areneme ja saame iga p\u00e4evaga paremaks, kuid j\u00e4\u00e4me iseendaks.<\/p>\n<h3><strong>Aga mida see \u201eTark Tartu\u201c ikkagi t\u00e4hendab?<\/strong><\/h3>\n<p>Nagu juba \u00f6eldud, siis meie jaoks on tark linn \u201em\u00f5tteviis\u201c. Vaieldamatult on Tartu viimastel silma paistnud ka mitmete tarkade tehnoloogiliste lahendustega (kogu linna h\u00f5lmav rattaringlus, \u201esmartovkad\u201c, \u00fchistranspordi liiniv\u00f5rgu uuendamine jne), aga sageli peitub tark muutus hoopis muus &#8211; v\u00e4hem b\u00fcrokraatiat, lihtsamad ja kvaliteetsemad teenused ning m\u00f5istagi kaasamine, et inimesed saaks ise oma elu- ja ettev\u00f5tluskeskkonna arengus s\u00f5na sekka \u00f6elda.<\/p>\n<h3><strong>Kas tark Tartu on pigem kohalikele keskendunud v\u00f5i on sellest ka v\u00e4lisk\u00fclalistele kasu?<\/strong><\/h3>\n<p>Tegelikult ei ole vahet, kas tegemist on kohaliku elaniku v\u00f5i v\u00e4lisk\u00fclalisega. Me usume, et kui inimene, olgu ta siis linnakodanik v\u00f5i linna k\u00fclaline, tunneb ennast Tartus h\u00e4sti, tal on siin lihtne asju ajada, teda \u00fcmbritsev keskkond on turvaline, roheline ja mitmek\u00fclgne ja tal on palju \u00e4gedaid v\u00f5imalusi eneseteostuseks, siis r\u00e4\u00e4gib ta suure t\u00f5en\u00e4osusega sellest ka teistele.<\/p>\n<p>Oluliselt k\u00e4egakatsutavamad asjad on muidugi erinevad targad ja keskkonnas\u00f5bralikud lahendused, mis viimastel aastatel on Tartus l\u00e4bi viidud, ja mis panustavad nii kohalike kui k\u00fclaliste heaolusse. N\u00e4iteks on Tartu \u00fcks v\u00e4hestest keskmise suurusega linnadest Euroopas, kus kogu \u00fchistranspordis\u00fcsteemis on kasutusele v\u00f5etud taastuvk\u00fctus. Samamoodi on mitmel pool tunnustust kogunud Tartu targad ja l\u00e4bim\u00f5eldud linnaruumilahendused, mis kutsuvad inimesi senisest rohkem liikuma. Hea n\u00e4itena v\u00f5ib v\u00e4lja tuua ka Tartu uue viidas\u00fcsteemi infograafika, mis v\u00f5itis t\u00e4navu Kuldmuna. Ja ka Euroopa Kultuuripealinna tiitel tuli meile ju tegelikult just j\u00e4tkusuutliku, tervikliku ja detailideni l\u00e4bim\u00f5eldud n\u00e4gemuse eest.<\/p>\n<h3><strong>Kuidas Targa Tartu kontseptsiooni t\u00e4psemalt v\u00e4listurunduses kasutada?<\/strong><\/h3>\n<p>Tartu terviklik, ehe ja kestlik elukeskkond on meie k\u00f5ikide turunduss\u00f5numite taust. Kui m\u00f5ne sihtkoha juures saab r\u00e4\u00e4kida \u00fchest v\u00f5i teisest j\u00e4tkusuutlikust ja nutikast\/targast tootest v\u00f5i lahendusest, siis Tartu puhul r\u00e4\u00e4gime eelk\u00f5ige tervikvaatest. See v\u00f5imaldab meil parimate praktikatega eeskujuks olla ja konkreetsete n\u00e4idete ja argumentidega v\u00e4lisk\u00fclalisi piirkonda meelitada.<\/p>\n<p>Heade turundusn\u00e4idetena v\u00f5ib v\u00e4lja tuua kaasava eelarve ja Tartu kaasamistavad laiemalt, mis on Euroopas p\u00e4ris palju t\u00e4helepanu p\u00e4lvinud ja mis loob v\u00f5imalusi nii linnaelaniku kui turisti elu- ja k\u00fclastuskogemus parendamiseks (uue ilme on saanud Aparaaditehase hoov, Emaj\u00f5e kaldapiirded, mitu liikuma kutsuvat ala jne). Veelkord t\u00f5staks esile rattaringlust, mis Tartu \u00fchistranspordi osana on aidanud muuta elukeskkonna tervislikumaks ja tekitab juba sel suvel \u00fchendused mitme linnast v\u00e4ljas oleva asulaga. Samuti on palju k\u00f5neainet p\u00e4lvinud \u201esmartovkadeks\u201c kutsutavate vanade kortermajade renoveerimine liginullenergia hooneteks ja muidugi mitmed erinevad koost\u00f6\u00f6projektid linna, \u00fclikoolide ja ettev\u00f5tete vahel.<\/p>\n<p>Me elame ajastul, kus puhas ja j\u00e4tkusuutlik elukeskkond on p\u00f5hiliseks valikute tegemise argumendiks, ka turismis. Tartus on k\u00f5ik Targad eeldused selleks loodud. Inimesi ja nende arvamust v\u00e4\u00e4rtustatakse ning see kasvatab elanikes heaolutunnet. Usume, et Tark Tartu oma heade m\u00f5tete, hoolivuse ja kestliku \u00a0l\u00e4henemisega on suurep\u00e4rane algus uuele turismiajastule.<\/p>\n<h3><strong>Kas v\u00e4lisk\u00fclalisel, kes Tartusse konverentsile tuleb, on ka Targast Tartust kasu?<\/strong><\/h3>\n<p>T\u00f6\u00f6tame v\u00e4lja lahendusi, et ka Tartusse l\u00fchiajaliselt saabuval k\u00fclastajal oleks v\u00f5imalik targast Tartust osa saada. Miks mitte n\u00e4iteks laenutada Tartu Smart Bike elektriratas ja tutvuda kesklinna piirkonnas kunstigaleriiga, mis asub meie <a href=\"https:\/\/visittartu.com\/smartovkas-and-murals-%E2%80%93-discover-tartu-open-air-city-gallery\" target=\"_blank\" rel=\"noopener noreferrer\">nutimajade otsaseintel<\/a>.<\/p>\n<p>&nbsp;<\/p>\n<div id='gallery-1' class='gallery galleryid-12823 gallery-columns-3 gallery-size-large'><figure class='gallery-item'>\n\t\t\t<div class='gallery-icon landscape'>\n\t\t\t\t<a href='https:\/\/www.ecb.ee\/et\/blog-et\/konverentsikorraldus\/mis-on-tark-tartu\/attachment\/screen-shot-2020-05-13-at-15-32-57\/'><img loading=\"lazy\" decoding=\"async\" width=\"580\" height=\"386\" src=\"https:\/\/www.ecb.ee\/wp-content\/uploads\/2020\/12\/Screen-Shot-2020-05-13-at-15.32.57-1024x681.png\" class=\"attachment-large size-large\" alt=\"\" srcset=\"https:\/\/www.ecb.ee\/wp-content\/uploads\/2020\/12\/Screen-Shot-2020-05-13-at-15.32.57-1024x681.png 1024w, https:\/\/www.ecb.ee\/wp-content\/uploads\/2020\/12\/Screen-Shot-2020-05-13-at-15.32.57-300x199.png 300w, https:\/\/www.ecb.ee\/wp-content\/uploads\/2020\/12\/Screen-Shot-2020-05-13-at-15.32.57-768x510.png 768w, https:\/\/www.ecb.ee\/wp-content\/uploads\/2020\/12\/Screen-Shot-2020-05-13-at-15.32.57.png 1136w\" sizes=\"auto, (max-width: 580px) 100vw, 580px\" \/><\/a>\n\t\t\t<\/div><\/figure><figure class='gallery-item'>\n\t\t\t<div class='gallery-icon landscape'>\n\t\t\t\t<a href='https:\/\/www.ecb.ee\/et\/blog-et\/konverentsikorraldus\/mis-on-tark-tartu\/attachment\/screen-shot-2020-05-13-at-15-32-49\/'><img loading=\"lazy\" decoding=\"async\" width=\"580\" height=\"383\" src=\"https:\/\/www.ecb.ee\/wp-content\/uploads\/2020\/12\/Screen-Shot-2020-05-13-at-15.32.49-1024x676.png\" class=\"attachment-large size-large\" alt=\"\" srcset=\"https:\/\/www.ecb.ee\/wp-content\/uploads\/2020\/12\/Screen-Shot-2020-05-13-at-15.32.49-1024x676.png 1024w, https:\/\/www.ecb.ee\/wp-content\/uploads\/2020\/12\/Screen-Shot-2020-05-13-at-15.32.49-300x198.png 300w, https:\/\/www.ecb.ee\/wp-content\/uploads\/2020\/12\/Screen-Shot-2020-05-13-at-15.32.49-768x507.png 768w, https:\/\/www.ecb.ee\/wp-content\/uploads\/2020\/12\/Screen-Shot-2020-05-13-at-15.32.49.png 1145w\" sizes=\"auto, (max-width: 580px) 100vw, 580px\" \/><\/a>\n\t\t\t<\/div><\/figure><figure class='gallery-item'>\n\t\t\t<div class='gallery-icon landscape'>\n\t\t\t\t<a href='https:\/\/www.ecb.ee\/et\/blog-et\/konverentsikorraldus\/mis-on-tark-tartu\/attachment\/screen-shot-2020-05-13-at-15-32-39\/'><img loading=\"lazy\" decoding=\"async\" width=\"580\" height=\"385\" src=\"https:\/\/www.ecb.ee\/wp-content\/uploads\/2020\/12\/Screen-Shot-2020-05-13-at-15.32.39-1024x679.png\" class=\"attachment-large size-large\" alt=\"\" srcset=\"https:\/\/www.ecb.ee\/wp-content\/uploads\/2020\/12\/Screen-Shot-2020-05-13-at-15.32.39-1024x679.png 1024w, https:\/\/www.ecb.ee\/wp-content\/uploads\/2020\/12\/Screen-Shot-2020-05-13-at-15.32.39-300x199.png 300w, https:\/\/www.ecb.ee\/wp-content\/uploads\/2020\/12\/Screen-Shot-2020-05-13-at-15.32.39-768x510.png 768w, https:\/\/www.ecb.ee\/wp-content\/uploads\/2020\/12\/Screen-Shot-2020-05-13-at-15.32.39.png 1138w\" sizes=\"auto, (max-width: 580px) 100vw, 580px\" \/><\/a>\n\t\t\t<\/div><\/figure>\n\t\t<\/div>\n\n","protected":false},"excerpt":{"rendered":"<p>Heade m\u00f5tete linnast Tartust on saanud tark linn &#8211; kas m\u00f5tted on endiselt head? Head m\u00f5tted on Tartus endiselt alles, me lihtsalt realiseerime neid m\u00f5tteid targalt. Samal ajal kui mitmel pool maailmas k\u00e4ib linnade \u201ev\u00f5idurelvastumine\u201c erinevate tehnoloogiliste lahenduste n\u00e4ol, vaatame meie veidi suuremat pilti &#8211; Tartus on alati olulisel kohal olnud inimene &#8211; olgu selleks [&hellip;]<\/p>\n","protected":false},"author":13,"featured_media":12830,"comment_status":"open","ping_status":"open","sticky":false,"template":"","format":"standard","meta":{"_acf_changed":false,"footnotes":""},"categories":[190,157],"tags":[],"class_list":["post-12823","post","type-post","status-publish","format-standard","has-post-thumbnail","hentry","category-blog-et","category-konverentsikorraldus"],"acf":[],"yoast_head":"<!-- This site is optimized with the Yoast SEO plugin v27.5 - https:\/\/yoast.com\/product\/yoast-seo-wordpress\/ -->\n<title>Mis on TARK TARTU? - Estonian Convention Bureau<\/title>\n<meta name=\"robots\" content=\"index, follow, max-snippet:-1, max-image-preview:large, max-video-preview:-1\" \/>\n<link rel=\"canonical\" href=\"https:\/\/www.ecb.ee\/et\/blog-et\/konverentsikorraldus\/mis-on-tark-tartu\/\" \/>\n<meta property=\"og:locale\" content=\"et_EE\" \/>\n<meta property=\"og:type\" content=\"article\" \/>\n<meta property=\"og:title\" content=\"Mis on TARK TARTU? - Estonian Convention Bureau\" \/>\n<meta property=\"og:description\" content=\"Heade m\u00f5tete linnast Tartust on saanud tark linn &#8211; kas m\u00f5tted on endiselt head? Head m\u00f5tted on Tartus endiselt alles, me lihtsalt realiseerime neid m\u00f5tteid targalt. Samal ajal kui mitmel pool maailmas k\u00e4ib linnade \u201ev\u00f5idurelvastumine\u201c erinevate tehnoloogiliste lahenduste n\u00e4ol, vaatame meie veidi suuremat pilti &#8211; Tartus on alati olulisel kohal olnud inimene &#8211; olgu selleks [&hellip;]\" \/>\n<meta property=\"og:url\" content=\"https:\/\/www.ecb.ee\/et\/blog-et\/konverentsikorraldus\/mis-on-tark-tartu\/\" \/>\n<meta property=\"og:site_name\" content=\"Estonian Convention Bureau\" \/>\n<meta property=\"article:published_time\" content=\"2020-05-13T12:38:24+00:00\" \/>\n<meta property=\"article:modified_time\" content=\"2021-02-09T20:53:29+00:00\" \/>\n<meta property=\"og:image\" content=\"https:\/\/www.ecb.ee\/wp-content\/uploads\/2020\/12\/Screen-Shot-2020-05-13-at-15.15.40.png\" \/>\n\t<meta property=\"og:image:width\" content=\"756\" \/>\n\t<meta property=\"og:image:height\" content=\"756\" \/>\n\t<meta property=\"og:image:type\" content=\"image\/png\" \/>\n<meta name=\"author\" content=\"generaladmin2\" \/>\n<meta name=\"twitter:card\" content=\"summary_large_image\" \/>\n<meta name=\"twitter:label1\" content=\"Written by\" \/>\n\t<meta name=\"twitter:data1\" content=\"generaladmin2\" \/>\n\t<meta name=\"twitter:label2\" content=\"Est. reading time\" \/>\n\t<meta name=\"twitter:data2\" content=\"3 minutit\" \/>\n<script type=\"application\/ld+json\" class=\"yoast-schema-graph\">{\"@context\":\"https:\\\/\\\/schema.org\",\"@graph\":[{\"@type\":\"Article\",\"@id\":\"https:\\\/\\\/www.ecb.ee\\\/et\\\/blog-et\\\/konverentsikorraldus\\\/mis-on-tark-tartu\\\/#article\",\"isPartOf\":{\"@id\":\"https:\\\/\\\/www.ecb.ee\\\/et\\\/blog-et\\\/konverentsikorraldus\\\/mis-on-tark-tartu\\\/\"},\"author\":{\"name\":\"generaladmin2\",\"@id\":\"https:\\\/\\\/www.ecb.ee\\\/#\\\/schema\\\/person\\\/6ecbd458fd83645933de13126184771c\"},\"headline\":\"Mis on TARK TARTU?\",\"datePublished\":\"2020-05-13T12:38:24+00:00\",\"dateModified\":\"2021-02-09T20:53:29+00:00\",\"mainEntityOfPage\":{\"@id\":\"https:\\\/\\\/www.ecb.ee\\\/et\\\/blog-et\\\/konverentsikorraldus\\\/mis-on-tark-tartu\\\/\"},\"wordCount\":671,\"commentCount\":0,\"publisher\":{\"@id\":\"https:\\\/\\\/www.ecb.ee\\\/#organization\"},\"image\":{\"@id\":\"https:\\\/\\\/www.ecb.ee\\\/et\\\/blog-et\\\/konverentsikorraldus\\\/mis-on-tark-tartu\\\/#primaryimage\"},\"thumbnailUrl\":\"https:\\\/\\\/www.ecb.ee\\\/wp-content\\\/uploads\\\/2020\\\/12\\\/Screen-Shot-2020-05-13-at-15.15.40.png\",\"articleSection\":[\"Blogi\",\"Konverentsikorraldus\"],\"inLanguage\":\"et\"},{\"@type\":\"WebPage\",\"@id\":\"https:\\\/\\\/www.ecb.ee\\\/et\\\/blog-et\\\/konverentsikorraldus\\\/mis-on-tark-tartu\\\/\",\"url\":\"https:\\\/\\\/www.ecb.ee\\\/et\\\/blog-et\\\/konverentsikorraldus\\\/mis-on-tark-tartu\\\/\",\"name\":\"Mis on TARK TARTU? - Estonian Convention Bureau\",\"isPartOf\":{\"@id\":\"https:\\\/\\\/www.ecb.ee\\\/#website\"},\"primaryImageOfPage\":{\"@id\":\"https:\\\/\\\/www.ecb.ee\\\/et\\\/blog-et\\\/konverentsikorraldus\\\/mis-on-tark-tartu\\\/#primaryimage\"},\"image\":{\"@id\":\"https:\\\/\\\/www.ecb.ee\\\/et\\\/blog-et\\\/konverentsikorraldus\\\/mis-on-tark-tartu\\\/#primaryimage\"},\"thumbnailUrl\":\"https:\\\/\\\/www.ecb.ee\\\/wp-content\\\/uploads\\\/2020\\\/12\\\/Screen-Shot-2020-05-13-at-15.15.40.png\",\"datePublished\":\"2020-05-13T12:38:24+00:00\",\"dateModified\":\"2021-02-09T20:53:29+00:00\",\"breadcrumb\":{\"@id\":\"https:\\\/\\\/www.ecb.ee\\\/et\\\/blog-et\\\/konverentsikorraldus\\\/mis-on-tark-tartu\\\/#breadcrumb\"},\"inLanguage\":\"et\",\"potentialAction\":[{\"@type\":\"ReadAction\",\"target\":[\"https:\\\/\\\/www.ecb.ee\\\/et\\\/blog-et\\\/konverentsikorraldus\\\/mis-on-tark-tartu\\\/\"]}]},{\"@type\":\"ImageObject\",\"inLanguage\":\"et\",\"@id\":\"https:\\\/\\\/www.ecb.ee\\\/et\\\/blog-et\\\/konverentsikorraldus\\\/mis-on-tark-tartu\\\/#primaryimage\",\"url\":\"https:\\\/\\\/www.ecb.ee\\\/wp-content\\\/uploads\\\/2020\\\/12\\\/Screen-Shot-2020-05-13-at-15.15.40.png\",\"contentUrl\":\"https:\\\/\\\/www.ecb.ee\\\/wp-content\\\/uploads\\\/2020\\\/12\\\/Screen-Shot-2020-05-13-at-15.15.40.png\",\"width\":756,\"height\":756},{\"@type\":\"BreadcrumbList\",\"@id\":\"https:\\\/\\\/www.ecb.ee\\\/et\\\/blog-et\\\/konverentsikorraldus\\\/mis-on-tark-tartu\\\/#breadcrumb\",\"itemListElement\":[{\"@type\":\"ListItem\",\"position\":1,\"name\":\"Home\",\"item\":\"https:\\\/\\\/www.ecb.ee\\\/et\\\/\"},{\"@type\":\"ListItem\",\"position\":2,\"name\":\"Mis on TARK TARTU?\"}]},{\"@type\":\"WebSite\",\"@id\":\"https:\\\/\\\/www.ecb.ee\\\/#website\",\"url\":\"https:\\\/\\\/www.ecb.ee\\\/\",\"name\":\"Estonian Convention Bureau\",\"description\":\"\",\"publisher\":{\"@id\":\"https:\\\/\\\/www.ecb.ee\\\/#organization\"},\"potentialAction\":[{\"@type\":\"SearchAction\",\"target\":{\"@type\":\"EntryPoint\",\"urlTemplate\":\"https:\\\/\\\/www.ecb.ee\\\/?s={search_term_string}\"},\"query-input\":{\"@type\":\"PropertyValueSpecification\",\"valueRequired\":true,\"valueName\":\"search_term_string\"}}],\"inLanguage\":\"et\"},{\"@type\":\"Organization\",\"@id\":\"https:\\\/\\\/www.ecb.ee\\\/#organization\",\"name\":\"Estonian Convention Bureau\",\"url\":\"https:\\\/\\\/www.ecb.ee\\\/\",\"logo\":{\"@type\":\"ImageObject\",\"inLanguage\":\"et\",\"@id\":\"https:\\\/\\\/www.ecb.ee\\\/#\\\/schema\\\/logo\\\/image\\\/\",\"url\":\"https:\\\/\\\/www.ecb.ee\\\/wp-content\\\/uploads\\\/2020\\\/12\\\/site_logo.svg\",\"contentUrl\":\"https:\\\/\\\/www.ecb.ee\\\/wp-content\\\/uploads\\\/2020\\\/12\\\/site_logo.svg\",\"caption\":\"Estonian Convention Bureau\"},\"image\":{\"@id\":\"https:\\\/\\\/www.ecb.ee\\\/#\\\/schema\\\/logo\\\/image\\\/\"}},{\"@type\":\"Person\",\"@id\":\"https:\\\/\\\/www.ecb.ee\\\/#\\\/schema\\\/person\\\/6ecbd458fd83645933de13126184771c\",\"name\":\"generaladmin2\",\"image\":{\"@type\":\"ImageObject\",\"inLanguage\":\"et\",\"@id\":\"https:\\\/\\\/secure.gravatar.com\\\/avatar\\\/d874b7f95df07d1aa160e2c5fd5f135bd3669dae0185bfe36b6106549a5b46e6?s=96&d=mm&r=g\",\"url\":\"https:\\\/\\\/secure.gravatar.com\\\/avatar\\\/d874b7f95df07d1aa160e2c5fd5f135bd3669dae0185bfe36b6106549a5b46e6?s=96&d=mm&r=g\",\"contentUrl\":\"https:\\\/\\\/secure.gravatar.com\\\/avatar\\\/d874b7f95df07d1aa160e2c5fd5f135bd3669dae0185bfe36b6106549a5b46e6?s=96&d=mm&r=g\",\"caption\":\"generaladmin2\"},\"url\":\"https:\\\/\\\/www.ecb.ee\\\/et\\\/author\\\/generaladmin2\\\/\"}]}<\/script>\n<!-- \/ Yoast SEO plugin. -->","yoast_head_json":{"title":"Mis on TARK TARTU? - Estonian Convention Bureau","robots":{"index":"index","follow":"follow","max-snippet":"max-snippet:-1","max-image-preview":"max-image-preview:large","max-video-preview":"max-video-preview:-1"},"canonical":"https:\/\/www.ecb.ee\/et\/blog-et\/konverentsikorraldus\/mis-on-tark-tartu\/","og_locale":"et_EE","og_type":"article","og_title":"Mis on TARK TARTU? - Estonian Convention Bureau","og_description":"Heade m\u00f5tete linnast Tartust on saanud tark linn &#8211; kas m\u00f5tted on endiselt head? Head m\u00f5tted on Tartus endiselt alles, me lihtsalt realiseerime neid m\u00f5tteid targalt. Samal ajal kui mitmel pool maailmas k\u00e4ib linnade \u201ev\u00f5idurelvastumine\u201c erinevate tehnoloogiliste lahenduste n\u00e4ol, vaatame meie veidi suuremat pilti &#8211; Tartus on alati olulisel kohal olnud inimene &#8211; olgu selleks [&hellip;]","og_url":"https:\/\/www.ecb.ee\/et\/blog-et\/konverentsikorraldus\/mis-on-tark-tartu\/","og_site_name":"Estonian Convention Bureau","article_published_time":"2020-05-13T12:38:24+00:00","article_modified_time":"2021-02-09T20:53:29+00:00","og_image":[{"width":756,"height":756,"url":"https:\/\/www.ecb.ee\/wp-content\/uploads\/2020\/12\/Screen-Shot-2020-05-13-at-15.15.40.png","type":"image\/png"}],"author":"generaladmin2","twitter_card":"summary_large_image","twitter_misc":{"Written by":"generaladmin2","Est. reading time":"3 minutit"},"schema":{"@context":"https:\/\/schema.org","@graph":[{"@type":"Article","@id":"https:\/\/www.ecb.ee\/et\/blog-et\/konverentsikorraldus\/mis-on-tark-tartu\/#article","isPartOf":{"@id":"https:\/\/www.ecb.ee\/et\/blog-et\/konverentsikorraldus\/mis-on-tark-tartu\/"},"author":{"name":"generaladmin2","@id":"https:\/\/www.ecb.ee\/#\/schema\/person\/6ecbd458fd83645933de13126184771c"},"headline":"Mis on TARK TARTU?","datePublished":"2020-05-13T12:38:24+00:00","dateModified":"2021-02-09T20:53:29+00:00","mainEntityOfPage":{"@id":"https:\/\/www.ecb.ee\/et\/blog-et\/konverentsikorraldus\/mis-on-tark-tartu\/"},"wordCount":671,"commentCount":0,"publisher":{"@id":"https:\/\/www.ecb.ee\/#organization"},"image":{"@id":"https:\/\/www.ecb.ee\/et\/blog-et\/konverentsikorraldus\/mis-on-tark-tartu\/#primaryimage"},"thumbnailUrl":"https:\/\/www.ecb.ee\/wp-content\/uploads\/2020\/12\/Screen-Shot-2020-05-13-at-15.15.40.png","articleSection":["Blogi","Konverentsikorraldus"],"inLanguage":"et"},{"@type":"WebPage","@id":"https:\/\/www.ecb.ee\/et\/blog-et\/konverentsikorraldus\/mis-on-tark-tartu\/","url":"https:\/\/www.ecb.ee\/et\/blog-et\/konverentsikorraldus\/mis-on-tark-tartu\/","name":"Mis on TARK TARTU? - Estonian Convention Bureau","isPartOf":{"@id":"https:\/\/www.ecb.ee\/#website"},"primaryImageOfPage":{"@id":"https:\/\/www.ecb.ee\/et\/blog-et\/konverentsikorraldus\/mis-on-tark-tartu\/#primaryimage"},"image":{"@id":"https:\/\/www.ecb.ee\/et\/blog-et\/konverentsikorraldus\/mis-on-tark-tartu\/#primaryimage"},"thumbnailUrl":"https:\/\/www.ecb.ee\/wp-content\/uploads\/2020\/12\/Screen-Shot-2020-05-13-at-15.15.40.png","datePublished":"2020-05-13T12:38:24+00:00","dateModified":"2021-02-09T20:53:29+00:00","breadcrumb":{"@id":"https:\/\/www.ecb.ee\/et\/blog-et\/konverentsikorraldus\/mis-on-tark-tartu\/#breadcrumb"},"inLanguage":"et","potentialAction":[{"@type":"ReadAction","target":["https:\/\/www.ecb.ee\/et\/blog-et\/konverentsikorraldus\/mis-on-tark-tartu\/"]}]},{"@type":"ImageObject","inLanguage":"et","@id":"https:\/\/www.ecb.ee\/et\/blog-et\/konverentsikorraldus\/mis-on-tark-tartu\/#primaryimage","url":"https:\/\/www.ecb.ee\/wp-content\/uploads\/2020\/12\/Screen-Shot-2020-05-13-at-15.15.40.png","contentUrl":"https:\/\/www.ecb.ee\/wp-content\/uploads\/2020\/12\/Screen-Shot-2020-05-13-at-15.15.40.png","width":756,"height":756},{"@type":"BreadcrumbList","@id":"https:\/\/www.ecb.ee\/et\/blog-et\/konverentsikorraldus\/mis-on-tark-tartu\/#breadcrumb","itemListElement":[{"@type":"ListItem","position":1,"name":"Home","item":"https:\/\/www.ecb.ee\/et\/"},{"@type":"ListItem","position":2,"name":"Mis on TARK TARTU?"}]},{"@type":"WebSite","@id":"https:\/\/www.ecb.ee\/#website","url":"https:\/\/www.ecb.ee\/","name":"Estonian Convention Bureau","description":"","publisher":{"@id":"https:\/\/www.ecb.ee\/#organization"},"potentialAction":[{"@type":"SearchAction","target":{"@type":"EntryPoint","urlTemplate":"https:\/\/www.ecb.ee\/?s={search_term_string}"},"query-input":{"@type":"PropertyValueSpecification","valueRequired":true,"valueName":"search_term_string"}}],"inLanguage":"et"},{"@type":"Organization","@id":"https:\/\/www.ecb.ee\/#organization","name":"Estonian Convention Bureau","url":"https:\/\/www.ecb.ee\/","logo":{"@type":"ImageObject","inLanguage":"et","@id":"https:\/\/www.ecb.ee\/#\/schema\/logo\/image\/","url":"https:\/\/www.ecb.ee\/wp-content\/uploads\/2020\/12\/site_logo.svg","contentUrl":"https:\/\/www.ecb.ee\/wp-content\/uploads\/2020\/12\/site_logo.svg","caption":"Estonian Convention Bureau"},"image":{"@id":"https:\/\/www.ecb.ee\/#\/schema\/logo\/image\/"}},{"@type":"Person","@id":"https:\/\/www.ecb.ee\/#\/schema\/person\/6ecbd458fd83645933de13126184771c","name":"generaladmin2","image":{"@type":"ImageObject","inLanguage":"et","@id":"https:\/\/secure.gravatar.com\/avatar\/d874b7f95df07d1aa160e2c5fd5f135bd3669dae0185bfe36b6106549a5b46e6?s=96&d=mm&r=g","url":"https:\/\/secure.gravatar.com\/avatar\/d874b7f95df07d1aa160e2c5fd5f135bd3669dae0185bfe36b6106549a5b46e6?s=96&d=mm&r=g","contentUrl":"https:\/\/secure.gravatar.com\/avatar\/d874b7f95df07d1aa160e2c5fd5f135bd3669dae0185bfe36b6106549a5b46e6?s=96&d=mm&r=g","caption":"generaladmin2"},"url":"https:\/\/www.ecb.ee\/et\/author\/generaladmin2\/"}]}},"_links":{"self":[{"href":"https:\/\/www.ecb.ee\/et\/wp-json\/wp\/v2\/posts\/12823","targetHints":{"allow":["GET"]}}],"collection":[{"href":"https:\/\/www.ecb.ee\/et\/wp-json\/wp\/v2\/posts"}],"about":[{"href":"https:\/\/www.ecb.ee\/et\/wp-json\/wp\/v2\/types\/post"}],"author":[{"embeddable":true,"href":"https:\/\/www.ecb.ee\/et\/wp-json\/wp\/v2\/users\/13"}],"replies":[{"embeddable":true,"href":"https:\/\/www.ecb.ee\/et\/wp-json\/wp\/v2\/comments?post=12823"}],"version-history":[{"count":3,"href":"https:\/\/www.ecb.ee\/et\/wp-json\/wp\/v2\/posts\/12823\/revisions"}],"predecessor-version":[{"id":18355,"href":"https:\/\/www.ecb.ee\/et\/wp-json\/wp\/v2\/posts\/12823\/revisions\/18355"}],"wp:featuredmedia":[{"embeddable":true,"href":"https:\/\/www.ecb.ee\/et\/wp-json\/wp\/v2\/media\/12830"}],"wp:attachment":[{"href":"https:\/\/www.ecb.ee\/et\/wp-json\/wp\/v2\/media?parent=12823"}],"wp:term":[{"taxonomy":"category","embeddable":true,"href":"https:\/\/www.ecb.ee\/et\/wp-json\/wp\/v2\/categories?post=12823"},{"taxonomy":"post_tag","embeddable":true,"href":"https:\/\/www.ecb.ee\/et\/wp-json\/wp\/v2\/tags?post=12823"}],"curies":[{"name":"wp","href":"https:\/\/api.w.org\/{rel}","templated":true}]}}