{"id":12813,"date":"2020-04-15T10:48:22","date_gmt":"2020-04-15T10:48:22","guid":{"rendered":"https:\/\/www.ecb.ee\/enim-kasutatavad-pildid-tutvustamaks-eestit\/"},"modified":"2021-01-04T13:43:42","modified_gmt":"2021-01-04T13:43:42","slug":"enim-kasutatavad-pildid-tutvustamaks-eestit","status":"publish","type":"post","link":"https:\/\/www.ecb.ee\/et\/blog-et\/konverentsiruumid\/enim-kasutatavad-pildid-tutvustamaks-eestit\/","title":{"rendered":"Enim kasutatavad pildid tutvustamaks Eestit kui konverentsisihtkohta"},"content":{"rendered":"<p>Oleme kokku koondanud enim kasutatavad pildid tutvustamaks Eestit kui konverentsisihtkohta. Viska pilk peale &#8211; pilt \u00fctleb teatavasti rohkem kui tuhat s\u00f5na!<\/p>\n<p>Sotsiaalmeedia kanalites v\u00f5i konverentsi kodulehel on palju infot, seega on oluline kasutada visuaale (pildid, videod jms), mis oleksid kvaliteetsed ja silmapaistvad. Kui\u00a0aastak\u00fcmned tagasi tuli hoolikalt kaaluda, et leida \u00f5ige pealkiri, siis n\u00fc\u00fcd peab v\u00e4hemalt sama palju aega kulutama sobivaima pildi leidmiseks. Kasutage \u00e4ra erinevaid pildipankasid oma s\u00fcndmuse Eestisse kutsumisel v\u00f5i jagamaks konverentsidelegaatidele meie sihtkoha vastupandamatut ilu!\u00a0Valiku erinevatest pildipankadest ja turundumaterjalidest leiad <a href=\"http:\/\/www.ecb.ee\/et\/materjalid-korraldajale\/eestit-tutvustavad-materjalid\/\" target=\"_blank\" rel=\"noopener noreferrer\">meie kodulehelt<\/a>.<\/p>\n<h3><strong>Muinasjutuline Tallinna vanalinn<\/strong><\/h3>\n<p>Tallinna keskaegne vanalinn on maailmas unikaalne oma terviklikkuse poolest ja kuulub alates 1997. aastast UNESCO maailmap\u00e4randi nimekirja.<\/p>\n<div id='gallery-1' class='gallery galleryid-12813 gallery-columns-3 gallery-size-thumbnail'><figure class='gallery-item'>\n\t\t\t<div class='gallery-icon landscape'>\n\t\t\t\t<a href='https:\/\/www.ecb.ee\/et\/tallinna-konverentsitoetus\/attachment\/48240206896_9e3cbd9c6d_k-2\/'><img loading=\"lazy\" decoding=\"async\" width=\"150\" height=\"150\" src=\"https:\/\/www.ecb.ee\/wp-content\/uploads\/2020\/12\/48240206896_9e3cbd9c6d_k-150x150.jpg\" class=\"attachment-thumbnail size-thumbnail\" alt=\"\" aria-describedby=\"gallery-1-12525\" \/><\/a>\n\t\t\t<\/div>\n\t\t\t\t<figcaption class='wp-caption-text gallery-caption' id='gallery-1-12525'>\n\t\t\t\tTallinn Old Town\n\t\t\t\t<\/figcaption><\/figure><figure class='gallery-item'>\n\t\t\t<div class='gallery-icon landscape'>\n\t\t\t\t<a href='https:\/\/www.ecb.ee\/et\/34515320610_87d45d0205_k-2\/'><img loading=\"lazy\" decoding=\"async\" width=\"150\" height=\"150\" src=\"https:\/\/www.ecb.ee\/wp-content\/uploads\/2020\/12\/34515320610_87d45d0205_k-150x150.jpg\" class=\"attachment-thumbnail size-thumbnail\" alt=\"\" aria-describedby=\"gallery-1-12527\" \/><\/a>\n\t\t\t<\/div>\n\t\t\t\t<figcaption class='wp-caption-text gallery-caption' id='gallery-1-12527'>\n\t\t\t\tTallinn Old Town 2\n\t\t\t\t<\/figcaption><\/figure><figure class='gallery-item'>\n\t\t\t<div class='gallery-icon landscape'>\n\t\t\t\t<a href='https:\/\/www.ecb.ee\/et\/?attachment_id=3341'><img loading=\"lazy\" decoding=\"async\" width=\"150\" height=\"150\" src=\"https:\/\/www.ecb.ee\/wp-content\/uploads\/2020\/12\/old_town_kaupo_kalda_2018_2-150x150.jpg\" class=\"attachment-thumbnail size-thumbnail\" alt=\"\" aria-describedby=\"gallery-1-3341\" \/><\/a>\n\t\t\t<\/div>\n\t\t\t\t<figcaption class='wp-caption-text gallery-caption' id='gallery-1-3341'>\n\t\t\t\tTallinn Old Town III\n\t\t\t\t<\/figcaption><\/figure>\n\t\t<\/div>\n\n<p><em>Laadi fotod alla siit: <a href=\"https:\/\/www.flickr.com\/photos\/visitestonia\/48240206896\/\" target=\"_blank\" rel=\"noopener noreferrer\">Tallinn Old Town<\/a>, <a href=\"https:\/\/www.flickr.com\/photos\/visitestonia\/34515320610\/\" target=\"_blank\" rel=\"noopener noreferrer\">Tallinn Old Town II<\/a>, <a href=\"https:\/\/mediabank.visittallinn.ee\/est\/fotod\/aerofoto\/oid-16425\/?&amp;offset=1\" target=\"_blank\" rel=\"noopener noreferrer\">Tallinn Old Town III<\/a><\/em><\/p>\n<h3><strong>Tallinna J\u00f5uluturg<\/strong><\/h3>\n<p>Tallinna J\u00f5uluturg on \u00fcks Euroopa vanimaid j\u00f5uluturge.\u00a0Kas teadsid, et Tallinnas Raekoja platsil seisis v\u00e4idetavalt juba 1441. a maailma esimene j\u00f5ulukuusk?\u00a02018. aasta novembris m\u00e4rkis Forbes Tallinna j\u00f5uluturu \u00fcheks k\u00fcmnest k\u00f5ige ilusamast j\u00f5uluturust Euroopas! Ent sellega asi ei piirdunud! Detsembri keskel valisid reisijad \u00fcle maailma Tallinna j\u00f5uluturu Euroopa k\u00f5ige ilusamaks j\u00f5uluturuks!<\/p>\n<div id='gallery-2' class='gallery galleryid-12813 gallery-columns-3 gallery-size-thumbnail'><figure class='gallery-item'>\n\t\t\t<div class='gallery-icon landscape'>\n\t\t\t\t<a href='https:\/\/www.ecb.ee\/et\/34382738803_5ad9d9b56d_k-2-2\/'><img loading=\"lazy\" decoding=\"async\" width=\"150\" height=\"150\" src=\"https:\/\/www.ecb.ee\/wp-content\/uploads\/2020\/12\/34382738803_5ad9d9b56d_k-1-150x150.jpg\" class=\"attachment-thumbnail size-thumbnail\" alt=\"\" aria-describedby=\"gallery-2-12531\" \/><\/a>\n\t\t\t<\/div>\n\t\t\t\t<figcaption class='wp-caption-text gallery-caption' id='gallery-2-12531'>\n\t\t\t\tTallinn Christmas Market\n\t\t\t\t<\/figcaption><\/figure><figure class='gallery-item'>\n\t\t\t<div class='gallery-icon landscape'>\n\t\t\t\t<a href='https:\/\/www.ecb.ee\/et\/jouluturg_sergei_zjuganov_2016_2-scaled-2\/'><img loading=\"lazy\" decoding=\"async\" width=\"150\" height=\"150\" src=\"https:\/\/www.ecb.ee\/wp-content\/uploads\/2020\/12\/jouluturg_sergei_zjuganov_2016_2-scaled-1-150x150.jpg\" class=\"attachment-thumbnail size-thumbnail\" alt=\"\" aria-describedby=\"gallery-2-12533\" \/><\/a>\n\t\t\t<\/div>\n\t\t\t\t<figcaption class='wp-caption-text gallery-caption' id='gallery-2-12533'>\n\t\t\t\tTallinn Chrismas Market II\n\t\t\t\t<\/figcaption><\/figure><figure class='gallery-item'>\n\t\t\t<div class='gallery-icon landscape'>\n\t\t\t\t<a href='https:\/\/www.ecb.ee\/et\/?attachment_id=12535'><img loading=\"lazy\" decoding=\"async\" width=\"150\" height=\"150\" src=\"https:\/\/www.ecb.ee\/wp-content\/uploads\/2020\/12\/48951643001_3512af87f1_k-150x150.jpg\" class=\"attachment-thumbnail size-thumbnail\" alt=\"\" \/><\/a>\n\t\t\t<\/div><\/figure>\n\t\t<\/div>\n\n<p><em>Laadi fotod alla siit: <a href=\"https:\/\/www.flickr.com\/photos\/visitestonia\/34382738803\/\" target=\"_blank\" rel=\"noopener noreferrer\">Tallinn Christmas Market<\/a>, <a href=\"https:\/\/mediabank.visittallinn.ee\/eng\/front\/search\/oid-16113\/?searchtype=simple&amp;keyword=christmas&amp;offset=1\" target=\"_blank\" rel=\"noopener noreferrer\">Tallinn Christmas Market II<\/a>, <a href=\"https:\/\/www.flickr.com\/photos\/visitestonia\/48951643001\/in\/photolist-2hzFY1R-2hzDbf8-2hzGYSz-2hzGZeB-2gq6z2p-2gq6z4t-2gq6z9o-2gq6z74-2gq6Sc7-2gq6yww-2gq6SnT-2gq6Sk8-2gq6Smv-2gq6SiK-pNGFNf-pNGFNL-q5Vd36-pNGFMU-2h43zKd-2h42Sft-2h43zMs-2h42SgW-24wh2UU-2gcPYug-GsmNXu-2h43zSs-2guPER7-2gWSgTx-mqtBM6-RK2Agk-XpuXiA-2dTFDE7-26xs4Pq-RK2zZt-KPcB6g-24w8nTY-UA13jE-HBH54D-26b7PT3-26b7QHQ-2bkiGMe-mw5xPZ-d6oHnL-d6oJKo-d6oHZ1-d6oTHY-DZzfFe-mqtCyX-DP8fSf-mw7ECo\" target=\"_blank\" rel=\"noopener noreferrer\">Tallinn Christmas Market III<\/a><\/em><\/p>\n<h3><strong>Tallinna <em>Manhattan<\/em><\/strong><\/h3>\n<div>Stockmanni kaubamaja naabruses k\u00f5rgub klaasseintega pilvel\u00f5hkujate piirkond, mida linlased naljatavalt\u00a0Tallinna Manhattaniks kutsuvad.\u00a0<span class=\"s1\">See on maiasmokkade ja kodukaunistajate meelispaik, just siin asuvad trendikad kohvikud ja Tallinna k\u00f5ige stiilsemad sisutuspoed. L<\/span><span class=\"s1\">isaks laiusele, kasvab t\u00e4nap\u00e4eva Tallinn ka k\u00f5rgusesse!<\/span><\/div>\n<div id='gallery-3' class='gallery galleryid-12813 gallery-columns-3 gallery-size-thumbnail'><figure class='gallery-item'>\n\t\t\t<div class='gallery-icon landscape'>\n\t\t\t\t<a href='https:\/\/www.ecb.ee\/et\/city_centre_kaupo_kalda_2018_1-scaled-2\/'><img loading=\"lazy\" decoding=\"async\" width=\"150\" height=\"150\" src=\"https:\/\/www.ecb.ee\/wp-content\/uploads\/2020\/12\/city_centre_kaupo_kalda_2018_1-scaled-1-150x150.jpg\" class=\"attachment-thumbnail size-thumbnail\" alt=\"\" aria-describedby=\"gallery-3-12537\" \/><\/a>\n\t\t\t<\/div>\n\t\t\t\t<figcaption class='wp-caption-text gallery-caption' id='gallery-3-12537'>\n\t\t\t\tTallinn City Centre\n\t\t\t\t<\/figcaption><\/figure><figure class='gallery-item'>\n\t\t\t<div class='gallery-icon landscape'>\n\t\t\t\t<a href='https:\/\/www.ecb.ee\/et\/1195_tallinn-city-centre_kaupo-kalda_624622-2\/'><img loading=\"lazy\" decoding=\"async\" width=\"150\" height=\"150\" src=\"https:\/\/www.ecb.ee\/wp-content\/uploads\/2020\/12\/1195_Tallinn-City-Centre_Kaupo-Kalda_624622-150x150.jpg\" class=\"attachment-thumbnail size-thumbnail\" alt=\"\" aria-describedby=\"gallery-3-12539\" \/><\/a>\n\t\t\t<\/div>\n\t\t\t\t<figcaption class='wp-caption-text gallery-caption' id='gallery-3-12539'>\n\t\t\t\tTallinn City Centre II\n\t\t\t\t<\/figcaption><\/figure>\n\t\t<\/div>\n\n<p><em>Laadi fotod alla siit:<a href=\"https:\/\/mediabank.visittallinn.ee\/eng\/front\/search\/oid-16419\/?searchtype=simple&amp;keyword=city%20centre&amp;offset=1\" target=\"_blank\" rel=\"noopener noreferrer\"> Tallinn City Centre<\/a>, <a href=\"https:\/\/toolbox.estonia.ee\/media\/1195\" target=\"_blank\" rel=\"noopener noreferrer\">Tallinn City Centre II<\/a><\/em><\/p>\n<h3><strong>Tallinna Lennujaam &#8211; k\u00f5ige \u00f5dusam lennujaam<\/strong><\/h3>\n<p>Kuigi Tallinna Lennujaamast ei saa kunagi maailma suurimat lennujaama, v\u00f5ib see kahtlemata p\u00fcrgida <em>maailma parimate lennujaamade hulka<\/em>. Kogu lennujaama kujundus ja selle elemendid on paika seatud eesm\u00e4rgiga olla k\u00f5ige \u00f5dusam lennujaam.<\/p>\n<div id='gallery-4' class='gallery galleryid-12813 gallery-columns-3 gallery-size-thumbnail'><figure class='gallery-item'>\n\t\t\t<div class='gallery-icon landscape'>\n\t\t\t\t<a href='https:\/\/www.ecb.ee\/et\/?attachment_id=1829'><img loading=\"lazy\" decoding=\"async\" width=\"150\" height=\"150\" src=\"https:\/\/www.ecb.ee\/wp-content\/uploads\/2020\/12\/Terminal_city_2017_Kristian_Kruuser-150x150.jpg\" class=\"attachment-thumbnail size-thumbnail\" alt=\"\" \/><\/a>\n\t\t\t<\/div><\/figure>\n\t\t<\/div>\n\n<p><em>Fotograaf: Kristian Kruuser<\/em><\/p>\n<h3><strong>Telliskivi Loomelinnak<\/strong><\/h3>\n<p>Vanalinna, Kalamaja ja Pelgulinna piiril endises t\u00f6\u00f6stuskompleksis paiknev Telliskivi Loomelinnak on Tallinna loominguline kese. Eesti suurimas loomekeskuses asuvad stuudiod, loomeettev\u00f5tted ja vaba\u00fchenduste kontorid. Tehasehooned on muutunud populaarseks kohtumispaigaks neile, kes naudivad oman\u00e4olisi restorane, kunstin\u00e4itusi, vaadi\u00f5lut, disaini- ja <em>vintage<\/em>-poode, alternatiivteatrit ja klubi\u00fcritusi.<\/p>\n<div id='gallery-5' class='gallery galleryid-12813 gallery-columns-3 gallery-size-thumbnail'><figure class='gallery-item'>\n\t\t\t<div class='gallery-icon landscape'>\n\t\t\t\t<a href='https:\/\/www.ecb.ee\/et\/3078_city-view-of-telliskivi-and-tallinn-old-town_kaupa-kalda_1150223-2\/'><img loading=\"lazy\" decoding=\"async\" width=\"150\" height=\"150\" src=\"https:\/\/www.ecb.ee\/wp-content\/uploads\/2020\/12\/3078_City-view-of-Telliskivi-and-Tallinn-Old-Town_Kaupa-Kalda_1150223-150x150.jpg\" class=\"attachment-thumbnail size-thumbnail\" alt=\"\" \/><\/a>\n\t\t\t<\/div><\/figure><figure class='gallery-item'>\n\t\t\t<div class='gallery-icon landscape'>\n\t\t\t\t<a href='https:\/\/www.ecb.ee\/et\/45330365352_9c3db9e32e_k-2\/'><img loading=\"lazy\" decoding=\"async\" width=\"150\" height=\"150\" src=\"https:\/\/www.ecb.ee\/wp-content\/uploads\/2020\/12\/45330365352_9c3db9e32e_k-150x150.jpg\" class=\"attachment-thumbnail size-thumbnail\" alt=\"\" aria-describedby=\"gallery-5-12543\" \/><\/a>\n\t\t\t<\/div>\n\t\t\t\t<figcaption class='wp-caption-text gallery-caption' id='gallery-5-12543'>\n\t\t\t\tRestaurant Peatus in Telliskivi Creative City\n\t\t\t\t<\/figcaption><\/figure><figure class='gallery-item'>\n\t\t\t<div class='gallery-icon landscape'>\n\t\t\t\t<a href='https:\/\/www.ecb.ee\/et\/45330373302_8e0cf00600_k-2\/'><img loading=\"lazy\" decoding=\"async\" width=\"150\" height=\"150\" src=\"https:\/\/www.ecb.ee\/wp-content\/uploads\/2020\/12\/45330373302_8e0cf00600_k-150x150.jpg\" class=\"attachment-thumbnail size-thumbnail\" alt=\"\" aria-describedby=\"gallery-5-12545\" \/><\/a>\n\t\t\t<\/div>\n\t\t\t\t<figcaption class='wp-caption-text gallery-caption' id='gallery-5-12545'>\n\t\t\t\tRestaurant Kivi Paber K\u00e4\u00e4rid in Telliskivi Creative City\n\t\t\t\t<\/figcaption><\/figure>\n\t\t<\/div>\n\n<p><em>Laadi alla fotod siit:\u00a0<a href=\"https:\/\/toolbox.estonia.ee\/media\/3078\" target=\"_blank\" rel=\"noopener noreferrer\">City view of Telliskivi and Tallinn Old Town<\/a>,\u00a0<a href=\"https:\/\/www.flickr.com\/photos\/visitestonia\/45330365352\/\" target=\"_blank\" rel=\"noopener noreferrer\">Restaurant Peatus in Telliskivi Creative City<\/a>,\u00a0<a href=\"https:\/\/www.flickr.com\/photos\/visitestonia\/45330373302\/in\/photolist-Gx6hWk-GuEMwj-Gx6hVZ-Gx6i3c-GuEMty-GCTQ9n-GuEMuL-GCTQ9H-Gx6i1P-2c4G1Go-2c99A9r-nH5hBz-nZgGTp-nZyRtv-nH5eXr-nZyR7D-nZt6MS-nZt63f-nZyQa8-2gq6RJy-2gq6yAQ-2gq6yCJ-2gq6yGb-2gq6yLQ-2gq6yPk-2gq6S58-2gq6ySr-2gq6yUA-2gq6yY8-QPiXZA-RkbN81-nXwmJ3-2aKp7kR-2c4FUwY-2gq6z2p-2gq6z4t-2gq6z74-2gq6Sc7-2gq6z9o-2gq6yww-2gq6SnT-2gq6Sk8-2gq6Smv-2gq6SiK-GQbWQw-EkRMyA-24XWb5V-Dqsmj9-DqsnMQ-DPGboB\" target=\"_blank\" rel=\"noopener noreferrer\">Restaurant Kivi Paber K\u00e4\u00e4rid in Telliskivi Creative City<\/a><\/em><\/p>\n<h3><strong>Noblessneri sadamalinnak &#8211; uus trendikas piirkond<\/strong><\/h3>\n<p>Noblessneri sadamalinnak asub Tallinnas, Lennusadama k\u00f5rval mere \u00e4\u00e4res. Kunagisest Tsaari-Venemaa t\u00e4htsaimast allveelaevade tehasest on saanud inimestele ja merele avatud sadamalinnak. Siin on suurejoonelise arhitektuuriga ajaloolised t\u00f6\u00f6stushooned, merepromenaad, jahisadam, hulk suurep\u00e4raseid s\u00f6\u00f6gikohti, galeriid ning kodude ja \u00e4ripindade uusarendus.<\/p>\n<div id='gallery-6' class='gallery galleryid-12813 gallery-columns-3 gallery-size-thumbnail'><figure class='gallery-item'>\n\t\t\t<div class='gallery-icon landscape'>\n\t\t\t\t<a href='https:\/\/www.ecb.ee\/et\/48364608477_28491c9c11_k-2\/'><img loading=\"lazy\" decoding=\"async\" width=\"150\" height=\"150\" src=\"https:\/\/www.ecb.ee\/wp-content\/uploads\/2020\/12\/48364608477_28491c9c11_k-150x150.jpg\" class=\"attachment-thumbnail size-thumbnail\" alt=\"\" aria-describedby=\"gallery-6-12547\" \/><\/a>\n\t\t\t<\/div>\n\t\t\t\t<figcaption class='wp-caption-text gallery-caption' id='gallery-6-12547'>\n\t\t\t\tNoblessner\n\t\t\t\t<\/figcaption><\/figure><figure class='gallery-item'>\n\t\t\t<div class='gallery-icon landscape'>\n\t\t\t\t<a href='https:\/\/www.ecb.ee\/et\/noblessneri-valukoda_martin-dremljuga\/'><img loading=\"lazy\" decoding=\"async\" width=\"150\" height=\"150\" src=\"https:\/\/www.ecb.ee\/wp-content\/uploads\/2020\/12\/Noblessneri-valukoda_Martin-Dremljuga-150x150.jpg\" class=\"attachment-thumbnail size-thumbnail\" alt=\"\" aria-describedby=\"gallery-6-3155\" \/><\/a>\n\t\t\t<\/div>\n\t\t\t\t<figcaption class='wp-caption-text gallery-caption' id='gallery-6-3155'>\n\t\t\t\tPhoto: Martin Dremljuga\n\t\t\t\t<\/figcaption><\/figure>\n\t\t<\/div>\n\n<p><em>Laadi alla foto siit: <a href=\"https:\/\/www.flickr.com\/photos\/visitestonia\/48364608477\/\" target=\"_blank\" rel=\"noopener noreferrer\">Noblessner<\/a>\u00a0 ;\u00a0<\/em><em>fotograaf Martin Dremljuga<\/em><\/p>\n<h3><strong>Rotermanni kvartal<\/strong><\/h3>\n<p>19. sajandil j\u00f5udsalt arenema hakanud t\u00f6\u00f6stusrajoonis asusid kaubamaja, t\u00e4rklise-, piirituse-, laua- ja makaronivabrik, leiva-, jahu- ja kruubiveski, aurusae hooned ning soolaladu, mis on \u00fcks omap\u00e4rasemaid s\u00e4ilinud paeehitisi Eestis. T\u00e4nap\u00e4eval on aga\u00a0Rotermann muutunud \u00fcheks linna silmapaistvamaks moodsa arhitektuuri oaasiks.<\/p>\n<div id='gallery-7' class='gallery galleryid-12813 gallery-columns-3 gallery-size-thumbnail'><figure class='gallery-item'>\n\t\t\t<div class='gallery-icon landscape'>\n\t\t\t\t<a href='https:\/\/www.ecb.ee\/et\/42473283541_a655bcd0bb_k-2\/'><img loading=\"lazy\" decoding=\"async\" width=\"150\" height=\"150\" src=\"https:\/\/www.ecb.ee\/wp-content\/uploads\/2020\/12\/42473283541_a655bcd0bb_k-150x150.jpg\" class=\"attachment-thumbnail size-thumbnail\" alt=\"\" aria-describedby=\"gallery-7-12549\" \/><\/a>\n\t\t\t<\/div>\n\t\t\t\t<figcaption class='wp-caption-text gallery-caption' id='gallery-7-12549'>\n\t\t\t\tRotermann City\n\t\t\t\t<\/figcaption><\/figure><figure class='gallery-item'>\n\t\t\t<div class='gallery-icon landscape'>\n\t\t\t\t<a href='https:\/\/www.ecb.ee\/et\/28601151998_77d1a3c44c_k-2\/'><img loading=\"lazy\" decoding=\"async\" width=\"150\" height=\"150\" src=\"https:\/\/www.ecb.ee\/wp-content\/uploads\/2020\/12\/28601151998_77d1a3c44c_k-150x150.jpg\" class=\"attachment-thumbnail size-thumbnail\" alt=\"\" aria-describedby=\"gallery-7-12551\" \/><\/a>\n\t\t\t<\/div>\n\t\t\t\t<figcaption class='wp-caption-text gallery-caption' id='gallery-7-12551'>\n\t\t\t\tRotermann City II\n\t\t\t\t<\/figcaption><\/figure>\n\t\t<\/div>\n\n<p><em>Laadi alla fotod siit: <a href=\"https:\/\/www.flickr.com\/photos\/visitestonia\/42473283541\/in\/photostream\/\" target=\"_blank\" rel=\"noopener noreferrer\">Rotermann City<\/a>, <a href=\"https:\/\/www.flickr.com\/photos\/visitestonia\/28601151998\/in\/photolist-Kzoo7Y-KzooaU-27HdEEe-Kzoof3-24XoL9j-KzooLy-Kzoqzd-27HdFs6-27CL63m-KzoogW-Kzoo3j\" target=\"_blank\" rel=\"noopener noreferrer\">Rotermann City II<\/a><\/em><\/p>\n<h3><strong>Kultuurikatel<\/strong><\/h3>\n<p>See t\u00f6\u00f6stusliku ilmega ajalooline hoone\u00a0oli elektrijaama katlamaja, mille\u00a0700 ruutmeetrises katelde saalis on t\u00e4naseni s\u00e4ilinud kaks hiidkatelt, mis t\u00e4itsid Tallinna Elektrijaama ajaloos olulist rolli.\u00a0T\u00e4na on Kultuurikatel multifunktsionaalne s\u00fcndmuskeskus, mis on koduks paljudele rahvusvahelistele konverentsidele.<\/p>\n<div id='gallery-8' class='gallery galleryid-12813 gallery-columns-3 gallery-size-thumbnail'><figure class='gallery-item'>\n\t\t\t<div class='gallery-icon landscape'>\n\t\t\t\t<a href='https:\/\/www.ecb.ee\/et\/ecb_2019_0148-scaled-2\/'><img loading=\"lazy\" decoding=\"async\" width=\"150\" height=\"150\" src=\"https:\/\/www.ecb.ee\/wp-content\/uploads\/2020\/12\/ECB_2019_0148-scaled-1-150x150.jpg\" class=\"attachment-thumbnail size-thumbnail\" alt=\"\" \/><\/a>\n\t\t\t<\/div><\/figure><figure class='gallery-item'>\n\t\t\t<div class='gallery-icon landscape'>\n\t\t\t\t<a href='https:\/\/www.ecb.ee\/et\/toomas-tuul-1-2\/'><img loading=\"lazy\" decoding=\"async\" width=\"150\" height=\"150\" src=\"https:\/\/www.ecb.ee\/wp-content\/uploads\/2020\/12\/Toomas-Tuul-1-2-150x150.jpg\" class=\"attachment-thumbnail size-thumbnail\" alt=\"\" \/><\/a>\n\t\t\t<\/div><\/figure>\n\t\t<\/div>\n\n<p><em>Fotograaf: Toomas Tuul<\/em><\/p>\n<h3><strong>Lennusadam<\/strong><\/h3>\n<p>Lennusadam on unikaalne koht t\u00e4hts\u00fcndmusteks! Siin on erakordne atmosf\u00e4\u00e4r ja k\u00f5ik toimub eksponaatide keskel.<\/p>\n<div id='gallery-9' class='gallery galleryid-12813 gallery-columns-3 gallery-size-thumbnail'><figure class='gallery-item'>\n\t\t\t<div class='gallery-icon landscape'>\n\t\t\t\t<a href='https:\/\/www.ecb.ee\/et\/ecb_2019_0106-2\/'><img loading=\"lazy\" decoding=\"async\" width=\"150\" height=\"150\" src=\"https:\/\/www.ecb.ee\/wp-content\/uploads\/2020\/12\/ECB_2019_0106-150x150.jpg\" class=\"attachment-thumbnail size-thumbnail\" alt=\"\" \/><\/a>\n\t\t\t<\/div><\/figure>\n\t\t<\/div>\n\n<p><em>Fotograaf: Toomas Tuul<\/em><\/p>\n<h3><strong>Kadrioru Park<\/strong><\/h3>\n<div class=\"editor-content\">\n<div class=\"hidden-xs hidden-sm \">Kadrioru parki hakati rajama 1718. aastal Peeter I korraldusel. Kadrioru pargis n\u00e4eb 18., 19. ja 20. sajandi iseloomulikke pargikujundusv\u00f5tteid. Pargis asuvad mitmed muuseumid, n\u00e4iteks KUMU, Kadrioru kunstimuuseum, Mikkeli muuseum ning monumendid kultuuritegelastele.<\/div>\n<\/div>\n<div id='gallery-10' class='gallery galleryid-12813 gallery-columns-3 gallery-size-thumbnail'><figure class='gallery-item'>\n\t\t\t<div class='gallery-icon landscape'>\n\t\t\t\t<a href='https:\/\/www.ecb.ee\/et\/1kadriorg_kadi-liis_koppel_2015_39-scaled-2\/'><img loading=\"lazy\" decoding=\"async\" width=\"150\" height=\"150\" src=\"https:\/\/www.ecb.ee\/wp-content\/uploads\/2020\/12\/1kadriorg_kadi-liis_koppel_2015_39-scaled-1-150x150.jpg\" class=\"attachment-thumbnail size-thumbnail\" alt=\"\" \/><\/a>\n\t\t\t<\/div><\/figure><figure class='gallery-item'>\n\t\t\t<div class='gallery-icon landscape'>\n\t\t\t\t<a href='https:\/\/www.ecb.ee\/et\/kadriorg_kadi-liis_koppel_2015_13-scaled-2\/'><img loading=\"lazy\" decoding=\"async\" width=\"150\" height=\"150\" src=\"https:\/\/www.ecb.ee\/wp-content\/uploads\/2020\/12\/kadriorg_kadi-liis_koppel_2015_13-scaled-1-150x150.jpg\" class=\"attachment-thumbnail size-thumbnail\" alt=\"\" aria-describedby=\"gallery-10-12561\" \/><\/a>\n\t\t\t<\/div>\n\t\t\t\t<figcaption class='wp-caption-text gallery-caption' id='gallery-10-12561'>\n\t\t\t\tKadriorg Park\n\t\t\t\t<\/figcaption><\/figure><figure class='gallery-item'>\n\t\t\t<div class='gallery-icon landscape'>\n\t\t\t\t<a href='https:\/\/www.ecb.ee\/et\/kadriorg_kadi-liis_koppel_2015_52-scaled-2\/'><img loading=\"lazy\" decoding=\"async\" width=\"150\" height=\"150\" src=\"https:\/\/www.ecb.ee\/wp-content\/uploads\/2020\/12\/kadriorg_kadi-liis_koppel_2015_52-scaled-1-150x150.jpg\" class=\"attachment-thumbnail size-thumbnail\" alt=\"\" aria-describedby=\"gallery-10-12563\" \/><\/a>\n\t\t\t<\/div>\n\t\t\t\t<figcaption class='wp-caption-text gallery-caption' id='gallery-10-12563'>\n\t\t\t\tKadriorg Palace II\n\t\t\t\t<\/figcaption><\/figure>\n\t\t<\/div>\n\n<p><em>Laadi alla fotod siit: <a href=\"https:\/\/mediabank.visittallinn.ee\/eng\/photos1\/oid-15939\/?&amp;offset=226\" target=\"_blank\" rel=\"noopener noreferrer\">Kadriorg Palace<\/a>, <a href=\"https:\/\/mediabank.visittallinn.ee\/est\/avaleht\/search\/oid-15943\/?searchtype=simple&amp;keyword=Kadriorg&amp;offset=1\" target=\"_blank\" rel=\"noopener noreferrer\">Kadriorg Park<\/a>, <a href=\"https:\/\/mediabank.visittallinn.ee\/eng\/front\/search\/oid-15689\/?searchtype=simple&amp;keyword=kadriorg&amp;offset=26\" target=\"_blank\" rel=\"noopener noreferrer\">Kadriorg Palace II<\/a><\/em><\/p>\n<h3><strong>Tartu &#8211; Euroopa kultuuripealinn 2024<\/strong><\/h3>\n<p>Baltikumi vanima linnana pakub Tartu p\u00f5nevaid vaatamisv\u00e4\u00e4rsusi igal sammul, eriti kesklinnas, mis on omap\u00e4rane riiklik muinsuskaitseala. Siin leidub stiilin\u00e4iteid keskajast t\u00e4nap\u00e4evase moodsa arhitektuurini, mida ilmestavad hubased kohvikud ja omap\u00e4rased restoranid, linnaloodus ning elav tudengilinna melu.<\/p>\n<div id='gallery-11' class='gallery galleryid-12813 gallery-columns-3 gallery-size-thumbnail'><figure class='gallery-item'>\n\t\t\t<div class='gallery-icon landscape'>\n\t\t\t\t<a href='https:\/\/www.ecb.ee\/et\/45330560912_804def4f36_k-2\/'><img loading=\"lazy\" decoding=\"async\" width=\"150\" height=\"150\" src=\"https:\/\/www.ecb.ee\/wp-content\/uploads\/2020\/12\/45330560912_804def4f36_k-150x150.jpg\" class=\"attachment-thumbnail size-thumbnail\" alt=\"\" aria-describedby=\"gallery-11-12565\" \/><\/a>\n\t\t\t<\/div>\n\t\t\t\t<figcaption class='wp-caption-text gallery-caption' id='gallery-11-12565'>\n\t\t\t\tTartu Town Hall\n\t\t\t\t<\/figcaption><\/figure><figure class='gallery-item'>\n\t\t\t<div class='gallery-icon landscape'>\n\t\t\t\t<a href='https:\/\/www.ecb.ee\/et\/oliverkuusk-0106_35645332463_o-scaled-2\/'><img loading=\"lazy\" decoding=\"async\" width=\"150\" height=\"150\" src=\"https:\/\/www.ecb.ee\/wp-content\/uploads\/2020\/12\/oliverkuusk-0106_35645332463_o-scaled-1-150x150.jpg\" class=\"attachment-thumbnail size-thumbnail\" alt=\"\" aria-describedby=\"gallery-11-12567\" \/><\/a>\n\t\t\t<\/div>\n\t\t\t\t<figcaption class='wp-caption-text gallery-caption' id='gallery-11-12567'>\n\t\t\t\tTartu City\n\t\t\t\t<\/figcaption><\/figure><figure class='gallery-item'>\n\t\t\t<div class='gallery-icon landscape'>\n\t\t\t\t<a href='https:\/\/www.ecb.ee\/et\/suudlevad-tudengid-2\/'><img loading=\"lazy\" decoding=\"async\" width=\"150\" height=\"150\" src=\"https:\/\/www.ecb.ee\/wp-content\/uploads\/2020\/12\/Suudlevad-tudengid-150x150.jpg\" class=\"attachment-thumbnail size-thumbnail\" alt=\"\" aria-describedby=\"gallery-11-12569\" \/><\/a>\n\t\t\t<\/div>\n\t\t\t\t<figcaption class='wp-caption-text gallery-caption' id='gallery-11-12569'>\n\t\t\t\tThe Kissing Students&#8217; sculpture and fountain\n\t\t\t\t<\/figcaption><\/figure>\n\t\t<\/div>\n\n<p><em>Laadi alla foto siit: <a href=\"https:\/\/www.flickr.com\/photos\/visitestonia\/45330560912\/\" target=\"_blank\" rel=\"noopener noreferrer\">Tartu Town Hall<\/a>.\u00a0Tartu City: fotograaf Oliver Kuusk<\/em><\/p>\n<h3><strong>Eesti Rahva Muuseum (ERM)<\/strong><\/h3>\n<p>ERMi uues hoones on loodud k\u00f5ik tingimused k\u00f5rgetasemelisteks konverentsideks. Rahvusvaheliselt p\u00e4rjatud arhitektuur, k\u00f5rgtehnoloogiline sisseseade, maalilised maastikud, toitvad k\u00f5hut\u00e4ied gurmaanidele ja mastaapsed n\u00e4itused meelelahutusprogrammideks \u2013 k\u00f5ik vaid jalutusk\u00e4igu kaugusel Tartu linnas\u00fcdamest.<\/p>\n<div id='gallery-12' class='gallery galleryid-12813 gallery-columns-3 gallery-size-thumbnail'><figure class='gallery-item'>\n\t\t\t<div class='gallery-icon landscape'>\n\t\t\t\t<a href='https:\/\/www.ecb.ee\/et\/ruum\/eesti-rahva-muuseum\/attachment\/45679540122_316cfba560_k-jpg-2\/'><img loading=\"lazy\" decoding=\"async\" width=\"150\" height=\"150\" src=\"https:\/\/www.ecb.ee\/wp-content\/uploads\/2020\/12\/45679540122_316cfba560_k-150x150.jpg\" class=\"attachment-thumbnail size-thumbnail\" alt=\"\" aria-describedby=\"gallery-12-1769\" \/><\/a>\n\t\t\t<\/div>\n\t\t\t\t<figcaption class='wp-caption-text gallery-caption' id='gallery-12-1769'>\n\t\t\t\tEstonian National Museum\n\t\t\t\t<\/figcaption><\/figure><figure class='gallery-item'>\n\t\t\t<div class='gallery-icon landscape'>\n\t\t\t\t<a href='https:\/\/www.ecb.ee\/et\/30261429534_6af668604c_k-2\/'><img loading=\"lazy\" decoding=\"async\" width=\"150\" height=\"150\" src=\"https:\/\/www.ecb.ee\/wp-content\/uploads\/2020\/12\/30261429534_6af668604c_k-150x150.jpg\" class=\"attachment-thumbnail size-thumbnail\" alt=\"\" aria-describedby=\"gallery-12-12571\" \/><\/a>\n\t\t\t<\/div>\n\t\t\t\t<figcaption class='wp-caption-text gallery-caption' id='gallery-12-12571'>\n\t\t\t\tEstonian National Museum II\n\t\t\t\t<\/figcaption><\/figure>\n\t\t<\/div>\n\n<p><em>Laadi alla foto siit:\u00a0<a href=\"https:\/\/www.flickr.com\/photos\/visitestonia\/30261429534\/in\/photolist-NW9fNR-N6M4mp-N76JH5-d6nMqL-2hbm2jd-2hbm3eV-2hbk7X3\" target=\"_blank\" rel=\"noopener noreferrer\">Estonian National Museum II<\/a><\/em><\/p>\n<h3><strong>P\u00e4rnu<\/strong><\/h3>\n<p>Nagu teisedki Eesti kuurortlinnad, sai ka 1996. aastast suvepealinna tiitlit kandev P\u00e4rnu tuntud kuurordiks juba 19. sajandil. T\u00e4nagi pakuvad ajalooline rannapark purskkaevudega ja m\u00e4nguv\u00e4ljakud m\u00f5nusat puhkust igas vanuses k\u00fclastajatele. P\u00e4rnu on aasta l\u00e4bi ka rahvusvahelisel tasemel konverentsilinn!<\/p>\n<div id='gallery-13' class='gallery galleryid-12813 gallery-columns-3 gallery-size-thumbnail'><figure class='gallery-item'>\n\t\t\t<div class='gallery-icon landscape'>\n\t\t\t\t<a href='https:\/\/www.ecb.ee\/et\/48869137903_f74d37e45a_k-2\/'><img loading=\"lazy\" decoding=\"async\" width=\"150\" height=\"150\" src=\"https:\/\/www.ecb.ee\/wp-content\/uploads\/2020\/12\/48869137903_f74d37e45a_k-150x150.jpg\" class=\"attachment-thumbnail size-thumbnail\" alt=\"\" aria-describedby=\"gallery-13-12573\" \/><\/a>\n\t\t\t<\/div>\n\t\t\t\t<figcaption class='wp-caption-text gallery-caption' id='gallery-13-12573'>\n\t\t\t\tP\u00e4rnu City\n\t\t\t\t<\/figcaption><\/figure><figure class='gallery-item'>\n\t\t\t<div class='gallery-icon landscape'>\n\t\t\t\t<a href='https:\/\/www.ecb.ee\/et\/40975804014_0640d4181b_k-2\/'><img loading=\"lazy\" decoding=\"async\" width=\"150\" height=\"150\" src=\"https:\/\/www.ecb.ee\/wp-content\/uploads\/2020\/12\/40975804014_0640d4181b_k-150x150.jpg\" class=\"attachment-thumbnail size-thumbnail\" alt=\"\" aria-describedby=\"gallery-13-12575\" \/><\/a>\n\t\t\t<\/div>\n\t\t\t\t<figcaption class='wp-caption-text gallery-caption' id='gallery-13-12575'>\n\t\t\t\tP\u00e4rnu Beach\n\t\t\t\t<\/figcaption><\/figure><figure class='gallery-item'>\n\t\t\t<div class='gallery-icon landscape'>\n\t\t\t\t<a href='https:\/\/www.ecb.ee\/et\/44922958471_0c2bc28651_k-2\/'><img loading=\"lazy\" decoding=\"async\" width=\"150\" height=\"150\" src=\"https:\/\/www.ecb.ee\/wp-content\/uploads\/2020\/12\/44922958471_0c2bc28651_k-150x150.jpg\" class=\"attachment-thumbnail size-thumbnail\" alt=\"\" aria-describedby=\"gallery-13-12577\" \/><\/a>\n\t\t\t<\/div>\n\t\t\t\t<figcaption class='wp-caption-text gallery-caption' id='gallery-13-12577'>\n\t\t\t\tP\u00e4rnu Beach II\n\t\t\t\t<\/figcaption><\/figure>\n\t\t<\/div>\n\n<p><em>Laadi alla fotod siit: <a href=\"https:\/\/www.flickr.com\/photos\/visitparnu\/48869137903\/in\/album-72157711258648856\/\" target=\"_blank\" rel=\"noopener noreferrer\">P\u00e4rnu City<\/a>, <a href=\"https:\/\/www.flickr.com\/photos\/visitparnu\/40975804014\/in\/album-72157692283766961\/\" target=\"_blank\" rel=\"noopener noreferrer\">P\u00e4rnu Beach<\/a>, <a href=\"https:\/\/www.flickr.com\/photos\/visitparnu\/44922958471\/in\/album-72157641250860805\/\" target=\"_blank\" rel=\"noopener noreferrer\">P\u00e4rnu Beach II<\/a><\/em><\/p>\n<h3><strong>Kihnu<\/strong><\/h3>\n<p>Iidne meres\u00f5itjate ja kalurite saar on Eestis suuruselt seitsmes. Kihnu p\u00e4rimuskultuur &#8211; riided, keel, muusika ja k\u00e4sit\u00f6\u00f6 kuuluvad UNESCO suulise ja vaimse p\u00e4randi meistriteoste nimekirja. Kohalike jaoks on tants ja pillim\u00e4ng elu lahutamatuks osaks!<\/p>\n<div id='gallery-14' class='gallery galleryid-12813 gallery-columns-3 gallery-size-thumbnail'><figure class='gallery-item'>\n\t\t\t<div class='gallery-icon landscape'>\n\t\t\t\t<a href='https:\/\/www.ecb.ee\/et\/44604847862_eaf851378c_k-2-2\/'><img loading=\"lazy\" decoding=\"async\" width=\"150\" height=\"150\" src=\"https:\/\/www.ecb.ee\/wp-content\/uploads\/2020\/12\/44604847862_eaf851378c_k-1-150x150.jpg\" class=\"attachment-thumbnail size-thumbnail\" alt=\"\" aria-describedby=\"gallery-14-12579\" \/><\/a>\n\t\t\t<\/div>\n\t\t\t\t<figcaption class='wp-caption-text gallery-caption' id='gallery-14-12579'>\n\t\t\t\tKihnu ladies\n\t\t\t\t<\/figcaption><\/figure><figure class='gallery-item'>\n\t\t\t<div class='gallery-icon portrait'>\n\t\t\t\t<a href='https:\/\/www.ecb.ee\/et\/kihnu-2-2\/'><img loading=\"lazy\" decoding=\"async\" width=\"150\" height=\"150\" src=\"https:\/\/www.ecb.ee\/wp-content\/uploads\/2020\/12\/kihnu-150x150.jpg\" class=\"attachment-thumbnail size-thumbnail\" alt=\"\" aria-describedby=\"gallery-14-12581\" \/><\/a>\n\t\t\t<\/div>\n\t\t\t\t<figcaption class='wp-caption-text gallery-caption' id='gallery-14-12581'>\n\t\t\t\tKihnu ladies on a motorcycle\n\t\t\t\t<\/figcaption><\/figure>\n\t\t<\/div>\n\n<p><em>Laadi alla foto siit: <a href=\"https:\/\/www.flickr.com\/photos\/visitestonia\/44604847862\/\" target=\"_blank\" rel=\"noopener noreferrer\">Kihnu ladies<\/a><\/em><\/p>\n<h3><strong>Imeline loodus<\/strong><\/h3>\n<p>Eestimaa loodus kogu oma hoomamatus mitmekesisuses on suurep\u00e4rane koht, kus v\u00f5tta aeg maha ja l\u00f5\u00f5gastuda. V\u00e4iksel Eestil hoolimata oma v\u00e4iksusele, on pakkuda kauneid ja vaheldusrikkaid maastikke. Jaga seda ilu ka teistega!<\/p>\n<div id='gallery-15' class='gallery galleryid-12813 gallery-columns-3 gallery-size-thumbnail'><figure class='gallery-item'>\n\t\t\t<div class='gallery-icon landscape'>\n\t\t\t\t<a href='https:\/\/www.ecb.ee\/et\/29047677632_cbafb32e1b_k-2\/'><img loading=\"lazy\" decoding=\"async\" width=\"150\" height=\"150\" src=\"https:\/\/www.ecb.ee\/wp-content\/uploads\/2020\/12\/29047677632_cbafb32e1b_k-150x150.jpg\" class=\"attachment-thumbnail size-thumbnail\" alt=\"\" aria-describedby=\"gallery-15-12583\" \/><\/a>\n\t\t\t<\/div>\n\t\t\t\t<figcaption class='wp-caption-text gallery-caption' id='gallery-15-12583'>\n\t\t\t\tM\u00e4nnikj\u00e4rve Bog\n\t\t\t\t<\/figcaption><\/figure><figure class='gallery-item'>\n\t\t\t<div class='gallery-icon landscape'>\n\t\t\t\t<a href='https:\/\/www.ecb.ee\/et\/44778772630_f201e04e3f_k-2\/'><img loading=\"lazy\" decoding=\"async\" width=\"150\" height=\"150\" src=\"https:\/\/www.ecb.ee\/wp-content\/uploads\/2020\/12\/44778772630_f201e04e3f_k-150x150.jpg\" class=\"attachment-thumbnail size-thumbnail\" alt=\"\" aria-describedby=\"gallery-15-12585\" \/><\/a>\n\t\t\t<\/div>\n\t\t\t\t<figcaption class='wp-caption-text gallery-caption' id='gallery-15-12585'>\n\t\t\t\tChefs in the Bog\n\t\t\t\t<\/figcaption><\/figure><figure class='gallery-item'>\n\t\t\t<div class='gallery-icon landscape'>\n\t\t\t\t<a href='https:\/\/www.ecb.ee\/et\/29153329605_2c21225925_k-2\/'><img loading=\"lazy\" decoding=\"async\" width=\"150\" height=\"150\" src=\"https:\/\/www.ecb.ee\/wp-content\/uploads\/2020\/12\/29153329605_2c21225925_k-150x150.jpg\" class=\"attachment-thumbnail size-thumbnail\" alt=\"\" aria-describedby=\"gallery-15-12587\" \/><\/a>\n\t\t\t<\/div>\n\t\t\t\t<figcaption class='wp-caption-text gallery-caption' id='gallery-15-12587'>\n\t\t\t\tM\u00e4nnikj\u00e4rve Bog II\n\t\t\t\t<\/figcaption><\/figure><figure class='gallery-item'>\n\t\t\t<div class='gallery-icon landscape'>\n\t\t\t\t<a href='https:\/\/www.ecb.ee\/et\/296_forest-sunrise_sven-zacek_772771-2\/'><img loading=\"lazy\" decoding=\"async\" width=\"150\" height=\"150\" src=\"https:\/\/www.ecb.ee\/wp-content\/uploads\/2020\/12\/296_Forest-Sunrise_Sven-Zacek_772771-150x150.jpg\" class=\"attachment-thumbnail size-thumbnail\" alt=\"\" aria-describedby=\"gallery-15-12589\" \/><\/a>\n\t\t\t<\/div>\n\t\t\t\t<figcaption class='wp-caption-text gallery-caption' id='gallery-15-12589'>\n\t\t\t\tForest sunrise\n\t\t\t\t<\/figcaption><\/figure><figure class='gallery-item'>\n\t\t\t<div class='gallery-icon landscape'>\n\t\t\t\t<a href='https:\/\/www.ecb.ee\/et\/1598_dinner-in-the-field_kerli-sosi_588535-2\/'><img loading=\"lazy\" decoding=\"async\" width=\"150\" height=\"150\" src=\"https:\/\/www.ecb.ee\/wp-content\/uploads\/2020\/12\/1598_Dinner-in-the-field_Kerli-Sosi_588535-150x150.jpg\" class=\"attachment-thumbnail size-thumbnail\" alt=\"\" aria-describedby=\"gallery-15-3029\" \/><\/a>\n\t\t\t<\/div>\n\t\t\t\t<figcaption class='wp-caption-text gallery-caption' id='gallery-15-3029'>\n\t\t\t\tDinner in the Field\n\t\t\t\t<\/figcaption><\/figure>\n\t\t<\/div>\n\n<p><em>Laadi alla fotod siit: <a href=\"https:\/\/www.flickr.com\/photos\/visitestonia\/29047677632\/\" target=\"_blank\" rel=\"noopener noreferrer\">M\u00e4nnikj\u00e4rve Bog<\/a>, <a href=\"https:\/\/www.flickr.com\/photos\/visitestonia\/44778772630\/\" target=\"_blank\" rel=\"noopener noreferrer\">Chefs in the Bog<\/a>, <a href=\"https:\/\/www.flickr.com\/photos\/visitestonia\/29153329605\/in\/photolist-LqbrcT-LfQXzY-LiiEi6-LiiEKZ-r8f7D3-r8bhtk-qbwQ4M-r62Ydq-qQUiuc-qbjzy9-qQLx7m-qQUiaz-r8f7Vf-r8bhik-qQK78d-r62Y3W-qbjzCY-r8bh8v-Qd1BUg-EWP6qh-2gWSgJp-RRyfRw-FfYSc6-Qd1CGt-2cTzW5d-RQir2C-2bdWV2Y-2gWR9Fs-2cAM172-2dZyZM8-2cTzSMb-r636HL-Qd1CbZ-r8bpSi-2cTzX7y-2cTzF6A-2cTzTrN-2dUZwSh-QgcyF3-QeicJn-2cTzG7o-cCRn8G-RY2LKJ-2gWR9zf-214LeBy-cCRqDy-cCRnzL-2gWRV4B-cCRsB3-DW5sCw\" target=\"_blank\" rel=\"noopener noreferrer\">M\u00e4nnikj\u00e4rve Bog II<\/a>, <a href=\"https:\/\/toolbox.estonia.ee\/media\/296\" target=\"_blank\" rel=\"noopener noreferrer\">Forest Sunrise<\/a>, <\/em><a href=\"https:\/\/toolbox.estonia.ee\/media\/1598\" target=\"_blank\" rel=\"noopener noreferrer\"><em>Dinner in the Field<\/em><\/a><\/p>\n","protected":false},"excerpt":{"rendered":"<p>Oleme kokku koondanud enim kasutatavad pildid tutvustamaks Eestit kui konverentsisihtkohta. Viska pilk peale &#8211; pilt \u00fctleb teatavasti rohkem kui tuhat s\u00f5na! Sotsiaalmeedia kanalites v\u00f5i konverentsi kodulehel on palju infot, seega on oluline kasutada visuaale (pildid, videod jms), mis oleksid kvaliteetsed ja silmapaistvad. Kui\u00a0aastak\u00fcmned tagasi tuli hoolikalt kaaluda, et leida \u00f5ige pealkiri, siis n\u00fc\u00fcd peab v\u00e4hemalt [&hellip;]<\/p>\n","protected":false},"author":13,"featured_media":12586,"comment_status":"open","ping_status":"open","sticky":false,"template":"","format":"standard","meta":{"_acf_changed":false,"footnotes":""},"categories":[190,157,155],"tags":[],"class_list":["post-12813","post","type-post","status-publish","format-standard","has-post-thumbnail","hentry","category-blog-et","category-konverentsikorraldus","category-konverentsiruumid"],"acf":[],"yoast_head":"<!-- This site is optimized with the Yoast SEO plugin v27.5 - https:\/\/yoast.com\/product\/yoast-seo-wordpress\/ -->\n<title>Enim kasutatavad pildid tutvustamaks Eestit kui konverentsisihtkohta - Estonian Convention Bureau<\/title>\n<meta name=\"robots\" content=\"index, follow, max-snippet:-1, max-image-preview:large, max-video-preview:-1\" \/>\n<link rel=\"canonical\" href=\"https:\/\/www.ecb.ee\/et\/blog-et\/konverentsiruumid\/enim-kasutatavad-pildid-tutvustamaks-eestit\/\" \/>\n<meta property=\"og:locale\" content=\"et_EE\" \/>\n<meta property=\"og:type\" content=\"article\" \/>\n<meta property=\"og:title\" content=\"Enim kasutatavad pildid tutvustamaks Eestit kui konverentsisihtkohta - Estonian Convention Bureau\" \/>\n<meta property=\"og:description\" content=\"Oleme kokku koondanud enim kasutatavad pildid tutvustamaks Eestit kui konverentsisihtkohta. Viska pilk peale &#8211; pilt \u00fctleb teatavasti rohkem kui tuhat s\u00f5na! Sotsiaalmeedia kanalites v\u00f5i konverentsi kodulehel on palju infot, seega on oluline kasutada visuaale (pildid, videod jms), mis oleksid kvaliteetsed ja silmapaistvad. Kui\u00a0aastak\u00fcmned tagasi tuli hoolikalt kaaluda, et leida \u00f5ige pealkiri, siis n\u00fc\u00fcd peab v\u00e4hemalt [&hellip;]\" \/>\n<meta property=\"og:url\" content=\"https:\/\/www.ecb.ee\/et\/blog-et\/konverentsiruumid\/enim-kasutatavad-pildid-tutvustamaks-eestit\/\" \/>\n<meta property=\"og:site_name\" content=\"Estonian Convention Bureau\" \/>\n<meta property=\"article:published_time\" content=\"2020-04-15T10:48:22+00:00\" \/>\n<meta property=\"article:modified_time\" content=\"2021-01-04T13:43:42+00:00\" \/>\n<meta property=\"og:image\" content=\"https:\/\/www.ecb.ee\/wp-content\/uploads\/2020\/12\/29153329605_2c21225925_k.jpg\" \/>\n\t<meta property=\"og:image:width\" content=\"2048\" \/>\n\t<meta property=\"og:image:height\" content=\"1363\" \/>\n\t<meta property=\"og:image:type\" content=\"image\/jpeg\" \/>\n<meta name=\"author\" content=\"generaladmin2\" \/>\n<meta name=\"twitter:card\" content=\"summary_large_image\" \/>\n<meta name=\"twitter:label1\" content=\"Written by\" \/>\n\t<meta name=\"twitter:data1\" content=\"generaladmin2\" \/>\n\t<meta name=\"twitter:label2\" content=\"Est. reading time\" \/>\n\t<meta name=\"twitter:data2\" content=\"5 minutit\" \/>\n<script type=\"application\/ld+json\" class=\"yoast-schema-graph\">{\"@context\":\"https:\\\/\\\/schema.org\",\"@graph\":[{\"@type\":\"Article\",\"@id\":\"https:\\\/\\\/www.ecb.ee\\\/et\\\/blog-et\\\/konverentsiruumid\\\/enim-kasutatavad-pildid-tutvustamaks-eestit\\\/#article\",\"isPartOf\":{\"@id\":\"https:\\\/\\\/www.ecb.ee\\\/et\\\/blog-et\\\/konverentsiruumid\\\/enim-kasutatavad-pildid-tutvustamaks-eestit\\\/\"},\"author\":{\"name\":\"generaladmin2\",\"@id\":\"https:\\\/\\\/www.ecb.ee\\\/#\\\/schema\\\/person\\\/6ecbd458fd83645933de13126184771c\"},\"headline\":\"Enim kasutatavad pildid tutvustamaks Eestit kui konverentsisihtkohta\",\"datePublished\":\"2020-04-15T10:48:22+00:00\",\"dateModified\":\"2021-01-04T13:43:42+00:00\",\"mainEntityOfPage\":{\"@id\":\"https:\\\/\\\/www.ecb.ee\\\/et\\\/blog-et\\\/konverentsiruumid\\\/enim-kasutatavad-pildid-tutvustamaks-eestit\\\/\"},\"wordCount\":920,\"commentCount\":0,\"publisher\":{\"@id\":\"https:\\\/\\\/www.ecb.ee\\\/#organization\"},\"image\":{\"@id\":\"https:\\\/\\\/www.ecb.ee\\\/et\\\/blog-et\\\/konverentsiruumid\\\/enim-kasutatavad-pildid-tutvustamaks-eestit\\\/#primaryimage\"},\"thumbnailUrl\":\"https:\\\/\\\/www.ecb.ee\\\/wp-content\\\/uploads\\\/2020\\\/12\\\/29153329605_2c21225925_k.jpg\",\"articleSection\":[\"Blogi\",\"Konverentsikorraldus\",\"Konverentsiruumid\"],\"inLanguage\":\"et\"},{\"@type\":\"WebPage\",\"@id\":\"https:\\\/\\\/www.ecb.ee\\\/et\\\/blog-et\\\/konverentsiruumid\\\/enim-kasutatavad-pildid-tutvustamaks-eestit\\\/\",\"url\":\"https:\\\/\\\/www.ecb.ee\\\/et\\\/blog-et\\\/konverentsiruumid\\\/enim-kasutatavad-pildid-tutvustamaks-eestit\\\/\",\"name\":\"Enim kasutatavad pildid tutvustamaks Eestit kui konverentsisihtkohta - Estonian Convention Bureau\",\"isPartOf\":{\"@id\":\"https:\\\/\\\/www.ecb.ee\\\/#website\"},\"primaryImageOfPage\":{\"@id\":\"https:\\\/\\\/www.ecb.ee\\\/et\\\/blog-et\\\/konverentsiruumid\\\/enim-kasutatavad-pildid-tutvustamaks-eestit\\\/#primaryimage\"},\"image\":{\"@id\":\"https:\\\/\\\/www.ecb.ee\\\/et\\\/blog-et\\\/konverentsiruumid\\\/enim-kasutatavad-pildid-tutvustamaks-eestit\\\/#primaryimage\"},\"thumbnailUrl\":\"https:\\\/\\\/www.ecb.ee\\\/wp-content\\\/uploads\\\/2020\\\/12\\\/29153329605_2c21225925_k.jpg\",\"datePublished\":\"2020-04-15T10:48:22+00:00\",\"dateModified\":\"2021-01-04T13:43:42+00:00\",\"breadcrumb\":{\"@id\":\"https:\\\/\\\/www.ecb.ee\\\/et\\\/blog-et\\\/konverentsiruumid\\\/enim-kasutatavad-pildid-tutvustamaks-eestit\\\/#breadcrumb\"},\"inLanguage\":\"et\",\"potentialAction\":[{\"@type\":\"ReadAction\",\"target\":[\"https:\\\/\\\/www.ecb.ee\\\/et\\\/blog-et\\\/konverentsiruumid\\\/enim-kasutatavad-pildid-tutvustamaks-eestit\\\/\"]}]},{\"@type\":\"ImageObject\",\"inLanguage\":\"et\",\"@id\":\"https:\\\/\\\/www.ecb.ee\\\/et\\\/blog-et\\\/konverentsiruumid\\\/enim-kasutatavad-pildid-tutvustamaks-eestit\\\/#primaryimage\",\"url\":\"https:\\\/\\\/www.ecb.ee\\\/wp-content\\\/uploads\\\/2020\\\/12\\\/29153329605_2c21225925_k.jpg\",\"contentUrl\":\"https:\\\/\\\/www.ecb.ee\\\/wp-content\\\/uploads\\\/2020\\\/12\\\/29153329605_2c21225925_k.jpg\",\"width\":2048,\"height\":1363,\"caption\":\"M\u00e4nnikj\u00e4rve Bog II\"},{\"@type\":\"BreadcrumbList\",\"@id\":\"https:\\\/\\\/www.ecb.ee\\\/et\\\/blog-et\\\/konverentsiruumid\\\/enim-kasutatavad-pildid-tutvustamaks-eestit\\\/#breadcrumb\",\"itemListElement\":[{\"@type\":\"ListItem\",\"position\":1,\"name\":\"Home\",\"item\":\"https:\\\/\\\/www.ecb.ee\\\/et\\\/\"},{\"@type\":\"ListItem\",\"position\":2,\"name\":\"Enim kasutatavad pildid tutvustamaks Eestit kui konverentsisihtkohta\"}]},{\"@type\":\"WebSite\",\"@id\":\"https:\\\/\\\/www.ecb.ee\\\/#website\",\"url\":\"https:\\\/\\\/www.ecb.ee\\\/\",\"name\":\"Estonian Convention Bureau\",\"description\":\"\",\"publisher\":{\"@id\":\"https:\\\/\\\/www.ecb.ee\\\/#organization\"},\"potentialAction\":[{\"@type\":\"SearchAction\",\"target\":{\"@type\":\"EntryPoint\",\"urlTemplate\":\"https:\\\/\\\/www.ecb.ee\\\/?s={search_term_string}\"},\"query-input\":{\"@type\":\"PropertyValueSpecification\",\"valueRequired\":true,\"valueName\":\"search_term_string\"}}],\"inLanguage\":\"et\"},{\"@type\":\"Organization\",\"@id\":\"https:\\\/\\\/www.ecb.ee\\\/#organization\",\"name\":\"Estonian Convention Bureau\",\"url\":\"https:\\\/\\\/www.ecb.ee\\\/\",\"logo\":{\"@type\":\"ImageObject\",\"inLanguage\":\"et\",\"@id\":\"https:\\\/\\\/www.ecb.ee\\\/#\\\/schema\\\/logo\\\/image\\\/\",\"url\":\"https:\\\/\\\/www.ecb.ee\\\/wp-content\\\/uploads\\\/2020\\\/12\\\/site_logo.svg\",\"contentUrl\":\"https:\\\/\\\/www.ecb.ee\\\/wp-content\\\/uploads\\\/2020\\\/12\\\/site_logo.svg\",\"caption\":\"Estonian Convention Bureau\"},\"image\":{\"@id\":\"https:\\\/\\\/www.ecb.ee\\\/#\\\/schema\\\/logo\\\/image\\\/\"}},{\"@type\":\"Person\",\"@id\":\"https:\\\/\\\/www.ecb.ee\\\/#\\\/schema\\\/person\\\/6ecbd458fd83645933de13126184771c\",\"name\":\"generaladmin2\",\"image\":{\"@type\":\"ImageObject\",\"inLanguage\":\"et\",\"@id\":\"https:\\\/\\\/secure.gravatar.com\\\/avatar\\\/d874b7f95df07d1aa160e2c5fd5f135bd3669dae0185bfe36b6106549a5b46e6?s=96&d=mm&r=g\",\"url\":\"https:\\\/\\\/secure.gravatar.com\\\/avatar\\\/d874b7f95df07d1aa160e2c5fd5f135bd3669dae0185bfe36b6106549a5b46e6?s=96&d=mm&r=g\",\"contentUrl\":\"https:\\\/\\\/secure.gravatar.com\\\/avatar\\\/d874b7f95df07d1aa160e2c5fd5f135bd3669dae0185bfe36b6106549a5b46e6?s=96&d=mm&r=g\",\"caption\":\"generaladmin2\"},\"url\":\"https:\\\/\\\/www.ecb.ee\\\/et\\\/author\\\/generaladmin2\\\/\"}]}<\/script>\n<!-- \/ Yoast SEO plugin. -->","yoast_head_json":{"title":"Enim kasutatavad pildid tutvustamaks Eestit kui konverentsisihtkohta - Estonian Convention Bureau","robots":{"index":"index","follow":"follow","max-snippet":"max-snippet:-1","max-image-preview":"max-image-preview:large","max-video-preview":"max-video-preview:-1"},"canonical":"https:\/\/www.ecb.ee\/et\/blog-et\/konverentsiruumid\/enim-kasutatavad-pildid-tutvustamaks-eestit\/","og_locale":"et_EE","og_type":"article","og_title":"Enim kasutatavad pildid tutvustamaks Eestit kui konverentsisihtkohta - Estonian Convention Bureau","og_description":"Oleme kokku koondanud enim kasutatavad pildid tutvustamaks Eestit kui konverentsisihtkohta. Viska pilk peale &#8211; pilt \u00fctleb teatavasti rohkem kui tuhat s\u00f5na! Sotsiaalmeedia kanalites v\u00f5i konverentsi kodulehel on palju infot, seega on oluline kasutada visuaale (pildid, videod jms), mis oleksid kvaliteetsed ja silmapaistvad. Kui\u00a0aastak\u00fcmned tagasi tuli hoolikalt kaaluda, et leida \u00f5ige pealkiri, siis n\u00fc\u00fcd peab v\u00e4hemalt [&hellip;]","og_url":"https:\/\/www.ecb.ee\/et\/blog-et\/konverentsiruumid\/enim-kasutatavad-pildid-tutvustamaks-eestit\/","og_site_name":"Estonian Convention Bureau","article_published_time":"2020-04-15T10:48:22+00:00","article_modified_time":"2021-01-04T13:43:42+00:00","og_image":[{"width":2048,"height":1363,"url":"https:\/\/www.ecb.ee\/wp-content\/uploads\/2020\/12\/29153329605_2c21225925_k.jpg","type":"image\/jpeg"}],"author":"generaladmin2","twitter_card":"summary_large_image","twitter_misc":{"Written by":"generaladmin2","Est. reading time":"5 minutit"},"schema":{"@context":"https:\/\/schema.org","@graph":[{"@type":"Article","@id":"https:\/\/www.ecb.ee\/et\/blog-et\/konverentsiruumid\/enim-kasutatavad-pildid-tutvustamaks-eestit\/#article","isPartOf":{"@id":"https:\/\/www.ecb.ee\/et\/blog-et\/konverentsiruumid\/enim-kasutatavad-pildid-tutvustamaks-eestit\/"},"author":{"name":"generaladmin2","@id":"https:\/\/www.ecb.ee\/#\/schema\/person\/6ecbd458fd83645933de13126184771c"},"headline":"Enim kasutatavad pildid tutvustamaks Eestit kui konverentsisihtkohta","datePublished":"2020-04-15T10:48:22+00:00","dateModified":"2021-01-04T13:43:42+00:00","mainEntityOfPage":{"@id":"https:\/\/www.ecb.ee\/et\/blog-et\/konverentsiruumid\/enim-kasutatavad-pildid-tutvustamaks-eestit\/"},"wordCount":920,"commentCount":0,"publisher":{"@id":"https:\/\/www.ecb.ee\/#organization"},"image":{"@id":"https:\/\/www.ecb.ee\/et\/blog-et\/konverentsiruumid\/enim-kasutatavad-pildid-tutvustamaks-eestit\/#primaryimage"},"thumbnailUrl":"https:\/\/www.ecb.ee\/wp-content\/uploads\/2020\/12\/29153329605_2c21225925_k.jpg","articleSection":["Blogi","Konverentsikorraldus","Konverentsiruumid"],"inLanguage":"et"},{"@type":"WebPage","@id":"https:\/\/www.ecb.ee\/et\/blog-et\/konverentsiruumid\/enim-kasutatavad-pildid-tutvustamaks-eestit\/","url":"https:\/\/www.ecb.ee\/et\/blog-et\/konverentsiruumid\/enim-kasutatavad-pildid-tutvustamaks-eestit\/","name":"Enim kasutatavad pildid tutvustamaks Eestit kui konverentsisihtkohta - Estonian Convention Bureau","isPartOf":{"@id":"https:\/\/www.ecb.ee\/#website"},"primaryImageOfPage":{"@id":"https:\/\/www.ecb.ee\/et\/blog-et\/konverentsiruumid\/enim-kasutatavad-pildid-tutvustamaks-eestit\/#primaryimage"},"image":{"@id":"https:\/\/www.ecb.ee\/et\/blog-et\/konverentsiruumid\/enim-kasutatavad-pildid-tutvustamaks-eestit\/#primaryimage"},"thumbnailUrl":"https:\/\/www.ecb.ee\/wp-content\/uploads\/2020\/12\/29153329605_2c21225925_k.jpg","datePublished":"2020-04-15T10:48:22+00:00","dateModified":"2021-01-04T13:43:42+00:00","breadcrumb":{"@id":"https:\/\/www.ecb.ee\/et\/blog-et\/konverentsiruumid\/enim-kasutatavad-pildid-tutvustamaks-eestit\/#breadcrumb"},"inLanguage":"et","potentialAction":[{"@type":"ReadAction","target":["https:\/\/www.ecb.ee\/et\/blog-et\/konverentsiruumid\/enim-kasutatavad-pildid-tutvustamaks-eestit\/"]}]},{"@type":"ImageObject","inLanguage":"et","@id":"https:\/\/www.ecb.ee\/et\/blog-et\/konverentsiruumid\/enim-kasutatavad-pildid-tutvustamaks-eestit\/#primaryimage","url":"https:\/\/www.ecb.ee\/wp-content\/uploads\/2020\/12\/29153329605_2c21225925_k.jpg","contentUrl":"https:\/\/www.ecb.ee\/wp-content\/uploads\/2020\/12\/29153329605_2c21225925_k.jpg","width":2048,"height":1363,"caption":"M\u00e4nnikj\u00e4rve Bog II"},{"@type":"BreadcrumbList","@id":"https:\/\/www.ecb.ee\/et\/blog-et\/konverentsiruumid\/enim-kasutatavad-pildid-tutvustamaks-eestit\/#breadcrumb","itemListElement":[{"@type":"ListItem","position":1,"name":"Home","item":"https:\/\/www.ecb.ee\/et\/"},{"@type":"ListItem","position":2,"name":"Enim kasutatavad pildid tutvustamaks Eestit kui konverentsisihtkohta"}]},{"@type":"WebSite","@id":"https:\/\/www.ecb.ee\/#website","url":"https:\/\/www.ecb.ee\/","name":"Estonian Convention Bureau","description":"","publisher":{"@id":"https:\/\/www.ecb.ee\/#organization"},"potentialAction":[{"@type":"SearchAction","target":{"@type":"EntryPoint","urlTemplate":"https:\/\/www.ecb.ee\/?s={search_term_string}"},"query-input":{"@type":"PropertyValueSpecification","valueRequired":true,"valueName":"search_term_string"}}],"inLanguage":"et"},{"@type":"Organization","@id":"https:\/\/www.ecb.ee\/#organization","name":"Estonian Convention Bureau","url":"https:\/\/www.ecb.ee\/","logo":{"@type":"ImageObject","inLanguage":"et","@id":"https:\/\/www.ecb.ee\/#\/schema\/logo\/image\/","url":"https:\/\/www.ecb.ee\/wp-content\/uploads\/2020\/12\/site_logo.svg","contentUrl":"https:\/\/www.ecb.ee\/wp-content\/uploads\/2020\/12\/site_logo.svg","caption":"Estonian Convention Bureau"},"image":{"@id":"https:\/\/www.ecb.ee\/#\/schema\/logo\/image\/"}},{"@type":"Person","@id":"https:\/\/www.ecb.ee\/#\/schema\/person\/6ecbd458fd83645933de13126184771c","name":"generaladmin2","image":{"@type":"ImageObject","inLanguage":"et","@id":"https:\/\/secure.gravatar.com\/avatar\/d874b7f95df07d1aa160e2c5fd5f135bd3669dae0185bfe36b6106549a5b46e6?s=96&d=mm&r=g","url":"https:\/\/secure.gravatar.com\/avatar\/d874b7f95df07d1aa160e2c5fd5f135bd3669dae0185bfe36b6106549a5b46e6?s=96&d=mm&r=g","contentUrl":"https:\/\/secure.gravatar.com\/avatar\/d874b7f95df07d1aa160e2c5fd5f135bd3669dae0185bfe36b6106549a5b46e6?s=96&d=mm&r=g","caption":"generaladmin2"},"url":"https:\/\/www.ecb.ee\/et\/author\/generaladmin2\/"}]}},"_links":{"self":[{"href":"https:\/\/www.ecb.ee\/et\/wp-json\/wp\/v2\/posts\/12813","targetHints":{"allow":["GET"]}}],"collection":[{"href":"https:\/\/www.ecb.ee\/et\/wp-json\/wp\/v2\/posts"}],"about":[{"href":"https:\/\/www.ecb.ee\/et\/wp-json\/wp\/v2\/types\/post"}],"author":[{"embeddable":true,"href":"https:\/\/www.ecb.ee\/et\/wp-json\/wp\/v2\/users\/13"}],"replies":[{"embeddable":true,"href":"https:\/\/www.ecb.ee\/et\/wp-json\/wp\/v2\/comments?post=12813"}],"version-history":[{"count":1,"href":"https:\/\/www.ecb.ee\/et\/wp-json\/wp\/v2\/posts\/12813\/revisions"}],"predecessor-version":[{"id":15231,"href":"https:\/\/www.ecb.ee\/et\/wp-json\/wp\/v2\/posts\/12813\/revisions\/15231"}],"wp:featuredmedia":[{"embeddable":true,"href":"https:\/\/www.ecb.ee\/et\/wp-json\/wp\/v2\/media\/12586"}],"wp:attachment":[{"href":"https:\/\/www.ecb.ee\/et\/wp-json\/wp\/v2\/media?parent=12813"}],"wp:term":[{"taxonomy":"category","embeddable":true,"href":"https:\/\/www.ecb.ee\/et\/wp-json\/wp\/v2\/categories?post=12813"},{"taxonomy":"post_tag","embeddable":true,"href":"https:\/\/www.ecb.ee\/et\/wp-json\/wp\/v2\/tags?post=12813"}],"curies":[{"name":"wp","href":"https:\/\/api.w.org\/{rel}","templated":true}]}}