{"id":12703,"date":"2018-03-26T06:49:29","date_gmt":"2018-03-26T06:49:29","guid":{"rendered":"https:\/\/www.ecb.ee\/10-ideed-mida-naidata-konverentsikulalistele-tartus-ja-tartu-umbruses\/"},"modified":"2021-01-04T13:44:45","modified_gmt":"2021-01-04T13:44:45","slug":"10-ideed-mida-naidata-konverentsikulalistele-tartus-ja-tartu-umbruses","status":"publish","type":"post","link":"https:\/\/www.ecb.ee\/et\/blog-et\/vaba-ajaprogrammid\/10-ideed-mida-naidata-konverentsikulalistele-tartus-ja-tartu-umbruses\/","title":{"rendered":"10 ideed, mida n\u00e4idata konverentsik\u00fclalistele Tartus ja Tartu \u00fcmbruses"},"content":{"rendered":"<h4><span style=\"color: #000000;\">Konverentsi korraldades on alati \u00fcks keerulisemaid m\u00f5ttekohti, kuhu oma k\u00fclalisi peale pingsat m\u00f5ttet\u00f6\u00f6d konverentsisaalis viia ja mida neile Tartu kandis n\u00e4idata.\u00a0 Allj\u00e4rgnevalt leitaegi m\u00f5ned n\u00e4ited.<\/span><\/h4>\n<h3 style=\"text-align: center;\"><strong class=\"brand-blue\">1. Eesti Rahva Muuseum<\/strong><\/h3>\n<p><img loading=\"lazy\" decoding=\"async\" class=\"aligncenter size-full wp-image-10077\" src=\"https:\/\/www.ecb.ee\/wp-content\/uploads\/2020\/12\/ERM.jpg\" alt=\"\" width=\"1596\" height=\"433\" \/><\/p>\n<p>Tartus konverentsi \u00a0pidades ei saa \u00fcle ega \u00fcmber ERM-st. Kui on soov oma rahvusvahelisi k\u00fclalisi h\u00e4mmastada ja samas anda neile \u00fclevaade sellest, kes me oleme ning kust me tuleme, siis \u00a0Eesti Rahva Muuseum on selleks kindlasti \u00fcks parimaid kohti.ERM-i n\u00e4ol pole tegu vaid suure ja uhke muuseumiga, kus saab vaid museaale uurida vaid sealt leiab ka palju p\u00f5nevaid tegevusi, millega oma konverentsi rikastada- n\u00e4iteks k\u00fcpsetada \u0161angasid, teha k\u00e4ed saviseks v\u00f5i \u00a0rohelisel aastaajal ka vikatiga niitmist proovida.<\/p>\n<p><strong><a href=\"http:\/\/www.erm.ee\" target=\"_blank\" rel=\"noopener noreferrer\">Rohkem infot\u00a0 ERMi kodulehelt<\/a><\/strong><\/p>\n<h3 style=\"text-align: center;\"><strong class=\"brand-blue\">2. Aparaaditehas<\/strong><\/h3>\n<p><img loading=\"lazy\" decoding=\"async\" class=\"aligncenter size-full wp-image-10079\" src=\"https:\/\/www.ecb.ee\/wp-content\/uploads\/2020\/12\/Aparaaditehas-1.png\" alt=\"\" width=\"1596\" height=\"434\" \/><\/p>\n<p>Aparaaditehases on peidus nii palju erilist ja omap\u00e4rast. Sealne p\u00f5nev ajalugu, kuhu on p\u00f5imitud k\u00fclmutusseadmed, salajased allveelaevaosad ning mittet\u00f6\u00f6tavad vihmavarjud lisavad kompleksis\u00a0 peituvatele ateljeedele, poodidele, restoranidele ja meelelahutuskohtadele m\u00f5nusa salap\u00e4ra. Juhul kui omal k\u00e4el uudistamine tundub v\u00e4heseks j\u00e4\u00e4vat, siis saab tellida ka Aparaaditehase kultuuripakette, mille saab \u00fcles ehitada just nii, et grupile k\u00f5ige huvipakkuvam k\u00fclg saaks parimal viisil kajastatud.<\/p>\n<p><strong><a href=\"http:\/\/www.aparaaditehas.ee\" target=\"_blank\" rel=\"noopener noreferrer\">Rohkem infot Aparaaditehase kodulehelt<\/a><\/strong><\/p>\n<h3 style=\"text-align: center;\"><strong class=\"brand-blue\">3. Hellenurme Veskimuuseum<\/strong><\/h3>\n<p><img loading=\"lazy\" decoding=\"async\" class=\"aligncenter size-full wp-image-10081\" src=\"https:\/\/www.ecb.ee\/wp-content\/uploads\/2020\/12\/Veskimuseeum.jpg\" alt=\"\" width=\"1596\" height=\"433\" \/><\/p>\n<p>V\u00e4\u00e4rikas eas aga t\u00e4iesti t\u00f6\u00f6korras\u00a0 vesiveskis saab n\u00e4ha, katsuda ja maitsta k\u00f5ike, mis valmib viljaterast. Muidugi saab ka mitmesugustes tegevustes k\u00e4e k\u00fclge panna, sest pakutakse erinevaid \u00f5pitube.<\/p>\n<p><strong><a href=\"http:\/\/www.veskimuuseum.ee\/\" target=\"_blank\" rel=\"noopener noreferrer\">Rohkem infot<\/a><\/strong><\/p>\n<h3 style=\"text-align: center;\"><strong class=\"brand-blue\">4. T\u00e4hevaatlus<\/strong><\/h3>\n<p><img loading=\"lazy\" decoding=\"async\" class=\"aligncenter size-full wp-image-10083\" src=\"https:\/\/www.ecb.ee\/wp-content\/uploads\/2020\/12\/Tahevaatlus.jpg\" alt=\"\" width=\"1596\" height=\"433\" \/><\/p>\n<p>Salap\u00e4rane t\u00e4histaevas paelub meist enamikku. Kui on julgust riskida ja loota, et korraldatava konverentsi\u00a0 ajal on \u00f6\u00f6 selge, siis tasub kindlasti minna Toomem\u00e4ele Tartu t\u00e4hetorni. Saab piiluda teleskoobiga taevasse,\u00a0 teadmisi astronoomiast ning ajaloost.<\/p>\n<p><strong><a href=\"https:\/\/www.tahetorn.ut.ee\" target=\"_blank\" rel=\"noopener noreferrer\">Rohkem infot<\/a><\/strong><\/p>\n<h3 style=\"text-align: center;\"><strong class=\"brand-blue\">5. Kui korralik talv-siis Peipsile karakatitsetega s\u00f5itma<\/strong><\/h3>\n<p><img loading=\"lazy\" decoding=\"async\" class=\"aligncenter size-full wp-image-10112\" src=\"https:\/\/www.ecb.ee\/wp-content\/uploads\/2020\/12\/2017-Vene-pidu-Mesi-tares-036.jpg\" alt=\"\" width=\"1596\" height=\"433\" \/><\/p>\n<p>Talviste konverentside k\u00fclalistele leidub Peipsi \u00e4\u00e4res \u00fcks v\u00e4ga oman\u00e4oline v\u00f5imalus-nimelt saab minna s\u00f5itma karakatitsatega.\u00a0 Karakatitsa on spetsiaalselt Peipsi j\u00e4rvel s\u00f5itmiseks ehitatud s\u00f5iduriist, mis on vaatamisv\u00e4\u00e4rsus omaette.<\/p>\n<p><strong><a href=\"https:\/\/mesitare.ee\/peipsitransport\/\" target=\"_blank\" rel=\"noopener noreferrer\">Rohkem infot<\/a><\/strong><\/p>\n<h3 style=\"text-align: center;\"><strong class=\"brand-blue\">6. Sibulatee<\/strong><\/h3>\n<p><img loading=\"lazy\" decoding=\"async\" class=\"aligncenter size-full wp-image-10087\" src=\"https:\/\/www.ecb.ee\/wp-content\/uploads\/2020\/12\/Sibulatee2.jpg\" alt=\"\" width=\"1596\" height=\"434\" \/><\/p>\n<p>T\u00e4eisti omamoodi koht on Sibulatee-seal ekisteerivad koos kolm kultuuri ja kaks rahvust. Korraga on konverentsik\u00fclalistele v\u00f5imaik n\u00e4idata endist baltisaksa v\u00e4\u00e4rikust Alatskivi m\u00f5isa n\u00e4ol, tutvustada vanausuliste traditsioone ja r\u00fc\u00fcbata samovariteed ning uidata Eesti rahvuseepose peakangelase Kalevipoja radadel. Lisaboonuseks on Peipsi j\u00e4rv oma v\u00f5imalustega.<\/p>\n<p><strong><a href=\"http:\/\/www.sibulatee.ee\/\" target=\"_blank\" rel=\"noopener noreferrer\">Rohkem infot<\/a><\/strong><\/p>\n<h3 style=\"text-align: center;\"><strong class=\"brand-blue\">7. \u00d5llemuuseum ja pruulikojad<\/strong><\/h3>\n<p><img loading=\"lazy\" decoding=\"async\" class=\"aligncenter size-full wp-image-10089\" src=\"https:\/\/www.ecb.ee\/wp-content\/uploads\/2020\/12\/Beer.jpg\" alt=\"\" width=\"1596\" height=\"433\" \/><\/p>\n<p>Tartu on \u00f5llelinn juba pea\u00a0 1000 aastat ja selleks, et selle ajaga kogunenud nippe ja teadmisi ammutada on igati paslik \u00e4ra k\u00e4ia A.Le Coq\u00b4i \u00f5llemuuseumis, kus lisaks muuseumi ja tootmise k\u00fclastamisele saab ka degusteerimisel osaleda.<\/p>\n<p>P\u00f5nevat pakuvad ka pisemad \u00f5lletootjad, n\u00e4iteks saab minna uudistama\u00a0 k\u00e4sit\u00f6\u00f6\u00f5llede valmimist- Tartus P\u00fchaste pruulikotta v\u00f5i Tabivere tuulikusse, kus toimetab <a href=\"https:\/\/www.facebook.com\/Juhus-990864610933889\/\" target=\"_blank\" rel=\"noopener noreferrer\">Juhus<\/a> pruulikoda.<\/p>\n<p><strong><a href=\"http:\/\/www.alecoq.ee\/ollemuuseum\/muuseum\/\" target=\"_blank\" rel=\"noopener noreferrer\">Rohkem infot<\/a><\/strong><\/p>\n<h3 style=\"text-align: center;\"><strong class=\"brand-blue\">8. Toomem\u00e4gi<\/strong><\/h3>\n<p><img loading=\"lazy\" decoding=\"async\" class=\"aligncenter size-full wp-image-10105\" src=\"https:\/\/www.ecb.ee\/wp-content\/uploads\/2020\/12\/Toomemagi_Tiit_Grihin.jpg\" alt=\"\" width=\"1596\" height=\"433\" \/><\/p>\n<p>See on koht, kus lugusid ja legende j\u00e4tkub kaemaks. Toomem\u00e4gi pakub k\u00fclalisele kindlasti rohkem kui vaid jalutusk\u00e4iku pargis.<\/p>\n<p><strong><a href=\"http:\/\/www.visittartu.com\/et\/toomemagi\/\" target=\"_blank\" rel=\"noopener noreferrer\">Rohkem infot<\/a><\/strong><\/p>\n<h3 style=\"text-align: center;\"><strong class=\"brand-blue\">9. Rappa ja metsa<\/strong><\/h3>\n<p><img loading=\"lazy\" decoding=\"async\" class=\"aligncenter size-full wp-image-10093\" src=\"https:\/\/www.ecb.ee\/wp-content\/uploads\/2020\/12\/Rappa.jpg\" alt=\"\" width=\"1596\" height=\"433\" \/><\/p>\n<p>Tartust sugugi mitte kaugel- Meenikunno rabas on v\u00f5imalik nautida k\u00f5iki k\u00f5rgsoo v\u00f5lusid.\u00a0 Lisaks on p\u00f5nevad v\u00f5imsad kuklasekuhilad, mis peituvad 5,8 km pikkuse matkaraja metsal\u00f5igul. Looduse ilule lisavad v\u00f5lu maalilised rabavaated, mida saab imetleda nii P\u00e4ikeseloojangu maja juurest kui ka vaatetornist.<\/p>\n<h3 style=\"text-align: center;\"><strong class=\"brand-blue\">10. Lodi J\u00f5mmuga Emaj\u00f5ele<\/strong><\/h3>\n<p><img loading=\"lazy\" decoding=\"async\" class=\"aligncenter size-full wp-image-10107\" src=\"https:\/\/www.ecb.ee\/wp-content\/uploads\/2020\/12\/Barge.jpg\" alt=\"\" width=\"1596\" height=\"433\" \/><\/p>\n<p>Tartu linnas looklev Emaj\u00f5gi pakub lisaks linnapildi ilmestamisele ka m\u00f5nusat ajaveetmisv\u00f5imalust. Nimelt saab seilata m\u00f6\u00f6da veeteid Tartu kandis teisiti kui tavaliselt, sest J\u00f5mmu n\u00e4ol on tegemist arhailise puust kaubapurjekaga, mis on nii oma olemuselt kui k\u00e4itumiselt keskkonnas\u00f5bralik -kohalikust toorainest kohalike elanike poolt kohapeal valmistatud, kohalikku kultuurip\u00e4randit ja loodust v\u00e4\u00e4rtustav.<\/p>\n<p><strong><a href=\"http:\/\/lodi.ee\/\" target=\"_blank\" rel=\"noopener noreferrer\">Rohkem infot<\/a><\/strong><\/p>\n","protected":false},"excerpt":{"rendered":"<p>Konverentsi korraldades on alati \u00fcks keerulisemaid m\u00f5ttekohti, kuhu oma k\u00fclalisi peale pingsat m\u00f5ttet\u00f6\u00f6d konverentsisaalis viia ja mida neile Tartu kandis n\u00e4idata.\u00a0 Allj\u00e4rgnevalt leitaegi m\u00f5ned n\u00e4ited. 1. Eesti Rahva Muuseum Tartus konverentsi \u00a0pidades ei saa \u00fcle ega \u00fcmber ERM-st. Kui on soov oma rahvusvahelisi k\u00fclalisi h\u00e4mmastada ja samas anda neile \u00fclevaade sellest, kes me oleme ning [&hellip;]<\/p>\n","protected":false},"author":13,"featured_media":12722,"comment_status":"open","ping_status":"open","sticky":false,"template":"","format":"standard","meta":{"_acf_changed":false,"footnotes":""},"categories":[190,156],"tags":[],"class_list":["post-12703","post","type-post","status-publish","format-standard","has-post-thumbnail","hentry","category-blog-et","category-vaba-ajaprogrammid"],"acf":[],"yoast_head":"<!-- This site is optimized with the Yoast SEO plugin v27.5 - https:\/\/yoast.com\/product\/yoast-seo-wordpress\/ -->\n<title>10 ideed, mida n\u00e4idata konverentsik\u00fclalistele Tartus ja Tartu \u00fcmbruses - Estonian Convention Bureau<\/title>\n<meta name=\"robots\" content=\"index, follow, max-snippet:-1, max-image-preview:large, max-video-preview:-1\" \/>\n<link rel=\"canonical\" href=\"https:\/\/www.ecb.ee\/et\/blog-et\/vaba-ajaprogrammid\/10-ideed-mida-naidata-konverentsikulalistele-tartus-ja-tartu-umbruses\/\" \/>\n<meta property=\"og:locale\" content=\"et_EE\" \/>\n<meta property=\"og:type\" content=\"article\" \/>\n<meta property=\"og:title\" content=\"10 ideed, mida n\u00e4idata konverentsik\u00fclalistele Tartus ja Tartu \u00fcmbruses - Estonian Convention Bureau\" \/>\n<meta property=\"og:description\" content=\"Konverentsi korraldades on alati \u00fcks keerulisemaid m\u00f5ttekohti, kuhu oma k\u00fclalisi peale pingsat m\u00f5ttet\u00f6\u00f6d konverentsisaalis viia ja mida neile Tartu kandis n\u00e4idata.\u00a0 Allj\u00e4rgnevalt leitaegi m\u00f5ned n\u00e4ited. 1. Eesti Rahva Muuseum Tartus konverentsi \u00a0pidades ei saa \u00fcle ega \u00fcmber ERM-st. Kui on soov oma rahvusvahelisi k\u00fclalisi h\u00e4mmastada ja samas anda neile \u00fclevaade sellest, kes me oleme ning [&hellip;]\" \/>\n<meta property=\"og:url\" content=\"https:\/\/www.ecb.ee\/et\/blog-et\/vaba-ajaprogrammid\/10-ideed-mida-naidata-konverentsikulalistele-tartus-ja-tartu-umbruses\/\" \/>\n<meta property=\"og:site_name\" content=\"Estonian Convention Bureau\" \/>\n<meta property=\"article:published_time\" content=\"2018-03-26T06:49:29+00:00\" \/>\n<meta property=\"article:modified_time\" content=\"2021-01-04T13:44:45+00:00\" \/>\n<meta property=\"og:image\" content=\"https:\/\/www.ecb.ee\/wp-content\/uploads\/2020\/12\/Featured-image-1-1024x766.png\" \/>\n\t<meta property=\"og:image:width\" content=\"1024\" \/>\n\t<meta property=\"og:image:height\" content=\"766\" \/>\n\t<meta property=\"og:image:type\" content=\"image\/png\" \/>\n<meta name=\"author\" content=\"generaladmin2\" \/>\n<meta name=\"twitter:card\" content=\"summary_large_image\" \/>\n<meta name=\"twitter:label1\" content=\"Written by\" \/>\n\t<meta name=\"twitter:data1\" content=\"generaladmin2\" \/>\n\t<meta name=\"twitter:label2\" content=\"Est. reading time\" \/>\n\t<meta name=\"twitter:data2\" content=\"3 minutit\" \/>\n<script type=\"application\/ld+json\" class=\"yoast-schema-graph\">{\"@context\":\"https:\\\/\\\/schema.org\",\"@graph\":[{\"@type\":\"Article\",\"@id\":\"https:\\\/\\\/www.ecb.ee\\\/et\\\/blog-et\\\/vaba-ajaprogrammid\\\/10-ideed-mida-naidata-konverentsikulalistele-tartus-ja-tartu-umbruses\\\/#article\",\"isPartOf\":{\"@id\":\"https:\\\/\\\/www.ecb.ee\\\/et\\\/blog-et\\\/vaba-ajaprogrammid\\\/10-ideed-mida-naidata-konverentsikulalistele-tartus-ja-tartu-umbruses\\\/\"},\"author\":{\"name\":\"generaladmin2\",\"@id\":\"https:\\\/\\\/www.ecb.ee\\\/#\\\/schema\\\/person\\\/6ecbd458fd83645933de13126184771c\"},\"headline\":\"10 ideed, mida n\u00e4idata konverentsik\u00fclalistele Tartus ja Tartu \u00fcmbruses\",\"datePublished\":\"2018-03-26T06:49:29+00:00\",\"dateModified\":\"2021-01-04T13:44:45+00:00\",\"mainEntityOfPage\":{\"@id\":\"https:\\\/\\\/www.ecb.ee\\\/et\\\/blog-et\\\/vaba-ajaprogrammid\\\/10-ideed-mida-naidata-konverentsikulalistele-tartus-ja-tartu-umbruses\\\/\"},\"wordCount\":601,\"commentCount\":0,\"publisher\":{\"@id\":\"https:\\\/\\\/www.ecb.ee\\\/#organization\"},\"image\":{\"@id\":\"https:\\\/\\\/www.ecb.ee\\\/et\\\/blog-et\\\/vaba-ajaprogrammid\\\/10-ideed-mida-naidata-konverentsikulalistele-tartus-ja-tartu-umbruses\\\/#primaryimage\"},\"thumbnailUrl\":\"https:\\\/\\\/www.ecb.ee\\\/wp-content\\\/uploads\\\/2020\\\/12\\\/Featured-image-1.png\",\"articleSection\":[\"Blogi\",\"Vaba-ajaprogrammid\"],\"inLanguage\":\"et\"},{\"@type\":\"WebPage\",\"@id\":\"https:\\\/\\\/www.ecb.ee\\\/et\\\/blog-et\\\/vaba-ajaprogrammid\\\/10-ideed-mida-naidata-konverentsikulalistele-tartus-ja-tartu-umbruses\\\/\",\"url\":\"https:\\\/\\\/www.ecb.ee\\\/et\\\/blog-et\\\/vaba-ajaprogrammid\\\/10-ideed-mida-naidata-konverentsikulalistele-tartus-ja-tartu-umbruses\\\/\",\"name\":\"10 ideed, mida n\u00e4idata konverentsik\u00fclalistele Tartus ja Tartu \u00fcmbruses - Estonian Convention Bureau\",\"isPartOf\":{\"@id\":\"https:\\\/\\\/www.ecb.ee\\\/#website\"},\"primaryImageOfPage\":{\"@id\":\"https:\\\/\\\/www.ecb.ee\\\/et\\\/blog-et\\\/vaba-ajaprogrammid\\\/10-ideed-mida-naidata-konverentsikulalistele-tartus-ja-tartu-umbruses\\\/#primaryimage\"},\"image\":{\"@id\":\"https:\\\/\\\/www.ecb.ee\\\/et\\\/blog-et\\\/vaba-ajaprogrammid\\\/10-ideed-mida-naidata-konverentsikulalistele-tartus-ja-tartu-umbruses\\\/#primaryimage\"},\"thumbnailUrl\":\"https:\\\/\\\/www.ecb.ee\\\/wp-content\\\/uploads\\\/2020\\\/12\\\/Featured-image-1.png\",\"datePublished\":\"2018-03-26T06:49:29+00:00\",\"dateModified\":\"2021-01-04T13:44:45+00:00\",\"breadcrumb\":{\"@id\":\"https:\\\/\\\/www.ecb.ee\\\/et\\\/blog-et\\\/vaba-ajaprogrammid\\\/10-ideed-mida-naidata-konverentsikulalistele-tartus-ja-tartu-umbruses\\\/#breadcrumb\"},\"inLanguage\":\"et\",\"potentialAction\":[{\"@type\":\"ReadAction\",\"target\":[\"https:\\\/\\\/www.ecb.ee\\\/et\\\/blog-et\\\/vaba-ajaprogrammid\\\/10-ideed-mida-naidata-konverentsikulalistele-tartus-ja-tartu-umbruses\\\/\"]}]},{\"@type\":\"ImageObject\",\"inLanguage\":\"et\",\"@id\":\"https:\\\/\\\/www.ecb.ee\\\/et\\\/blog-et\\\/vaba-ajaprogrammid\\\/10-ideed-mida-naidata-konverentsikulalistele-tartus-ja-tartu-umbruses\\\/#primaryimage\",\"url\":\"https:\\\/\\\/www.ecb.ee\\\/wp-content\\\/uploads\\\/2020\\\/12\\\/Featured-image-1.png\",\"contentUrl\":\"https:\\\/\\\/www.ecb.ee\\\/wp-content\\\/uploads\\\/2020\\\/12\\\/Featured-image-1.png\",\"width\":3398,\"height\":2541},{\"@type\":\"BreadcrumbList\",\"@id\":\"https:\\\/\\\/www.ecb.ee\\\/et\\\/blog-et\\\/vaba-ajaprogrammid\\\/10-ideed-mida-naidata-konverentsikulalistele-tartus-ja-tartu-umbruses\\\/#breadcrumb\",\"itemListElement\":[{\"@type\":\"ListItem\",\"position\":1,\"name\":\"Home\",\"item\":\"https:\\\/\\\/www.ecb.ee\\\/et\\\/\"},{\"@type\":\"ListItem\",\"position\":2,\"name\":\"10 ideed, mida n\u00e4idata konverentsik\u00fclalistele Tartus ja Tartu \u00fcmbruses\"}]},{\"@type\":\"WebSite\",\"@id\":\"https:\\\/\\\/www.ecb.ee\\\/#website\",\"url\":\"https:\\\/\\\/www.ecb.ee\\\/\",\"name\":\"Estonian Convention Bureau\",\"description\":\"\",\"publisher\":{\"@id\":\"https:\\\/\\\/www.ecb.ee\\\/#organization\"},\"potentialAction\":[{\"@type\":\"SearchAction\",\"target\":{\"@type\":\"EntryPoint\",\"urlTemplate\":\"https:\\\/\\\/www.ecb.ee\\\/?s={search_term_string}\"},\"query-input\":{\"@type\":\"PropertyValueSpecification\",\"valueRequired\":true,\"valueName\":\"search_term_string\"}}],\"inLanguage\":\"et\"},{\"@type\":\"Organization\",\"@id\":\"https:\\\/\\\/www.ecb.ee\\\/#organization\",\"name\":\"Estonian Convention Bureau\",\"url\":\"https:\\\/\\\/www.ecb.ee\\\/\",\"logo\":{\"@type\":\"ImageObject\",\"inLanguage\":\"et\",\"@id\":\"https:\\\/\\\/www.ecb.ee\\\/#\\\/schema\\\/logo\\\/image\\\/\",\"url\":\"https:\\\/\\\/www.ecb.ee\\\/wp-content\\\/uploads\\\/2020\\\/12\\\/site_logo.svg\",\"contentUrl\":\"https:\\\/\\\/www.ecb.ee\\\/wp-content\\\/uploads\\\/2020\\\/12\\\/site_logo.svg\",\"caption\":\"Estonian Convention Bureau\"},\"image\":{\"@id\":\"https:\\\/\\\/www.ecb.ee\\\/#\\\/schema\\\/logo\\\/image\\\/\"}},{\"@type\":\"Person\",\"@id\":\"https:\\\/\\\/www.ecb.ee\\\/#\\\/schema\\\/person\\\/6ecbd458fd83645933de13126184771c\",\"name\":\"generaladmin2\",\"image\":{\"@type\":\"ImageObject\",\"inLanguage\":\"et\",\"@id\":\"https:\\\/\\\/secure.gravatar.com\\\/avatar\\\/d874b7f95df07d1aa160e2c5fd5f135bd3669dae0185bfe36b6106549a5b46e6?s=96&d=mm&r=g\",\"url\":\"https:\\\/\\\/secure.gravatar.com\\\/avatar\\\/d874b7f95df07d1aa160e2c5fd5f135bd3669dae0185bfe36b6106549a5b46e6?s=96&d=mm&r=g\",\"contentUrl\":\"https:\\\/\\\/secure.gravatar.com\\\/avatar\\\/d874b7f95df07d1aa160e2c5fd5f135bd3669dae0185bfe36b6106549a5b46e6?s=96&d=mm&r=g\",\"caption\":\"generaladmin2\"},\"url\":\"https:\\\/\\\/www.ecb.ee\\\/et\\\/author\\\/generaladmin2\\\/\"}]}<\/script>\n<!-- \/ Yoast SEO plugin. -->","yoast_head_json":{"title":"10 ideed, mida n\u00e4idata konverentsik\u00fclalistele Tartus ja Tartu \u00fcmbruses - Estonian Convention Bureau","robots":{"index":"index","follow":"follow","max-snippet":"max-snippet:-1","max-image-preview":"max-image-preview:large","max-video-preview":"max-video-preview:-1"},"canonical":"https:\/\/www.ecb.ee\/et\/blog-et\/vaba-ajaprogrammid\/10-ideed-mida-naidata-konverentsikulalistele-tartus-ja-tartu-umbruses\/","og_locale":"et_EE","og_type":"article","og_title":"10 ideed, mida n\u00e4idata konverentsik\u00fclalistele Tartus ja Tartu \u00fcmbruses - Estonian Convention Bureau","og_description":"Konverentsi korraldades on alati \u00fcks keerulisemaid m\u00f5ttekohti, kuhu oma k\u00fclalisi peale pingsat m\u00f5ttet\u00f6\u00f6d konverentsisaalis viia ja mida neile Tartu kandis n\u00e4idata.\u00a0 Allj\u00e4rgnevalt leitaegi m\u00f5ned n\u00e4ited. 1. Eesti Rahva Muuseum Tartus konverentsi \u00a0pidades ei saa \u00fcle ega \u00fcmber ERM-st. Kui on soov oma rahvusvahelisi k\u00fclalisi h\u00e4mmastada ja samas anda neile \u00fclevaade sellest, kes me oleme ning [&hellip;]","og_url":"https:\/\/www.ecb.ee\/et\/blog-et\/vaba-ajaprogrammid\/10-ideed-mida-naidata-konverentsikulalistele-tartus-ja-tartu-umbruses\/","og_site_name":"Estonian Convention Bureau","article_published_time":"2018-03-26T06:49:29+00:00","article_modified_time":"2021-01-04T13:44:45+00:00","og_image":[{"width":1024,"height":766,"url":"https:\/\/www.ecb.ee\/wp-content\/uploads\/2020\/12\/Featured-image-1-1024x766.png","type":"image\/png"}],"author":"generaladmin2","twitter_card":"summary_large_image","twitter_misc":{"Written by":"generaladmin2","Est. reading time":"3 minutit"},"schema":{"@context":"https:\/\/schema.org","@graph":[{"@type":"Article","@id":"https:\/\/www.ecb.ee\/et\/blog-et\/vaba-ajaprogrammid\/10-ideed-mida-naidata-konverentsikulalistele-tartus-ja-tartu-umbruses\/#article","isPartOf":{"@id":"https:\/\/www.ecb.ee\/et\/blog-et\/vaba-ajaprogrammid\/10-ideed-mida-naidata-konverentsikulalistele-tartus-ja-tartu-umbruses\/"},"author":{"name":"generaladmin2","@id":"https:\/\/www.ecb.ee\/#\/schema\/person\/6ecbd458fd83645933de13126184771c"},"headline":"10 ideed, mida n\u00e4idata konverentsik\u00fclalistele Tartus ja Tartu \u00fcmbruses","datePublished":"2018-03-26T06:49:29+00:00","dateModified":"2021-01-04T13:44:45+00:00","mainEntityOfPage":{"@id":"https:\/\/www.ecb.ee\/et\/blog-et\/vaba-ajaprogrammid\/10-ideed-mida-naidata-konverentsikulalistele-tartus-ja-tartu-umbruses\/"},"wordCount":601,"commentCount":0,"publisher":{"@id":"https:\/\/www.ecb.ee\/#organization"},"image":{"@id":"https:\/\/www.ecb.ee\/et\/blog-et\/vaba-ajaprogrammid\/10-ideed-mida-naidata-konverentsikulalistele-tartus-ja-tartu-umbruses\/#primaryimage"},"thumbnailUrl":"https:\/\/www.ecb.ee\/wp-content\/uploads\/2020\/12\/Featured-image-1.png","articleSection":["Blogi","Vaba-ajaprogrammid"],"inLanguage":"et"},{"@type":"WebPage","@id":"https:\/\/www.ecb.ee\/et\/blog-et\/vaba-ajaprogrammid\/10-ideed-mida-naidata-konverentsikulalistele-tartus-ja-tartu-umbruses\/","url":"https:\/\/www.ecb.ee\/et\/blog-et\/vaba-ajaprogrammid\/10-ideed-mida-naidata-konverentsikulalistele-tartus-ja-tartu-umbruses\/","name":"10 ideed, mida n\u00e4idata konverentsik\u00fclalistele Tartus ja Tartu \u00fcmbruses - Estonian Convention Bureau","isPartOf":{"@id":"https:\/\/www.ecb.ee\/#website"},"primaryImageOfPage":{"@id":"https:\/\/www.ecb.ee\/et\/blog-et\/vaba-ajaprogrammid\/10-ideed-mida-naidata-konverentsikulalistele-tartus-ja-tartu-umbruses\/#primaryimage"},"image":{"@id":"https:\/\/www.ecb.ee\/et\/blog-et\/vaba-ajaprogrammid\/10-ideed-mida-naidata-konverentsikulalistele-tartus-ja-tartu-umbruses\/#primaryimage"},"thumbnailUrl":"https:\/\/www.ecb.ee\/wp-content\/uploads\/2020\/12\/Featured-image-1.png","datePublished":"2018-03-26T06:49:29+00:00","dateModified":"2021-01-04T13:44:45+00:00","breadcrumb":{"@id":"https:\/\/www.ecb.ee\/et\/blog-et\/vaba-ajaprogrammid\/10-ideed-mida-naidata-konverentsikulalistele-tartus-ja-tartu-umbruses\/#breadcrumb"},"inLanguage":"et","potentialAction":[{"@type":"ReadAction","target":["https:\/\/www.ecb.ee\/et\/blog-et\/vaba-ajaprogrammid\/10-ideed-mida-naidata-konverentsikulalistele-tartus-ja-tartu-umbruses\/"]}]},{"@type":"ImageObject","inLanguage":"et","@id":"https:\/\/www.ecb.ee\/et\/blog-et\/vaba-ajaprogrammid\/10-ideed-mida-naidata-konverentsikulalistele-tartus-ja-tartu-umbruses\/#primaryimage","url":"https:\/\/www.ecb.ee\/wp-content\/uploads\/2020\/12\/Featured-image-1.png","contentUrl":"https:\/\/www.ecb.ee\/wp-content\/uploads\/2020\/12\/Featured-image-1.png","width":3398,"height":2541},{"@type":"BreadcrumbList","@id":"https:\/\/www.ecb.ee\/et\/blog-et\/vaba-ajaprogrammid\/10-ideed-mida-naidata-konverentsikulalistele-tartus-ja-tartu-umbruses\/#breadcrumb","itemListElement":[{"@type":"ListItem","position":1,"name":"Home","item":"https:\/\/www.ecb.ee\/et\/"},{"@type":"ListItem","position":2,"name":"10 ideed, mida n\u00e4idata konverentsik\u00fclalistele Tartus ja Tartu \u00fcmbruses"}]},{"@type":"WebSite","@id":"https:\/\/www.ecb.ee\/#website","url":"https:\/\/www.ecb.ee\/","name":"Estonian Convention Bureau","description":"","publisher":{"@id":"https:\/\/www.ecb.ee\/#organization"},"potentialAction":[{"@type":"SearchAction","target":{"@type":"EntryPoint","urlTemplate":"https:\/\/www.ecb.ee\/?s={search_term_string}"},"query-input":{"@type":"PropertyValueSpecification","valueRequired":true,"valueName":"search_term_string"}}],"inLanguage":"et"},{"@type":"Organization","@id":"https:\/\/www.ecb.ee\/#organization","name":"Estonian Convention Bureau","url":"https:\/\/www.ecb.ee\/","logo":{"@type":"ImageObject","inLanguage":"et","@id":"https:\/\/www.ecb.ee\/#\/schema\/logo\/image\/","url":"https:\/\/www.ecb.ee\/wp-content\/uploads\/2020\/12\/site_logo.svg","contentUrl":"https:\/\/www.ecb.ee\/wp-content\/uploads\/2020\/12\/site_logo.svg","caption":"Estonian Convention Bureau"},"image":{"@id":"https:\/\/www.ecb.ee\/#\/schema\/logo\/image\/"}},{"@type":"Person","@id":"https:\/\/www.ecb.ee\/#\/schema\/person\/6ecbd458fd83645933de13126184771c","name":"generaladmin2","image":{"@type":"ImageObject","inLanguage":"et","@id":"https:\/\/secure.gravatar.com\/avatar\/d874b7f95df07d1aa160e2c5fd5f135bd3669dae0185bfe36b6106549a5b46e6?s=96&d=mm&r=g","url":"https:\/\/secure.gravatar.com\/avatar\/d874b7f95df07d1aa160e2c5fd5f135bd3669dae0185bfe36b6106549a5b46e6?s=96&d=mm&r=g","contentUrl":"https:\/\/secure.gravatar.com\/avatar\/d874b7f95df07d1aa160e2c5fd5f135bd3669dae0185bfe36b6106549a5b46e6?s=96&d=mm&r=g","caption":"generaladmin2"},"url":"https:\/\/www.ecb.ee\/et\/author\/generaladmin2\/"}]}},"_links":{"self":[{"href":"https:\/\/www.ecb.ee\/et\/wp-json\/wp\/v2\/posts\/12703","targetHints":{"allow":["GET"]}}],"collection":[{"href":"https:\/\/www.ecb.ee\/et\/wp-json\/wp\/v2\/posts"}],"about":[{"href":"https:\/\/www.ecb.ee\/et\/wp-json\/wp\/v2\/types\/post"}],"author":[{"embeddable":true,"href":"https:\/\/www.ecb.ee\/et\/wp-json\/wp\/v2\/users\/13"}],"replies":[{"embeddable":true,"href":"https:\/\/www.ecb.ee\/et\/wp-json\/wp\/v2\/comments?post=12703"}],"version-history":[{"count":1,"href":"https:\/\/www.ecb.ee\/et\/wp-json\/wp\/v2\/posts\/12703\/revisions"}],"predecessor-version":[{"id":15253,"href":"https:\/\/www.ecb.ee\/et\/wp-json\/wp\/v2\/posts\/12703\/revisions\/15253"}],"wp:featuredmedia":[{"embeddable":true,"href":"https:\/\/www.ecb.ee\/et\/wp-json\/wp\/v2\/media\/12722"}],"wp:attachment":[{"href":"https:\/\/www.ecb.ee\/et\/wp-json\/wp\/v2\/media?parent=12703"}],"wp:term":[{"taxonomy":"category","embeddable":true,"href":"https:\/\/www.ecb.ee\/et\/wp-json\/wp\/v2\/categories?post=12703"},{"taxonomy":"post_tag","embeddable":true,"href":"https:\/\/www.ecb.ee\/et\/wp-json\/wp\/v2\/tags?post=12703"}],"curies":[{"name":"wp","href":"https:\/\/api.w.org\/{rel}","templated":true}]}}