{"id":12696,"date":"2017-09-20T07:00:05","date_gmt":"2017-09-20T07:00:05","guid":{"rendered":"https:\/\/www.ecb.ee\/rahvusvahelise-konverentsi-korraldamise-mote-peas-millest-pihta-hakata\/"},"modified":"2017-09-20T07:00:05","modified_gmt":"2017-09-20T07:00:05","slug":"rahvusvahelise-konverentsi-korraldamise-mote-peas-millest-pihta-hakata","status":"publish","type":"post","link":"https:\/\/www.ecb.ee\/et\/uncategorized-et\/rahvusvahelise-konverentsi-korraldamise-mote-peas-millest-pihta-hakata\/","title":{"rendered":"Rahvusvahelise konverentsi korraldamise m\u00f5te peas &#8211; millest pihta hakata?"},"content":{"rendered":"<div align=\"justify\">\n<p>Oma organisatsiooni rahvusvahelise konverentsi kutsumine Eestisse on heaks v\u00f5imaluseks, et tutvustada v\u00e4liskolleegidele Eestit ja n\u00e4idata, et ka meil on antud eriala- v\u00f5i teadusvaldkond h\u00e4sti arenenud. Samuti aitab konverentsi korraldamine saada oma tegevusvaldkonnale suuremat k\u00f5lapinda ning luua uusi kontakte ja v\u00f5rgustikke.\u00a0 Eesti Konverentsib\u00fcroo aastatepikkune kogemus n\u00e4itab, et Eestisse tullakse konverentsile v\u00e4ga hea meelega, kuna oleme uus ja p\u00f5nev sihtkoht ka paljureisinud konverentsik\u00fclalistele.<\/p>\n<p>Aga millest siis rahvusvahelise konverentsi korraldusoovi puhul pihta hakata? On paar peamist k\u00fcsimust, mis tasuks k\u00f5igepealt l\u00e4bi m\u00f5elda.<\/p>\n<h3 style=\"text-align: center;\">Kas konverents mahub Eestisse \u00e4ra?<\/h3>\n<p>Viimastel aastal on Eestis toimunud hulgaliselt rahvusvahelisi erialaseltside teaduskonverentse, seega heal tasemel konverentside korralduskogemus on Eestis olemas nii toimumiskohtadel kui korraldusfirmadel, ja muudel teenusepakkujatel (catering, tehnikarendi firmad jne). Tavaliselt saab konverentside Eestisse tuleku suurimaks komistuskiviks olemasolevate konverentsiruumide mahutavus ning funktsionaalsus. Seep\u00e4rast tuleb kindlasti eelnevalt l\u00e4bi m\u00f5elda, kui suur on plaanitav konverentsil osalejate arv ja millist ruumilahendust konverentsi edukaks toimimiseks vajatakse: kas piisab \u00fchest teatristiilis plenaarruumist v\u00f5i on vaja lisaks paralleelsessioonide ja t\u00f6\u00f6r\u00fchmade ruume. Lisaks on v\u00e4ga oluline teada ka, kas konverentsiga kaasnevad postersessioonid ja n\u00e4itus, sest ka nende paigutamine vajab lisapinda. Kui plaanite Eestisse kutsuda regulaarselt erinevates riikides toimuvat konverentsi ja olete tavaliselt sellel konverentsil osalenud vaid tavadelegaadina, siis tasub organisatsiooni peakontorist j\u00e4rele uurida, kui palju on konverentsil tavaliselt osalejaid ja kui palju erinevaid ruume vajatakse. V\u00f5imalike toimumiskohtade kaalumisel tasub m\u00f5elda julgelt ja loovalt \u2013 kui hotellide konverentsikeskused j\u00e4\u00e4vad v\u00e4ikeseks, siis sobivad ruumid v\u00f5ib leida kontserdisaalides, muuseumides v\u00f5i muudes unikaalsetes kohtades.<\/p>\n<h3 style=\"text-align: center;\">Kuidas esitada toimumiskoha taotlus organisatsioonile ja mida taotluses kirjutada?<\/h3>\n<p>Rahvusvahelistel organisatsioonidel on mitmeid erinevaid viise, kuidas valitakse j\u00e4rgmiste konverentside toimumiskohad. K\u00f5ige mitteformaalsematel juhtudel piisab sellest, kui t\u00f5state koosolekul k\u00e4e ja \u00fctlete, et mina korraldan j\u00e4rgmise konverentsi Eestis. Tavap\u00e4rasem on siiski see, et esitada on vaja p\u00f5hjalikum kirjalik taotlus, kus kirjas nii sihtkoha info Eesti kohta kui plaanitava konverentsi toimumise riigi &#8211; linna tutvustus, konverentsiruumide tutvustus, vahel ka korraldusmeeskond, eelprogramm v\u00f5i eelarve. Korralduslikku infot peaks toetama l\u00e4bim\u00f5eldud sisuline p\u00f5hjendus, miks konverentsi Eestisse soovitakse tuua ning millist erialast v\u00e4\u00e4rtust sellest s\u00fcnnib nii rahvusvahelisele organisatsioonile kui kohalikule v\u00f5\u00f5rustajale. Taotlusvormi sisu, vormistuse ning t\u00e4htaegade kohta saab k\u00f5ige adekvaatsemat infot organisatsiooni peakontorist v\u00f5i juhatuselt.<\/p>\n<h3 style=\"text-align: center;\">Abi Eesti Konverentsib\u00fcroo poolt<\/h3>\n<p>Kogu eelnevast jutust ei tasu \u00e4ra ehmatada ja konverentsi korraldamise m\u00f5tet maha matta. Ruumilahenduse v\u00e4ljam\u00f5tlemises oleme hea meelega abiks meie Eesti Konverentsib\u00fcroost. Oleme juba pea 10 aastat rahvusvahelisi konverentse n\u00f5ustanud, seega v\u00f5ib kindel olla, et oskame teile \u00f6elda, kas ja kuhu teie konverents mahuks. Meiega konsulteerimine ei maksa midagi, ka sellep\u00e4rast ei tasu muretseda. H\u00e4id soovitusi saab loomulikult ka pidulike \u00f5htus\u00f6\u00f6gikohtade osas ja kindlasti oskame ideid anda ka p\u00f5nevateks vaba-ajaprogrammideks, majutuseks ning korralduspartnerite valikuks.<\/p>\n<p>Samuti on meie t\u00f6\u00f6laualt aegade jooksul l\u00e4bi k\u00e4inud v\u00e4ga mitmeid konverentside taotlusdokumente. Siin on k\u00fcll koht, kus \u00f6elda, et ei tasu ise hakata jalgratast leiutama \u2013 meie k\u00e4est saab taotlusdokumentide jaoks vajalikud Eestit \/ Tallinnat \/ Tartut tutvustavad valmis ingliskeelsed tekstid, vajaliku praktilise info sihtkoha kohta (kohalik transport, lennuliinid jne), toimumiskohtade kirjeldused ja ruumide plaanid, vaba-aja programmide kirjeldused, soovitused piltideks ja videodeks, kui vaja.<\/p>\n<h3 style=\"text-align: center;\">Julge pealehakkamine on pool v\u00f5itu!<\/h3>\n<p>Meie julgeme k\u00fcll soovitada, et kutsuge oma v\u00e4liskolleegid julgesti Eestisse j\u00e4rgmisele konverentsile. Viimase aja tagasisidena oleme v\u00e4lisdelegaatidelt kuulnud aina suuremaid kiidus\u00f5nu, kui ootamatult kaasaegselt arenenud Eesti on ja kui hea toit Eestis on \u2013 toitu kusjuures kiidavad isegi itaallased ning prantslased! Konverentsi korraldusmeeskondadelt kuuleme aga j\u00e4tkuvalt tagasisidena, et Eestisse on osalema saabunud ootamatult palju konverentsidelegaate \u2013 hoopis rohkem kui varasematel kordadel.<\/p>\n<h3 style=\"text-align: center;\">Nii et teeme \u00e4ra!<\/h3>\n<\/div>\n","protected":false},"excerpt":{"rendered":"<p>Oma organisatsiooni rahvusvahelise konverentsi kutsumine Eestisse on heaks v\u00f5imaluseks, et tutvustada v\u00e4liskolleegidele Eestit ja n\u00e4idata, et ka meil on antud eriala- v\u00f5i teadusvaldkond h\u00e4sti arenenud. Samuti aitab konverentsi korraldamine saada oma tegevusvaldkonnale suuremat k\u00f5lapinda ning luua uusi kontakte ja v\u00f5rgustikke.\u00a0 Eesti Konverentsib\u00fcroo aastatepikkune kogemus n\u00e4itab, et Eestisse tullakse konverentsile v\u00e4ga hea meelega, kuna oleme uus [&hellip;]<\/p>\n","protected":false},"author":13,"featured_media":12469,"comment_status":"open","ping_status":"open","sticky":false,"template":"","format":"standard","meta":{"_acf_changed":false,"footnotes":""},"categories":[],"tags":[],"class_list":["post-12696","post","type-post","status-publish","format-standard","has-post-thumbnail","hentry"],"acf":[],"yoast_head":"<!-- This site is optimized with the Yoast SEO plugin v27.5 - https:\/\/yoast.com\/product\/yoast-seo-wordpress\/ -->\n<title>Rahvusvahelise konverentsi korraldamise m\u00f5te peas - millest pihta hakata? - Estonian Convention Bureau<\/title>\n<meta name=\"robots\" content=\"index, follow, max-snippet:-1, max-image-preview:large, max-video-preview:-1\" \/>\n<link rel=\"canonical\" href=\"https:\/\/www.ecb.ee\/et\/uncategorized-et\/rahvusvahelise-konverentsi-korraldamise-mote-peas-millest-pihta-hakata\/\" \/>\n<meta property=\"og:locale\" content=\"et_EE\" \/>\n<meta property=\"og:type\" content=\"article\" \/>\n<meta property=\"og:title\" content=\"Rahvusvahelise konverentsi korraldamise m\u00f5te peas - millest pihta hakata? - Estonian Convention Bureau\" \/>\n<meta property=\"og:description\" content=\"Oma organisatsiooni rahvusvahelise konverentsi kutsumine Eestisse on heaks v\u00f5imaluseks, et tutvustada v\u00e4liskolleegidele Eestit ja n\u00e4idata, et ka meil on antud eriala- v\u00f5i teadusvaldkond h\u00e4sti arenenud. Samuti aitab konverentsi korraldamine saada oma tegevusvaldkonnale suuremat k\u00f5lapinda ning luua uusi kontakte ja v\u00f5rgustikke.\u00a0 Eesti Konverentsib\u00fcroo aastatepikkune kogemus n\u00e4itab, et Eestisse tullakse konverentsile v\u00e4ga hea meelega, kuna oleme uus [&hellip;]\" \/>\n<meta property=\"og:url\" content=\"https:\/\/www.ecb.ee\/et\/uncategorized-et\/rahvusvahelise-konverentsi-korraldamise-mote-peas-millest-pihta-hakata\/\" \/>\n<meta property=\"og:site_name\" content=\"Estonian Convention Bureau\" \/>\n<meta property=\"article:published_time\" content=\"2017-09-20T07:00:05+00:00\" \/>\n<meta property=\"og:image\" content=\"https:\/\/www.ecb.ee\/wp-content\/uploads\/2020\/12\/blogi-delegaadid-rabas.jpg\" \/>\n\t<meta property=\"og:image:width\" content=\"555\" \/>\n\t<meta property=\"og:image:height\" content=\"415\" \/>\n\t<meta property=\"og:image:type\" content=\"image\/jpeg\" \/>\n<meta name=\"author\" content=\"generaladmin2\" \/>\n<meta name=\"twitter:card\" content=\"summary_large_image\" \/>\n<meta name=\"twitter:label1\" content=\"Written by\" \/>\n\t<meta name=\"twitter:data1\" content=\"generaladmin2\" \/>\n\t<meta name=\"twitter:label2\" content=\"Est. reading time\" \/>\n\t<meta name=\"twitter:data2\" content=\"3 minutit\" \/>\n<script type=\"application\/ld+json\" class=\"yoast-schema-graph\">{\"@context\":\"https:\\\/\\\/schema.org\",\"@graph\":[{\"@type\":\"Article\",\"@id\":\"https:\\\/\\\/www.ecb.ee\\\/et\\\/uncategorized-et\\\/rahvusvahelise-konverentsi-korraldamise-mote-peas-millest-pihta-hakata\\\/#article\",\"isPartOf\":{\"@id\":\"https:\\\/\\\/www.ecb.ee\\\/et\\\/uncategorized-et\\\/rahvusvahelise-konverentsi-korraldamise-mote-peas-millest-pihta-hakata\\\/\"},\"author\":{\"name\":\"generaladmin2\",\"@id\":\"https:\\\/\\\/www.ecb.ee\\\/#\\\/schema\\\/person\\\/6ecbd458fd83645933de13126184771c\"},\"headline\":\"Rahvusvahelise konverentsi korraldamise m\u00f5te peas &#8211; millest pihta hakata?\",\"datePublished\":\"2017-09-20T07:00:05+00:00\",\"mainEntityOfPage\":{\"@id\":\"https:\\\/\\\/www.ecb.ee\\\/et\\\/uncategorized-et\\\/rahvusvahelise-konverentsi-korraldamise-mote-peas-millest-pihta-hakata\\\/\"},\"wordCount\":631,\"commentCount\":0,\"publisher\":{\"@id\":\"https:\\\/\\\/www.ecb.ee\\\/#organization\"},\"image\":{\"@id\":\"https:\\\/\\\/www.ecb.ee\\\/et\\\/uncategorized-et\\\/rahvusvahelise-konverentsi-korraldamise-mote-peas-millest-pihta-hakata\\\/#primaryimage\"},\"thumbnailUrl\":\"https:\\\/\\\/www.ecb.ee\\\/wp-content\\\/uploads\\\/2020\\\/12\\\/blogi-delegaadid-rabas.jpg\",\"inLanguage\":\"et\"},{\"@type\":\"WebPage\",\"@id\":\"https:\\\/\\\/www.ecb.ee\\\/et\\\/uncategorized-et\\\/rahvusvahelise-konverentsi-korraldamise-mote-peas-millest-pihta-hakata\\\/\",\"url\":\"https:\\\/\\\/www.ecb.ee\\\/et\\\/uncategorized-et\\\/rahvusvahelise-konverentsi-korraldamise-mote-peas-millest-pihta-hakata\\\/\",\"name\":\"Rahvusvahelise konverentsi korraldamise m\u00f5te peas - millest pihta hakata? - Estonian Convention Bureau\",\"isPartOf\":{\"@id\":\"https:\\\/\\\/www.ecb.ee\\\/#website\"},\"primaryImageOfPage\":{\"@id\":\"https:\\\/\\\/www.ecb.ee\\\/et\\\/uncategorized-et\\\/rahvusvahelise-konverentsi-korraldamise-mote-peas-millest-pihta-hakata\\\/#primaryimage\"},\"image\":{\"@id\":\"https:\\\/\\\/www.ecb.ee\\\/et\\\/uncategorized-et\\\/rahvusvahelise-konverentsi-korraldamise-mote-peas-millest-pihta-hakata\\\/#primaryimage\"},\"thumbnailUrl\":\"https:\\\/\\\/www.ecb.ee\\\/wp-content\\\/uploads\\\/2020\\\/12\\\/blogi-delegaadid-rabas.jpg\",\"datePublished\":\"2017-09-20T07:00:05+00:00\",\"breadcrumb\":{\"@id\":\"https:\\\/\\\/www.ecb.ee\\\/et\\\/uncategorized-et\\\/rahvusvahelise-konverentsi-korraldamise-mote-peas-millest-pihta-hakata\\\/#breadcrumb\"},\"inLanguage\":\"et\",\"potentialAction\":[{\"@type\":\"ReadAction\",\"target\":[\"https:\\\/\\\/www.ecb.ee\\\/et\\\/uncategorized-et\\\/rahvusvahelise-konverentsi-korraldamise-mote-peas-millest-pihta-hakata\\\/\"]}]},{\"@type\":\"ImageObject\",\"inLanguage\":\"et\",\"@id\":\"https:\\\/\\\/www.ecb.ee\\\/et\\\/uncategorized-et\\\/rahvusvahelise-konverentsi-korraldamise-mote-peas-millest-pihta-hakata\\\/#primaryimage\",\"url\":\"https:\\\/\\\/www.ecb.ee\\\/wp-content\\\/uploads\\\/2020\\\/12\\\/blogi-delegaadid-rabas.jpg\",\"contentUrl\":\"https:\\\/\\\/www.ecb.ee\\\/wp-content\\\/uploads\\\/2020\\\/12\\\/blogi-delegaadid-rabas.jpg\",\"width\":555,\"height\":415},{\"@type\":\"BreadcrumbList\",\"@id\":\"https:\\\/\\\/www.ecb.ee\\\/et\\\/uncategorized-et\\\/rahvusvahelise-konverentsi-korraldamise-mote-peas-millest-pihta-hakata\\\/#breadcrumb\",\"itemListElement\":[{\"@type\":\"ListItem\",\"position\":1,\"name\":\"Home\",\"item\":\"https:\\\/\\\/www.ecb.ee\\\/et\\\/\"},{\"@type\":\"ListItem\",\"position\":2,\"name\":\"Rahvusvahelise konverentsi korraldamise m\u00f5te peas &#8211; millest pihta hakata?\"}]},{\"@type\":\"WebSite\",\"@id\":\"https:\\\/\\\/www.ecb.ee\\\/#website\",\"url\":\"https:\\\/\\\/www.ecb.ee\\\/\",\"name\":\"Estonian Convention Bureau\",\"description\":\"\",\"publisher\":{\"@id\":\"https:\\\/\\\/www.ecb.ee\\\/#organization\"},\"potentialAction\":[{\"@type\":\"SearchAction\",\"target\":{\"@type\":\"EntryPoint\",\"urlTemplate\":\"https:\\\/\\\/www.ecb.ee\\\/?s={search_term_string}\"},\"query-input\":{\"@type\":\"PropertyValueSpecification\",\"valueRequired\":true,\"valueName\":\"search_term_string\"}}],\"inLanguage\":\"et\"},{\"@type\":\"Organization\",\"@id\":\"https:\\\/\\\/www.ecb.ee\\\/#organization\",\"name\":\"Estonian Convention Bureau\",\"url\":\"https:\\\/\\\/www.ecb.ee\\\/\",\"logo\":{\"@type\":\"ImageObject\",\"inLanguage\":\"et\",\"@id\":\"https:\\\/\\\/www.ecb.ee\\\/#\\\/schema\\\/logo\\\/image\\\/\",\"url\":\"https:\\\/\\\/www.ecb.ee\\\/wp-content\\\/uploads\\\/2020\\\/12\\\/site_logo.svg\",\"contentUrl\":\"https:\\\/\\\/www.ecb.ee\\\/wp-content\\\/uploads\\\/2020\\\/12\\\/site_logo.svg\",\"caption\":\"Estonian Convention Bureau\"},\"image\":{\"@id\":\"https:\\\/\\\/www.ecb.ee\\\/#\\\/schema\\\/logo\\\/image\\\/\"}},{\"@type\":\"Person\",\"@id\":\"https:\\\/\\\/www.ecb.ee\\\/#\\\/schema\\\/person\\\/6ecbd458fd83645933de13126184771c\",\"name\":\"generaladmin2\",\"image\":{\"@type\":\"ImageObject\",\"inLanguage\":\"et\",\"@id\":\"https:\\\/\\\/secure.gravatar.com\\\/avatar\\\/d874b7f95df07d1aa160e2c5fd5f135bd3669dae0185bfe36b6106549a5b46e6?s=96&d=mm&r=g\",\"url\":\"https:\\\/\\\/secure.gravatar.com\\\/avatar\\\/d874b7f95df07d1aa160e2c5fd5f135bd3669dae0185bfe36b6106549a5b46e6?s=96&d=mm&r=g\",\"contentUrl\":\"https:\\\/\\\/secure.gravatar.com\\\/avatar\\\/d874b7f95df07d1aa160e2c5fd5f135bd3669dae0185bfe36b6106549a5b46e6?s=96&d=mm&r=g\",\"caption\":\"generaladmin2\"},\"url\":\"https:\\\/\\\/www.ecb.ee\\\/et\\\/author\\\/generaladmin2\\\/\"}]}<\/script>\n<!-- \/ Yoast SEO plugin. -->","yoast_head_json":{"title":"Rahvusvahelise konverentsi korraldamise m\u00f5te peas - millest pihta hakata? - Estonian Convention Bureau","robots":{"index":"index","follow":"follow","max-snippet":"max-snippet:-1","max-image-preview":"max-image-preview:large","max-video-preview":"max-video-preview:-1"},"canonical":"https:\/\/www.ecb.ee\/et\/uncategorized-et\/rahvusvahelise-konverentsi-korraldamise-mote-peas-millest-pihta-hakata\/","og_locale":"et_EE","og_type":"article","og_title":"Rahvusvahelise konverentsi korraldamise m\u00f5te peas - millest pihta hakata? - Estonian Convention Bureau","og_description":"Oma organisatsiooni rahvusvahelise konverentsi kutsumine Eestisse on heaks v\u00f5imaluseks, et tutvustada v\u00e4liskolleegidele Eestit ja n\u00e4idata, et ka meil on antud eriala- v\u00f5i teadusvaldkond h\u00e4sti arenenud. Samuti aitab konverentsi korraldamine saada oma tegevusvaldkonnale suuremat k\u00f5lapinda ning luua uusi kontakte ja v\u00f5rgustikke.\u00a0 Eesti Konverentsib\u00fcroo aastatepikkune kogemus n\u00e4itab, et Eestisse tullakse konverentsile v\u00e4ga hea meelega, kuna oleme uus [&hellip;]","og_url":"https:\/\/www.ecb.ee\/et\/uncategorized-et\/rahvusvahelise-konverentsi-korraldamise-mote-peas-millest-pihta-hakata\/","og_site_name":"Estonian Convention Bureau","article_published_time":"2017-09-20T07:00:05+00:00","og_image":[{"width":555,"height":415,"url":"https:\/\/www.ecb.ee\/wp-content\/uploads\/2020\/12\/blogi-delegaadid-rabas.jpg","type":"image\/jpeg"}],"author":"generaladmin2","twitter_card":"summary_large_image","twitter_misc":{"Written by":"generaladmin2","Est. reading time":"3 minutit"},"schema":{"@context":"https:\/\/schema.org","@graph":[{"@type":"Article","@id":"https:\/\/www.ecb.ee\/et\/uncategorized-et\/rahvusvahelise-konverentsi-korraldamise-mote-peas-millest-pihta-hakata\/#article","isPartOf":{"@id":"https:\/\/www.ecb.ee\/et\/uncategorized-et\/rahvusvahelise-konverentsi-korraldamise-mote-peas-millest-pihta-hakata\/"},"author":{"name":"generaladmin2","@id":"https:\/\/www.ecb.ee\/#\/schema\/person\/6ecbd458fd83645933de13126184771c"},"headline":"Rahvusvahelise konverentsi korraldamise m\u00f5te peas &#8211; millest pihta hakata?","datePublished":"2017-09-20T07:00:05+00:00","mainEntityOfPage":{"@id":"https:\/\/www.ecb.ee\/et\/uncategorized-et\/rahvusvahelise-konverentsi-korraldamise-mote-peas-millest-pihta-hakata\/"},"wordCount":631,"commentCount":0,"publisher":{"@id":"https:\/\/www.ecb.ee\/#organization"},"image":{"@id":"https:\/\/www.ecb.ee\/et\/uncategorized-et\/rahvusvahelise-konverentsi-korraldamise-mote-peas-millest-pihta-hakata\/#primaryimage"},"thumbnailUrl":"https:\/\/www.ecb.ee\/wp-content\/uploads\/2020\/12\/blogi-delegaadid-rabas.jpg","inLanguage":"et"},{"@type":"WebPage","@id":"https:\/\/www.ecb.ee\/et\/uncategorized-et\/rahvusvahelise-konverentsi-korraldamise-mote-peas-millest-pihta-hakata\/","url":"https:\/\/www.ecb.ee\/et\/uncategorized-et\/rahvusvahelise-konverentsi-korraldamise-mote-peas-millest-pihta-hakata\/","name":"Rahvusvahelise konverentsi korraldamise m\u00f5te peas - millest pihta hakata? - Estonian Convention Bureau","isPartOf":{"@id":"https:\/\/www.ecb.ee\/#website"},"primaryImageOfPage":{"@id":"https:\/\/www.ecb.ee\/et\/uncategorized-et\/rahvusvahelise-konverentsi-korraldamise-mote-peas-millest-pihta-hakata\/#primaryimage"},"image":{"@id":"https:\/\/www.ecb.ee\/et\/uncategorized-et\/rahvusvahelise-konverentsi-korraldamise-mote-peas-millest-pihta-hakata\/#primaryimage"},"thumbnailUrl":"https:\/\/www.ecb.ee\/wp-content\/uploads\/2020\/12\/blogi-delegaadid-rabas.jpg","datePublished":"2017-09-20T07:00:05+00:00","breadcrumb":{"@id":"https:\/\/www.ecb.ee\/et\/uncategorized-et\/rahvusvahelise-konverentsi-korraldamise-mote-peas-millest-pihta-hakata\/#breadcrumb"},"inLanguage":"et","potentialAction":[{"@type":"ReadAction","target":["https:\/\/www.ecb.ee\/et\/uncategorized-et\/rahvusvahelise-konverentsi-korraldamise-mote-peas-millest-pihta-hakata\/"]}]},{"@type":"ImageObject","inLanguage":"et","@id":"https:\/\/www.ecb.ee\/et\/uncategorized-et\/rahvusvahelise-konverentsi-korraldamise-mote-peas-millest-pihta-hakata\/#primaryimage","url":"https:\/\/www.ecb.ee\/wp-content\/uploads\/2020\/12\/blogi-delegaadid-rabas.jpg","contentUrl":"https:\/\/www.ecb.ee\/wp-content\/uploads\/2020\/12\/blogi-delegaadid-rabas.jpg","width":555,"height":415},{"@type":"BreadcrumbList","@id":"https:\/\/www.ecb.ee\/et\/uncategorized-et\/rahvusvahelise-konverentsi-korraldamise-mote-peas-millest-pihta-hakata\/#breadcrumb","itemListElement":[{"@type":"ListItem","position":1,"name":"Home","item":"https:\/\/www.ecb.ee\/et\/"},{"@type":"ListItem","position":2,"name":"Rahvusvahelise konverentsi korraldamise m\u00f5te peas &#8211; millest pihta hakata?"}]},{"@type":"WebSite","@id":"https:\/\/www.ecb.ee\/#website","url":"https:\/\/www.ecb.ee\/","name":"Estonian Convention Bureau","description":"","publisher":{"@id":"https:\/\/www.ecb.ee\/#organization"},"potentialAction":[{"@type":"SearchAction","target":{"@type":"EntryPoint","urlTemplate":"https:\/\/www.ecb.ee\/?s={search_term_string}"},"query-input":{"@type":"PropertyValueSpecification","valueRequired":true,"valueName":"search_term_string"}}],"inLanguage":"et"},{"@type":"Organization","@id":"https:\/\/www.ecb.ee\/#organization","name":"Estonian Convention Bureau","url":"https:\/\/www.ecb.ee\/","logo":{"@type":"ImageObject","inLanguage":"et","@id":"https:\/\/www.ecb.ee\/#\/schema\/logo\/image\/","url":"https:\/\/www.ecb.ee\/wp-content\/uploads\/2020\/12\/site_logo.svg","contentUrl":"https:\/\/www.ecb.ee\/wp-content\/uploads\/2020\/12\/site_logo.svg","caption":"Estonian Convention Bureau"},"image":{"@id":"https:\/\/www.ecb.ee\/#\/schema\/logo\/image\/"}},{"@type":"Person","@id":"https:\/\/www.ecb.ee\/#\/schema\/person\/6ecbd458fd83645933de13126184771c","name":"generaladmin2","image":{"@type":"ImageObject","inLanguage":"et","@id":"https:\/\/secure.gravatar.com\/avatar\/d874b7f95df07d1aa160e2c5fd5f135bd3669dae0185bfe36b6106549a5b46e6?s=96&d=mm&r=g","url":"https:\/\/secure.gravatar.com\/avatar\/d874b7f95df07d1aa160e2c5fd5f135bd3669dae0185bfe36b6106549a5b46e6?s=96&d=mm&r=g","contentUrl":"https:\/\/secure.gravatar.com\/avatar\/d874b7f95df07d1aa160e2c5fd5f135bd3669dae0185bfe36b6106549a5b46e6?s=96&d=mm&r=g","caption":"generaladmin2"},"url":"https:\/\/www.ecb.ee\/et\/author\/generaladmin2\/"}]}},"_links":{"self":[{"href":"https:\/\/www.ecb.ee\/et\/wp-json\/wp\/v2\/posts\/12696","targetHints":{"allow":["GET"]}}],"collection":[{"href":"https:\/\/www.ecb.ee\/et\/wp-json\/wp\/v2\/posts"}],"about":[{"href":"https:\/\/www.ecb.ee\/et\/wp-json\/wp\/v2\/types\/post"}],"author":[{"embeddable":true,"href":"https:\/\/www.ecb.ee\/et\/wp-json\/wp\/v2\/users\/13"}],"replies":[{"embeddable":true,"href":"https:\/\/www.ecb.ee\/et\/wp-json\/wp\/v2\/comments?post=12696"}],"version-history":[{"count":0,"href":"https:\/\/www.ecb.ee\/et\/wp-json\/wp\/v2\/posts\/12696\/revisions"}],"wp:featuredmedia":[{"embeddable":true,"href":"https:\/\/www.ecb.ee\/et\/wp-json\/wp\/v2\/media\/12469"}],"wp:attachment":[{"href":"https:\/\/www.ecb.ee\/et\/wp-json\/wp\/v2\/media?parent=12696"}],"wp:term":[{"taxonomy":"category","embeddable":true,"href":"https:\/\/www.ecb.ee\/et\/wp-json\/wp\/v2\/categories?post=12696"},{"taxonomy":"post_tag","embeddable":true,"href":"https:\/\/www.ecb.ee\/et\/wp-json\/wp\/v2\/tags?post=12696"}],"curies":[{"name":"wp","href":"https:\/\/api.w.org\/{rel}","templated":true}]}}